{"id":49133,"date":"2016-05-03T07:07:55","date_gmt":"2016-05-03T05:07:55","guid":{"rendered":"http:\/\/www.manquepierda.com\/historiarealbetis\/?p=49133"},"modified":"2024-09-29T00:10:35","modified_gmt":"2024-09-28T22:10:35","slug":"presentacion-del-betis-1979","status":"publish","type":"post","link":"https:\/\/www.manquepierda.com\/historiarealbetis\/presentacion-del-betis-1979\/","title":{"rendered":"Presentaci\u00f3n del Betis 1979"},"content":{"rendered":"<p><a href=\"https:\/\/i0.wp.com\/www.manquepierda.com\/historiarealbetis\/files\/2016\/04\/Presentaci%C3%B3n-del-Betis-1979.jpg?ssl=1\"><img data-recalc-dims=\"1\" loading=\"lazy\" decoding=\"async\" class=\"aligncenter size-medium wp-image-49134\" src=\"https:\/\/i0.wp.com\/www.manquepierda.com\/historiarealbetis\/files\/2016\/04\/Presentaci%C3%B3n-del-Betis-1979.jpg?resize=680%2C343&#038;ssl=1\" alt=\"Presentaci\u00f3n del Betis 1979\" width=\"680\" height=\"343\" srcset=\"https:\/\/i0.wp.com\/www.manquepierda.com\/historiarealbetis\/files\/2016\/04\/Presentaci%C3%B3n-del-Betis-1979.jpg?resize=680%2C343&amp;ssl=1 680w, https:\/\/i0.wp.com\/www.manquepierda.com\/historiarealbetis\/files\/2016\/04\/Presentaci%C3%B3n-del-Betis-1979.jpg?resize=220%2C111&amp;ssl=1 220w, https:\/\/i0.wp.com\/www.manquepierda.com\/historiarealbetis\/files\/2016\/04\/Presentaci%C3%B3n-del-Betis-1979.jpg?resize=768%2C387&amp;ssl=1 768w, https:\/\/i0.wp.com\/www.manquepierda.com\/historiarealbetis\/files\/2016\/04\/Presentaci%C3%B3n-del-Betis-1979.jpg?w=791&amp;ssl=1 791w\" sizes=\"auto, (max-width: 680px) 100vw, 680px\" \/><\/a><\/p>\n<p>&nbsp;<\/p>\n<p>26 de julio de 1979. En el Villamar\u00edn el Betis se presenta ante la afici\u00f3n. Varios miles de b\u00e9ticos se congregaron en la grada de preferencia para seguir la presentaci\u00f3n de la primera plantilla verdiblanca, con salutaciones del presidente Juan Manuel Mauduit y del entrenador Le\u00f3n Lasa.<\/p>\n<p>En la imagen arriba Bizcocho, Garc\u00eda Soriano, Agust\u00edn, Salva, Arana, Campos, Hugo Cabezas, Alabanda, Juan Manuel Mauduit, Le\u00f3n Lasa, Cobo, Alex, Javier, Mar\u00edn, Salva, Agust\u00edn, Mor\u00e1n, Niza, Gordillo, Carde\u00f1osa y Felipe del Valle. \u00a0En la fila intermedia Zorrilla, Navarro, Pozo, Rafael, Anzarda, Corrales, Carre\u00f1o y Biosca. Y en la fila de abajo Parra, Vicente Montiel, Esnaola, Richard, Balilla, Ben\u00edtez, Oca\u00f1a, Javi, L\u00f3pez, D\u00edaz, Peruena, Villalba y Ortega.<\/p>\n<p>De la plantilla verdiblanca faltaron ese d\u00eda Tello, que estaba en el servicio militar, y el portugu\u00e9s Antonio Oliveira que se incorporar\u00eda unos d\u00edas despu\u00e9s.<\/p>\n<p>&nbsp;<\/p>\n<p>&nbsp;<\/p>\n","protected":false},"excerpt":{"rendered":"<p>&nbsp; 26 de julio de 1979. En el Villamar\u00edn el Betis se presenta ante la afici\u00f3n. Varios miles de b\u00e9ticos se congregaron en la grada de preferencia para seguir la presentaci\u00f3n de la primera plantilla verdiblanca, con salutaciones del presidente Juan Manuel Mauduit y del entrenador Le\u00f3n Lasa. En la imagen arriba Bizcocho, Garc\u00eda Soriano,&#8230;<\/p>\n","protected":false},"author":5,"featured_media":49134,"comment_status":"open","ping_status":"open","sticky":false,"template":"","format":"standard","meta":{"_kad_post_transparent":"","_kad_post_title":"","_kad_post_layout":"","_kad_post_sidebar_id":"","_kad_post_content_style":"","_kad_post_vertical_padding":"","_kad_post_feature":"","_kad_post_feature_position":"","_kad_post_header":false,"_kad_post_footer":false,"_kad_post_classname":"","_jetpack_memberships_contains_paid_content":false,"footnotes":"","jetpack_publicize_message":"","jetpack_publicize_feature_enabled":true,"jetpack_social_post_already_shared":true,"jetpack_social_options":{"image_generator_settings":{"template":"highway","default_image_id":0,"font":"","enabled":false},"version":2}},"categories":[903,1],"tags":[1033,2641,13196,1422,1120,1157,1506,1469,4328,1179,1446,9557,10280,1508,1245,940,1178,10370,1588,1631,1302,1505,1181,3579,1504,1155,1319,1303,4123,13982,1305,1372,1485,1164,1606],"class_list":["post-49133","post","type-post","status-publish","format-standard","has-post-thumbnail","hentry","category-1970-1979","category-portada","tag-1033","tag-1979-80","tag-al-lal-mohand-alex","tag-antolin-ortega","tag-antonio-benitez","tag-antonio-biosca","tag-antonio-ocana","tag-carlos-peruena","tag-cristobal-carreno","tag-eduardo-anzarda","tag-enrique-moran","tag-estadio-benito-villamarin-presentacion","tag-felipe-del-valle","tag-francisco-arana","tag-francisco-bizcocho","tag-hugo-cabezas","tag-javier-lopez","tag-javier-molero","tag-joaquin-parra","tag-jose-antonio-corrales","tag-jose-ramon-esnaola","tag-juan-antonio-garcia-soriano","tag-juan-manuel-cobo","tag-juan-manuel-mauduit","tag-juan-pozo","tag-julio-cardenosa","tag-leon-lasa","tag-manuel-campos","tag-manuel-villalba","tag-miguel-niza","tag-rafael-gordillo","tag-ricardo-gomez-richard","tag-salvador-navarro-salva","tag-sebastian-alabanda","tag-vicente-montiel"],"jetpack_publicize_connections":[],"jetpack_featured_media_url":"https:\/\/i0.wp.com\/www.manquepierda.com\/historiarealbetis\/files\/2016\/04\/Presentaci%C3%B3n-del-Betis-1979.jpg?fit=791%2C399&ssl=1","jetpack_sharing_enabled":true,"jetpack_shortlink":"https:\/\/wp.me\/p1ij08-cMt","jetpack-related-posts":[],"_links":{"self":[{"href":"https:\/\/www.manquepierda.com\/historiarealbetis\/wp-json\/wp\/v2\/posts\/49133","targetHints":{"allow":["GET"]}}],"collection":[{"href":"https:\/\/www.manquepierda.com\/historiarealbetis\/wp-json\/wp\/v2\/posts"}],"about":[{"href":"https:\/\/www.manquepierda.com\/historiarealbetis\/wp-json\/wp\/v2\/types\/post"}],"author":[{"embeddable":true,"href":"https:\/\/www.manquepierda.com\/historiarealbetis\/wp-json\/wp\/v2\/users\/5"}],"replies":[{"embeddable":true,"href":"https:\/\/www.manquepierda.com\/historiarealbetis\/wp-json\/wp\/v2\/comments?post=49133"}],"version-history":[{"count":1,"href":"https:\/\/www.manquepierda.com\/historiarealbetis\/wp-json\/wp\/v2\/posts\/49133\/revisions"}],"predecessor-version":[{"id":99830,"href":"https:\/\/www.manquepierda.com\/historiarealbetis\/wp-json\/wp\/v2\/posts\/49133\/revisions\/99830"}],"wp:featuredmedia":[{"embeddable":true,"href":"https:\/\/www.manquepierda.com\/historiarealbetis\/wp-json\/wp\/v2\/media\/49134"}],"wp:attachment":[{"href":"https:\/\/www.manquepierda.com\/historiarealbetis\/wp-json\/wp\/v2\/media?parent=49133"}],"wp:term":[{"taxonomy":"category","embeddable":true,"href":"https:\/\/www.manquepierda.com\/historiarealbetis\/wp-json\/wp\/v2\/categories?post=49133"},{"taxonomy":"post_tag","embeddable":true,"href":"https:\/\/www.manquepierda.com\/historiarealbetis\/wp-json\/wp\/v2\/tags?post=49133"}],"curies":[{"name":"wp","href":"https:\/\/api.w.org\/{rel}","templated":true}]}}