{"id":49418,"date":"2016-05-10T08:24:51","date_gmt":"2016-05-10T06:24:51","guid":{"rendered":"http:\/\/www.manquepierda.com\/historiarealbetis\/?p=49418"},"modified":"2024-08-23T18:05:12","modified_gmt":"2024-08-23T16:05:12","slug":"1936","status":"publish","type":"post","link":"https:\/\/www.manquepierda.com\/historiarealbetis\/1936\/","title":{"rendered":"1936-Mayo 10-Copa Presidente-Vista Alegre.-Girona FbC-1 Betis Balompi\u00e9-2.-80Aniversario."},"content":{"rendered":"<p style=\"text-align: justify\"><strong>XXXIV EDICI\u00d3N-CAMPEONATO ESPA\u00d1A-COPA PRESIDENTE REP\u00daBLICA-DESDE MARZO \u00c1 JUNIO DE 1936.-AMBOS MESES INCLUSIVE.<\/strong><\/p>\n<figure id=\"attachment_49419\" aria-describedby=\"caption-attachment-49419\" style=\"width: 500px\" class=\"wp-caption aligncenter\"><img data-recalc-dims=\"1\" loading=\"lazy\" decoding=\"async\" class=\"size-full wp-image-49419\" src=\"https:\/\/i0.wp.com\/www.manquepierda.com\/historiarealbetis\/files\/2016\/05\/Girona290911a.jpg?resize=500%2C334&#038;ssl=1\" alt=\"MMMMM\" width=\"500\" height=\"334\" srcset=\"https:\/\/i0.wp.com\/www.manquepierda.com\/historiarealbetis\/files\/2016\/05\/Girona290911a.jpg?w=500&amp;ssl=1 500w, https:\/\/i0.wp.com\/www.manquepierda.com\/historiarealbetis\/files\/2016\/05\/Girona290911a.jpg?resize=220%2C147&amp;ssl=1 220w\" sizes=\"auto, (max-width: 500px) 100vw, 500px\" \/><figcaption id=\"caption-attachment-49419\" class=\"wp-caption-text\"><strong>1936-MAYO 10-DOMINGO.-1\/8 FINAL-IDA-\u00abCAMP VISTA ALEGRE 1930-1970\u00bb-OCTAVOS DE FINAL-IDA.<\/strong><\/figcaption><\/figure>\n<p style=\"text-align: justify\"><em>\u00abEl partido correspondiente a los octavos de final de la Copa de Espa\u00f1a entre el Gerona y el Betis hab\u00eda provocado en dicha ciudad\u00a0 y en su comarca una expectaci\u00f3n fant\u00e1stica, y por ello el campo de \u00abVista Alegre\u00bb ofrec\u00eda al empezar el partido un aspecto magn\u00edfico.<\/em><\/p>\n<p style=\"text-align: justify\"><em><img data-recalc-dims=\"1\" loading=\"lazy\" decoding=\"async\" class=\"alignleft size-full wp-image-49420\" src=\"https:\/\/i0.wp.com\/www.manquepierda.com\/historiarealbetis\/files\/2016\/05\/Melc%C3%B3n.jpg?resize=143%2C210&#038;ssl=1\" alt=\"Melc\u00f3n\" width=\"143\" height=\"210\" \/>Arbitr\u00f3 Ram\u00f3n MELC\u00d3N BARTOLOM\u00c9 (35 a\u00f1os+6 meses menos 19 d\u00edas)-Natural de Madrid, viernes 30 de Noviembre de 1900.-<strong>\u00abSu arbitraje ha sido f\u00e1cil\u00bb.<br \/>\n<\/strong><\/em><\/p>\n<p style=\"text-align: justify\"><em><strong>Los dos equipos han sido recibidos con una formidable ovaci\u00f3n al hacer su aparici\u00f3n sobre el terreno de juego.<\/strong><\/em><\/p>\n<p style=\"text-align: justify\"><em>El encuentro ha sido dif\u00edcilmente ganado por el Betis Balompi\u00e9, tanto es as\u00ed que a no ser por la gran actuaci\u00f3n de Urquiaga y Aedo, las dos grandes figuras del equipo verdiblanco, <\/em><em>y a la poca fortuna de la delantera rojiblanca, el resultado, si hubi\u00e9ramos de juzgar por el dominio, habr\u00eda de haber sido de 5-2 a favor de los locales.<\/em><\/p>\n<p style=\"text-align: justify\"><em><strong>Hay que tener en cuenta que el Betis, acostumbrado a estos partidos decisivos, se ha mantenido siempre en una prudente defensiva, <\/strong>que ha facilitado el dominio de los gerundenses, <strong>dominio que la formidable defensa b\u00e9tica se ha encargado siempre de anular.<\/strong><\/em><\/p>\n<p style=\"text-align: justify\"><em>Puede decirse que en la primera parte, que ha acabado con el marcador de 0-0, y en la cual el Gerona FbC no ha podido marcar, ha perdido ya este equipo todas sus posibilidades, al no poder traducir en goles su dominio. <\/em><\/p>\n<p style=\"text-align: justify\"><em>Prueba del mismo es que han sido lanzados 5 saques de esquina en el primera parte y 4 en el segundo tiempo contra la meta de\u00a0<strong>Joaqu\u00edn Urquiaga,\u00a0<\/strong>contra 1 en cada tiempo contra el marco de Jos\u00e9 Franc\u00e1s. <\/em><\/p>\n<p style=\"text-align: justify\"><em>El dominio, pues, durante casi todo el partido ha estado de parte del Gerona FbC, en el cual su l\u00ednea m\u00e1s completa ha sido la defensiva que ha jugado un encuentro verdaderamente formidable. En cambio, la l\u00ednea media ha fracasado, y ha contribuido a su escaso rendimiento una conmoci\u00f3n de Castillo, quien ha continuado el partido ha sido rindiendo menos de lo que acostumbra. <\/em><\/p>\n<p style=\"text-align: justify\"><em>Franc\u00e1s ha jugado un buen partido. En la delantera ha fracasado Burillo, y sus compa\u00f1eros tampoco han estado muy acertados, <strong>ya que les ha superado siempre la magn\u00edfica defensa del Betis Balompi\u00e9.<\/strong><\/em><\/p>\n<p style=\"text-align: justify\">1932-1939.-2\u00ba presidente Girona FbC, don Lluis Ribas Crehuet.-1935-1936 Entrenador Jos\u00e9 Lu\u00eds Zabala Arrondo.<\/p>\n<figure id=\"attachment_49423\" aria-describedby=\"caption-attachment-49423\" style=\"width: 220px\" class=\"wp-caption aligncenter\"><img data-recalc-dims=\"1\" loading=\"lazy\" decoding=\"async\" class=\"size-thumbnail wp-image-49423\" src=\"https:\/\/i0.wp.com\/www.manquepierda.com\/historiarealbetis\/files\/2016\/05\/Girona-FbC.jpg?resize=220%2C182&#038;ssl=1\" alt=\"mmmmm\" width=\"220\" height=\"182\" srcset=\"https:\/\/i0.wp.com\/www.manquepierda.com\/historiarealbetis\/files\/2016\/05\/Girona-FbC.jpg?resize=220%2C182&amp;ssl=1 220w, https:\/\/i0.wp.com\/www.manquepierda.com\/historiarealbetis\/files\/2016\/05\/Girona-FbC.jpg?w=435&amp;ssl=1 435w\" sizes=\"auto, (max-width: 220px) 100vw, 220px\" \/><figcaption id=\"caption-attachment-49423\" class=\"wp-caption-text\">Segunda Divisi\u00f3n-Grupo II-GIRONA FbC-1 Tanto.<\/figcaption><\/figure>\n<p style=\"text-align: center\">\u00a0<img data-recalc-dims=\"1\" loading=\"lazy\" decoding=\"async\" class=\"aligncenter size-thumbnail wp-image-49424\" src=\"https:\/\/i0.wp.com\/www.manquepierda.com\/historiarealbetis\/files\/2016\/05\/Franc%C3%A1s.jpg?resize=135%2C220&#038;ssl=1\" alt=\"Franc\u00e1s\" width=\"135\" height=\"220\" srcset=\"https:\/\/i0.wp.com\/www.manquepierda.com\/historiarealbetis\/files\/2016\/05\/Franc%C3%A1s.jpg?resize=135%2C220&amp;ssl=1 135w, https:\/\/i0.wp.com\/www.manquepierda.com\/historiarealbetis\/files\/2016\/05\/Franc%C3%A1s.jpg?w=150&amp;ssl=1 150w\" sizes=\"auto, (max-width: 135px) 100vw, 135px\" \/><\/p>\n<p style=\"text-align: justify\">1-Portero <strong>(1 gol encajado).-Jos\u00e9 FRANC\u00c1S Casas (20 a\u00f1os+7 meses+1 d\u00eda)-Natural de Barcelona, s\u00e1bado 09 de Octubre de 1915.<\/strong><\/p>\n<p style=\"text-align: justify\">2-FARR\u00d3.-3-TORREDEFLOT; 4-CAMPA.-5-CASTILLO.-6-MADERN; 7-LLUCH.-8-TRUJILLO.-9-BURILLO <strong>(1-0.-50 minutos.-\u00ab<em>Ha fusilado tranquilamente un ataque de toda la l\u00ednea delantera y ha obtenido el primer y \u00fanico tanto para los suyos\u00bb)<\/em><\/strong>.-10-RAM\u00d3N.-11-FERRER.<\/p>\n<p style=\"text-align: center\"><em><strong>VS.<\/strong><\/em><\/p>\n<p style=\"text-align: justify\"><em><strong>XXVII-Presidente Accidental (Real) BETIS BALOMPI\u00c9 [Vicepresidente Primero-Junta<\/strong><\/em><\/p>\n<figure id=\"attachment_49427\" aria-describedby=\"caption-attachment-49427\" style=\"width: 220px\" class=\"wp-caption alignright\"><img data-recalc-dims=\"1\" loading=\"lazy\" decoding=\"async\" class=\"size-thumbnail wp-image-49427\" src=\"https:\/\/i0.wp.com\/www.manquepierda.com\/historiarealbetis\/files\/2016\/05\/A%C3%B1ino-Alonso-Cueli1-300x207-1.jpg?resize=220%2C152&#038;ssl=1\" alt=\"mmmm\" width=\"220\" height=\"152\" srcset=\"https:\/\/i0.wp.com\/www.manquepierda.com\/historiarealbetis\/files\/2016\/05\/A%C3%B1ino-Alonso-Cueli1-300x207-1.jpg?resize=220%2C152&amp;ssl=1 220w, https:\/\/i0.wp.com\/www.manquepierda.com\/historiarealbetis\/files\/2016\/05\/A%C3%B1ino-Alonso-Cueli1-300x207-1.jpg?w=300&amp;ssl=1 300w\" sizes=\"auto, (max-width: 220px) 100vw, 220px\" \/><figcaption id=\"caption-attachment-49427\" class=\"wp-caption-text\"><em><strong>En el centro de la imagen y a su izquierda mi padre Enrique A\u00f1ino Ilzarbe de Andueza, leyendo un libro en el local social del \u00abBetis Tenis Club\u00bb.<\/strong><\/em><\/figcaption><\/figure>\n<p style=\"text-align: justify\"><em><strong>Directiva Doctor don Francisco NAVARRO L\u00d3PEZ].-Don Manuel ALONSO CUELI-Industrial-Almac\u00e9n de Maderas sito en el barrio \u00abEl Porvenir\u00bb (38 a\u00f1os)-Natural de Sevilla-1898.-\u00cddem, domingo 10 de Mayo de 1970 (72 A\u00f1os) D. E. P.<\/strong><\/em><\/p>\n<p style=\"text-align: justify\"><strong>Entrenador-Temporada 1935-1936.-Andr\u00e9s ARANDA GUTI\u00c9RREZ (30 a\u00f1os+9 meses menos 17 d\u00edas)-Natural de Lora del R\u00edo (Sevilla), domingo 27 de Agosto de 1905.-Obituario en Aracena (Huelva)-concentraci\u00f3n primera plantilla-Sevilla, mi\u00e9rcoles 10 de Marzo de 1965 (59 A\u00f1os+7 meses menos 17 d\u00edas) D. E. P.<\/strong><\/p>\n<p style=\"text-align: justify\"><em><strong>\u00abDel Betis Balompi\u00e9,<\/strong><\/em><em><strong>que con este resultado tiene asegurada su participaci\u00f3n en los cuartos de final, los mejores han sido Aedo y Urquiaga. Demostr\u00f3 aqu\u00e9l que es un internacional indiscutible, y Urquiaga est\u00e1 a nivel de Gregorio Blasco S\u00e1nchez (Athl\u00e9tic Club Bilbao).<\/strong><\/em><\/p>\n<p style=\"text-align: justify\"><em><strong>Discreta la l\u00ednea media, y de la delantera los mejores Unamuno y Valera, autores de los dos goles obtenidos por su equipo\u00bb.<\/strong><\/em><\/p>\n<p style=\"text-align: justify\">Fuente \u00abHoja Oficial del Lunes\u00bb-Barcelona, 11 de Mayo de 1936.-<em><strong>\u00abLa Copa de Espa\u00f1a.-El Betis fue el \u00fanico que venci\u00f3 en campo contrario y parece seguro clasificado junto al Athl\u00e9tic de Bilbao que gan\u00f3 6-0\u00bb.<\/strong><\/em><\/p>\n<p><img data-recalc-dims=\"1\" loading=\"lazy\" decoding=\"async\" class=\"size-full wp-image-49425 aligncenter\" src=\"https:\/\/i0.wp.com\/www.manquepierda.com\/historiarealbetis\/files\/2016\/05\/1931-32BB.jpg?resize=154%2C154&#038;ssl=1\" alt=\"MMMMM\" width=\"154\" height=\"154\" \/><\/p>\n<p style=\"text-align: center\"><strong>1935-1936.-BETIS BALOMPI\u00c9-2 GOLES.<\/strong><\/p>\n<p style=\"text-align: center\"><em><strong><img data-recalc-dims=\"1\" loading=\"lazy\" decoding=\"async\" class=\"aligncenter size-thumbnail wp-image-49431\" src=\"https:\/\/i0.wp.com\/www.manquepierda.com\/historiarealbetis\/files\/2016\/05\/Joaqu%C3%ADn-Urquiaga-Legarburu.jpg?resize=114%2C220&#038;ssl=1\" alt=\"Joaqu\u00edn Urquiaga Legarburu\" width=\"114\" height=\"220\" srcset=\"https:\/\/i0.wp.com\/www.manquepierda.com\/historiarealbetis\/files\/2016\/05\/Joaqu%C3%ADn-Urquiaga-Legarburu.jpg?resize=114%2C220&amp;ssl=1 114w, https:\/\/i0.wp.com\/www.manquepierda.com\/historiarealbetis\/files\/2016\/05\/Joaqu%C3%ADn-Urquiaga-Legarburu.jpg?resize=311%2C600&amp;ssl=1 311w, https:\/\/i0.wp.com\/www.manquepierda.com\/historiarealbetis\/files\/2016\/05\/Joaqu%C3%ADn-Urquiaga-Legarburu.jpg?w=326&amp;ssl=1 326w\" sizes=\"auto, (max-width: 114px) 100vw, 114px\" \/><\/strong><\/em><\/p>\n<p style=\"text-align: justify\"><strong>1-Guardameta (1 tanto encajado).-Joaqu\u00edn URQUIAGA Legarburu (26 a\u00f1os+2 meses menos 19 d\u00edas)-Natural de Zorrotza-Bilbao (Vizcaya), martes 29 de Marzo de 1929.-Obituario en Bilbao (Vizcaya), domingo 25 de Julio de 1965 (55 A\u00f1os+4 meses menos 4 d\u00edas) D. E. P.<\/strong><\/p>\n<p style=\"text-align: justify\"><strong>2-Lateral Diestro-Modesto Gonz\u00e1lez Blanco (a) \u00abCAPESTO\u00bb.-3-Lateral Zurdo-Seraf\u00edn AEDO Renieblas.<\/strong><\/p>\n<p style=\"text-align: justify\"><strong>4-Diestro-Jos\u00e9 Su\u00e1rez Gonz\u00e1lez (a) \u00abPERAL\u00bb.-5-Centro-Francisco G\u00d3MEZ Vicente.-6-Zurdo-Rufino Fern\u00e1ndez De LARRINOA Magunaurrekoetxea.<\/strong><\/p>\n<p style=\"text-align: justify\"><strong>7-Extremo Diestro-Ferm\u00edn REJ\u00d3N Landa.-8-Interior Diestro-Adolfo Mart\u00edn Gonz\u00e1lez (a) \u00abADOLFO II\u00bb.<\/strong><\/p>\n<p style=\"text-align: center\"><img data-recalc-dims=\"1\" loading=\"lazy\" decoding=\"async\" class=\"aligncenter size-thumbnail wp-image-49433\" src=\"https:\/\/i0.wp.com\/www.manquepierda.com\/historiarealbetis\/files\/2016\/05\/Victorio-Unamuno-Ibarzabal.jpg?resize=135%2C220&#038;ssl=1\" alt=\"Victorio Unamuno Ibarzabal\" width=\"135\" height=\"220\" srcset=\"https:\/\/i0.wp.com\/www.manquepierda.com\/historiarealbetis\/files\/2016\/05\/Victorio-Unamuno-Ibarzabal.jpg?resize=135%2C220&amp;ssl=1 135w, https:\/\/i0.wp.com\/www.manquepierda.com\/historiarealbetis\/files\/2016\/05\/Victorio-Unamuno-Ibarzabal.jpg?w=197&amp;ssl=1 197w\" sizes=\"auto, (max-width: 135px) 100vw, 135px\" \/><\/p>\n<p style=\"text-align: justify\"><em><strong>*1-1.-57 minutos.-\u00abEl Betis lanzado al ataque, ha conseguido el empate por mediaci\u00f3n de Victorio, al recoger una entrega de Valera y fusilar a Jos\u00e9 FRANC\u00c1S de un buen cabezazo archisuperiormente colocado\u00bb.<\/strong><\/em><\/p>\n<p style=\"text-align: justify\"><em><strong>*1-2.-80 minutos.-\u00abOtro centro de Pepe Valera, el bal\u00f3n es recogido de nuevo por Victorio Unamuno, batiendo a FRANC\u00c1S, logrando el marcador final del encuentro\u00bb.<\/strong><\/em><\/p>\n<p style=\"text-align: justify\"><strong>9-Centro Delantero-Ariete (marc\u00f3 2 goles).-Victorio UNAMUNO Ibarzabal (27 a\u00f1os menos 11 d\u00edas)-Natural de Bergara (Guip\u00fazcoa), viernes 21 de Mayo de 1909.-Obituario en Durango (Vizcaya), viernes 20 de Mayo de 1988 (79 A\u00f1os menos 1 d\u00eda) D. E. P.<br \/>\n<\/strong><\/p>\n<p style=\"text-align: justify\"><strong>10-Interior Zurdo-Jos\u00e9 RANCEL Toledo.<\/strong><\/p>\n<p style=\"text-align: justify\"><strong><img data-recalc-dims=\"1\" loading=\"lazy\" decoding=\"async\" class=\"alignleft size-thumbnail wp-image-49434\" src=\"https:\/\/i0.wp.com\/www.manquepierda.com\/historiarealbetis\/files\/2016\/05\/Jos%C3%A9-VALERA-Nocera.jpg?resize=140%2C220&#038;ssl=1\" alt=\"Jos\u00e9 VALERA Nocera\" width=\"140\" height=\"220\" srcset=\"https:\/\/i0.wp.com\/www.manquepierda.com\/historiarealbetis\/files\/2016\/05\/Jos%C3%A9-VALERA-Nocera.jpg?resize=140%2C220&amp;ssl=1 140w, https:\/\/i0.wp.com\/www.manquepierda.com\/historiarealbetis\/files\/2016\/05\/Jos%C3%A9-VALERA-Nocera.jpg?w=352&amp;ssl=1 352w\" sizes=\"auto, (max-width: 140px) 100vw, 140px\" \/>11-Extremo Zurdo-(logr\u00f3 el marcado final).-Jos\u00e9 VALERA Nocera (20 a\u00f1os menos 16 d\u00edas)-Natural del Sevilla, viernes 26 de Mayo de 1916.-Obituario en Jerez de la Frontera (C\u00e1diz), s\u00e1bado 13 de Mayo de 2006 (90 A\u00f1os menos 13 d\u00edas) D. E. P.<\/strong><\/p>\n<p style=\"text-align: justify\"><em>\u00abEntre los encuentros de octavos de final de la Copa de Espa\u00f1a que hoy se juegan, despierta curiosidad el que, en Gerona enfrenta a los equipos de<strong> Betis Balompi\u00e9, de Sevilla <\/strong>y del Gerona FbC, por ser este equipo catal\u00e1n poco conocido en competiciones de esta importancia.<\/em><\/p>\n<p style=\"text-align: justify\"><em><strong>He aqu\u00ed al c\u00e9lebre equipo del Betis, que en el campo de \u00abVista Alegre\u00bb ser\u00e1 recibido como \u00abgran novedad\u00bb.-URQUIAGA (1), guardameta; \u00abCAPESTO (2) y AEDO (3) defensas; \u00abPERAL\u00bb (4), G\u00d3MEZ (5) y LARRINOA (6), tr\u00edo medio; \u00abSARO\u00bb (7), ADOLFO (8), UNAMUNO (9), RANCEL (10) \u00f3 CABALLERO (10b) y REJ\u00d3N (11), l\u00ednea delantera\u00bb.-<\/strong><\/em>Fot\u00f3grafo \u00c1LVARO-Revista Gr\u00e1fica Semanal de Informaci\u00f3n \u00abCR\u00d3NICA\u00bb-Madrid, domingo 10-05-1936: \u00a1\u00a1AL F\u00daTBOL\u00a1\u00a1<\/p>\n<p style=\"text-align: center\"><img data-recalc-dims=\"1\" loading=\"lazy\" decoding=\"async\" class=\"aligncenter size-large wp-image-49435\" src=\"https:\/\/i0.wp.com\/www.manquepierda.com\/historiarealbetis\/files\/2016\/05\/19360510Cr%C3%B3nica-Madrid.jpg?resize=960%2C540&#038;ssl=1\" alt=\"19360510Cr\u00f3nica-Madrid\" width=\"960\" height=\"540\" srcset=\"https:\/\/i0.wp.com\/www.manquepierda.com\/historiarealbetis\/files\/2016\/05\/19360510Cr%C3%B3nica-Madrid.jpg?resize=960%2C540&amp;ssl=1 960w, https:\/\/i0.wp.com\/www.manquepierda.com\/historiarealbetis\/files\/2016\/05\/19360510Cr%C3%B3nica-Madrid.jpg?resize=220%2C124&amp;ssl=1 220w, https:\/\/i0.wp.com\/www.manquepierda.com\/historiarealbetis\/files\/2016\/05\/19360510Cr%C3%B3nica-Madrid.jpg?resize=680%2C383&amp;ssl=1 680w, https:\/\/i0.wp.com\/www.manquepierda.com\/historiarealbetis\/files\/2016\/05\/19360510Cr%C3%B3nica-Madrid.jpg?resize=768%2C432&amp;ssl=1 768w, https:\/\/i0.wp.com\/www.manquepierda.com\/historiarealbetis\/files\/2016\/05\/19360510Cr%C3%B3nica-Madrid.jpg?w=1536&amp;ssl=1 1536w\" sizes=\"auto, (max-width: 960px) 100vw, 960px\" \/><\/p>\n<p>&nbsp;<\/p>\n<p>&nbsp;<\/p>\n","protected":false},"excerpt":{"rendered":"<p>XXXIV EDICI\u00d3N-CAMPEONATO ESPA\u00d1A-COPA PRESIDENTE REP\u00daBLICA-DESDE MARZO \u00c1 JUNIO DE 1936.-AMBOS MESES INCLUSIVE. \u00abEl partido correspondiente a los octavos de final de la Copa de Espa\u00f1a entre el Gerona y el Betis hab\u00eda provocado en dicha ciudad\u00a0 y en su comarca una expectaci\u00f3n fant\u00e1stica, y por ello el campo de \u00abVista Alegre\u00bb ofrec\u00eda al empezar el&#8230;<\/p>\n","protected":false},"author":48,"featured_media":49419,"comment_status":"open","ping_status":"open","sticky":false,"template":"","format":"standard","meta":{"_kad_post_transparent":"","_kad_post_title":"","_kad_post_layout":"","_kad_post_sidebar_id":"","_kad_post_content_style":"","_kad_post_vertical_padding":"","_kad_post_feature":"","_kad_post_feature_position":"","_kad_post_header":false,"_kad_post_footer":false,"_kad_post_classname":"","_jetpack_memberships_contains_paid_content":false,"footnotes":"","jetpack_publicize_message":"","jetpack_publicize_feature_enabled":true,"jetpack_social_post_already_shared":true,"jetpack_social_options":{"image_generator_settings":{"template":"highway","default_image_id":0,"font":"","enabled":false},"version":2}},"categories":[899,1],"tags":[3710,1530,17890,16551],"class_list":["post-49418","post","type-post","status-publish","format-standard","has-post-thumbnail","hentry","category-1930-1939","category-portada","tag-1935-36","tag-1530","tag-copa-1935-36","tag-girona-fc"],"jetpack_publicize_connections":[],"jetpack_featured_media_url":"https:\/\/i0.wp.com\/www.manquepierda.com\/historiarealbetis\/files\/2016\/05\/Girona290911a.jpg?fit=500%2C334&ssl=1","jetpack_sharing_enabled":true,"jetpack_shortlink":"https:\/\/wp.me\/s1ij08-1936","jetpack-related-posts":[],"_links":{"self":[{"href":"https:\/\/www.manquepierda.com\/historiarealbetis\/wp-json\/wp\/v2\/posts\/49418","targetHints":{"allow":["GET"]}}],"collection":[{"href":"https:\/\/www.manquepierda.com\/historiarealbetis\/wp-json\/wp\/v2\/posts"}],"about":[{"href":"https:\/\/www.manquepierda.com\/historiarealbetis\/wp-json\/wp\/v2\/types\/post"}],"author":[{"embeddable":true,"href":"https:\/\/www.manquepierda.com\/historiarealbetis\/wp-json\/wp\/v2\/users\/48"}],"replies":[{"embeddable":true,"href":"https:\/\/www.manquepierda.com\/historiarealbetis\/wp-json\/wp\/v2\/comments?post=49418"}],"version-history":[{"count":1,"href":"https:\/\/www.manquepierda.com\/historiarealbetis\/wp-json\/wp\/v2\/posts\/49418\/revisions"}],"predecessor-version":[{"id":97721,"href":"https:\/\/www.manquepierda.com\/historiarealbetis\/wp-json\/wp\/v2\/posts\/49418\/revisions\/97721"}],"wp:featuredmedia":[{"embeddable":true,"href":"https:\/\/www.manquepierda.com\/historiarealbetis\/wp-json\/wp\/v2\/media\/49419"}],"wp:attachment":[{"href":"https:\/\/www.manquepierda.com\/historiarealbetis\/wp-json\/wp\/v2\/media?parent=49418"}],"wp:term":[{"taxonomy":"category","embeddable":true,"href":"https:\/\/www.manquepierda.com\/historiarealbetis\/wp-json\/wp\/v2\/categories?post=49418"},{"taxonomy":"post_tag","embeddable":true,"href":"https:\/\/www.manquepierda.com\/historiarealbetis\/wp-json\/wp\/v2\/tags?post=49418"}],"curies":[{"name":"wp","href":"https:\/\/api.w.org\/{rel}","templated":true}]}}