{"id":49651,"date":"2016-05-18T10:06:03","date_gmt":"2016-05-18T08:06:03","guid":{"rendered":"http:\/\/www.manquepierda.com\/historiarealbetis\/?p=49651"},"modified":"2024-12-02T19:51:56","modified_gmt":"2024-12-02T18:51:56","slug":"1958-mayo-18","status":"publish","type":"post","link":"https:\/\/www.manquepierda.com\/historiarealbetis\/1958-mayo-18\/","title":{"rendered":"1958-Mayo 18-Segunda.-Real Betis Balompi\u00e9-1 U.D.Levante-0.-58Aniversario."},"content":{"rendered":"<p style=\"text-align: justify\"><strong>XXVII EDICI\u00d3N-CAMPEONATO NACIONAL SEGUNDA DIVISI\u00d3N-GRUPO II-TEMPORADA 1957-1958 DESDE DOMINGO 15 DE SEPTIEMBRE DE 1957 HASTA EL DOMINGO 29 DE JUNIO DE 1958-AMBAS FECHAS INCLUSIVE.<\/strong><\/p>\n<p style=\"text-align: justify\"><em>\u00abEsta tarde, el Real Betis, favorito del grupo II para el ascenso, se enfrenta a aquel equipo que, al parecer, es el \u00fanico que podr\u00eda intentar darle caza a \u00faltima hora: el UD Levante.<\/em><\/p>\n<p style=\"text-align: justify\"><em><img data-recalc-dims=\"1\" loading=\"lazy\" decoding=\"async\" class=\"alignleft size-full wp-image-49653\" src=\"https:\/\/i0.wp.com\/www.manquepierda.com\/historiarealbetis\/files\/2016\/05\/JAS-1.jpg?resize=139%2C200&#038;ssl=1\" alt=\"JAS\" width=\"139\" height=\"200\">No creemos que haya hecho mella en el \u00e1nimo verdiblanco&#8211;ni en el conjunto, ni en los aficionados&#8211;el tropiezo de Badajoz-2 tantos vs. Real Betis Balompi\u00e9- goles. <\/em><\/p>\n<p style=\"text-align: justify\"><em>Quiz\u00e1s lo m\u00e1s importante sea la forzada baja de Heliodoro Casta\u00f1o, expulsado con excesivo rigor y despu\u00e9s sancionado con m\u00e1s rigor todav\u00eda. Una vez m\u00e1s el Balompi\u00e9 ha sido blanco de un azar en el que no creemos que salga bien parada&nbsp; la justicia deportiva, habida cuenta de tantos casos. <\/em><\/p>\n<p style=\"text-align: justify\"><em>Esta vez el delegado nacional&#8211;Juli\u00e1n \u00c1lvarez Santullano&#8211;no inform\u00f3 en contra del juez Jos\u00e9 Manuel Casti\u00f1eiras D\u00edaz; en fin, que todo aconteci\u00f3 al rev\u00e9s de otras veces. Y c\u00f3mo Casta\u00f1o no se llama Peter, pues hete ah\u00ed&#8230;<\/em><\/p>\n<p style=\"text-align: justify\"><em>Sin embargo, al mismo tiempo Le\u00f3n Lasa se incorpora a los concentrados, y ello permitir\u00e1 a Barrios rehacer la delantera en este choque de tanto compromiso. La alineaci\u00f3n no la sabemos; la resolver\u00e1 el preparador a \u00faltima hora.<\/em><\/p>\n<p style=\"text-align: justify\"><em>En cuanto a los levantinos, traen a Ripoll, Quique, Torres, Areta, Losco, Miguel, Camarasa, Esparza, Rafa, Vila, Guerrero, Paredes, L\u00f3pez y \u00abMonchito\u00bb, sobre cuya relaci\u00f3n \u00c1lvaro resolver\u00e1 qui\u00e9nes son los que van a defender los colores levantinos esta tarde.<\/em><\/p>\n<p style=\"text-align: justify\"><em>Con la m\u00e1xima deportividad para el visitante, la afici\u00f3n apoyar\u00e1 netamente al Betis. Unida estrechamente a \u00e9l y a sus colores, tiene un papel preponderante para lograr que con la victoria el hist\u00f3rico club sevillano vuelva a ocupar el puesto que merece en la divisi\u00f3n de honor: esa es nuestra esperanza y nuestro deseo&#8230;\u00bb.<\/em><\/p>\n<figure id=\"attachment_49652\" aria-describedby=\"caption-attachment-49652\" style=\"width: 427px\" class=\"wp-caption aligncenter\"><img data-recalc-dims=\"1\" loading=\"lazy\" decoding=\"async\" class=\"size-full wp-image-49652\" src=\"https:\/\/i0.wp.com\/www.manquepierda.com\/historiarealbetis\/files\/2016\/05\/19580518-RBB-1-UDLevante-02.jpg?resize=427%2C311&#038;ssl=1\" alt=\"MMMM\" width=\"427\" height=\"311\" srcset=\"https:\/\/i0.wp.com\/www.manquepierda.com\/historiarealbetis\/files\/2016\/05\/19580518-RBB-1-UDLevante-02.jpg?w=427&amp;ssl=1 427w, https:\/\/i0.wp.com\/www.manquepierda.com\/historiarealbetis\/files\/2016\/05\/19580518-RBB-1-UDLevante-02.jpg?resize=220%2C160&amp;ssl=1 220w\" sizes=\"auto, (max-width: 427px) 100vw, 427px\" \/><figcaption id=\"caption-attachment-49652\" class=\"wp-caption-text\"><em><strong>Entrada cortes\u00eda de don Joaqu\u00edn Real Rodr\u00edguez.<\/strong><\/em><\/figcaption><\/figure>\n<p style=\"text-align: justify\"><strong>1958-MAYO 18-DOMINGO-TARDE-\u00abMEDIO D\u00cdA DEL CLUB\u00bb.-ESTADIO MUNICIPAL DE \u00abHELI\u00d3POLIS\u00bb.-32\u00aa JORNADA.-<em>\u00abTerreno blando, sol y 34\u00ba grados de temperatura agobiante\u00bb.<\/em><br \/>\n<\/strong><\/p>\n<figure id=\"attachment_49657\" aria-describedby=\"caption-attachment-49657\" style=\"width: 220px\" class=\"wp-caption alignleft\"><img data-recalc-dims=\"1\" loading=\"lazy\" decoding=\"async\" class=\"size-thumbnail wp-image-49657\" src=\"https:\/\/i0.wp.com\/www.manquepierda.com\/historiarealbetis\/files\/2016\/05\/22275_264-1.jpg?resize=220%2C145&#038;ssl=1\" alt=\"MMMM\" width=\"220\" height=\"145\" srcset=\"https:\/\/i0.wp.com\/www.manquepierda.com\/historiarealbetis\/files\/2016\/05\/22275_264-1.jpg?resize=220%2C145&amp;ssl=1 220w, https:\/\/i0.wp.com\/www.manquepierda.com\/historiarealbetis\/files\/2016\/05\/22275_264-1.jpg?resize=680%2C450&amp;ssl=1 680w, https:\/\/i0.wp.com\/www.manquepierda.com\/historiarealbetis\/files\/2016\/05\/22275_264-1.jpg?resize=768%2C508&amp;ssl=1 768w, https:\/\/i0.wp.com\/www.manquepierda.com\/historiarealbetis\/files\/2016\/05\/22275_264-1.jpg?resize=960%2C635&amp;ssl=1 960w, https:\/\/i0.wp.com\/www.manquepierda.com\/historiarealbetis\/files\/2016\/05\/22275_264-1.jpg?w=1676&amp;ssl=1 1676w\" sizes=\"auto, (max-width: 220px) 100vw, 220px\" \/><figcaption id=\"caption-attachment-49657\" class=\"wp-caption-text\">\u00abEl \u00abtrencilla de marras\u00bb una vez finalizado su labor se retira del terreno de juego embocando t\u00fanel de vestuarios.-Fot\u00f3grafo OLMEDO-CPFS264.<\/figcaption><\/figure>\n<p style=\"text-align: justify\">Arbitr\u00f3 Francisco BA\u00d1\u00d3N GONZ\u00c1LBEZ (37 a\u00f1os+11 meses+17 d\u00edas)-Natural de Alicante, martes 1\u00ba de Junio de 1920.<\/p>\n<p style=\"text-align: justify\"><em><strong>\u00abDirigi\u00f3 el encuentro con excesiva meticulosidad, que se limit\u00f3 a sancionar cuantas faltas se produc\u00edan para estar atento a cortar de ra\u00edz cualquier brote de juego duro.<\/strong><\/em><\/p>\n<p style=\"text-align: justify\"><em><strong>Su labor con el defecto antes apuntado fue buena, aunque a veces el p\u00fablico se enfadara con \u00e9l\u00bb.<\/strong><\/em><\/p>\n<p style=\"text-align: justify\">Ambas escuadras se alinearon a sus \u00f3rdenes de la manera siguiente:<\/p>\n<p style=\"text-align: justify\"><strong>Presidente del Real Betis Balompi\u00e9, desde el s\u00e1bado 21 de <img data-recalc-dims=\"1\" loading=\"lazy\" decoding=\"async\" class=\"alignright size-thumbnail wp-image-49662\" src=\"https:\/\/i0.wp.com\/www.manquepierda.com\/historiarealbetis\/files\/2016\/05\/Benito-VILLAMAR%C3%8DN-Prieto.jpg?resize=183%2C220&#038;ssl=1\" alt=\"Benito VILLAMAR\u00cdN Prieto\" width=\"183\" height=\"220\" srcset=\"https:\/\/i0.wp.com\/www.manquepierda.com\/historiarealbetis\/files\/2016\/05\/Benito-VILLAMAR%C3%8DN-Prieto.jpg?resize=183%2C220&amp;ssl=1 183w, https:\/\/i0.wp.com\/www.manquepierda.com\/historiarealbetis\/files\/2016\/05\/Benito-VILLAMAR%C3%8DN-Prieto.jpg?w=335&amp;ssl=1 335w\" sizes=\"auto, (max-width: 183px) 100vw, 183px\" \/>Mayo de 1955 hasta su emocionante escrito de dimisi\u00f3n, debido a su grav\u00edsima enfermedad de c\u00e1ncer de pulm\u00f3n, datado el martes 07 de Diciembre de 1965, despidi\u00e9ndose de sus compa\u00f1eros de Junta y a trav\u00e9s de ellos de la gran familia verdiblanca:<\/strong><\/p>\n<p style=\"text-align: justify\"><strong><em>Don Benito VILLAMAR\u00cdN PRIETO-Industrial (41 a\u00f1os+9 meses menos 3 d\u00edas)-Natural de Puga-To\u00e9n (Ourense), lunes 21 de Agosto de 1916 [Centenario d. m. el domingo 21-VIII-2016].-Obituario en Sevilla, lunes 15 de Agosto de 1966 (50 a\u00f1os menos 6 d\u00edas) D. E. P.<\/em><\/strong><\/p>\n<p style=\"text-align: justify\"><strong><img data-recalc-dims=\"1\" loading=\"lazy\" decoding=\"async\" class=\"alignleft size-thumbnail wp-image-49663\" src=\"https:\/\/i0.wp.com\/www.manquepierda.com\/historiarealbetis\/files\/2016\/05\/Antonio-BARRIOS-Seoane.jpg?resize=214%2C220&#038;ssl=1\" alt=\"Antonio BARRIOS Seoane\" width=\"214\" height=\"220\" srcset=\"https:\/\/i0.wp.com\/www.manquepierda.com\/historiarealbetis\/files\/2016\/05\/Antonio-BARRIOS-Seoane.jpg?resize=214%2C220&amp;ssl=1 214w, https:\/\/i0.wp.com\/www.manquepierda.com\/historiarealbetis\/files\/2016\/05\/Antonio-BARRIOS-Seoane.jpg?w=292&amp;ssl=1 292w\" sizes=\"auto, (max-width: 214px) 100vw, 214px\" \/>Entrenador 1957-1958, Antonio BARRIOS Seoane (48 a\u00f1os menos 3 d\u00edas)-Natural de Getxo (Vizcaya), s\u00e1bado 21 de Mayo de 1910.-Obituario en San Sebasti\u00e1n (Guip\u00fazcoa), lunes 19 de Agosto de 2002 (92 a\u00f1os+3 meses menos 2 d\u00edas) D. E. P.<\/strong><\/p>\n<p style=\"text-align: justify\"><em>\u00abEl partido tuvo un principio afortunado al conseguir \u00abRodri\u00bb el \u00fanico gol de la tarde. La rapidez con que se produjo el primer tanto hizo al p\u00fablico promet\u00e9rselas muy felices y aguardar una gran actuaci\u00f3n b\u00e9tica.<\/em><\/p>\n<p style=\"text-align: justify\"><em>No fue as\u00ed. El Real Betis, acusando sus hombres el cansancio de la agotadora campa\u00f1a, hizo el peor encuentro de la temporada.<\/em><\/p>\n<p style=\"text-align: justify\">Afortunadamente, el Levante dej\u00f3 mucho que desear hasta el punto de parecer un conjunto condenado a inferior categor\u00eda en lugar de poseer condici\u00f3n de puntero del Grupo Sur de la Segunda.<\/p>\n<p style=\"text-align: justify\"><em>Fue un partido de p\u00e9sima calidad que el seguidor b\u00e9tico presenci\u00f3 entre sobresaltos m\u00e1s o menos fundados\u00bb.<\/em><\/p>\n<p style=\"text-align: justify\"><strong>L\u00cdDER CON 39 PUNTOS+7 POSITIVOS (17-GANADOS+5-EMPATADOS+10-PERDIDOS) 61-GOLES A FAVOR Y 40-TANTOS EN CONTRA.<\/strong><\/p>\n<figure id=\"attachment_49664\" aria-describedby=\"caption-attachment-49664\" style=\"width: 154px\" class=\"wp-caption aligncenter\"><img data-recalc-dims=\"1\" loading=\"lazy\" decoding=\"async\" class=\"size-full wp-image-49664\" src=\"https:\/\/i0.wp.com\/www.manquepierda.com\/historiarealbetis\/files\/2016\/05\/1957-RBB-1.jpg?resize=154%2C154&#038;ssl=1\" alt=\"MMMMM\" width=\"154\" height=\"154\"><figcaption id=\"caption-attachment-49664\" class=\"wp-caption-text\"><strong>REAL BETIS BALOMPI\u00c9-1 GOL.<\/strong><\/figcaption><\/figure>\n<figure id=\"attachment_49655\" aria-describedby=\"caption-attachment-49655\" style=\"width: 680px\" class=\"wp-caption aligncenter\"><img data-recalc-dims=\"1\" loading=\"lazy\" decoding=\"async\" class=\"size-medium wp-image-49655\" src=\"https:\/\/i0.wp.com\/www.manquepierda.com\/historiarealbetis\/files\/2016\/05\/Alineaci%C3%B3n-Betis-Levante-Liga-1958.jpg?resize=680%2C433&#038;ssl=1\" alt=\"mmmm\" width=\"680\" height=\"433\" srcset=\"https:\/\/i0.wp.com\/www.manquepierda.com\/historiarealbetis\/files\/2016\/05\/Alineaci%C3%B3n-Betis-Levante-Liga-1958.jpg?resize=680%2C433&amp;ssl=1 680w, https:\/\/i0.wp.com\/www.manquepierda.com\/historiarealbetis\/files\/2016\/05\/Alineaci%C3%B3n-Betis-Levante-Liga-1958.jpg?resize=220%2C140&amp;ssl=1 220w, https:\/\/i0.wp.com\/www.manquepierda.com\/historiarealbetis\/files\/2016\/05\/Alineaci%C3%B3n-Betis-Levante-Liga-1958.jpg?resize=768%2C489&amp;ssl=1 768w, https:\/\/i0.wp.com\/www.manquepierda.com\/historiarealbetis\/files\/2016\/05\/Alineaci%C3%B3n-Betis-Levante-Liga-1958.jpg?w=885&amp;ssl=1 885w\" sizes=\"auto, (max-width: 680px) 100vw, 680px\" \/><figcaption id=\"caption-attachment-49655\" class=\"wp-caption-text\"><em><strong>Desde la izquierda de pie: Men\u00e9ndez-\u00abPortu\u00bb-Santos-Isidro-\u00abLoli\u00bb-Valderas y Dom\u00ednguez. Agachados: Vicente Montiel \u00abManos M\u00e1gicas\u00bb-Lasa-\u00abPaqui\u00bb-Vila-\u00abRodri\u00bb y Del Sol.<\/strong><\/em><\/figcaption><\/figure>\n<p style=\"text-align: center\"><em>&nbsp;<\/em>Guardametas:<\/p>\n<p style=\"text-align: justify\"><strong>1-Titular.-Lu\u00eds MEN\u00c9NDEZ S\u00e1nchez-Imbatido marco verdiblanco (27 a\u00f1os+4 meses +9 d\u00edas)-Natural de Valladolid, viernes 9 de Enero de 1931.<\/strong><\/p>\n<p style=\"text-align: justify\"><em><strong>Suplente.-Francisco DOM\u00cdNGUEZ L\u00f3pez.<\/strong><\/em><\/p>\n<p style=\"text-align: center\">Zagueros:<\/p>\n<p style=\"text-align: left\"><strong>2-Lateral Diestro.-Jos\u00e9 Besteiro Fari\u00f1as (a) \u00abPORTU\u00bb.<\/strong><\/p>\n<p style=\"text-align: left\"><strong>5-Central.-Fernando SANTOS Serna.<\/strong><\/p>\n<p style=\"text-align: left\"><strong>3-Lateral Zurdi.-ISIDRO S\u00e1nhez Garc\u00eda-Figueras: <em>\u00abEl mejor jugador del bando b\u00e9tico y figura indiscutible del partido\u00bb.<\/em><\/strong><\/p>\n<p style=\"text-align: center\">Medios:<\/p>\n<p style=\"text-align: left\"><strong>4-Diestro.-Manuel G\u00f3mez Dom\u00ednguez (a) \u00abLOLI\u00bb: \u00ab<em>Destac\u00f3\u00bb.<\/em><\/strong><\/p>\n<p style=\"text-align: left\"><strong>6-Zurdo.-Jos\u00e9 VALDERAS Rum\u00ed.<\/strong><\/p>\n<p style=\"text-align: center\">Delanteros:<\/p>\n<figure id=\"attachment_49668\" aria-describedby=\"caption-attachment-49668\" style=\"width: 137px\" class=\"wp-caption aligncenter\"><img data-recalc-dims=\"1\" loading=\"lazy\" decoding=\"async\" class=\"size-thumbnail wp-image-49668\" src=\"https:\/\/i0.wp.com\/www.manquepierda.com\/historiarealbetis\/files\/2016\/05\/23152_080.jpg?resize=137%2C220&#038;ssl=1\" alt=\"Francisco Eduardo Rodr\u00edguez Campoy RODRI\" width=\"137\" height=\"220\" srcset=\"https:\/\/i0.wp.com\/www.manquepierda.com\/historiarealbetis\/files\/2016\/05\/23152_080.jpg?resize=137%2C220&amp;ssl=1 137w, https:\/\/i0.wp.com\/www.manquepierda.com\/historiarealbetis\/files\/2016\/05\/23152_080.jpg?resize=374%2C600&amp;ssl=1 374w, https:\/\/i0.wp.com\/www.manquepierda.com\/historiarealbetis\/files\/2016\/05\/23152_080.jpg?resize=768%2C1231&amp;ssl=1 768w, https:\/\/i0.wp.com\/www.manquepierda.com\/historiarealbetis\/files\/2016\/05\/23152_080.jpg?resize=437%2C700&amp;ssl=1 437w, https:\/\/i0.wp.com\/www.manquepierda.com\/historiarealbetis\/files\/2016\/05\/23152_080.jpg?w=1056&amp;ssl=1 1056w\" sizes=\"auto, (max-width: 137px) 100vw, 137px\" \/><figcaption id=\"caption-attachment-49668\" class=\"wp-caption-text\">Francisco Eduardo Rodr\u00edguez Campoy RODRI.-Fot\u00f3grafo S. S\u00e1nchez del Pando.-CPFS80.<\/figcaption><\/figure>\n<p style=\"text-align: justify\"><em><strong>*1-0.-04 minutos.-\u00abA la salida de un golpe franco, La falta fue lanzada por Lasa y bal\u00f3n rechazado d\u00e9bilmente por Rafael Ripoll. Francisco Eduardo que segu\u00eda la jugada, cruz\u00f3 el cuero oportunamente al fondo del arco azulgrana\u00bb.<\/strong><\/em><\/p>\n<p style=\"text-align: justify\"><strong>7-Extremo Diestro (1 gol).-Francisco Eduardo Rodr\u00edguez Campoy (a) \u00abRODRI\u00bb (23 a\u00f1os+9 meses menos 2 d\u00edas)-Natural de Alicante, lunes 20 de Agosto de 1934.<\/strong><\/p>\n<p style=\"text-align: justify\"><strong>8-Interior Diestro.-Francisco G\u00f3mez L\u00f3pez (a) \u00abPAQUI\u00bb: <em>\u00abY claro se destac\u00f3 el fino y su cerebral juego\u00bb.<\/em><\/strong><\/p>\n<p style=\"text-align: justify\"><strong>9-Centro delantero-Ariete.-Le\u00f3n LASA M\u00fajica.<\/strong><\/p>\n<p style=\"text-align: justify\"><strong>10-Interior Zurdo.-Jorge VILA Soler.<\/strong><\/p>\n<p style=\"text-align: justify\"><strong>11-Extremo Zurdo.-Lu\u00eds DEL SOL Cascajares.<\/strong><\/p>\n<p style=\"text-align: center\"><img data-recalc-dims=\"1\" loading=\"lazy\" decoding=\"async\" class=\"aligncenter size-medium wp-image-49676\" src=\"https:\/\/i0.wp.com\/www.manquepierda.com\/historiarealbetis\/files\/2016\/05\/23152_127.jpg?resize=680%2C502&#038;ssl=1\" alt=\"23152_127\" width=\"680\" height=\"502\" srcset=\"https:\/\/i0.wp.com\/www.manquepierda.com\/historiarealbetis\/files\/2016\/05\/23152_127.jpg?resize=680%2C502&amp;ssl=1 680w, https:\/\/i0.wp.com\/www.manquepierda.com\/historiarealbetis\/files\/2016\/05\/23152_127.jpg?resize=220%2C162&amp;ssl=1 220w, https:\/\/i0.wp.com\/www.manquepierda.com\/historiarealbetis\/files\/2016\/05\/23152_127.jpg?resize=768%2C566&amp;ssl=1 768w, https:\/\/i0.wp.com\/www.manquepierda.com\/historiarealbetis\/files\/2016\/05\/23152_127.jpg?resize=949%2C700&amp;ssl=1 949w, https:\/\/i0.wp.com\/www.manquepierda.com\/historiarealbetis\/files\/2016\/05\/23152_127.jpg?w=2580&amp;ssl=1 2580w\" sizes=\"auto, (max-width: 680px) 100vw, 680px\" \/><\/p>\n<p style=\"text-align: center\"><em><strong>Fot\u00f3grafo FINEZAS.-Calle Jes\u00fas 23.-Valencia.-CPFS127.<\/strong><\/em><\/p>\n<p style=\"text-align: center\">VS:<\/p>\n<p style=\"text-align: center\"><strong>1953-1960.-Presidente don Antonio Rom\u00e1n L\u00f3pez.<\/strong><\/p>\n<p style=\"text-align: justify\"><strong><img data-recalc-dims=\"1\" loading=\"lazy\" decoding=\"async\" class=\"alignleft size-full wp-image-49665\" src=\"https:\/\/i0.wp.com\/www.manquepierda.com\/historiarealbetis\/files\/2016\/05\/APV.jpg?resize=180%2C213&#038;ssl=1\" alt=\"APV\" width=\"180\" height=\"213\">1957-1959.-Entrenador, \u00c1lvaro P\u00c9REZ V\u00e1zquez (42 a\u00f1os+2 meses menos 12 d\u00edas)-Natural de Mondo\u00f1edo (Lugo), jueves 30 de Marzo de 1916.<\/strong><\/p>\n<p style=\"text-align: justify\"><strong>Tercer clasificado con 35 puntos+3 positivos (14-ganados+7-empatados+11-perdidos) 60-47 tantos favor-contra.<\/strong><\/p>\n<p style=\"text-align: center\"><em><strong>\u00abEl\u00e1stica azul y grana, pantal\u00f3n azul\u00bb:<\/strong><\/em><\/p>\n<figure id=\"attachment_49666\" aria-describedby=\"caption-attachment-49666\" style=\"width: 181px\" class=\"wp-caption aligncenter\"><img data-recalc-dims=\"1\" loading=\"lazy\" decoding=\"async\" class=\"size-thumbnail wp-image-49666\" src=\"https:\/\/i0.wp.com\/www.manquepierda.com\/historiarealbetis\/files\/2016\/05\/UD-Levante.jpg?resize=181%2C220&#038;ssl=1\" alt=\"MMMM\" width=\"181\" height=\"220\" srcset=\"https:\/\/i0.wp.com\/www.manquepierda.com\/historiarealbetis\/files\/2016\/05\/UD-Levante.jpg?resize=181%2C220&amp;ssl=1 181w, https:\/\/i0.wp.com\/www.manquepierda.com\/historiarealbetis\/files\/2016\/05\/UD-Levante.jpg?w=247&amp;ssl=1 247w\" sizes=\"auto, (max-width: 181px) 100vw, 181px\" \/><figcaption id=\"caption-attachment-49666\" class=\"wp-caption-text\"><strong>UNI\u00d3N DEPORTIVA LEVANTE-0 Tantos.<\/strong><\/figcaption><\/figure>\n<p style=\"text-align: center\"><img data-recalc-dims=\"1\" loading=\"lazy\" decoding=\"async\" class=\"aligncenter size-full wp-image-49667\" src=\"https:\/\/i0.wp.com\/www.manquepierda.com\/historiarealbetis\/files\/2016\/05\/Ripoll.jpg?resize=98%2C150&#038;ssl=1\" alt=\"Ripoll\" width=\"98\" height=\"150\"><\/p>\n<p style=\"text-align: left\">1-Rafael RIPOLL Jord\u00e1n (19 a\u00f1os+5 meses menos 7 d\u00edas)-Natural de Alzira (Valencia), domingo 25 de Diciembre de 1938.-<em><strong>\u00abDestac\u00f3 sus buenas maneras\u00bb.-<\/strong><\/em> <strong>(1 gol encajado).<\/strong><\/p>\n<p style=\"text-align: justify\">2-MIGUEL Tendillo Navarro.-5-Seraf\u00edn Areta V\u00e9lez (a) \u00abARETA I\u00bb.-3-Alfonso LOSCO Contreras; 4-Vicente CAMARASA Constante.-6-Alberto ESPARZA Herr\u00e1n; 7-Jos\u00e9 TORRES Espejo.-8-<strong>Tom\u00e1s GUERRERO Fern\u00e1ndez<\/strong>.-9-Jos\u00e9 PAREDES Gimeno.-10-Jos\u00e9 VILA Escuer.-11-Rafael Blanco Plaza (a) \u00abMONCHITO\u00bb.<\/p>\n<figure id=\"attachment_49679\" aria-describedby=\"caption-attachment-49679\" style=\"width: 394px\" class=\"wp-caption aligncenter\"><img data-recalc-dims=\"1\" loading=\"lazy\" decoding=\"async\" class=\"size-medium wp-image-49679\" src=\"https:\/\/i0.wp.com\/www.manquepierda.com\/historiarealbetis\/files\/2016\/05\/19580518TROPEZONES.jpg?resize=394%2C600&#038;ssl=1\" alt=\"mmmmm\" width=\"394\" height=\"600\" srcset=\"https:\/\/i0.wp.com\/www.manquepierda.com\/historiarealbetis\/files\/2016\/05\/19580518TROPEZONES.jpg?resize=394%2C600&amp;ssl=1 394w, https:\/\/i0.wp.com\/www.manquepierda.com\/historiarealbetis\/files\/2016\/05\/19580518TROPEZONES.jpg?resize=144%2C220&amp;ssl=1 144w, https:\/\/i0.wp.com\/www.manquepierda.com\/historiarealbetis\/files\/2016\/05\/19580518TROPEZONES.jpg?resize=460%2C700&amp;ssl=1 460w, https:\/\/i0.wp.com\/www.manquepierda.com\/historiarealbetis\/files\/2016\/05\/19580518TROPEZONES.jpg?w=704&amp;ssl=1 704w\" sizes=\"auto, (max-width: 394px) 100vw, 394px\" \/><figcaption id=\"caption-attachment-49679\" class=\"wp-caption-text\"><strong><em>\u00abLa campa\u00f1a del ascenso vista por TROPEZONES\u00bb.-Fuente \u00abSEVILLA\u00bb-diario de la tarde-Junio 1958-N\u00famero Extraordinario dedicado al regreso del BETIS A PRIMERA DIVISI\u00d3N\u00bb.<\/em><\/strong><\/figcaption><\/figure>\n<hr>\n<p style=\"text-align: justify\"><em><strong>\u00abAl final el entusiasmo se desbord\u00f3 y se olvidaron los errores. Del Sol, Vila, \u00abRodri\u00bb y algunos compa\u00f1eros, fueron paseados a hombros antes de ingresar en la caseta.<\/strong><\/em><\/p>\n<figure id=\"attachment_49669\" aria-describedby=\"caption-attachment-49669\" style=\"width: 680px\" class=\"wp-caption aligncenter\"><img data-recalc-dims=\"1\" loading=\"lazy\" decoding=\"async\" class=\"size-medium wp-image-49669\" src=\"https:\/\/i0.wp.com\/www.manquepierda.com\/historiarealbetis\/files\/2016\/05\/22275_259.jpg?resize=680%2C444&#038;ssl=1\" alt=\"MMMMM\" width=\"680\" height=\"444\" srcset=\"https:\/\/i0.wp.com\/www.manquepierda.com\/historiarealbetis\/files\/2016\/05\/22275_259.jpg?resize=680%2C444&amp;ssl=1 680w, https:\/\/i0.wp.com\/www.manquepierda.com\/historiarealbetis\/files\/2016\/05\/22275_259.jpg?resize=220%2C144&amp;ssl=1 220w, https:\/\/i0.wp.com\/www.manquepierda.com\/historiarealbetis\/files\/2016\/05\/22275_259.jpg?resize=768%2C502&amp;ssl=1 768w, https:\/\/i0.wp.com\/www.manquepierda.com\/historiarealbetis\/files\/2016\/05\/22275_259.jpg?resize=960%2C627&amp;ssl=1 960w, https:\/\/i0.wp.com\/www.manquepierda.com\/historiarealbetis\/files\/2016\/05\/22275_259.jpg?w=1628&amp;ssl=1 1628w\" sizes=\"auto, (max-width: 680px) 100vw, 680px\" \/><figcaption id=\"caption-attachment-49669\" class=\"wp-caption-text\"><em><strong>Fot\u00f3grafo sin especificar.-CPFS259.<\/strong><\/em><\/figcaption><\/figure>\n<figure id=\"attachment_49672\" aria-describedby=\"caption-attachment-49672\" style=\"width: 680px\" class=\"wp-caption aligncenter\"><img data-recalc-dims=\"1\" loading=\"lazy\" decoding=\"async\" class=\"size-medium wp-image-49672\" src=\"https:\/\/i0.wp.com\/www.manquepierda.com\/historiarealbetis\/files\/2016\/05\/22275_262.jpg?resize=680%2C442&#038;ssl=1\" alt=\"mmmm\" width=\"680\" height=\"442\" srcset=\"https:\/\/i0.wp.com\/www.manquepierda.com\/historiarealbetis\/files\/2016\/05\/22275_262.jpg?resize=680%2C442&amp;ssl=1 680w, https:\/\/i0.wp.com\/www.manquepierda.com\/historiarealbetis\/files\/2016\/05\/22275_262.jpg?resize=220%2C143&amp;ssl=1 220w, https:\/\/i0.wp.com\/www.manquepierda.com\/historiarealbetis\/files\/2016\/05\/22275_262.jpg?resize=768%2C499&amp;ssl=1 768w, https:\/\/i0.wp.com\/www.manquepierda.com\/historiarealbetis\/files\/2016\/05\/22275_262.jpg?resize=960%2C623&amp;ssl=1 960w, https:\/\/i0.wp.com\/www.manquepierda.com\/historiarealbetis\/files\/2016\/05\/22275_262.jpg?w=1620&amp;ssl=1 1620w\" sizes=\"auto, (max-width: 680px) 100vw, 680px\" \/><figcaption id=\"caption-attachment-49672\" class=\"wp-caption-text\"><em><strong>Fot\u00f3grafo sin especificar.-CPFS262.<\/strong><\/em><\/figcaption><\/figure>\n<figure id=\"attachment_49674\" aria-describedby=\"caption-attachment-49674\" style=\"width: 680px\" class=\"wp-caption aligncenter\"><img data-recalc-dims=\"1\" loading=\"lazy\" decoding=\"async\" class=\"size-medium wp-image-49674\" src=\"https:\/\/i0.wp.com\/www.manquepierda.com\/historiarealbetis\/files\/2016\/05\/22275_266.jpg?resize=680%2C456&#038;ssl=1\" alt=\"mmm\" width=\"680\" height=\"456\" srcset=\"https:\/\/i0.wp.com\/www.manquepierda.com\/historiarealbetis\/files\/2016\/05\/22275_266.jpg?resize=680%2C456&amp;ssl=1 680w, https:\/\/i0.wp.com\/www.manquepierda.com\/historiarealbetis\/files\/2016\/05\/22275_266.jpg?resize=220%2C148&amp;ssl=1 220w, https:\/\/i0.wp.com\/www.manquepierda.com\/historiarealbetis\/files\/2016\/05\/22275_266.jpg?resize=768%2C515&amp;ssl=1 768w, https:\/\/i0.wp.com\/www.manquepierda.com\/historiarealbetis\/files\/2016\/05\/22275_266.jpg?resize=960%2C644&amp;ssl=1 960w\" sizes=\"auto, (max-width: 680px) 100vw, 680px\" \/><figcaption id=\"caption-attachment-49674\" class=\"wp-caption-text\"><em><strong>Fot\u00f3grafo \u00c1ngel G\u00f3mez Gel\u00e1n.-CPFS266.<\/strong><\/em><\/figcaption><\/figure>\n<p style=\"text-align: justify\"><em><strong>El p\u00fablico que hab\u00eda invadido el terreno de juego, se agolp\u00f3 ante el palco presidencial para ovacionar a los directivos que tan sabiamente hab\u00edan conducido al equipo&nbsp; en cuanto a r\u00e9gimen de organizaci\u00f3n .<\/strong><\/em><\/p>\n<figure id=\"attachment_49670\" aria-describedby=\"caption-attachment-49670\" style=\"width: 680px\" class=\"wp-caption aligncenter\"><img data-recalc-dims=\"1\" loading=\"lazy\" decoding=\"async\" class=\"size-medium wp-image-49670\" src=\"https:\/\/i0.wp.com\/www.manquepierda.com\/historiarealbetis\/files\/2016\/05\/22275_260.jpg?resize=680%2C440&#038;ssl=1\" alt=\"mmmm\" width=\"680\" height=\"440\" srcset=\"https:\/\/i0.wp.com\/www.manquepierda.com\/historiarealbetis\/files\/2016\/05\/22275_260.jpg?resize=680%2C440&amp;ssl=1 680w, https:\/\/i0.wp.com\/www.manquepierda.com\/historiarealbetis\/files\/2016\/05\/22275_260.jpg?resize=220%2C142&amp;ssl=1 220w, https:\/\/i0.wp.com\/www.manquepierda.com\/historiarealbetis\/files\/2016\/05\/22275_260.jpg?resize=768%2C497&amp;ssl=1 768w, https:\/\/i0.wp.com\/www.manquepierda.com\/historiarealbetis\/files\/2016\/05\/22275_260.jpg?resize=960%2C621&amp;ssl=1 960w, https:\/\/i0.wp.com\/www.manquepierda.com\/historiarealbetis\/files\/2016\/05\/22275_260.jpg?w=1632&amp;ssl=1 1632w\" sizes=\"auto, (max-width: 680px) 100vw, 680px\" \/><figcaption id=\"caption-attachment-49670\" class=\"wp-caption-text\"><strong>Fot\u00f3grafo sin especificar.-CPFS260.-Palco presidencial-Benito Villamar\u00edn Prieto.<\/strong><\/figcaption><\/figure>\n<figure id=\"attachment_49671\" aria-describedby=\"caption-attachment-49671\" style=\"width: 680px\" class=\"wp-caption aligncenter\"><img data-recalc-dims=\"1\" loading=\"lazy\" decoding=\"async\" class=\"size-medium wp-image-49671\" src=\"https:\/\/i0.wp.com\/www.manquepierda.com\/historiarealbetis\/files\/2016\/05\/22275_261.jpg?resize=680%2C436&#038;ssl=1\" alt=\"mmmm\" width=\"680\" height=\"436\" srcset=\"https:\/\/i0.wp.com\/www.manquepierda.com\/historiarealbetis\/files\/2016\/05\/22275_261.jpg?resize=680%2C436&amp;ssl=1 680w, https:\/\/i0.wp.com\/www.manquepierda.com\/historiarealbetis\/files\/2016\/05\/22275_261.jpg?resize=220%2C141&amp;ssl=1 220w, https:\/\/i0.wp.com\/www.manquepierda.com\/historiarealbetis\/files\/2016\/05\/22275_261.jpg?resize=768%2C492&amp;ssl=1 768w, https:\/\/i0.wp.com\/www.manquepierda.com\/historiarealbetis\/files\/2016\/05\/22275_261.jpg?resize=960%2C615&amp;ssl=1 960w, https:\/\/i0.wp.com\/www.manquepierda.com\/historiarealbetis\/files\/2016\/05\/22275_261.jpg?w=1636&amp;ssl=1 1636w\" sizes=\"auto, (max-width: 680px) 100vw, 680px\" \/><figcaption id=\"caption-attachment-49671\" class=\"wp-caption-text\"><em><strong>Fot\u00f3grafo sin especificar.-Villamar\u00edn aclamado en el palco presidencial.-CPFS261.<\/strong><\/em><\/figcaption><\/figure>\n<p style=\"text-align: justify\"><em><strong>El se\u00f1or Villamar\u00edn&nbsp; conoci\u00f3 tambi\u00e9n del desbordado j\u00fabilo popular&nbsp; y fue paseado a hombros entre aclamaciones.<\/strong><\/em><\/p>\n<p style=\"text-align: justify\"><em><strong>Los aficionados se agolparon ante los vestuarios para aguardar la salida de Antonio Barrios, al que izaron igualmente a hombros y le llevaron hasta su coche aparcado fuera del Estadio.<\/strong><\/em><\/p>\n<p style=\"text-align: justify\"><em><strong>\u00abY el Real Betis Balompi\u00e9 se proclamaba ya campe\u00f3n indiscutible, y para \u00e9l sobraban los encuentros de las siguientes jornadas: 33\u00aa-Club Deportivo San Fernando (\u00abMadariaga\u00bb-domingo 25-05-1958) y 34\u00aa-Xerez Club Deportivo (\u00abHeli\u00f3polis\u00bb-domingo 01-06-1958)\u00bb.<\/strong><\/em><\/p>\n<p style=\"text-align: justify\">\n","protected":false},"excerpt":{"rendered":"<p>XXVII EDICI\u00d3N-CAMPEONATO NACIONAL SEGUNDA DIVISI\u00d3N-GRUPO II-TEMPORADA 1957-1958 DESDE DOMINGO 15 DE SEPTIEMBRE DE 1957 HASTA EL DOMINGO 29 DE JUNIO DE 1958-AMBAS FECHAS INCLUSIVE. \u00abEsta tarde, el Real Betis, favorito del grupo II para el ascenso, se enfrenta a aquel equipo que, al parecer, es el \u00fanico que podr\u00eda intentar darle caza a \u00faltima hora:&#8230;<\/p>\n","protected":false},"author":48,"featured_media":49652,"comment_status":"open","ping_status":"open","sticky":false,"template":"","format":"standard","meta":{"_kad_post_transparent":"","_kad_post_title":"","_kad_post_layout":"","_kad_post_sidebar_id":"","_kad_post_content_style":"","_kad_post_vertical_padding":"","_kad_post_feature":"","_kad_post_feature_position":"","_kad_post_header":false,"_kad_post_footer":false,"_kad_post_classname":"","_jetpack_memberships_contains_paid_content":false,"footnotes":"","jetpack_publicize_message":"","jetpack_publicize_feature_enabled":true,"jetpack_social_post_already_shared":true,"jetpack_social_options":{"image_generator_settings":{"template":"highway","default_image_id":0,"font":"","enabled":false},"version":2}},"categories":[901,1],"tags":[2223,1237,1494,9616,17790],"class_list":["post-49651","post","type-post","status-publish","format-standard","has-post-thumbnail","hentry","category-1950-1959","category-portada","tag-1957-58","tag-1237","tag-ascenso-1958","tag-levante-ud","tag-liga-segunda-1957-58"],"jetpack_publicize_connections":[],"jetpack_featured_media_url":"https:\/\/i0.wp.com\/www.manquepierda.com\/historiarealbetis\/files\/2016\/05\/19580518-RBB-1-UDLevante-02.jpg?fit=427%2C311&ssl=1","jetpack_sharing_enabled":true,"jetpack_shortlink":"https:\/\/wp.me\/p1ij08-cUP","jetpack-related-posts":[],"_links":{"self":[{"href":"https:\/\/www.manquepierda.com\/historiarealbetis\/wp-json\/wp\/v2\/posts\/49651","targetHints":{"allow":["GET"]}}],"collection":[{"href":"https:\/\/www.manquepierda.com\/historiarealbetis\/wp-json\/wp\/v2\/posts"}],"about":[{"href":"https:\/\/www.manquepierda.com\/historiarealbetis\/wp-json\/wp\/v2\/types\/post"}],"author":[{"embeddable":true,"href":"https:\/\/www.manquepierda.com\/historiarealbetis\/wp-json\/wp\/v2\/users\/48"}],"replies":[{"embeddable":true,"href":"https:\/\/www.manquepierda.com\/historiarealbetis\/wp-json\/wp\/v2\/comments?post=49651"}],"version-history":[{"count":1,"href":"https:\/\/www.manquepierda.com\/historiarealbetis\/wp-json\/wp\/v2\/posts\/49651\/revisions"}],"predecessor-version":[{"id":89995,"href":"https:\/\/www.manquepierda.com\/historiarealbetis\/wp-json\/wp\/v2\/posts\/49651\/revisions\/89995"}],"wp:featuredmedia":[{"embeddable":true,"href":"https:\/\/www.manquepierda.com\/historiarealbetis\/wp-json\/wp\/v2\/media\/49652"}],"wp:attachment":[{"href":"https:\/\/www.manquepierda.com\/historiarealbetis\/wp-json\/wp\/v2\/media?parent=49651"}],"wp:term":[{"taxonomy":"category","embeddable":true,"href":"https:\/\/www.manquepierda.com\/historiarealbetis\/wp-json\/wp\/v2\/categories?post=49651"},{"taxonomy":"post_tag","embeddable":true,"href":"https:\/\/www.manquepierda.com\/historiarealbetis\/wp-json\/wp\/v2\/tags?post=49651"}],"curies":[{"name":"wp","href":"https:\/\/api.w.org\/{rel}","templated":true}]}}