{"id":49813,"date":"2016-05-26T07:14:00","date_gmt":"2016-05-26T05:14:00","guid":{"rendered":"http:\/\/www.manquepierda.com\/historiarealbetis\/?p=49813"},"modified":"2022-11-03T08:27:10","modified_gmt":"2022-11-03T07:27:10","slug":"francisco-faleato-paquito","status":"publish","type":"post","link":"https:\/\/www.manquepierda.com\/historiarealbetis\/francisco-faleato-paquito\/","title":{"rendered":"Francisco Faleato \u00abPaquito\u00bb"},"content":{"rendered":"<p><a href=\"https:\/\/i0.wp.com\/www.manquepierda.com\/historiarealbetis\/files\/2016\/05\/Paquito-2.jpg?ssl=1\"><img data-recalc-dims=\"1\" loading=\"lazy\" decoding=\"async\" class=\"aligncenter size-full wp-image-49814\" src=\"https:\/\/i0.wp.com\/www.manquepierda.com\/historiarealbetis\/files\/2016\/05\/Paquito-2.jpg?resize=276%2C394&#038;ssl=1\" alt=\"Paquito-2\" width=\"276\" height=\"394\" srcset=\"https:\/\/i0.wp.com\/www.manquepierda.com\/historiarealbetis\/files\/2016\/05\/Paquito-2.jpg?w=276&amp;ssl=1 276w, https:\/\/i0.wp.com\/www.manquepierda.com\/historiarealbetis\/files\/2016\/05\/Paquito-2.jpg?resize=154%2C220&amp;ssl=1 154w\" sizes=\"auto, (max-width: 276px) 100vw, 276px\" \/><\/a><\/p>\n<p><strong>Francisco Faleato Ochoantesana, \u00abPaquito\u00bb<\/strong>, nacido en Santo\u00f1a (Cantabria) el 20 de marzo de 1941.<\/p>\n<p>Defensa.<\/p>\n<p>Despu\u00e9s de jugar en diversos equipos locales pas\u00f3 al Guarnizo \u00a0en categor\u00eda regional, y de ah\u00ed al Rayo Cantabria, ya en Tercera Divisi\u00f3n.<\/p>\n<p>Fue el entrenador b\u00e9tico Fernando Daucick quien recomend\u00f3 su fichaje por el Betis en el verano de 1961. Su debut oficial tuvo lugar el 29 de octubre de 1961 en partido de Liga contra el Real Madrid en el Bernab\u00e9u. Esa primera temporada en el Betis jug\u00f3 poco, por estar realizando a la vez el servicio militar.<\/p>\n<p>Pero en las siguientes s\u00ed se hizo con un puesto en la defensa b\u00e9tica, hasta el punto de ser convocado para la selecci\u00f3n B, junto a Ansola y Rogelio. Una inoportuna lesi\u00f3n a \u00faltima hora impidi\u00f3 que debutase internacionalmente en C\u00f3rdoba contra Portugal.<\/p>\n<p>Su carrera deportiva se vio gravemente truncada el 30 de septiembre de 1965 en un partido contra el Mallorca en el Villamar\u00edn. \u00a0Una fractura del tercio medio de la pierna izquierda que le tuvo pr\u00e1cticamente dos a\u00f1os sin jugar. Volvi\u00f3 a disputar partidos con el Betis en la temporada 1967-68, pero solo de car\u00e1cter amistoso.<\/p>\n<p>Al final de esa temporada abandon\u00f3 el Betis y fich\u00f3 por el Atl\u00e9tico de Madrid, pasando posteriormente por el Valladolid y Racing de Santander, hasta su retirada en 1971.<\/p>\n<p>Historial<\/p>\n<table width=\"270\">\n<tbody>\n<tr>\n<td width=\"80\">1959-60<\/td>\n<td width=\"110\">Guarnizo<\/td>\n<td width=\"80\">Regional<\/td>\n<\/tr>\n<tr>\n<td>1959-60<\/td>\n<td>Rayo Cantabria<\/td>\n<td>Tercera<\/td>\n<\/tr>\n<tr>\n<td>1960-61<\/td>\n<td>Rayo Cantabria<\/td>\n<td>Tercera<\/td>\n<\/tr>\n<tr>\n<td>1961-62<\/td>\n<td>Betis<\/td>\n<td>Primera<\/td>\n<\/tr>\n<tr>\n<td>1962-63<\/td>\n<td>Betis<\/td>\n<td>Primera<\/td>\n<\/tr>\n<tr>\n<td>1963-64<\/td>\n<td>Betis<\/td>\n<td>Primera<\/td>\n<\/tr>\n<tr>\n<td>1964-65<\/td>\n<td>Betis<\/td>\n<td>Primera<\/td>\n<\/tr>\n<tr>\n<td>1965-66<\/td>\n<td>Betis<\/td>\n<td>Primera<\/td>\n<\/tr>\n<tr>\n<td>1966-67<\/td>\n<td>Betis<\/td>\n<td>Segunda<\/td>\n<\/tr>\n<tr>\n<td>1967-68<\/td>\n<td>Betis<\/td>\n<td>Primera<\/td>\n<\/tr>\n<tr>\n<td>1968-69<\/td>\n<td>Atl.Madrid<\/td>\n<td>Primera<\/td>\n<\/tr>\n<tr>\n<td>1969-70<\/td>\n<td>Valladolid<\/td>\n<td>Segunda<\/td>\n<\/tr>\n<tr>\n<td>1970-71<\/td>\n<td>Racing Santander<\/td>\n<td>Segunda<\/td>\n<\/tr>\n<\/tbody>\n<\/table>\n<p>En sus 7 temporadas en el Betis Paquito jug\u00f3 51 partidos de Liga, 8 de Copa, 2 de la Copa de Ferias, 6 de otros campeonatos regionales\u00a0 y 46 amistosos.<\/p>\n","protected":false},"excerpt":{"rendered":"<p>Francisco Faleato Ochoantesana, \u00abPaquito\u00bb, nacido en Santo\u00f1a (Cantabria) el 20 de marzo de 1941. Defensa. Despu\u00e9s de jugar en diversos equipos locales pas\u00f3 al Guarnizo \u00a0en categor\u00eda regional, y de ah\u00ed al Rayo Cantabria, ya en Tercera Divisi\u00f3n. Fue el entrenador b\u00e9tico Fernando Daucick quien recomend\u00f3 su fichaje por el Betis en el verano de&#8230;<\/p>\n","protected":false},"author":5,"featured_media":49814,"comment_status":"open","ping_status":"open","sticky":false,"template":"","format":"standard","meta":{"_kad_post_transparent":"","_kad_post_title":"","_kad_post_layout":"","_kad_post_sidebar_id":"","_kad_post_content_style":"","_kad_post_vertical_padding":"","_kad_post_feature":"","_kad_post_feature_position":"","_kad_post_header":false,"_kad_post_footer":false,"_kad_post_classname":"","_jetpack_memberships_contains_paid_content":false,"footnotes":"","jetpack_publicize_message":"","jetpack_publicize_feature_enabled":true,"jetpack_social_post_already_shared":true,"jetpack_social_options":{"image_generator_settings":{"template":"highway","default_image_id":0,"font":"","enabled":false},"version":2}},"categories":[893,1],"tags":[2901],"class_list":["post-49813","post","type-post","status-publish","format-standard","has-post-thumbnail","hentry","category-jugadores-temas","category-portada","tag-francisco-faleato-paquito"],"jetpack_publicize_connections":[],"jetpack_featured_media_url":"https:\/\/i0.wp.com\/www.manquepierda.com\/historiarealbetis\/files\/2016\/05\/Paquito-2.jpg?fit=276%2C394&ssl=1","jetpack_sharing_enabled":true,"jetpack_shortlink":"https:\/\/wp.me\/p1ij08-cXr","jetpack-related-posts":[],"_links":{"self":[{"href":"https:\/\/www.manquepierda.com\/historiarealbetis\/wp-json\/wp\/v2\/posts\/49813","targetHints":{"allow":["GET"]}}],"collection":[{"href":"https:\/\/www.manquepierda.com\/historiarealbetis\/wp-json\/wp\/v2\/posts"}],"about":[{"href":"https:\/\/www.manquepierda.com\/historiarealbetis\/wp-json\/wp\/v2\/types\/post"}],"author":[{"embeddable":true,"href":"https:\/\/www.manquepierda.com\/historiarealbetis\/wp-json\/wp\/v2\/users\/5"}],"replies":[{"embeddable":true,"href":"https:\/\/www.manquepierda.com\/historiarealbetis\/wp-json\/wp\/v2\/comments?post=49813"}],"version-history":[{"count":1,"href":"https:\/\/www.manquepierda.com\/historiarealbetis\/wp-json\/wp\/v2\/posts\/49813\/revisions"}],"predecessor-version":[{"id":86616,"href":"https:\/\/www.manquepierda.com\/historiarealbetis\/wp-json\/wp\/v2\/posts\/49813\/revisions\/86616"}],"wp:featuredmedia":[{"embeddable":true,"href":"https:\/\/www.manquepierda.com\/historiarealbetis\/wp-json\/wp\/v2\/media\/49814"}],"wp:attachment":[{"href":"https:\/\/www.manquepierda.com\/historiarealbetis\/wp-json\/wp\/v2\/media?parent=49813"}],"wp:term":[{"taxonomy":"category","embeddable":true,"href":"https:\/\/www.manquepierda.com\/historiarealbetis\/wp-json\/wp\/v2\/categories?post=49813"},{"taxonomy":"post_tag","embeddable":true,"href":"https:\/\/www.manquepierda.com\/historiarealbetis\/wp-json\/wp\/v2\/tags?post=49813"}],"curies":[{"name":"wp","href":"https:\/\/api.w.org\/{rel}","templated":true}]}}