{"id":49948,"date":"2016-05-30T10:00:52","date_gmt":"2016-05-30T08:00:52","guid":{"rendered":"http:\/\/www.manquepierda.com\/historiarealbetis\/?p=49948"},"modified":"2024-08-12T17:58:07","modified_gmt":"2024-08-12T15:58:07","slug":"1935-mayo-30-trofeo-camara-comercio-cordoba-racing-fc-2-4-betis-balompiea-3-9-81aniversario","status":"publish","type":"post","link":"https:\/\/www.manquepierda.com\/historiarealbetis\/1935-mayo-30-trofeo-camara-comercio-cordoba-racing-fc-2-4-betis-balompiea-3-9-81aniversario\/","title":{"rendered":"1935-Mayo 30-Trofeo C\u00e1mara Comercio C\u00f3rdoba.-R\u00e1cing Fc-2 (4) Betis Balompi\u00e9A-3 (9).-81Aniversario."},"content":{"rendered":"<p style=\"text-align: center\"><span style=\"text-decoration: underline\">Recortes de Prensa Cordobesa:<\/span><\/p>\n<p style=\"text-align: justify\"><em>\u00abLa Directiva del Racing Fc ha concertado dos importantes partidos para contribuir al mayor esplendor\u00a0 de nuestra renombrada feria\u00a0 los d\u00edas 29 y 30, <strong>con el Betis Balompi\u00e9, de Sevilla, el cual presentar\u00e1 la siguiente alineaci\u00f3n: Espinosa-C ornejo-Joaqu\u00edn-Arocha-Fern\u00e1ndez-Aurelio-\u00abTimimi\u00bb-Rocasolano-\u00abPaquirri\u00bb-Rancel-Valera.<\/strong><\/em><\/p>\n<p style=\"text-align: justify\"><em>Adem\u00e1s para darle mayor inter\u00e9s a estos encuentros, el Racing reforzar\u00e1 sus l\u00edneas con el conocido y antiguo guardameta racinguista y <strong>el antiguo delantero centro del Betis, Romero, <\/strong>los que figurar\u00e1n en las filas de nuestro en la pr\u00f3xima temporada, por lo que es de esperar que la afici\u00f3n a tan importante deporte quedar\u00e1 satisfecha con la organizaci\u00f3n de dichos partidos, los que para darle mayor inter\u00e9s, <strong>la C\u00e1mara de Comercio ha donado una copa para adjudic\u00e1rsela al vencedor de dichos encuentros, los que para mayor garant\u00eda ser\u00e1n arbitrados por don Juan Massa, \u00e1rbitro colegiado italiano\u00bb.-<\/strong><\/em>\u00abEl defensor de C\u00f3rdoba\u00bb y \u00abDiario de C\u00f3rdoba\u00bb.<\/p>\n<p style=\"text-align: center\"><em>\u00abLa Feria de Nuestra de la Salud.-El programa\u00bb:<\/em><\/p>\n<p style=\"text-align: center\"><img data-recalc-dims=\"1\" loading=\"lazy\" decoding=\"async\" class=\"aligncenter size-medium wp-image-49960\" src=\"https:\/\/i0.wp.com\/www.manquepierda.com\/historiarealbetis\/files\/2016\/05\/Stadium-Am%C3%A9rica-Mayo-1935.jpg?resize=680%2C484&#038;ssl=1\" alt=\"Stadium Am\u00e9rica Mayo 1935\" width=\"680\" height=\"484\" srcset=\"https:\/\/i0.wp.com\/www.manquepierda.com\/historiarealbetis\/files\/2016\/05\/Stadium-Am%C3%A9rica-Mayo-1935.jpg?resize=680%2C484&amp;ssl=1 680w, https:\/\/i0.wp.com\/www.manquepierda.com\/historiarealbetis\/files\/2016\/05\/Stadium-Am%C3%A9rica-Mayo-1935.jpg?resize=220%2C156&amp;ssl=1 220w, https:\/\/i0.wp.com\/www.manquepierda.com\/historiarealbetis\/files\/2016\/05\/Stadium-Am%C3%A9rica-Mayo-1935.jpg?resize=75%2C52&amp;ssl=1 75w, https:\/\/i0.wp.com\/www.manquepierda.com\/historiarealbetis\/files\/2016\/05\/Stadium-Am%C3%A9rica-Mayo-1935.jpg?w=720&amp;ssl=1 720w\" sizes=\"auto, (max-width: 680px) 100vw, 680px\" \/><\/p>\n<p style=\"text-align: justify\">\u00ab<strong>1935-Mayo 29-Mi\u00e9rcoles 17&#8217;30 Horas-Copa Ayuntamiento de C\u00f3rdoba-Trofeo donado por la \u00abC\u00e1mara de Comercio\u00bb-\u00abStadium Am\u00e9rica\u00bb.-<\/strong><em>Con asistencia de numeroso p\u00fablico, pocos en el \u00abStadium\u00bb y mucho en las tribunas externas,como siempre.<\/em><\/p>\n<p style=\"text-align: justify\"><em>\u00abArbitr\u00f3 muy acertadamente el se\u00f1or Guiseppe\u00bb; \u00abSu labor tuvo lunares sensibles, que si bien no influyeron en el resultado, restaron en ocasiones vistosidad a las jugadas\u00bb.<\/em><\/p>\n<p style=\"text-align: justify\"><em>El partido result\u00f3 muy interesante, pues ambas escuadras desarrollaron un juego vistoso, derrochando entusiasmo.<\/em><\/p>\n<p style=\"text-align: justify\"><em>El Racing, a pesar de estar integrado por modestos elementos locales, jug\u00f3 mejor que los b\u00e9ticos y domin\u00f3 la mayor parte de ambos tiempos, obligando al portero y defensas forasteros a emplearse a fondo para contener su empuje.<\/em><\/p>\n<p style=\"text-align: justify\"><em>En el primer tiempo marc\u00f3 el Racing dos tantos de magn\u00edfica factura, obra de Osuna y Baena. Los chicos de casa perdieron un partido que en todo momento tuvieron ganado, a causa del cansancio que al final les rindi\u00f3.<\/em><\/p>\n<p style=\"text-align: justify\"><em>Se distinguieron, el portero que es un magn\u00edfico elemento; Juan Antonio, Garc\u00eda Ruz, Aniceto y Gallardo.<\/em><\/p>\n<p style=\"text-align: center\"><em><img data-recalc-dims=\"1\" loading=\"lazy\" decoding=\"async\" class=\"aligncenter size-full wp-image-49961\" src=\"https:\/\/i0.wp.com\/www.manquepierda.com\/historiarealbetis\/files\/2016\/05\/Racing-Fc-C%C3%B3rdoba.jpeg?resize=164%2C220&#038;ssl=1\" alt=\"Racing-Fc-C\u00f3rdoba\" width=\"164\" height=\"220\" \/>RACING FC-2 Tantos<\/em><\/p>\n<p style=\"text-align: justify\"><em>1-BOLA <strong>(3 goles encajados)<\/strong>; 2-JUAN ANTONIO.-3-JEREM\u00cdAS; 4-ANICETO.-5-LAMAS.-6-BARROSO; 7-OSUNA <strong>(1)<\/strong>.-8-GARCIA RUZ.-9-BAENA <strong>(1)<\/strong>.-10-GALLARDO.-11-ARAG\u00d3N.<\/em><\/p>\n<p style=\"text-align: center\"><em><strong>Vs:<\/strong><\/em><\/p>\n<p style=\"text-align: justify\"><em><strong>Los b\u00e9ticos solo marcaron un gol en la primera mitad del encuentro y en los \u00faltimos minutos del segundo tiempo con siguieron dos tantos m\u00e1s que les dieron la victoria. M\u00e1s entrenados aprovecharon el cansancio para conseguir el triunfo.<\/strong><\/em><\/p>\n<p style=\"text-align: center\"><em><strong>Del Betis Balompi\u00e9 (A) se distinguieron: \u00abTIMIMI\u00bb, RANCEL, ROCASOLANO y VALERA.<\/strong><\/em><\/p>\n<p style=\"text-align: center\"><img data-recalc-dims=\"1\" loading=\"lazy\" decoding=\"async\" class=\"aligncenter size-full wp-image-49962\" src=\"https:\/\/i0.wp.com\/www.manquepierda.com\/historiarealbetis\/files\/2016\/05\/1931-32BB-1.jpg?resize=154%2C154&#038;ssl=1\" alt=\"1931-32BB\" width=\"154\" height=\"154\" \/><\/p>\n<p style=\"text-align: center\"><em><strong>AMATEUR.-BETIS BALOMPI\u00c9-3 Goles (autor\/es no citados).<\/strong><\/em><\/p>\n<p style=\"text-align: center\"><strong>Guardameta (2 tantos encajados):<\/strong><\/p>\n<p style=\"text-align: center\"><img data-recalc-dims=\"1\" loading=\"lazy\" decoding=\"async\" class=\"aligncenter size-full wp-image-49963\" src=\"https:\/\/i0.wp.com\/www.manquepierda.com\/historiarealbetis\/files\/2016\/05\/Jos%C3%A9-Lu%C3%ADs-ESPINOSA-Pach%C3%B3n-186x220-186x220.jpg?resize=186%2C220&#038;ssl=1\" alt=\"Jos\u00e9-Lu\u00eds-ESPINOSA-Pach\u00f3n-186x220-186x220\" width=\"186\" height=\"220\" \/><\/p>\n<p style=\"text-align: justify\"><em><strong>1-Jos\u00e9 Lu\u00eds ESPINOSA Pach\u00f3n (22 a\u00f1os+5 meses+15 d\u00edas)-Natural de La Carolina (Ja\u00e9n), s\u00e1bado 14 de Diciembre de 1912.-Obituario, martes 23 de Diciembre de 1975 (63 A\u00f1os+9 d\u00edas) D. E. P.<\/strong><\/em><\/p>\n<p style=\"text-align: center\"><strong>Zagueros:<\/strong><\/p>\n<p style=\"text-align: center\"><img data-recalc-dims=\"1\" loading=\"lazy\" decoding=\"async\" class=\"aligncenter size-thumbnail wp-image-49964\" src=\"https:\/\/i0.wp.com\/www.manquepierda.com\/historiarealbetis\/files\/2016\/05\/AntonioCORNEJOsoria.jpg?resize=167%2C220&#038;ssl=1\" alt=\"AntonioCORNEJOsoria\" width=\"167\" height=\"220\" \/><\/p>\n<p style=\"text-align: center\"><em><strong>2-Lateral Diestro.-Antonio CORNEJO Soria.<\/strong><\/em><\/p>\n<p style=\"text-align: center\"><img data-recalc-dims=\"1\" loading=\"lazy\" decoding=\"async\" class=\"aligncenter size-full wp-image-49965\" src=\"https:\/\/i0.wp.com\/www.manquepierda.com\/historiarealbetis\/files\/2016\/05\/JJP.jpg?resize=91%2C132&#038;ssl=1\" alt=\"JJP\" width=\"91\" height=\"132\" \/><\/p>\n<p style=\"text-align: center\"><em><strong>3-Lateral Zurdo.-JOAQU\u00cdN Jim\u00e9nez Postigo.<\/strong><\/em><\/p>\n<p style=\"text-align: center\"><strong>Medios:<\/strong><\/p>\n<p style=\"text-align: center\"><img data-recalc-dims=\"1\" loading=\"lazy\" decoding=\"async\" class=\"aligncenter size-thumbnail wp-image-49966\" src=\"https:\/\/i0.wp.com\/www.manquepierda.com\/historiarealbetis\/files\/2016\/05\/arsenioArocha.jpg?resize=220%2C159&#038;ssl=1\" alt=\"arsenioArocha\" width=\"220\" height=\"159\" \/><\/p>\n<p style=\"text-align: center\"><em><strong>4-Diestro.-Arsenio AROCHA Guill\u00e9n.<\/strong><\/em><\/p>\n<p style=\"text-align: center\"><img data-recalc-dims=\"1\" loading=\"lazy\" decoding=\"async\" class=\"aligncenter size-thumbnail wp-image-49956\" src=\"https:\/\/i0.wp.com\/www.manquepierda.com\/historiarealbetis\/files\/2015\/07\/AFdezJim%C3%A9nez.jpg?resize=127%2C220&#038;ssl=1\" alt=\"AFdezJim\u00e9nez\" width=\"127\" height=\"220\" srcset=\"https:\/\/i0.wp.com\/www.manquepierda.com\/historiarealbetis\/files\/2015\/07\/AFdezJim%C3%A9nez.jpg?resize=127%2C220&amp;ssl=1 127w, https:\/\/i0.wp.com\/www.manquepierda.com\/historiarealbetis\/files\/2015\/07\/AFdezJim%C3%A9nez.jpg?resize=347%2C600&amp;ssl=1 347w, https:\/\/i0.wp.com\/www.manquepierda.com\/historiarealbetis\/files\/2015\/07\/AFdezJim%C3%A9nez.jpg?resize=404%2C700&amp;ssl=1 404w, https:\/\/i0.wp.com\/www.manquepierda.com\/historiarealbetis\/files\/2015\/07\/AFdezJim%C3%A9nez.jpg?w=416&amp;ssl=1 416w\" sizes=\"auto, (max-width: 127px) 100vw, 127px\" \/><\/p>\n<p style=\"text-align: center\"><em><strong>5-Centro.-Antonio FERN\u00c1NDEZ Jim\u00e9nez.<\/strong><\/em><\/p>\n<p style=\"text-align: center\"><img data-recalc-dims=\"1\" loading=\"lazy\" decoding=\"async\" class=\"aligncenter size-thumbnail wp-image-49968\" src=\"https:\/\/i0.wp.com\/www.manquepierda.com\/historiarealbetis\/files\/2016\/05\/AURELIO-Navarro-Salguero.jpg?resize=118%2C220&#038;ssl=1\" alt=\"AURELIO-Navarro-Salguero\" width=\"118\" height=\"220\" \/><\/p>\n<p style=\"text-align: center\"><em><strong>6-Zurdo.-AURELIO Navarro Salguero.<\/strong><\/em><\/p>\n<p style=\"text-align: center\"><strong>Delanteros:<\/strong><\/p>\n<p style=\"text-align: center\"><img data-recalc-dims=\"1\" loading=\"lazy\" decoding=\"async\" class=\"aligncenter size-thumbnail wp-image-49969\" src=\"https:\/\/i0.wp.com\/www.manquepierda.com\/historiarealbetis\/files\/2016\/05\/TIMIMI-Pedro-Gonz%C3%A1lez-S%C3%A1nchez.2.jpg?resize=176%2C220&#038;ssl=1\" alt=\"TIMIMI-Pedro Gonz\u00e1lez S\u00e1nchez.2\" width=\"176\" height=\"220\" \/><\/p>\n<p style=\"text-align: center\"><em><strong>7-Extremo Diestro.-Pedro Gonz\u00e1lez S\u00e1nchez (a) \u00abTIMIMI\u00bb.<\/strong><\/em><\/p>\n<p style=\"text-align: center\"><img data-recalc-dims=\"1\" loading=\"lazy\" decoding=\"async\" class=\"aligncenter size-thumbnail wp-image-49970\" src=\"https:\/\/i0.wp.com\/www.manquepierda.com\/historiarealbetis\/files\/2016\/05\/Juan-Rocasolano-Camacho.jpeg?resize=138%2C220&#038;ssl=1\" alt=\"Juan-Rocasolano-Camacho\" width=\"138\" height=\"220\" \/><\/p>\n<p style=\"text-align: center\"><em><strong>8-Interior Diestro.-Juan ROCASOLANO Camacho (a) \u00abROCASOLANO II\u00bb.<\/strong><\/em><\/p>\n<p style=\"text-align: center\"><img data-recalc-dims=\"1\" loading=\"lazy\" decoding=\"async\" class=\"aligncenter size-thumbnail wp-image-49971\" src=\"https:\/\/i0.wp.com\/www.manquepierda.com\/historiarealbetis\/files\/2016\/05\/PAQUIRRI-Francisco-Gonz%C3%A1lez-Rodr%C3%ADguez.2.jpg?resize=98%2C220&#038;ssl=1\" alt=\"PAQUIRRI-Francisco Gonz\u00e1lez Rodr\u00edguez.2\" width=\"98\" height=\"220\" srcset=\"https:\/\/i0.wp.com\/www.manquepierda.com\/historiarealbetis\/files\/2016\/05\/PAQUIRRI-Francisco-Gonz%C3%A1lez-Rodr%C3%ADguez.2.jpg?resize=98%2C220&amp;ssl=1 98w, https:\/\/i0.wp.com\/www.manquepierda.com\/historiarealbetis\/files\/2016\/05\/PAQUIRRI-Francisco-Gonz%C3%A1lez-Rodr%C3%ADguez.2.jpg?w=178&amp;ssl=1 178w\" sizes=\"auto, (max-width: 98px) 100vw, 98px\" \/><\/p>\n<p style=\"text-align: center\"><em><strong>9-Centro Delantero-Ariete.-Francisco Gonz\u00e1lez Rodr\u00edguez (a) \u00abPAQUIRRI\u00bb.<\/strong><\/em><\/p>\n<p style=\"text-align: center\"><img data-recalc-dims=\"1\" loading=\"lazy\" decoding=\"async\" class=\"aligncenter size-thumbnail wp-image-49972\" src=\"https:\/\/i0.wp.com\/www.manquepierda.com\/historiarealbetis\/files\/2016\/05\/Jos%C3%A9-RANCEL-Toledo.1.jpg?resize=67%2C220&#038;ssl=1\" alt=\"Jos\u00e9 RANCEL Toledo.1\" width=\"67\" height=\"220\" \/><\/p>\n<p style=\"text-align: center\"><em><strong>10-Interior Zurdo.-Jos\u00e9 RANCEL Toledo.<\/strong><\/em><\/p>\n<p style=\"text-align: center\"><img data-recalc-dims=\"1\" loading=\"lazy\" decoding=\"async\" class=\"aligncenter size-thumbnail wp-image-49973\" src=\"https:\/\/i0.wp.com\/www.manquepierda.com\/historiarealbetis\/files\/2016\/05\/Jos%C3%A9-VALERA-Nocera2.jpg?resize=143%2C220&#038;ssl=1\" alt=\"Jos\u00e9-VALERA-Nocera2\" width=\"143\" height=\"220\" \/><\/p>\n<p style=\"text-align: center\"><em><strong>11-Extremo Zurdo.-Jos\u00e9 VALERA Nocera.<\/strong><\/em><\/p>\n<hr \/>\n<p style=\"text-align: justify\"><strong><img data-recalc-dims=\"1\" loading=\"lazy\" decoding=\"async\" class=\"alignleft size-full wp-image-49975\" src=\"https:\/\/i0.wp.com\/www.manquepierda.com\/historiarealbetis\/files\/2016\/05\/Stadium-Am%C3%A9rica.jpeg?resize=282%2C179&#038;ssl=1\" alt=\"Stadium-Am\u00e9rica\" width=\"282\" height=\"179\" srcset=\"https:\/\/i0.wp.com\/www.manquepierda.com\/historiarealbetis\/files\/2016\/05\/Stadium-Am%C3%A9rica.jpeg?w=282&amp;ssl=1 282w, https:\/\/i0.wp.com\/www.manquepierda.com\/historiarealbetis\/files\/2016\/05\/Stadium-Am%C3%A9rica.jpeg?resize=220%2C140&amp;ssl=1 220w\" sizes=\"auto, (max-width: 282px) 100vw, 282px\" \/>\u00ab1935-Mayo 30-Jueves 17&#8217;30 Horas-\u00abStadium <img data-recalc-dims=\"1\" loading=\"lazy\" decoding=\"async\" class=\"alignright size-thumbnail wp-image-49976\" src=\"https:\/\/i0.wp.com\/www.manquepierda.com\/historiarealbetis\/files\/2016\/05\/Stadium-Am%C3%A9rica-1.jpeg?resize=220%2C123&#038;ssl=1\" alt=\"Stadium-Am\u00e9rica\" width=\"220\" height=\"123\" srcset=\"https:\/\/i0.wp.com\/www.manquepierda.com\/historiarealbetis\/files\/2016\/05\/Stadium-Am%C3%A9rica-1.jpeg?resize=220%2C123&amp;ssl=1 220w, https:\/\/i0.wp.com\/www.manquepierda.com\/historiarealbetis\/files\/2016\/05\/Stadium-Am%C3%A9rica-1.jpeg?w=300&amp;ssl=1 300w\" sizes=\"auto, (max-width: 220px) 100vw, 220px\" \/>Am\u00e9rica\u00bb (Cuartel de Lepanto.-Regimiento Artiller\u00eda \u00abLa Reina\u00bb-C\u00f3rdoba).-2\u00ba Encuentro organizado por el Ayuntamiento de C\u00f3rdoba con motivo de la \u00abFeria de Nuestra Se\u00f1ora de la Salud-Trofeo \u00abC\u00e1mara de Comercio.-<em>Arbitr\u00f3 el se\u00f1or Giuseppe, fue imparcial y justo.<\/em><\/strong><\/p>\n<p style=\"text-align: center\">(4)-<em>Racing FC-2 Tantos. (No se citan sus autores)-Se lanzaron en su contra 5 saques de esquina.<\/em><\/p>\n<p style=\"text-align: center\"><img data-recalc-dims=\"1\" loading=\"lazy\" decoding=\"async\" class=\"aligncenter size-full wp-image-49978\" src=\"https:\/\/i0.wp.com\/www.manquepierda.com\/historiarealbetis\/files\/2016\/05\/Manuel-BUENO-Fern%C3%A1ndez.jpg?resize=148%2C215&#038;ssl=1\" alt=\"Manuel BUENO Fern\u00e1ndez\" width=\"148\" height=\"215\" \/><\/p>\n<p style=\"text-align: justify\"><em>1-BOLA-Tras el descanso reglamentario.-<strong>Manuel BUENO Fern\u00e1ndez<\/strong> (25 a\u00f1os+4 meses+10 d\u00edas)-Natural de Alcal\u00e1 de Guadaira (Sevilla), jueves 20 de Enero de 1910.-Obituario en C\u00e1diz, jueves 10 de Diciembre de 1970 (60 A\u00f1os+11 meses menos 10 d\u00edas) D. E. P.<\/em><\/p>\n<p style=\"text-align: justify\"><em>2-JUAN ANTONIO.-3-JEREM\u00cdAS; 4-ANICETO.-5-LAMAS.-6-BARROSO; 7-OSUNA.-8-GARC\u00cdA RUZ (le sustituy\u00f3 en el segundo tiempo:<br \/>\n<\/em><\/p>\n<p style=\"text-align: center\"><img data-recalc-dims=\"1\" loading=\"lazy\" decoding=\"async\" class=\"aligncenter size-thumbnail wp-image-49979\" src=\"https:\/\/i0.wp.com\/www.manquepierda.com\/historiarealbetis\/files\/2016\/05\/Rosendo-ROMERO-Garc%C3%ADa.1.jpg?resize=164%2C220&#038;ssl=1\" alt=\"Rosendo ROMERO Garc\u00eda.1\" width=\"164\" height=\"220\" srcset=\"https:\/\/i0.wp.com\/www.manquepierda.com\/historiarealbetis\/files\/2016\/05\/Rosendo-ROMERO-Garc%C3%ADa.1.jpg?resize=164%2C220&amp;ssl=1 164w, https:\/\/i0.wp.com\/www.manquepierda.com\/historiarealbetis\/files\/2016\/05\/Rosendo-ROMERO-Garc%C3%ADa.1.jpg?w=220&amp;ssl=1 220w\" sizes=\"auto, (max-width: 164px) 100vw, 164px\" \/><\/p>\n<p style=\"text-align: center\"><em>9-<strong>Rosendo ROMERO Garc\u00eda (a) \u00abel chato\u00bb.-<\/strong>10-GALLARDO.-11-ARAG\u00d3N (destac\u00f3).<\/em><\/p>\n<p style=\"text-align: center\"><em><strong>VS:<\/strong><\/em><\/p>\n<p style=\"text-align: center\"><em><strong>(9)-AMATEUR-BETIS BALOMPI\u00c9-6 Goles (No se\u00a0 han especificado sus autores).<\/strong><\/em><\/p>\n<p style=\"text-align: justify\"><em><strong>1-Jos\u00e9 Lu\u00eds ESPINOSA Pach\u00f3n (2 tantos encajados).-Al terminar el encuentro le entregaron la Copa Ayuntamiento de C\u00f3rdoba-Trofeo donado por la C\u00e1mara de Comercio*<br \/>\n<\/strong><\/em><\/p>\n<p style=\"text-align: justify\"><em><strong>-2-Antonio CORNEJO Soria.-3-JOAQU\u00cdN Jim\u00e9nez Postigo; 4-Arsenio AROCHA Guill\u00e9n.-5-Antonio FERN\u00c1NDEZ Jim\u00e9nez.-6-AURELIO Fern\u00e1ndez Salguero; 7-Pedro Gonz\u00e1lez S\u00e1nchez (a) \u00abTIMIMI\u00bb.-8-Juan Rocasolano Camacho (a) \u00abROCASOLANO II\u00bb.-9-Francisco Gonz\u00e1lez Rodr\u00edguez (a) \u00abPAQUIRRI\u00bb (destac\u00f3).-10-Jos\u00e9 RANCEL Toledo.-11-Jos\u00e9 VALERA Nocera.<\/strong><\/em><\/p>\n","protected":false},"excerpt":{"rendered":"<p>Recortes de Prensa Cordobesa: \u00abLa Directiva del Racing Fc ha concertado dos importantes partidos para contribuir al mayor esplendor\u00a0 de nuestra renombrada feria\u00a0 los d\u00edas 29 y 30, con el Betis Balompi\u00e9, de Sevilla, el cual presentar\u00e1 la siguiente alineaci\u00f3n: Espinosa-C ornejo-Joaqu\u00edn-Arocha-Fern\u00e1ndez-Aurelio-\u00abTimimi\u00bb-Rocasolano-\u00abPaquirri\u00bb-Rancel-Valera. Adem\u00e1s para darle mayor inter\u00e9s a estos encuentros, el Racing reforzar\u00e1 sus l\u00edneas&#8230;<\/p>\n","protected":false},"author":48,"featured_media":49960,"comment_status":"open","ping_status":"open","sticky":false,"template":"","format":"standard","meta":{"_kad_post_transparent":"","_kad_post_title":"","_kad_post_layout":"","_kad_post_sidebar_id":"","_kad_post_content_style":"","_kad_post_vertical_padding":"","_kad_post_feature":"","_kad_post_feature_position":"","_kad_post_header":false,"_kad_post_footer":false,"_kad_post_classname":"","_jetpack_memberships_contains_paid_content":false,"footnotes":"","jetpack_publicize_message":"","jetpack_publicize_feature_enabled":true,"jetpack_social_post_already_shared":true,"jetpack_social_options":{"image_generator_settings":{"template":"highway","default_image_id":0,"font":"","enabled":false},"version":2}},"categories":[899,1,2064],"tags":[2267,45,14205,17733],"class_list":["post-49948","post","type-post","status-publish","format-standard","has-post-thumbnail","hentry","category-1930-1939","category-portada","category-trofeos-de-verano","tag-1934-35","tag-45","tag-copa-ayuntamiento-trofeo-camara-de-comercio","tag-racing-club-cordoba"],"jetpack_publicize_connections":[],"jetpack_featured_media_url":"https:\/\/i0.wp.com\/www.manquepierda.com\/historiarealbetis\/files\/2016\/05\/Stadium-Am%C3%A9rica-Mayo-1935.jpg?fit=720%2C512&ssl=1","jetpack_sharing_enabled":true,"jetpack_shortlink":"https:\/\/wp.me\/p1ij08-cZC","jetpack-related-posts":[],"_links":{"self":[{"href":"https:\/\/www.manquepierda.com\/historiarealbetis\/wp-json\/wp\/v2\/posts\/49948","targetHints":{"allow":["GET"]}}],"collection":[{"href":"https:\/\/www.manquepierda.com\/historiarealbetis\/wp-json\/wp\/v2\/posts"}],"about":[{"href":"https:\/\/www.manquepierda.com\/historiarealbetis\/wp-json\/wp\/v2\/types\/post"}],"author":[{"embeddable":true,"href":"https:\/\/www.manquepierda.com\/historiarealbetis\/wp-json\/wp\/v2\/users\/48"}],"replies":[{"embeddable":true,"href":"https:\/\/www.manquepierda.com\/historiarealbetis\/wp-json\/wp\/v2\/comments?post=49948"}],"version-history":[{"count":1,"href":"https:\/\/www.manquepierda.com\/historiarealbetis\/wp-json\/wp\/v2\/posts\/49948\/revisions"}],"predecessor-version":[{"id":96387,"href":"https:\/\/www.manquepierda.com\/historiarealbetis\/wp-json\/wp\/v2\/posts\/49948\/revisions\/96387"}],"wp:featuredmedia":[{"embeddable":true,"href":"https:\/\/www.manquepierda.com\/historiarealbetis\/wp-json\/wp\/v2\/media\/49960"}],"wp:attachment":[{"href":"https:\/\/www.manquepierda.com\/historiarealbetis\/wp-json\/wp\/v2\/media?parent=49948"}],"wp:term":[{"taxonomy":"category","embeddable":true,"href":"https:\/\/www.manquepierda.com\/historiarealbetis\/wp-json\/wp\/v2\/categories?post=49948"},{"taxonomy":"post_tag","embeddable":true,"href":"https:\/\/www.manquepierda.com\/historiarealbetis\/wp-json\/wp\/v2\/tags?post=49948"}],"curies":[{"name":"wp","href":"https:\/\/api.w.org\/{rel}","templated":true}]}}