{"id":49981,"date":"2016-05-31T07:18:59","date_gmt":"2016-05-31T05:18:59","guid":{"rendered":"http:\/\/www.manquepierda.com\/historiarealbetis\/?p=49981"},"modified":"2016-05-30T20:13:15","modified_gmt":"2016-05-30T18:13:15","slug":"figuras-del-futbol-jorge-olmedo","status":"publish","type":"post","link":"https:\/\/www.manquepierda.com\/historiarealbetis\/figuras-del-futbol-jorge-olmedo\/","title":{"rendered":"Figuras del F\u00fatbol. Jorge Olmedo"},"content":{"rendered":"<p><a href=\"https:\/\/i0.wp.com\/www.manquepierda.com\/historiarealbetis\/files\/2016\/05\/Figuras-del-F%C3%BAtbol.-Olmedo-dibujo.jpg?ssl=1\"><img data-recalc-dims=\"1\" loading=\"lazy\" decoding=\"async\" class=\"aligncenter size-medium wp-image-49982\" src=\"https:\/\/i0.wp.com\/www.manquepierda.com\/historiarealbetis\/files\/2016\/05\/Figuras-del-F%C3%BAtbol.-Olmedo-dibujo.jpg?resize=503%2C600&#038;ssl=1\" alt=\"Figuras del F\u00fatbol. Olmedo-dibujo\" width=\"503\" height=\"600\" srcset=\"https:\/\/i0.wp.com\/www.manquepierda.com\/historiarealbetis\/files\/2016\/05\/Figuras-del-F%C3%BAtbol.-Olmedo-dibujo.jpg?resize=503%2C600&amp;ssl=1 503w, https:\/\/i0.wp.com\/www.manquepierda.com\/historiarealbetis\/files\/2016\/05\/Figuras-del-F%C3%BAtbol.-Olmedo-dibujo.jpg?resize=185%2C220&amp;ssl=1 185w, https:\/\/i0.wp.com\/www.manquepierda.com\/historiarealbetis\/files\/2016\/05\/Figuras-del-F%C3%BAtbol.-Olmedo-dibujo.jpg?resize=587%2C700&amp;ssl=1 587w, https:\/\/i0.wp.com\/www.manquepierda.com\/historiarealbetis\/files\/2016\/05\/Figuras-del-F%C3%BAtbol.-Olmedo-dibujo.jpg?w=693&amp;ssl=1 693w\" sizes=\"auto, (max-width: 503px) 100vw, 503px\" \/><\/a><\/p>\n<p>Para la temporada 1973-74 volvieron a abrirse las fronteras a los futbolistas extranjeros, cerradas desde comienzos de la d\u00e9cada anterior tras el mal papel realizado por la selecci\u00f3n en el Campeonato Mundial en 1962 en Chile.<\/p>\n<p>Se autoriz\u00f3 la presencia de 2 futbolistas en cada equipo. El Betis cubri\u00f3 las plazas con dos futbolistas argentinos, aunque curiosamente ninguno de ellos jugaba en Argentina. Fueron el delantero Juan Carlos Mameli, procedente del Nacional uruguayo, y el centrocampista Jorge Olmedo, quien lleg\u00f3 procednte del f\u00fatbol de Colombia.<\/p>\n<p>De la serie del diario deportivo Marca Figuras del F\u00fatbol traemos hoy la cr\u00f3nica de su vida, contada en primera persona.<\/p>\n<p><a href=\"https:\/\/i0.wp.com\/www.manquepierda.com\/historiarealbetis\/files\/2016\/05\/Figuras-del-F%C3%BAtbol.-Olmedo-trayectoria.jpg?ssl=1\"><img data-recalc-dims=\"1\" loading=\"lazy\" decoding=\"async\" class=\"aligncenter wp-image-49985\" src=\"https:\/\/i0.wp.com\/www.manquepierda.com\/historiarealbetis\/files\/2016\/05\/Figuras-del-F%C3%BAtbol.-Olmedo-trayectoria.jpg?resize=589%2C191&#038;ssl=1\" alt=\"Figuras del F\u00fatbol. Olmedo-trayectoria\" width=\"589\" height=\"191\" srcset=\"https:\/\/i0.wp.com\/www.manquepierda.com\/historiarealbetis\/files\/2016\/05\/Figuras-del-F%C3%BAtbol.-Olmedo-trayectoria.jpg?w=582&amp;ssl=1 582w, https:\/\/i0.wp.com\/www.manquepierda.com\/historiarealbetis\/files\/2016\/05\/Figuras-del-F%C3%BAtbol.-Olmedo-trayectoria.jpg?resize=220%2C71&amp;ssl=1 220w\" sizes=\"auto, (max-width: 589px) 100vw, 589px\" \/><\/a><\/p>\n<p><span style=\"color: #008000\"><em>Tuve que falsificar la edad para jugar en un conjunto infantil que ten\u00eda el curioso nombre de \u201cCa\u00f1oncito\u201d, por el delantero centro Jorge Composto, que chutaba muy fuerte y que dio el nombre al equipo, formado por un grupo de ni\u00f1os del barrio Bacar\u00e1s, de Buenos Aires, entre los que se encontraba mi hermano Norberto Dardo, actualmente arquitecto. Era el m\u00e1s peque\u00f1o de todos. El equipo se inscribi\u00f3 en un torneo de la parroquia de Santa Luc\u00eda para chicos de 10 a 17 a\u00f1os y yo s\u00f3lo contaba con ocho. Salimos campeones invictos durante tres a\u00f1os. Jugando con el \u201cCa\u00f1oncito\u201d me vio Nano Gandulla, encargado de las divisiones inferiores de Boca Juniors. Ten\u00eda entonces doce a\u00f1os y los muchachos jugaban en el descanso de los partidos del primer equipo, lo que supon\u00eda una gran ilusi\u00f3n al encontrarse el estadio con muchos espectadores. Despu\u00e9s de militar en los infantiles segu\u00ed por las escalas inferiores, pero al no ver posibilidad de formar con el primer equipo en un futuro inmediato ped\u00ed el traspaso al San Telmo, un club modesto que entonces se encontraba en Segunda. Jugu\u00e9 en Cuarta y Tercera Divisi\u00f3n, y de aqu\u00ed pas\u00e9 al equipo titular, entonces en Primera. Era el a\u00f1o 1965.<\/em><\/span><\/p>\n<p><span style=\"color: #008000\"><em>Ya hab\u00eda conseguido el t\u00edtulo de dibujante mec\u00e1nico. Dej\u00e9 el San Telmo para fichar por el Chacarita Juniors, equipo que siempre luchaba por mantenerse en la Primera Divisi\u00f3n. Ten\u00eda enorme confianza en mis posibilidades, siempre la he mantenido. Abandon\u00e9 el trabajo para dedicarme plenamente al f\u00fatbol. En el Chacarita Juniors tuve buenas actuaciones y en la segunda temporada se interes\u00f3 por m\u00ed el Hurac\u00e1n, por el que fich\u00e9 en el a\u00f1o 1968. En el Hurac\u00e1n tropec\u00e9 con excelentes compa\u00f1eros, como Viberti, Vilanova, Brindisi y Varela, ahora en el H\u00e9rcules de Alicante. Sigui\u00f3 mi buen momento y ello me llev\u00f3 a la preselecci\u00f3n argentina, en la que estaban Fisher, Rendo, Savoy, entre otros. El responsable de la selecci\u00f3n era Minella, pero se produjo un cambio de t\u00e9cnico y al llegar Maschio los que hab\u00edamos figurado en la lista del anterior fuimos fuera. Algo que suele ocurrir con frecuencia. Tambi\u00e9n en el Hurac\u00e1n milit\u00e9 por espacio de dos temporadas.<\/em><\/span><\/p>\n<p><span style=\"color: #008000\"><em>En febrero de 1970, el Deportivo Cali hizo una oferta por m\u00ed al Hurac\u00e1n y las condiciones econ\u00f3micas me interesaron. En Colombia tuve la suerte de salir campe\u00f3n el primer a\u00f1o de mi llegada. Otra de las grandes satisfacciones que recib\u00ed fue la consecuci\u00f3n del t\u00edtulo al mejor deportista profesional en el a\u00f1o 1972, distinci\u00f3n otorgada por la cr\u00edtica deportiva y que coincidi\u00f3 con el t\u00edtulo a la mejor deportista amateur, que recay\u00f3 en Ana Mar\u00eda Agudelo, con quien he contra\u00eddo matrimonio. Nuestro encuentro fue curioso. La hab\u00eda conocido casualmente en febrero de 1971, d\u00edas antes de una concentraci\u00f3n para enfrentarnos al Santos. La llam\u00e9 desde la concentraci\u00f3n y me pregunt\u00f3 sobre nuestro estado de \u00e1nimo, dando por descontado que perder\u00edamos frente al conjunto de Pel\u00e9. Contest\u00e9 que no sab\u00eda si ganar\u00edamos o no, pero que estaba seguro que marcar\u00eda un gol. Medi\u00f3 una apuesta. Jugamos contra el Santos y parece que Dios me ilumin\u00f3. Marqu\u00e9 el gol del triunfo y que inclinaba la apuesta a mi favor. Al d\u00eda siguiente la llam\u00e9 para decirle que hab\u00eda ganado la apuesta, y que por lo tanto deb\u00eda acceder a mi deseo de salir con ella. De esta forma comenz\u00f3 nuestro noviazgo gracias al deporte, ya que mi esposa era baloncestista internacional por Colombia. La boda se hizo por poderes, debido a que nos casamos estando yo en Espa\u00f1a, el 19 de octubre del a\u00f1o pasado.<\/em><\/span><\/p>\n<p><span style=\"color: #008000\"><em>Como todos los jugadores, mi deseo era actuar en Espa\u00f1a. En julio del a\u00f1o pasado, el presidente del Deportivo Cali me habl\u00f3 de la posibilidad de venir a Espa\u00f1a, porque se hab\u00eda abierto el pase de extranjeros. Una semana despu\u00e9s de finalizar el Campeonato colombiano me inform\u00f3 que ten\u00eda que viajar para disputar un torneo en Espa\u00f1a, y que si gustaba que no habr\u00eda problemas para mi incorporaci\u00f3n al f\u00fatbol espa\u00f1ol. Me somet\u00ed a prueba porque siempre he tenido confianza en mis posibilidades. Despu\u00e9s de unos d\u00edas de entrenamiento, muy pocos, disput\u00e9 con el Betis el Ciudad de La L\u00ednea. Las cosas me salieron bien en los dos partidos, a lo que ayudaron mucho mis nuevos compa\u00f1eros. Los t\u00e9cnicos quedaron satisfechos de mi rendimiento y firm\u00e9 por mi club actual, con lo que cumpl\u00ed el deseo de todo jugador de all\u00e1.<\/em><\/span><\/p>\n<p><span style=\"color: #008000\"><em>El Betis tuvo unos buenos comienzos y muy pronto se coloc\u00f3 en los puestos de cabeza, posici\u00f3n que hemos mantenido a lo largo de la competici\u00f3n por lo que confi\u00e1bamos en que el ascenso no se nos escapara. Ha sido una enorme satisfacci\u00f3n para todos, muy especialmente para la hinchada del Betis, que la encuentro excelente.<\/em><\/span><\/p>\n<p><span style=\"color: #008000\"><em>Personalmente no estoy conforme con mi rendimiento. Realic\u00e9 buenos partidos al principio de la competici\u00f3n, pero despu\u00e9s no segu\u00ed en mi l\u00ednea habitual por diversas circunstancias. El cambio de ambiente siempre influye y aqu\u00ed extra\u00f1\u00e9 la falta de la familia y las amistades. Me cas\u00e9, como he dicho, por poderes, en octubre, y con la llegada de mi esposas las cosas se normalizaron bastante. Sevilla es una ciudad muy acogedora y ahora puedo decir que ya me he adaptado al ritmo de vida de Espa\u00f1a. Tambi\u00e9n han influido en mi rendimiento las lesiones que me han castigado en varias ocasiones. Casi nunca me he lesionado a lo largo de mi vida deportiva y esta temporada he sufrido contratiempos, falt\u00e1ndome continuidad en los partidos y entrenamientos.<\/em><\/span><\/p>\n<p><span style=\"color: #008000\"><em>Conf\u00edo en que en la pr\u00f3xima temporada todo vaya mejor para m\u00ed, porque soy capaz de rendir mucho m\u00e1s y justificar con ello mi contrataci\u00f3n. La Liga en Segunda Divisi\u00f3n ac\u00e1 es sumamente dura por lo larga y el esfuerzo f\u00edsico que hay que derrochar.<\/em><\/span><\/p>\n<p><span style=\"color: #008000\"><em>Futbol\u00edsticamente siempre me desenvolv\u00ed en un puesto adelantado, bien con el ocho, el nueve o el diez. All\u00ed se juega de forma distinta, a base de mayor dominio de la pelota, sin marcajes tan implacables como ac\u00e1. Uno se va adaptando a las circunstancias poniendo voluntad. Por todos los equipos que he pasado siempre consegu\u00ed buen n\u00famero de goles. En 1972 sal\u00ed segundo goleador de Colombia con 16 tantos sobre veintid\u00f3s partidos, siendo el primero mi compatriota Londero. En el Betis he cumplido m\u00e1s misi\u00f3n de centrocampista, cosa que no hab\u00eda hecho hasta ahora. He procurado adaptarme a las \u00f3rdenes que se me daban y superar las dificultades que ello entra\u00f1a en un f\u00fatbol que se desconoce. Pese a todo, me encuentro muy contento en el Betis, en Sevilla y en Espa\u00f1a, m\u00e1s por el \u00e9xito de mi equipo que por mi triunfo personal, que ha quedado por bajo de lo que yo mismo esperaba. Conf\u00edo en que en esta temporada en Primera Divisi\u00f3n nos mantendremos sin apuros.<\/em><\/span><\/p>\n<p><a href=\"https:\/\/i0.wp.com\/www.manquepierda.com\/historiarealbetis\/files\/2016\/05\/Figuras-del-F%C3%BAtbol.-Olmedo-firma.jpg?ssl=1\"><img data-recalc-dims=\"1\" loading=\"lazy\" decoding=\"async\" class=\"aligncenter size-full wp-image-50010\" src=\"https:\/\/i0.wp.com\/www.manquepierda.com\/historiarealbetis\/files\/2016\/05\/Figuras-del-F%C3%BAtbol.-Olmedo-firma.jpg?resize=477%2C264&#038;ssl=1\" alt=\"Figuras del F\u00fatbol. Olmedo-firma\" width=\"477\" height=\"264\" srcset=\"https:\/\/i0.wp.com\/www.manquepierda.com\/historiarealbetis\/files\/2016\/05\/Figuras-del-F%C3%BAtbol.-Olmedo-firma.jpg?w=477&amp;ssl=1 477w, https:\/\/i0.wp.com\/www.manquepierda.com\/historiarealbetis\/files\/2016\/05\/Figuras-del-F%C3%BAtbol.-Olmedo-firma.jpg?resize=220%2C122&amp;ssl=1 220w\" sizes=\"auto, (max-width: 477px) 100vw, 477px\" \/><\/a><\/p>\n<p>&nbsp;<\/p>\n<p>Fuente: Marca 11 de agosto de 1974<\/p>\n","protected":false},"excerpt":{"rendered":"<p>Para la temporada 1973-74 volvieron a abrirse las fronteras a los futbolistas extranjeros, cerradas desde comienzos de la d\u00e9cada anterior tras el mal papel realizado por la selecci\u00f3n en el Campeonato Mundial en 1962 en Chile. Se autoriz\u00f3 la presencia de 2 futbolistas en cada equipo. El Betis cubri\u00f3 las plazas con dos futbolistas argentinos,&#8230;<\/p>\n","protected":false},"author":5,"featured_media":49982,"comment_status":"open","ping_status":"open","sticky":false,"template":"","format":"standard","meta":{"_kad_post_transparent":"","_kad_post_title":"","_kad_post_layout":"","_kad_post_sidebar_id":"","_kad_post_content_style":"","_kad_post_vertical_padding":"","_kad_post_feature":"","_kad_post_feature_position":"","_kad_post_header":false,"_kad_post_footer":false,"_kad_post_classname":"","_jetpack_memberships_contains_paid_content":false,"footnotes":"","jetpack_publicize_message":"","jetpack_publicize_feature_enabled":true,"jetpack_social_post_already_shared":true,"jetpack_social_options":{"image_generator_settings":{"template":"highway","default_image_id":0,"font":"","enabled":false},"version":2}},"categories":[893,1],"tags":[56,2226,3098],"class_list":["post-49981","post","type-post","status-publish","format-standard","has-post-thumbnail","hentry","category-jugadores-temas","category-portada","tag-56","tag-1973-74","tag-jorge-olmedo"],"jetpack_publicize_connections":[],"jetpack_featured_media_url":"https:\/\/i0.wp.com\/www.manquepierda.com\/historiarealbetis\/files\/2016\/05\/Figuras-del-F%C3%BAtbol.-Olmedo-dibujo.jpg?fit=693%2C826&ssl=1","jetpack_sharing_enabled":true,"jetpack_shortlink":"https:\/\/wp.me\/p1ij08-d09","jetpack-related-posts":[],"_links":{"self":[{"href":"https:\/\/www.manquepierda.com\/historiarealbetis\/wp-json\/wp\/v2\/posts\/49981","targetHints":{"allow":["GET"]}}],"collection":[{"href":"https:\/\/www.manquepierda.com\/historiarealbetis\/wp-json\/wp\/v2\/posts"}],"about":[{"href":"https:\/\/www.manquepierda.com\/historiarealbetis\/wp-json\/wp\/v2\/types\/post"}],"author":[{"embeddable":true,"href":"https:\/\/www.manquepierda.com\/historiarealbetis\/wp-json\/wp\/v2\/users\/5"}],"replies":[{"embeddable":true,"href":"https:\/\/www.manquepierda.com\/historiarealbetis\/wp-json\/wp\/v2\/comments?post=49981"}],"version-history":[{"count":0,"href":"https:\/\/www.manquepierda.com\/historiarealbetis\/wp-json\/wp\/v2\/posts\/49981\/revisions"}],"wp:featuredmedia":[{"embeddable":true,"href":"https:\/\/www.manquepierda.com\/historiarealbetis\/wp-json\/wp\/v2\/media\/49982"}],"wp:attachment":[{"href":"https:\/\/www.manquepierda.com\/historiarealbetis\/wp-json\/wp\/v2\/media?parent=49981"}],"wp:term":[{"taxonomy":"category","embeddable":true,"href":"https:\/\/www.manquepierda.com\/historiarealbetis\/wp-json\/wp\/v2\/categories?post=49981"},{"taxonomy":"post_tag","embeddable":true,"href":"https:\/\/www.manquepierda.com\/historiarealbetis\/wp-json\/wp\/v2\/tags?post=49981"}],"curies":[{"name":"wp","href":"https:\/\/api.w.org\/{rel}","templated":true}]}}