{"id":50017,"date":"2016-06-01T07:38:44","date_gmt":"2016-06-01T05:38:44","guid":{"rendered":"http:\/\/www.manquepierda.com\/historiarealbetis\/?p=50017"},"modified":"2024-08-11T18:05:58","modified_gmt":"2024-08-11T16:05:58","slug":"baracaldo-betis-liga-1979","status":"publish","type":"post","link":"https:\/\/www.manquepierda.com\/historiarealbetis\/baracaldo-betis-liga-1979\/","title":{"rendered":"Baracaldo-Betis Liga 1979"},"content":{"rendered":"<p><a href=\"https:\/\/i0.wp.com\/www.manquepierda.com\/historiarealbetis\/files\/2016\/05\/Sin-t%C3%ADtulo.png?ssl=1\"><img data-recalc-dims=\"1\" loading=\"lazy\" decoding=\"async\" class=\"aligncenter size-medium wp-image-50018\" src=\"https:\/\/i0.wp.com\/www.manquepierda.com\/historiarealbetis\/files\/2016\/05\/Sin-t%C3%ADtulo.png?resize=446%2C600&#038;ssl=1\" alt=\"Sin t\u00edtulo\" width=\"446\" height=\"600\" srcset=\"https:\/\/i0.wp.com\/www.manquepierda.com\/historiarealbetis\/files\/2016\/05\/Sin-t%C3%ADtulo.png?resize=446%2C600&amp;ssl=1 446w, https:\/\/i0.wp.com\/www.manquepierda.com\/historiarealbetis\/files\/2016\/05\/Sin-t%C3%ADtulo.png?resize=164%2C220&amp;ssl=1 164w, https:\/\/i0.wp.com\/www.manquepierda.com\/historiarealbetis\/files\/2016\/05\/Sin-t%C3%ADtulo.png?w=485&amp;ssl=1 485w\" sizes=\"auto, (max-width: 446px) 100vw, 446px\" \/><\/a><\/p>\n<p>28 de enero de 1979 en Lasesarre \u00a0Baracaldo 1 Betis 0; jornada 20 del Campeonato de Liga de Segunda Divisi\u00f3n.<\/p>\n<p>El Betis llegaba como l\u00edder al terreno del pen\u00faltimo clasificado en la primera jornada de la segunda vuelta, pero sorprendentemente cay\u00f3 derrotado con un gol de Antonio Biosca en propia puerta en el minuto 1.<\/p>\n<p>Jos\u00e9 Mar\u00eda Garc\u00eda de Andoain entrenaba al Baracaldo y Jos\u00e9 Luis Garc\u00eda Traid al Betis.<\/p>\n","protected":false},"excerpt":{"rendered":"<p>28 de enero de 1979 en Lasesarre \u00a0Baracaldo 1 Betis 0; jornada 20 del Campeonato de Liga de Segunda Divisi\u00f3n. El Betis llegaba como l\u00edder al terreno del pen\u00faltimo clasificado en la primera jornada de la segunda vuelta, pero sorprendentemente cay\u00f3 derrotado con un gol de Antonio Biosca en propia puerta en el minuto 1&#8230;.<\/p>\n","protected":false},"author":5,"featured_media":50018,"comment_status":"open","ping_status":"open","sticky":false,"template":"","format":"standard","meta":{"_kad_post_transparent":"","_kad_post_title":"","_kad_post_layout":"","_kad_post_sidebar_id":"","_kad_post_content_style":"","_kad_post_vertical_padding":"","_kad_post_feature":"","_kad_post_feature_position":"","_kad_post_header":false,"_kad_post_footer":false,"_kad_post_classname":"","_jetpack_memberships_contains_paid_content":false,"footnotes":"","jetpack_publicize_message":"","jetpack_publicize_feature_enabled":true,"jetpack_social_post_already_shared":true,"jetpack_social_options":{"image_generator_settings":{"template":"highway","default_image_id":0,"font":"","enabled":false},"version":2}},"categories":[903,1],"tags":[2227,1033,2564,17798],"class_list":["post-50017","post","type-post","status-publish","format-standard","has-post-thumbnail","hentry","category-1970-1979","category-portada","tag-1978-79","tag-1033","tag-baracaldo-cf","tag-liga-segunda-1978-79"],"jetpack_publicize_connections":[],"jetpack_featured_media_url":"https:\/\/i0.wp.com\/www.manquepierda.com\/historiarealbetis\/files\/2016\/05\/Sin-t%C3%ADtulo.png?fit=485%2C652&ssl=1","jetpack_sharing_enabled":true,"jetpack_shortlink":"https:\/\/wp.me\/p1ij08-d0J","jetpack-related-posts":[],"_links":{"self":[{"href":"https:\/\/www.manquepierda.com\/historiarealbetis\/wp-json\/wp\/v2\/posts\/50017","targetHints":{"allow":["GET"]}}],"collection":[{"href":"https:\/\/www.manquepierda.com\/historiarealbetis\/wp-json\/wp\/v2\/posts"}],"about":[{"href":"https:\/\/www.manquepierda.com\/historiarealbetis\/wp-json\/wp\/v2\/types\/post"}],"author":[{"embeddable":true,"href":"https:\/\/www.manquepierda.com\/historiarealbetis\/wp-json\/wp\/v2\/users\/5"}],"replies":[{"embeddable":true,"href":"https:\/\/www.manquepierda.com\/historiarealbetis\/wp-json\/wp\/v2\/comments?post=50017"}],"version-history":[{"count":1,"href":"https:\/\/www.manquepierda.com\/historiarealbetis\/wp-json\/wp\/v2\/posts\/50017\/revisions"}],"predecessor-version":[{"id":96169,"href":"https:\/\/www.manquepierda.com\/historiarealbetis\/wp-json\/wp\/v2\/posts\/50017\/revisions\/96169"}],"wp:featuredmedia":[{"embeddable":true,"href":"https:\/\/www.manquepierda.com\/historiarealbetis\/wp-json\/wp\/v2\/media\/50018"}],"wp:attachment":[{"href":"https:\/\/www.manquepierda.com\/historiarealbetis\/wp-json\/wp\/v2\/media?parent=50017"}],"wp:term":[{"taxonomy":"category","embeddable":true,"href":"https:\/\/www.manquepierda.com\/historiarealbetis\/wp-json\/wp\/v2\/categories?post=50017"},{"taxonomy":"post_tag","embeddable":true,"href":"https:\/\/www.manquepierda.com\/historiarealbetis\/wp-json\/wp\/v2\/tags?post=50017"}],"curies":[{"name":"wp","href":"https:\/\/api.w.org\/{rel}","templated":true}]}}