{"id":50052,"date":"2016-06-02T07:39:14","date_gmt":"2016-06-02T05:39:14","guid":{"rendered":"http:\/\/www.manquepierda.com\/historiarealbetis\/?p=50052"},"modified":"2024-10-05T00:27:15","modified_gmt":"2024-10-04T22:27:15","slug":"betis-nacional-campeonato-mancomunado-1933","status":"publish","type":"post","link":"https:\/\/www.manquepierda.com\/historiarealbetis\/betis-nacional-campeonato-mancomunado-1933\/","title":{"rendered":"Betis-Nacional Campeonato Mancomunado 1933"},"content":{"rendered":"<p><a href=\"https:\/\/i0.wp.com\/www.manquepierda.com\/historiarealbetis\/files\/2016\/06\/Betis-Nacional-Mancomunado-1933-NMP-AS-9-10-1933.jpg?ssl=1\"><img data-recalc-dims=\"1\" loading=\"lazy\" decoding=\"async\" class=\"aligncenter size-medium wp-image-50053\" src=\"https:\/\/i0.wp.com\/www.manquepierda.com\/historiarealbetis\/files\/2016\/06\/Betis-Nacional-Mancomunado-1933-NMP-AS-9-10-1933.jpg?resize=680%2C431&#038;ssl=1\" alt=\"Betis-Nacional Mancomunado 1933 (NMP) AS 9-10-1933\" width=\"680\" height=\"431\" srcset=\"https:\/\/i0.wp.com\/www.manquepierda.com\/historiarealbetis\/files\/2016\/06\/Betis-Nacional-Mancomunado-1933-NMP-AS-9-10-1933.jpg?resize=680%2C431&amp;ssl=1 680w, https:\/\/i0.wp.com\/www.manquepierda.com\/historiarealbetis\/files\/2016\/06\/Betis-Nacional-Mancomunado-1933-NMP-AS-9-10-1933.jpg?resize=220%2C139&amp;ssl=1 220w, https:\/\/i0.wp.com\/www.manquepierda.com\/historiarealbetis\/files\/2016\/06\/Betis-Nacional-Mancomunado-1933-NMP-AS-9-10-1933.jpg?resize=768%2C486&amp;ssl=1 768w, https:\/\/i0.wp.com\/www.manquepierda.com\/historiarealbetis\/files\/2016\/06\/Betis-Nacional-Mancomunado-1933-NMP-AS-9-10-1933.jpg?w=960&amp;ssl=1 960w\" sizes=\"auto, (max-width: 680px) 100vw, 680px\" \/><\/a><\/p>\n<p>8 de octubre de 1933 en el Patronato \u00a0Betis \u00a06 \u00a0 Deportivo Nacional 1; \u00a0jornada 6 del Campeonato Mancomunado.<\/p>\n<p>En la imagen Paquirri consigue uno de los tantos del equipo b\u00e9tico, que en este encuentro visti\u00f3 camiseta verde para no coincidir con la rayada blanquiverde del equipo madrile\u00f1o. Tras \u00e9l el tambi\u00e9n delantero b\u00e9tico Unamuno.<\/p>\n<p>Patrick O\u00b4Connell entrenaba al Betis y Francisco Br\u00fa al Nacional<\/p>\n<p>&nbsp;<\/p>\n","protected":false},"excerpt":{"rendered":"<p>8 de octubre de 1933 en el Patronato \u00a0Betis \u00a06 \u00a0 Deportivo Nacional 1; \u00a0jornada 6 del Campeonato Mancomunado. En la imagen Paquirri consigue uno de los tantos del equipo b\u00e9tico, que en este encuentro visti\u00f3 camiseta verde para no coincidir con la rayada blanquiverde del equipo madrile\u00f1o. Tras \u00e9l el tambi\u00e9n delantero b\u00e9tico Unamuno&#8230;.<\/p>\n","protected":false},"author":5,"featured_media":50053,"comment_status":"open","ping_status":"open","sticky":false,"template":"","format":"standard","meta":{"_kad_post_transparent":"","_kad_post_title":"","_kad_post_layout":"","_kad_post_sidebar_id":"","_kad_post_content_style":"","_kad_post_vertical_padding":"","_kad_post_feature":"","_kad_post_feature_position":"","_kad_post_header":false,"_kad_post_footer":false,"_kad_post_classname":"","_jetpack_memberships_contains_paid_content":false,"footnotes":"","jetpack_publicize_message":"","jetpack_publicize_feature_enabled":true,"jetpack_social_post_already_shared":true,"jetpack_social_options":{"image_generator_settings":{"template":"highway","default_image_id":0,"font":"","enabled":false},"version":2}},"categories":[899,1],"tags":[1537,2242,17834,11500,1575,983],"class_list":["post-50052","post","type-post","status-publish","format-standard","has-post-thumbnail","hentry","category-1930-1939","category-portada","tag-1537","tag-1933-34","tag-campeonato-mancomunado-1933-34","tag-cd-nacional","tag-francisco-gonzalez-paquirri","tag-victorio-unamuno"],"jetpack_publicize_connections":[],"jetpack_featured_media_url":"https:\/\/i0.wp.com\/www.manquepierda.com\/historiarealbetis\/files\/2016\/06\/Betis-Nacional-Mancomunado-1933-NMP-AS-9-10-1933.jpg?fit=960%2C608&ssl=1","jetpack_sharing_enabled":true,"jetpack_shortlink":"https:\/\/wp.me\/p1ij08-d1i","jetpack-related-posts":[],"_links":{"self":[{"href":"https:\/\/www.manquepierda.com\/historiarealbetis\/wp-json\/wp\/v2\/posts\/50052","targetHints":{"allow":["GET"]}}],"collection":[{"href":"https:\/\/www.manquepierda.com\/historiarealbetis\/wp-json\/wp\/v2\/posts"}],"about":[{"href":"https:\/\/www.manquepierda.com\/historiarealbetis\/wp-json\/wp\/v2\/types\/post"}],"author":[{"embeddable":true,"href":"https:\/\/www.manquepierda.com\/historiarealbetis\/wp-json\/wp\/v2\/users\/5"}],"replies":[{"embeddable":true,"href":"https:\/\/www.manquepierda.com\/historiarealbetis\/wp-json\/wp\/v2\/comments?post=50052"}],"version-history":[{"count":1,"href":"https:\/\/www.manquepierda.com\/historiarealbetis\/wp-json\/wp\/v2\/posts\/50052\/revisions"}],"predecessor-version":[{"id":96960,"href":"https:\/\/www.manquepierda.com\/historiarealbetis\/wp-json\/wp\/v2\/posts\/50052\/revisions\/96960"}],"wp:featuredmedia":[{"embeddable":true,"href":"https:\/\/www.manquepierda.com\/historiarealbetis\/wp-json\/wp\/v2\/media\/50053"}],"wp:attachment":[{"href":"https:\/\/www.manquepierda.com\/historiarealbetis\/wp-json\/wp\/v2\/media?parent=50052"}],"wp:term":[{"taxonomy":"category","embeddable":true,"href":"https:\/\/www.manquepierda.com\/historiarealbetis\/wp-json\/wp\/v2\/categories?post=50052"},{"taxonomy":"post_tag","embeddable":true,"href":"https:\/\/www.manquepierda.com\/historiarealbetis\/wp-json\/wp\/v2\/tags?post=50052"}],"curies":[{"name":"wp","href":"https:\/\/api.w.org\/{rel}","templated":true}]}}