{"id":50153,"date":"2016-06-06T07:38:46","date_gmt":"2016-06-06T05:38:46","guid":{"rendered":"http:\/\/www.manquepierda.com\/historiarealbetis\/?p=50153"},"modified":"2016-06-05T23:18:48","modified_gmt":"2016-06-05T21:18:48","slug":"entrevista-gerardo-mnez-retamero-1986","status":"publish","type":"post","link":"https:\/\/www.manquepierda.com\/historiarealbetis\/entrevista-gerardo-mnez-retamero-1986\/","title":{"rendered":"Entrevista Gerardo Mnez. Retamero 1986"},"content":{"rendered":"<p><a href=\"https:\/\/i0.wp.com\/www.manquepierda.com\/historiarealbetis\/files\/2016\/06\/Retamero.jpg?ssl=1\"><img data-recalc-dims=\"1\" loading=\"lazy\" decoding=\"async\" class=\"alignleft wp-image-50156\" src=\"https:\/\/i0.wp.com\/www.manquepierda.com\/historiarealbetis\/files\/2016\/06\/Retamero.jpg?resize=364%2C462&#038;ssl=1\" alt=\"Retamero\" width=\"364\" height=\"462\" srcset=\"https:\/\/i0.wp.com\/www.manquepierda.com\/historiarealbetis\/files\/2016\/06\/Retamero.jpg?w=425&amp;ssl=1 425w, https:\/\/i0.wp.com\/www.manquepierda.com\/historiarealbetis\/files\/2016\/06\/Retamero.jpg?resize=173%2C220&amp;ssl=1 173w\" sizes=\"auto, (max-width: 364px) 100vw, 364px\" \/><\/a>Gerardo Mart\u00ednez Retamero lleg\u00f3 a la presidencia del Betis en junio de 1983, tras imponerse en las urnas a Miguel Espina y a Juan M\u00e1rquez Medrano.<\/p>\n<p>Su primera etapa fue relativamente bien en el terreno deportivo, aunque el club ten\u00eda serios problemas econ\u00f3micos derivados de las deudas contra\u00eddas en la remodelaci\u00f3n del Villamar\u00edn para el Campeonato Mundial de 1982.<\/p>\n<p>La entrevista que hoy traemos apareci\u00f3 en el diario deportivo AS el 4 de agosto de 1986, aprovechando el comienzo de la pretemporada del conjunto vediblanco. Era, por lo tanto, la \u00faltima campa\u00f1a de su mandato y en ella se deja sentir la preocupaci\u00f3n por la situaci\u00f3n econ\u00f3mica en que estaba el club, aunque se esperaba una buena temporada en lo deportivo.<\/p>\n<p>&nbsp;<\/p>\n<p>En febrero de 1987 se convocaron nuevas elecciones, en las que Mart\u00ednez Retamero consigui\u00f3 la reelecci\u00f3n, imponi\u00e9ndose a Hugo Galera.<\/p>\n<p>&nbsp;<\/p>\n<p><span style=\"color: #008000\"><em>Gerardo Mart\u00ednez Retamero acomete su \u00faltima temporada al frente del Real Betis Balompi\u00e9 con las ilusiones muy altas, exigiendo a sus jugadores la consecuci\u00f3n de un torneo europeo; est\u00e1 seguro de que \u00e9ste ser\u00e1 su buen a\u00f1o y no quiere que nadie le hable de las elecciones presidenciales, que est\u00e1n a un a\u00f1o vista.<\/em><\/span><\/p>\n<ul>\n<li><span style=\"color: #008000\"><em>Otro a\u00f1o al frente de la nave b\u00e9tica<\/em><\/span><\/li>\n<li><span style=\"color: #008000\"><em>Otro a\u00f1o m\u00e1s que espero que sea el a\u00f1o grande del Betis. Por lo menos \u00e9se es nuestro deseo y as\u00ed lo encaramos. Creemos que despu\u00e9s de la temporada pasada, en la que el equipo estaba muy fuerte, tenemos fundadas esperanzas para pensar que \u00e9ste puede ser el a\u00f1o de mi mandato<\/em><\/span><\/li>\n<li><span style=\"color: #008000\"><em>\u00bfY hasta d\u00f3nde debe llegar el Betis en este a\u00f1o grande?<\/em><\/span><\/li>\n<li><span style=\"color: #008000\"><em>El Betis no se puede conformar con menos que participar en una competici\u00f3n europea. Esto no obsta para que nosotros intentemos llegar a ella por el camino m\u00e1s directo, el campeonato de Liga. El Betis no renuncia a nada a priori, aun conscientes de nuestras posibilidades econ\u00f3micas y de toda \u00edndole salimos a por todas. Ahora hay otros torneos que tambi\u00e9n nos lo pueden permitir y cualquiera de ellos nos puede valer para conseguir nuestro objetivo.<\/em><\/span><\/li>\n<li><span style=\"color: #008000\"><em>Este a\u00f1o se ha fichado al vallisoletano Gail solamente, aunque tambi\u00e9n puede considerarse como tal a Calder\u00f3n, un jugador de una extraordinaria categor\u00eda que estuvo a punto de irse<\/em><\/span><\/li>\n<li><span style=\"color: #008000\"><em>S\u00ed, el Betis ha hecho un gran esfuerzo con los jugadores, sobre todo con Calder\u00f3n y con Rinc\u00f3n, que considero que son elementales en su esquema y que los quer\u00eda la directiva, la afici\u00f3n y sus propios compa\u00f1eros. Esto, evidentemente, se deja notar en que no podemos traer otros refuerzos, que con ellos aqu\u00ed ya no son tan necesarios<\/em><\/span><\/li>\n<li><span style=\"color: #008000\"><em>\u00bfQu\u00e9 presupuesto tiene el Betis para la temporada 86-87?<\/em><\/span><\/li>\n<li><span style=\"color: #008000\"><em>Todav\u00eda no lo tenemos cerrado; estamos trabajando sobre \u00e9l y por eso no me atrevo a dar cifras concretas, pero calculo que debe estar rondando los cuatrocientos millones de pesetas<\/em><\/span><\/li>\n<li><span style=\"color: #008000\"><em>La cantera siempre ha sido importante dentro del Betis. \u00bfVa a cambiar su papel dependiendo de las relaciones con la AFE?<\/em><\/span><\/li>\n<li><span style=\"color: #008000\"><em>Si nos dejan va a seguir siendo tan importante como siempre. Con la normativa que existe en estos momentos, la cantera ha estado a punto de desaparecer. Prueba de ello es que ha habido reuniones en las que se ha tratado de la suspensi\u00f3n de la cantera, porque si no se prima a los equipos que la trabajan, estos conjuntos l\u00f3gicamente guardar\u00e1n el dinero para contratar a chavales que se hayan formado en otro sitio, y esto, en definitiva, es malo para el f\u00fatbol. No obstante, parece que las autoridades deportivas se han dado cuenta de esta problem\u00e1tica y que se est\u00e1 entrando en cordura. El Betis conf\u00eda en que este problema se resuelva y poder seguir trabajando, como a nosotros nos gusta, con los escalafones inferiores<\/em><\/span><\/li>\n<li><span style=\"color: #008000\"><em>\u00bfC\u00f3mo andan en estos momentos las relaciones entre los clubes y la AFE?<\/em><\/span><\/li>\n<li><span style=\"color: #008000\"><em>Las relaciones son dif\u00edciles, porque no hay que olvidar que ellos defienden su gremio, y yo dir\u00eda que sobre todo defienden su \u201cahora\u201d, y nosotros estamos defendiendo el f\u00fatbol en general, es decir, estamos defendiendo a los que est\u00e1n, como ellos, pero tambi\u00e9n a los que tienen que venir. Por eso, l\u00f3gicamente, los intereses no son los mismos y, por lo tanto, hay roces y chispas; pero a la larga se termina casi siempre en un acuerdo y eso es lo importante, que se pueda firmar pronto un convenio colectivo.<\/em><\/span><\/li>\n<li><span style=\"color: #008000\"><em>\u00bfSe pueden buscar nuevas fuentes de ingresos para sacar adelante el f\u00fatbol?<\/em><\/span><\/li>\n<li><span style=\"color: #008000\"><em>La austeridad tiene que ser consustancial con una buena administraci\u00f3n y nosotros seguiremos siendo austeros, lo que no quiere decir que no se busquen nuevas fuentes de ingresos. De hecho, esta temporada ya tenemos una nueva fuente, porque no hay que olvidar que el alargamiento del calendario liguero supone cinco partidos m\u00e1s en casa, que si conseguimos meternos en el grupo de cabeza ser\u00edan contra el Real Madrid y el Barcelona y todos los grandes<\/em><\/span><\/li>\n<li><span style=\"color: #008000\"><em>Esta es su \u00faltima temporada al frente del Betis. \u00bfEst\u00e1 ya pensando en las elecciones?<\/em><\/span><\/li>\n<li><span style=\"color: #008000\"><em>No, por supuesto que no estoy pensando en ellas, y me gustar\u00eda que nadie lo hiciera \u00a0<\/em><\/span><\/li>\n<\/ul>\n","protected":false},"excerpt":{"rendered":"<p>Gerardo Mart\u00ednez Retamero lleg\u00f3 a la presidencia del Betis en junio de 1983, tras imponerse en las urnas a Miguel Espina y a Juan M\u00e1rquez Medrano. Su primera etapa fue relativamente bien en el terreno deportivo, aunque el club ten\u00eda serios problemas econ\u00f3micos derivados de las deudas contra\u00eddas en la remodelaci\u00f3n del Villamar\u00edn para el&#8230;<\/p>\n","protected":false},"author":5,"featured_media":50156,"comment_status":"open","ping_status":"open","sticky":false,"template":"","format":"standard","meta":{"_kad_post_transparent":"","_kad_post_title":"","_kad_post_layout":"","_kad_post_sidebar_id":"","_kad_post_content_style":"","_kad_post_vertical_padding":"","_kad_post_feature":"","_kad_post_feature_position":"","_kad_post_header":false,"_kad_post_footer":false,"_kad_post_classname":"","_jetpack_memberships_contains_paid_content":false,"footnotes":"","jetpack_publicize_message":"","jetpack_publicize_feature_enabled":true,"jetpack_social_post_already_shared":true,"jetpack_social_options":{"image_generator_settings":{"template":"highway","default_image_id":0,"font":"","enabled":false},"version":2}},"categories":[904,891,1],"tags":[1611,3348,3778],"class_list":["post-50153","post","type-post","status-publish","format-standard","has-post-thumbnail","hentry","category-1980-1989","category-directivos-temas","category-portada","tag-1611","tag-1986-87","tag-gerardo-martinez-retamero"],"jetpack_publicize_connections":[],"jetpack_featured_media_url":"https:\/\/i0.wp.com\/www.manquepierda.com\/historiarealbetis\/files\/2016\/06\/Retamero.jpg?fit=425%2C539&ssl=1","jetpack_sharing_enabled":true,"jetpack_shortlink":"https:\/\/wp.me\/p1ij08-d2V","jetpack-related-posts":[],"_links":{"self":[{"href":"https:\/\/www.manquepierda.com\/historiarealbetis\/wp-json\/wp\/v2\/posts\/50153","targetHints":{"allow":["GET"]}}],"collection":[{"href":"https:\/\/www.manquepierda.com\/historiarealbetis\/wp-json\/wp\/v2\/posts"}],"about":[{"href":"https:\/\/www.manquepierda.com\/historiarealbetis\/wp-json\/wp\/v2\/types\/post"}],"author":[{"embeddable":true,"href":"https:\/\/www.manquepierda.com\/historiarealbetis\/wp-json\/wp\/v2\/users\/5"}],"replies":[{"embeddable":true,"href":"https:\/\/www.manquepierda.com\/historiarealbetis\/wp-json\/wp\/v2\/comments?post=50153"}],"version-history":[{"count":0,"href":"https:\/\/www.manquepierda.com\/historiarealbetis\/wp-json\/wp\/v2\/posts\/50153\/revisions"}],"wp:featuredmedia":[{"embeddable":true,"href":"https:\/\/www.manquepierda.com\/historiarealbetis\/wp-json\/wp\/v2\/media\/50156"}],"wp:attachment":[{"href":"https:\/\/www.manquepierda.com\/historiarealbetis\/wp-json\/wp\/v2\/media?parent=50153"}],"wp:term":[{"taxonomy":"category","embeddable":true,"href":"https:\/\/www.manquepierda.com\/historiarealbetis\/wp-json\/wp\/v2\/categories?post=50153"},{"taxonomy":"post_tag","embeddable":true,"href":"https:\/\/www.manquepierda.com\/historiarealbetis\/wp-json\/wp\/v2\/tags?post=50153"}],"curies":[{"name":"wp","href":"https:\/\/api.w.org\/{rel}","templated":true}]}}