{"id":50269,"date":"2016-06-16T07:30:08","date_gmt":"2016-06-16T05:30:08","guid":{"rendered":"http:\/\/www.manquepierda.com\/historiarealbetis\/?p=50269"},"modified":"2021-09-07T14:04:36","modified_gmt":"2021-09-07T12:04:36","slug":"luis-miguel-gail","status":"publish","type":"post","link":"https:\/\/www.manquepierda.com\/historiarealbetis\/luis-miguel-gail\/","title":{"rendered":"Luis Miguel Gail"},"content":{"rendered":"<p><a href=\"https:\/\/i0.wp.com\/www.manquepierda.com\/historiarealbetis\/files\/2016\/06\/Gail-1.jpg?ssl=1\"><img data-recalc-dims=\"1\" loading=\"lazy\" decoding=\"async\" class=\"aligncenter size-full wp-image-50270\" src=\"https:\/\/i0.wp.com\/www.manquepierda.com\/historiarealbetis\/files\/2016\/06\/Gail-1.jpg?resize=267%2C430&#038;ssl=1\" alt=\"Gail-1\" width=\"267\" height=\"430\" srcset=\"https:\/\/i0.wp.com\/www.manquepierda.com\/historiarealbetis\/files\/2016\/06\/Gail-1.jpg?w=267&amp;ssl=1 267w, https:\/\/i0.wp.com\/www.manquepierda.com\/historiarealbetis\/files\/2016\/06\/Gail-1.jpg?resize=137%2C220&amp;ssl=1 137w\" sizes=\"auto, (max-width: 267px) 100vw, 267px\" \/><\/a><\/p>\n<p><strong>Luis Miguel Gail Mart\u00ed<\/strong>n, nacido en Valladolid el 23 de febrero de 1961.<\/p>\n<p>Centrocampista.<\/p>\n<p>Debut\u00f3 en Segunda Divisi\u00f3n con el Real Valladolid con tan solo 16 a\u00f1os, procedente de su equipo filial. En el equipo vallisoletano se convirti\u00f3 en un jugador fijo, participando en el regreso del equipo albivioleta a la Primera Divisi\u00f3n en 1980 despu\u00e9s de 16 temporadas. Form\u00f3 parte de la selecci\u00f3n juvenil, sub 20 y sub 21, y fue todo un cl\u00e1sico del Valladolid de los a\u00f1os 80.<\/p>\n<p>Al Betis lleg\u00f3 en el verano de 1986, debutando el 27 de julio contra el Vilob\u00ed, en la semifinal del Trofeo de esa localidad catalana en la que el Betis realizaba la pretemporada. Su debut en partido oficial tuvo lugar el 7 de septiembre de 1986 en el S\u00e1nchez Pizju\u00e1n en un Sevilla 1 Betis 2 de la segunda jornada de Liga.<\/p>\n<p>Sus 2 primeras temporas en el Betis fueron buenas, disputando casi todos los partidos, pero en la tercera temporada su carrera en el Betis se torci\u00f3 el 29 de octubre de 1989 en el Villamar\u00edn contra el Bilbao Athletic por una lesi\u00f3n de la que volvi\u00f3 a recaer el d\u00eda que reapareci\u00f3, el 14 de abril de 1990 en el Bernab\u00e9u contra el Castilla.<\/p>\n<p>A la temporada siguiente una nueva lesi\u00f3n la que sufri\u00f3 en diciembre de 1990 en el calentamiento del partido de Copa contra el Badajoz. Una grave lesi\u00f3n que le oblig\u00f3 a dejar la pr\u00e1ctica activa del f\u00fatbol en enero de 1992.<\/p>\n<p>Historial<\/p>\n<table width=\"262\">\n<tbody>\n<tr>\n<td width=\"80\">1976-77<\/td>\n<td width=\"102\">Valladolid Prom.<\/td>\n<td width=\"80\">Regional<\/td>\n<\/tr>\n<tr>\n<td>1977-78<\/td>\n<td>Valladolid Prom.<\/td>\n<td>Tercera<\/td>\n<\/tr>\n<tr>\n<td>1977-78<\/td>\n<td>Valladolid<\/td>\n<td>Segunda<\/td>\n<\/tr>\n<tr>\n<td>1978-79<\/td>\n<td>Valladolid<\/td>\n<td>Segunda<\/td>\n<\/tr>\n<tr>\n<td>1979-80<\/td>\n<td>Valladolid<\/td>\n<td>Segunda<\/td>\n<\/tr>\n<tr>\n<td>1980-81<\/td>\n<td>Valladolid<\/td>\n<td>Primera<\/td>\n<\/tr>\n<tr>\n<td>1981-82<\/td>\n<td>Valladolid<\/td>\n<td>Primera<\/td>\n<\/tr>\n<tr>\n<td>1982-83<\/td>\n<td>Valladolid<\/td>\n<td>Primera<\/td>\n<\/tr>\n<tr>\n<td>1983-84<\/td>\n<td>Valladolid<\/td>\n<td>Primera<\/td>\n<\/tr>\n<tr>\n<td>1984-85<\/td>\n<td>Valladolid<\/td>\n<td>Primera<\/td>\n<\/tr>\n<tr>\n<td>1985-86<\/td>\n<td>Valladolid<\/td>\n<td>Primera<\/td>\n<\/tr>\n<tr>\n<td>1986-87<\/td>\n<td>Betis<\/td>\n<td>Primera<\/td>\n<\/tr>\n<tr>\n<td>1987-88<\/td>\n<td>Betis<\/td>\n<td>Primera<\/td>\n<\/tr>\n<tr>\n<td>1988-89<\/td>\n<td>Betis<\/td>\n<td>Primera<\/td>\n<\/tr>\n<tr>\n<td>1989-90<\/td>\n<td>Betis<\/td>\n<td>Segunda<\/td>\n<\/tr>\n<tr>\n<td>1990-91<\/td>\n<td>Betis<\/td>\n<td>Primera<\/td>\n<\/tr>\n<tr>\n<td>1991-92<\/td>\n<td>Betis<\/td>\n<td>Segunda<\/td>\n<\/tr>\n<\/tbody>\n<\/table>\n<p>En sus 5 temporadas en el Betis Gail jug\u00f3 112 partidos de Liga, marcando 11 tantos, 16 de Copa, en los que hizo 2 goles, y 40 amistosos en los que obtuvo 5 tantos.<\/p>\n","protected":false},"excerpt":{"rendered":"<p>Luis Miguel Gail Mart\u00edn, nacido en Valladolid el 23 de febrero de 1961. Centrocampista. Debut\u00f3 en Segunda Divisi\u00f3n con el Real Valladolid con tan solo 16 a\u00f1os, procedente de su equipo filial. En el equipo vallisoletano se convirti\u00f3 en un jugador fijo, participando en el regreso del equipo albivioleta a la Primera Divisi\u00f3n en 1980&#8230;<\/p>\n","protected":false},"author":5,"featured_media":50270,"comment_status":"open","ping_status":"open","sticky":false,"template":"","format":"standard","meta":{"_kad_post_transparent":"","_kad_post_title":"","_kad_post_layout":"","_kad_post_sidebar_id":"","_kad_post_content_style":"","_kad_post_vertical_padding":"","_kad_post_feature":"","_kad_post_feature_position":"","_kad_post_header":false,"_kad_post_footer":false,"_kad_post_classname":"","_jetpack_memberships_contains_paid_content":false,"footnotes":"","jetpack_publicize_message":"","jetpack_publicize_feature_enabled":true,"jetpack_social_post_already_shared":true,"jetpack_social_options":{"image_generator_settings":{"template":"highway","default_image_id":0,"font":"","enabled":false},"version":2}},"categories":[893,1],"tags":[1366],"class_list":["post-50269","post","type-post","status-publish","format-standard","has-post-thumbnail","hentry","category-jugadores-temas","category-portada","tag-luis-miguel-gail"],"jetpack_publicize_connections":[],"jetpack_featured_media_url":"https:\/\/i0.wp.com\/www.manquepierda.com\/historiarealbetis\/files\/2016\/06\/Gail-1.jpg?fit=267%2C430&ssl=1","jetpack_sharing_enabled":true,"jetpack_shortlink":"https:\/\/wp.me\/p1ij08-d4N","jetpack-related-posts":[],"_links":{"self":[{"href":"https:\/\/www.manquepierda.com\/historiarealbetis\/wp-json\/wp\/v2\/posts\/50269","targetHints":{"allow":["GET"]}}],"collection":[{"href":"https:\/\/www.manquepierda.com\/historiarealbetis\/wp-json\/wp\/v2\/posts"}],"about":[{"href":"https:\/\/www.manquepierda.com\/historiarealbetis\/wp-json\/wp\/v2\/types\/post"}],"author":[{"embeddable":true,"href":"https:\/\/www.manquepierda.com\/historiarealbetis\/wp-json\/wp\/v2\/users\/5"}],"replies":[{"embeddable":true,"href":"https:\/\/www.manquepierda.com\/historiarealbetis\/wp-json\/wp\/v2\/comments?post=50269"}],"version-history":[{"count":0,"href":"https:\/\/www.manquepierda.com\/historiarealbetis\/wp-json\/wp\/v2\/posts\/50269\/revisions"}],"wp:featuredmedia":[{"embeddable":true,"href":"https:\/\/www.manquepierda.com\/historiarealbetis\/wp-json\/wp\/v2\/media\/50270"}],"wp:attachment":[{"href":"https:\/\/www.manquepierda.com\/historiarealbetis\/wp-json\/wp\/v2\/media?parent=50269"}],"wp:term":[{"taxonomy":"category","embeddable":true,"href":"https:\/\/www.manquepierda.com\/historiarealbetis\/wp-json\/wp\/v2\/categories?post=50269"},{"taxonomy":"post_tag","embeddable":true,"href":"https:\/\/www.manquepierda.com\/historiarealbetis\/wp-json\/wp\/v2\/tags?post=50269"}],"curies":[{"name":"wp","href":"https:\/\/api.w.org\/{rel}","templated":true}]}}