{"id":50446,"date":"2016-06-26T21:30:11","date_gmt":"2016-06-26T19:30:11","guid":{"rendered":"http:\/\/www.manquepierda.com\/historiarealbetis\/?p=50446"},"modified":"2025-08-27T23:47:57","modified_gmt":"2025-08-27T21:47:57","slug":"1983-junio-25","status":"publish","type":"post","link":"https:\/\/www.manquepierda.com\/historiarealbetis\/1983-junio-25\/","title":{"rendered":"1983-Junio 25-Copa Rey Juveniles.-Betis Deportivo Balompi\u00e9-3 RMadrid-1.-33Aniversario."},"content":{"rendered":"<p style=\"text-align: justify\">XXXII EDICI\u00d3N-CAMPEONATO ESPA\u00d1A-COPA DEL REY JUVENIL-TEMPORADA 1982-1983 FASE FINAL DESDE S\u00c1BADO 28 DE MAYO HASTA S\u00c1BADO 25 DE JUNIO DE 1983, AMBAS FECHA INCLUSIVE.<\/p>\n<p style=\"text-align: justify\"><em>\u00abEl viernes 26 arrib\u00f3 la expedici\u00f3n b\u00e9tica a las 15&#8217;05 horas-con 90 minutos de retraso sobre el horario previsto-y se concentr\u00f3 en el \u00abHotel Castillo\u00bb de la Ciudad Manchega.<\/em><\/p>\n<p style=\"text-align: center\"><strong>Rondas eliminatorias previas:<\/strong><\/p>\n<p style=\"text-align: justify\"><strong>1983-Mayo 28-S\u00e1bado.-1\/4 Final-Ida: Uni\u00f3n Deportiva Las Palmas 1 vs. Betis Deportivo Balompi\u00e9-1.<\/strong><\/p>\n<p style=\"text-align: center\">Sevilla Cf-2 vs. Real Madrid-0.<\/p>\n<p style=\"text-align: justify\"><strong>1983-Junio 04-S\u00e1bado.-1\/4 Final-Vuelta: Betis Deportivo Balompi\u00e9-3 vs. Uni\u00f3n Deportiva Las Palmas-1.<\/strong><\/p>\n<p style=\"text-align: center\">Real Madrid-3 (clasificado por penalt\u00edes) vs. Sevilla Cf-1.<\/p>\n<p style=\"text-align: justify\"><strong>1983-Junio 11-S\u00e1bado.-Semifinales-Ida: Betis Deportivo Balompi\u00e9-3 vs. Real Sporting Gij\u00f3n-0.<\/strong><\/p>\n<p style=\"text-align: center\">Real Madrid-8 vs. FC Barcelona-1.<\/p>\n<p style=\"text-align: justify\"><strong>1983-Junio 18-S\u00e1bado.-Semifinales-Vuelta: Real Sporting Gij\u00f3n-1 vs. Betis Deportivo Balompi\u00e9-1.<\/strong><\/p>\n<p style=\"text-align: center\">FC Barcelona-1 vs. Real Madrid-1.<\/p>\n<figure id=\"attachment_50448\" aria-describedby=\"caption-attachment-50448\" style=\"width: 444px\" class=\"wp-caption aligncenter\"><img data-recalc-dims=\"1\" loading=\"lazy\" decoding=\"async\" class=\"size-large wp-image-50448\" src=\"https:\/\/i0.wp.com\/www.manquepierda.com\/historiarealbetis\/files\/2016\/06\/MundoB%C3%A9tico-1.jpg?resize=444%2C700&#038;ssl=1\" alt=\"Cortes\u00eda &quot;Mundo B\u00e9tico&quot; n\u00ba 7-Septiembre 1983.\" width=\"444\" height=\"700\" srcset=\"https:\/\/i0.wp.com\/www.manquepierda.com\/historiarealbetis\/files\/2016\/06\/MundoB%C3%A9tico-1.jpg?resize=444%2C700&amp;ssl=1 444w, https:\/\/i0.wp.com\/www.manquepierda.com\/historiarealbetis\/files\/2016\/06\/MundoB%C3%A9tico-1.jpg?resize=139%2C220&amp;ssl=1 139w, https:\/\/i0.wp.com\/www.manquepierda.com\/historiarealbetis\/files\/2016\/06\/MundoB%C3%A9tico-1.jpg?resize=380%2C600&amp;ssl=1 380w, https:\/\/i0.wp.com\/www.manquepierda.com\/historiarealbetis\/files\/2016\/06\/MundoB%C3%A9tico-1.jpg?resize=768%2C1212&amp;ssl=1 768w\" sizes=\"auto, (max-width: 444px) 100vw, 444px\" \/><figcaption id=\"caption-attachment-50448\" class=\"wp-caption-text\">Cortes\u00eda \u00abMundo B\u00e9tico\u00bb n\u00ba 7-Septiembre 1983.-100 Pesetas.-Especial Verano.<\/figcaption><\/figure>\n<figure id=\"attachment_50449\" aria-describedby=\"caption-attachment-50449\" style=\"width: 447px\" class=\"wp-caption aligncenter\"><img data-recalc-dims=\"1\" loading=\"lazy\" decoding=\"async\" class=\"size-large wp-image-50449\" src=\"https:\/\/i0.wp.com\/www.manquepierda.com\/historiarealbetis\/files\/2016\/06\/Mundo-B%C3%A9tico-2.jpg?resize=447%2C700&#038;ssl=1\" alt=\"LOS CAMPEONES UNO A UNO.\" width=\"447\" height=\"700\" srcset=\"https:\/\/i0.wp.com\/www.manquepierda.com\/historiarealbetis\/files\/2016\/06\/Mundo-B%C3%A9tico-2.jpg?resize=447%2C700&amp;ssl=1 447w, https:\/\/i0.wp.com\/www.manquepierda.com\/historiarealbetis\/files\/2016\/06\/Mundo-B%C3%A9tico-2.jpg?resize=141%2C220&amp;ssl=1 141w, https:\/\/i0.wp.com\/www.manquepierda.com\/historiarealbetis\/files\/2016\/06\/Mundo-B%C3%A9tico-2.jpg?resize=383%2C600&amp;ssl=1 383w, https:\/\/i0.wp.com\/www.manquepierda.com\/historiarealbetis\/files\/2016\/06\/Mundo-B%C3%A9tico-2.jpg?resize=768%2C1202&amp;ssl=1 768w\" sizes=\"auto, (max-width: 447px) 100vw, 447px\" \/><figcaption id=\"caption-attachment-50449\" class=\"wp-caption-text\">LOS CAMPEONES UNO A UNO.<\/figcaption><\/figure>\n<figure id=\"attachment_50450\" aria-describedby=\"caption-attachment-50450\" style=\"width: 595px\" class=\"wp-caption aligncenter\"><img data-recalc-dims=\"1\" loading=\"lazy\" decoding=\"async\" class=\"size-large wp-image-50450\" src=\"https:\/\/i0.wp.com\/www.manquepierda.com\/historiarealbetis\/files\/2016\/06\/Mundo-B%C3%A9tico-3.jpg?resize=595%2C700&#038;ssl=1\" alt=\"LOS CAMPEONES UNO A UNO-Final.\" width=\"595\" height=\"700\" srcset=\"https:\/\/i0.wp.com\/www.manquepierda.com\/historiarealbetis\/files\/2016\/06\/Mundo-B%C3%A9tico-3.jpg?resize=595%2C700&amp;ssl=1 595w, https:\/\/i0.wp.com\/www.manquepierda.com\/historiarealbetis\/files\/2016\/06\/Mundo-B%C3%A9tico-3.jpg?resize=187%2C220&amp;ssl=1 187w, https:\/\/i0.wp.com\/www.manquepierda.com\/historiarealbetis\/files\/2016\/06\/Mundo-B%C3%A9tico-3.jpg?resize=510%2C600&amp;ssl=1 510w, https:\/\/i0.wp.com\/www.manquepierda.com\/historiarealbetis\/files\/2016\/06\/Mundo-B%C3%A9tico-3.jpg?resize=768%2C903&amp;ssl=1 768w\" sizes=\"auto, (max-width: 595px) 100vw, 595px\" \/><figcaption id=\"caption-attachment-50450\" class=\"wp-caption-text\">LOS CAMPEONES UNO A UNO-Final.<\/figcaption><\/figure>\n<p style=\"text-align: right\"><img data-recalc-dims=\"1\" loading=\"lazy\" decoding=\"async\" class=\"alignright size-thumbnail wp-image-50447\" src=\"https:\/\/i0.wp.com\/www.manquepierda.com\/historiarealbetis\/files\/2016\/06\/40015724.jpg?resize=220%2C147&#038;ssl=1\" alt=\"40015724\" width=\"220\" height=\"147\" srcset=\"https:\/\/i0.wp.com\/www.manquepierda.com\/historiarealbetis\/files\/2016\/06\/40015724.jpg?resize=220%2C147&amp;ssl=1 220w, https:\/\/i0.wp.com\/www.manquepierda.com\/historiarealbetis\/files\/2016\/06\/40015724.jpg?resize=680%2C454&amp;ssl=1 680w, https:\/\/i0.wp.com\/www.manquepierda.com\/historiarealbetis\/files\/2016\/06\/40015724.jpg?w=720&amp;ssl=1 720w\" sizes=\"auto, (max-width: 220px) 100vw, 220px\" \/><\/p>\n<p style=\"text-align: left\"><strong>1983-JUNIO 25-S\u00c1BADO EN CIUDAD REAL-ESTADIO \u00abPR\u00cdNCIPE JUAN CARLOS\u00bb-20&#8217;30 HORAS-GRAN FINAL.<\/strong><\/p>\n<p style=\"text-align: center\"><em>\u00abLleno total. Tarde calurosa y terreno de juego en buen estado. <\/em><\/p>\n<p style=\"text-align: justify\"><em>En el palco estuvieron las autoridades locales y provinciales, y presidentes del Madrid, Lu\u00eds De Carlos Ortiz,<\/em><\/p>\n<p style=\"text-align: center\"><img data-recalc-dims=\"1\" loading=\"lazy\" decoding=\"async\" class=\"aligncenter size-thumbnail wp-image-50453\" src=\"https:\/\/i0.wp.com\/www.manquepierda.com\/historiarealbetis\/files\/2016\/06\/Gerardo-MART%C3%8DNEZ-Retamero.jpg?resize=168%2C220&#038;ssl=1\" alt=\"Gerardo MART\u00cdNEZ Retamero\" width=\"168\" height=\"220\" srcset=\"https:\/\/i0.wp.com\/www.manquepierda.com\/historiarealbetis\/files\/2016\/06\/Gerardo-MART%C3%8DNEZ-Retamero.jpg?resize=168%2C220&amp;ssl=1 168w, https:\/\/i0.wp.com\/www.manquepierda.com\/historiarealbetis\/files\/2016\/06\/Gerardo-MART%C3%8DNEZ-Retamero.jpg?resize=457%2C600&amp;ssl=1 457w, https:\/\/i0.wp.com\/www.manquepierda.com\/historiarealbetis\/files\/2016\/06\/Gerardo-MART%C3%8DNEZ-Retamero.jpg?resize=533%2C700&amp;ssl=1 533w, https:\/\/i0.wp.com\/www.manquepierda.com\/historiarealbetis\/files\/2016\/06\/Gerardo-MART%C3%8DNEZ-Retamero.jpg?w=536&amp;ssl=1 536w\" sizes=\"auto, (max-width: 168px) 100vw, 168px\" \/><\/p>\n<p style=\"text-align: justify\"><em><strong>y del Real Betis Balompi\u00e9, don Gerardo Mart\u00ednez Retamero (40 a\u00f1os+9 meses+6 d\u00edas), abogado, natural de Sevilla, s\u00e1bado 19 de Septiembre de 1942.<br \/>\n<\/strong><\/em><\/p>\n<p style=\"text-align: justify\"><em><strong><span style=\"color: #008000\">\u00abEl triunfo, fenomenal. Tenemos confianza en que lo conseguir\u00edamos. Los jugadores se han entregado y ya hab\u00edamos previsto el festejo en el hotel\u00bb.<\/span><\/strong><\/em><\/p>\n<p style=\"text-align: justify\"><em> El Tesorero de la Federaci\u00f3n Espa\u00f1ola de F\u00fatbol <strong>Gil De la Serna entreg\u00f3 el trofeo al capit\u00e1n del Betis Deportivo Balompi\u00e9, JULIO Garc\u00eda Fern\u00e1ndez, en medio de una delirante ovaci\u00f3n de los 2.000 seguidores verdiblancos que han animado a su equipo\u00bb.<\/strong><\/em><\/p>\n<p style=\"text-align: justify\"><img data-recalc-dims=\"1\" loading=\"lazy\" decoding=\"async\" class=\"alignleft size-thumbnail wp-image-50452\" src=\"https:\/\/i0.wp.com\/www.manquepierda.com\/historiarealbetis\/files\/2016\/06\/JMG.jpeg?resize=220%2C137&#038;ssl=1\" alt=\"JMG\" width=\"220\" height=\"137\" srcset=\"https:\/\/i0.wp.com\/www.manquepierda.com\/historiarealbetis\/files\/2016\/06\/JMG.jpeg?resize=220%2C137&amp;ssl=1 220w, https:\/\/i0.wp.com\/www.manquepierda.com\/historiarealbetis\/files\/2016\/06\/JMG.jpeg?w=284&amp;ssl=1 284w\" sizes=\"auto, (max-width: 220px) 100vw, 220px\" \/>Arbitr\u00f3 Jos\u00e9 MERINO Gonz\u00e1lez (31 a\u00f1os+9 meses+12 d\u00edas)-Natural de Las Palmas de Gran Canaria, jueves 13 de Septiembre de 1951.<\/p>\n<p style=\"text-align: justify\"><em>\u00abBien en l\u00edneas generales, aunque con algunos errores de bulto, <strong>tales como no se\u00f1alar 2 penalt\u00edes contra el Madrid, uno por zancadilla a Palomino en el primer tiempo y otro por desplazamiento a Orozco en el segundo. <\/strong><\/em><\/p>\n<p style=\"text-align: justify\">Amonest\u00f3 a los madridistas Le\u00f3n, al que debi\u00f3 expulsar <strong><em>por agresi\u00f3n a Reyes sin bal\u00f3n y a Guerrero por patada a Palomino. <\/em><\/strong>Por parte b\u00e9tica a Javi\u00bb.<\/p>\n<p style=\"text-align: center\"><img data-recalc-dims=\"1\" loading=\"lazy\" decoding=\"async\" class=\"aligncenter size-thumbnail wp-image-50455\" src=\"https:\/\/i0.wp.com\/www.manquepierda.com\/historiarealbetis\/files\/2016\/06\/Jos%C3%A9-%C3%81ngel-MORENO.jpg?resize=199%2C220&#038;ssl=1\" alt=\"Jos\u00e9 \u00c1ngel MORENO\" width=\"199\" height=\"220\" srcset=\"https:\/\/i0.wp.com\/www.manquepierda.com\/historiarealbetis\/files\/2016\/06\/Jos%C3%A9-%C3%81ngel-MORENO.jpg?resize=199%2C220&amp;ssl=1 199w, https:\/\/i0.wp.com\/www.manquepierda.com\/historiarealbetis\/files\/2016\/06\/Jos%C3%A9-%C3%81ngel-MORENO.jpg?resize=542%2C600&amp;ssl=1 542w, https:\/\/i0.wp.com\/www.manquepierda.com\/historiarealbetis\/files\/2016\/06\/Jos%C3%A9-%C3%81ngel-MORENO.jpg?w=578&amp;ssl=1 578w\" sizes=\"auto, (max-width: 199px) 100vw, 199px\" \/><\/p>\n<p style=\"text-align: justify\"><strong><em>Entrenador Jos\u00e9 \u00c1ngel MORENO (29 a\u00f1os+9 meses+6 d\u00edas)-Natural de Sevilla, s\u00e1bado 19 de Septiembre de 1953: \u00abA LA AFICI\u00d3N DEDICO ESTE GRAN TRIUNFO DEL EQUIPO\u00bb.<\/em><\/strong><\/p>\n<p style=\"text-align: justify\"><em>\u00abLa caseta b\u00e9tica era un peque\u00f1o mundo de felicidad: abrazos, felicitaciones, l\u00e1grimas y emociones incontenibles. El presidente Gerardo Mart\u00ednez Retamero, Pedro Buenaventura, Antonio Quijano, el delegado Pepe O\u00f1ate, directivos y aficionados <strong>se abrazaban y gritaban dando VIVAS AL BETIS, incontenibles.<\/strong><\/em><\/p>\n<p style=\"text-align: justify\"><em>Los vellos del cuerpo se erizaban cuando Jos\u00e9 \u00c1ngel Moreno y sus bravos muchachos entonaron el \u00faltimo alir\u00f3n de la temporada. Jos\u00e9 \u00c1ngel que ha sido paseado a hombros por sus chavales, recibi\u00f3 felicitaciones de todo tipo, incluida la del seleccionador nacional de juveniles Chus Pereda: <strong>\u00abFelicito a los chavales del Betis, porque han hecho un gran partido\u00bb.<\/strong><\/em><\/p>\n<p style=\"text-align: center\"><em>Nos dir\u00eda el t\u00e9cnico b\u00e9tico ronco de emoci\u00f3n: <\/em><\/p>\n<p style=\"text-align: justify\"><em><strong><span style=\"color: #008000\">\u00abLo hemos hablado mucho durante la temporada y se ha cumplido lo que tantas veces hemos venido repitiendo. Con este grupo de chavales se puede llegar a donde se quiera, pues re\u00fanen unas virtudes sensacionales, tanto en lo humano como en lo futbol\u00edstico. Hoy lo hemos demostrado superando a un gran equipo, al que no dimos opci\u00f3n porque se ha cumplido lo que anunci\u00e9 el viernes de que s\u00ed a los m\u00edos les sal\u00eda un partido normal nos llevar\u00edamos la copa para Sevilla. Dedico este gran triunfo a la afici\u00f3n b\u00e9tica y a la directiva del Club\u00bb.<\/span><\/strong><\/em><\/p>\n<p style=\"text-align: justify\"><img data-recalc-dims=\"1\" loading=\"lazy\" decoding=\"async\" class=\"aligncenter size-medium wp-image-50454\" src=\"https:\/\/i0.wp.com\/www.manquepierda.com\/historiarealbetis\/files\/2016\/06\/Betis-Deportivo-Balompi%C3%A9.jpg?resize=680%2C123&#038;ssl=1\" alt=\"Betis Deportivo Balompi\u00e9\" width=\"680\" height=\"123\" srcset=\"https:\/\/i0.wp.com\/www.manquepierda.com\/historiarealbetis\/files\/2016\/06\/Betis-Deportivo-Balompi%C3%A9.jpg?resize=680%2C123&amp;ssl=1 680w, https:\/\/i0.wp.com\/www.manquepierda.com\/historiarealbetis\/files\/2016\/06\/Betis-Deportivo-Balompi%C3%A9.jpg?resize=220%2C40&amp;ssl=1 220w, https:\/\/i0.wp.com\/www.manquepierda.com\/historiarealbetis\/files\/2016\/06\/Betis-Deportivo-Balompi%C3%A9.jpg?resize=768%2C139&amp;ssl=1 768w, https:\/\/i0.wp.com\/www.manquepierda.com\/historiarealbetis\/files\/2016\/06\/Betis-Deportivo-Balompi%C3%A9.jpg?resize=960%2C174&amp;ssl=1 960w\" sizes=\"auto, (max-width: 680px) 100vw, 680px\" \/><\/p>\n<p style=\"text-align: center\"><img data-recalc-dims=\"1\" loading=\"lazy\" decoding=\"async\" class=\"aligncenter size-large wp-image-50456\" src=\"https:\/\/i0.wp.com\/www.manquepierda.com\/historiarealbetis\/files\/2016\/06\/BETIS-DEPORTIVO-BALOMPI%C3%89-3-GOLES.jpg?resize=960%2C639&#038;ssl=1\" alt=\"BETIS DEPORTIVO BALOMPI\u00c9-3 GOLES\" width=\"960\" height=\"639\" srcset=\"https:\/\/i0.wp.com\/www.manquepierda.com\/historiarealbetis\/files\/2016\/06\/BETIS-DEPORTIVO-BALOMPI%C3%89-3-GOLES.jpg?resize=960%2C639&amp;ssl=1 960w, https:\/\/i0.wp.com\/www.manquepierda.com\/historiarealbetis\/files\/2016\/06\/BETIS-DEPORTIVO-BALOMPI%C3%89-3-GOLES.jpg?resize=220%2C146&amp;ssl=1 220w, https:\/\/i0.wp.com\/www.manquepierda.com\/historiarealbetis\/files\/2016\/06\/BETIS-DEPORTIVO-BALOMPI%C3%89-3-GOLES.jpg?resize=680%2C453&amp;ssl=1 680w, https:\/\/i0.wp.com\/www.manquepierda.com\/historiarealbetis\/files\/2016\/06\/BETIS-DEPORTIVO-BALOMPI%C3%89-3-GOLES.jpg?resize=768%2C511&amp;ssl=1 768w, https:\/\/i0.wp.com\/www.manquepierda.com\/historiarealbetis\/files\/2016\/06\/BETIS-DEPORTIVO-BALOMPI%C3%89-3-GOLES.jpg?w=1960&amp;ssl=1 1960w\" sizes=\"auto, (max-width: 960px) 100vw, 960px\" \/><\/p>\n<p style=\"text-align: center\"><em><strong><span style=\"color: #008000\">CAMPEONES COPA DEL REY JUAN CARLOS I-JUVENILES-1983:<\/span><\/strong><\/em><\/p>\n<p style=\"text-align: justify\"><strong><span style=\"color: #008000\">1-Guardameta-Encaj\u00f3 un tanto: Precisi\u00f3n en todo (3).-Alfonso SALADO Rodr\u00edguez (18 a\u00f1os+10 meses+9 d\u00edas).-Natural de La Rambla (C\u00f3rdoba), domingo 16 de Agosto de 1964.<\/span><\/strong><\/p>\n<p style=\"text-align: justify\"><strong><span style=\"color: #008000\">2-Marcador fenomenal y al ataque (3).-BEH\u00cdN.<\/span><\/strong><\/p>\n<p style=\"text-align: justify\"><strong><span style=\"color: #008000\">3-Muy bien el corte (3).-Manuel Mu\u00f1oz BRAVO (16 a\u00f1os+1 d\u00eda)-Natural de Sevilla, s\u00e1bado 24 de Junio de 1967.<\/span><\/strong><\/p>\n<p style=\"text-align: justify\"><strong><span style=\"color: #008000\">4-Fenomenal (3).-\u00abPATINO\u00bb.<\/span><\/strong><\/p>\n<p style=\"text-align: justify\"><strong><span style=\"color: #008000\">*5-Goles como el suyo se ven pocos (3).-Juan Jos\u00e9 Mart\u00edn CAMACHO (18 a\u00f1os+8 meses+9 d\u00edas)-Natural de Sevilla, viernes 16 de Octubre de 1964.<\/span><\/strong><\/p>\n<p style=\"text-align: center\"><strong><span style=\"color: #008000\">2-1.-Golazo 61 minutos.-Archisuperior chut potent\u00edsimo fusilando al meta BRAVO*<\/span><\/strong><\/p>\n<p style=\"text-align: justify\"><strong><span style=\"color: #008000\">*6-Todo lo hizo bien (3).-Pedro Tom\u00e1s G\u00f3mez P\u00cdRIZ (18 a\u00f1os+9 meses+11 d\u00edas)-Natural de Badajoz, lunes 14 de Septiembre de 1964.<\/span><\/strong><\/p>\n<p style=\"text-align: center\"><strong><span style=\"color: #008000\">Marc\u00f3 1-1.-39 minutos.-Penalti*<\/span><\/strong><\/p>\n<p style=\"text-align: justify\"><strong><span style=\"color: #008000\">7-Director del conjunto (3).-Capit\u00e1n.-JULIO Garc\u00eda Fern\u00e1ndez (18 a\u00f1os+1 mes+23 d\u00edas)-Natural de Sevilla, domingo 2 de Mayo de 1965.<\/span><\/strong><\/p>\n<p style=\"text-align: justify\"><strong><span style=\"color: #008000\">8-Maestro centrocampista (3).-Antonio REYES Gonz\u00e1lez (18 a\u00f1os+8 meses+9 d\u00edas)-Natural de Sevilla, viernes 16 de Octubre de 1964.<\/span><\/strong><\/p>\n<p style=\"text-align: justify\"><strong><span style=\"color: #008000\">(9-Trabajador infatigable (3)-Tarjeta Amarilla.-JAVI: <\/span><\/strong><\/p>\n<p style=\"text-align: justify\"><strong><span style=\"color: #008000\">(A los 75 minutos entr\u00f3 Antonio VERA Palomo [Sin calificar] 18 a\u00f1os+8 meses+17 d\u00edas.-Natural de Sevilla, jueves 8 de Octubre de 1964).<\/span><\/strong><\/p>\n<p style=\"text-align: justify\"><strong><span style=\"color: #008000\">*(10-Impecable (3).-Manuel PALOMINO Peralta (17 a\u00f1os+1 mes+17 d\u00edas)-Natural de Sevilla, domingo 8 de Mayo de 1966.<\/span><\/strong><\/p>\n<p style=\"text-align: center\"><strong><span style=\"color: #008000\">Marc\u00f3 el 3-1 a los 68 minutos en jugada personal*<\/span><\/strong><\/p>\n<p style=\"text-align: justify\"><strong><span style=\"color: #008000\">(A los 79 minutos entr\u00f3 NAVARRO-Sin calificar).<\/span><\/strong><\/p>\n<p style=\"text-align: justify\"><strong><span style=\"color: #008000\">11-Luch\u00f3 hasta la extenuaci\u00f3n (3).-Manuel OROZCO S\u00e1nchez (17 a\u00f1os+7 meses+16 d\u00edas)-Natural de Sevilla, martes 9 de Noviembre de 1965. <\/span><\/strong><\/p>\n<p style=\"text-align: center\">Vs.<\/p>\n<p style=\"text-align: center\">REAL MADRID-Juvenil-1 Tanto.<\/p>\n<p style=\"text-align: justify\">BRAVO (3 goles encajados); COSTA-BLANCO (2\u00ba tiempo: MART\u00cdN)-GUERRERO-LE\u00d3N; Manuel S\u00c1NCHIZ Hontiyuelo-SALMER\u00d3N-Rafael MART\u00cdN V\u00e1zquez; REDONDO (64 minutos: Alberto BERNARDO Murcia)-ARTURO-Miguel PARDEZA Pichardo <strong>(0-1.-27 minutos tras centro de Mart\u00edn V\u00e1zquez)*<\/strong><\/p>\n<hr>\n<p style=\"text-align: justify\"><img data-recalc-dims=\"1\" loading=\"lazy\" decoding=\"async\" class=\"aligncenter size-full wp-image-50457\" src=\"https:\/\/i0.wp.com\/www.manquepierda.com\/historiarealbetis\/files\/2016\/06\/El-Betis-Juvenil-Campe%C3%B3n-de-Copa-1983-en-el-Ayuntamiento.jpg?resize=642%2C322&#038;ssl=1\" alt=\"El-Betis-Juvenil-Campe\u00f3n-de-Copa-1983-en-el-Ayuntamiento\" width=\"642\" height=\"322\" srcset=\"https:\/\/i0.wp.com\/www.manquepierda.com\/historiarealbetis\/files\/2016\/06\/El-Betis-Juvenil-Campe%C3%B3n-de-Copa-1983-en-el-Ayuntamiento.jpg?w=642&amp;ssl=1 642w, https:\/\/i0.wp.com\/www.manquepierda.com\/historiarealbetis\/files\/2016\/06\/El-Betis-Juvenil-Campe%C3%B3n-de-Copa-1983-en-el-Ayuntamiento.jpg?resize=220%2C110&amp;ssl=1 220w\" sizes=\"auto, (max-width: 642px) 100vw, 642px\" \/><strong><span style=\"color: #339966\">1983-Junio 27-Lunes recepci\u00f3n a los campeones juveniles del BETIS DEPORTIVO BALOMPI\u00c9 en el Excmo. Ayuntamiento de Sevilla.<\/span><\/strong><\/p>\n<p style=\"text-align: center\">Fuentes MUNDO B\u00c9TICO.-ABC-SE-19830625 (s\u00e1bado) y 26 (domingo 2\u00aa edici\u00f3n).<\/p>\n<p style=\"text-align: justify\">\n","protected":false},"excerpt":{"rendered":"<p>XXXII EDICI\u00d3N-CAMPEONATO ESPA\u00d1A-COPA DEL REY JUVENIL-TEMPORADA 1982-1983 FASE FINAL DESDE S\u00c1BADO 28 DE MAYO HASTA S\u00c1BADO 25 DE JUNIO DE 1983, AMBAS FECHA INCLUSIVE. \u00abEl viernes 26 arrib\u00f3 la expedici\u00f3n b\u00e9tica a las 15&#8217;05 horas-con 90 minutos de retraso sobre el horario previsto-y se concentr\u00f3 en el \u00abHotel Castillo\u00bb de la Ciudad Manchega. Rondas eliminatorias&#8230;<\/p>\n","protected":false},"author":48,"featured_media":50456,"comment_status":"open","ping_status":"open","sticky":false,"template":"","format":"standard","meta":{"_kad_post_transparent":"","_kad_post_title":"","_kad_post_layout":"","_kad_post_sidebar_id":"","_kad_post_content_style":"","_kad_post_vertical_padding":"","_kad_post_feature":"","_kad_post_feature_position":"","_kad_post_header":false,"_kad_post_footer":false,"_kad_post_classname":"","_jetpack_memberships_contains_paid_content":false,"footnotes":"","jetpack_publicize_message":"","jetpack_publicize_feature_enabled":true,"jetpack_social_post_already_shared":true,"jetpack_social_options":{"image_generator_settings":{"template":"highway","default_image_id":0,"font":"","enabled":false},"version":2}},"categories":[904,1],"tags":[2186,4327,168,12468,18749,13362],"class_list":["post-50446","post","type-post","status-publish","format-standard","has-post-thumbnail","hentry","category-1980-1989","category-portada","tag-1982-83","tag-4327","tag-betis-juvenil","tag-campeonato-espana-futbol-juvenil","tag-copa-juvenil-1983","tag-real-madrid-cf"],"jetpack_publicize_connections":[],"jetpack_featured_media_url":"https:\/\/i0.wp.com\/www.manquepierda.com\/historiarealbetis\/files\/2016\/06\/BETIS-DEPORTIVO-BALOMPI%C3%89-3-GOLES.jpg?fit=1960%2C1305&ssl=1","jetpack_sharing_enabled":true,"jetpack_shortlink":"https:\/\/wp.me\/p1ij08-d7E","jetpack-related-posts":[],"_links":{"self":[{"href":"https:\/\/www.manquepierda.com\/historiarealbetis\/wp-json\/wp\/v2\/posts\/50446","targetHints":{"allow":["GET"]}}],"collection":[{"href":"https:\/\/www.manquepierda.com\/historiarealbetis\/wp-json\/wp\/v2\/posts"}],"about":[{"href":"https:\/\/www.manquepierda.com\/historiarealbetis\/wp-json\/wp\/v2\/types\/post"}],"author":[{"embeddable":true,"href":"https:\/\/www.manquepierda.com\/historiarealbetis\/wp-json\/wp\/v2\/users\/48"}],"replies":[{"embeddable":true,"href":"https:\/\/www.manquepierda.com\/historiarealbetis\/wp-json\/wp\/v2\/comments?post=50446"}],"version-history":[{"count":1,"href":"https:\/\/www.manquepierda.com\/historiarealbetis\/wp-json\/wp\/v2\/posts\/50446\/revisions"}],"predecessor-version":[{"id":98565,"href":"https:\/\/www.manquepierda.com\/historiarealbetis\/wp-json\/wp\/v2\/posts\/50446\/revisions\/98565"}],"wp:featuredmedia":[{"embeddable":true,"href":"https:\/\/www.manquepierda.com\/historiarealbetis\/wp-json\/wp\/v2\/media\/50456"}],"wp:attachment":[{"href":"https:\/\/www.manquepierda.com\/historiarealbetis\/wp-json\/wp\/v2\/media?parent=50446"}],"wp:term":[{"taxonomy":"category","embeddable":true,"href":"https:\/\/www.manquepierda.com\/historiarealbetis\/wp-json\/wp\/v2\/categories?post=50446"},{"taxonomy":"post_tag","embeddable":true,"href":"https:\/\/www.manquepierda.com\/historiarealbetis\/wp-json\/wp\/v2\/tags?post=50446"}],"curies":[{"name":"wp","href":"https:\/\/api.w.org\/{rel}","templated":true}]}}