{"id":50574,"date":"2016-07-07T07:09:28","date_gmt":"2016-07-07T05:09:28","guid":{"rendered":"http:\/\/www.manquepierda.com\/historiarealbetis\/?p=50574"},"modified":"2016-07-07T06:17:37","modified_gmt":"2016-07-07T04:17:37","slug":"fichajes-del-betis-1984","status":"publish","type":"post","link":"https:\/\/www.manquepierda.com\/historiarealbetis\/fichajes-del-betis-1984\/","title":{"rendered":"Fichajes del Betis 1984"},"content":{"rendered":"<p><a href=\"https:\/\/i0.wp.com\/www.manquepierda.com\/historiarealbetis\/files\/2016\/07\/Fichajes-1984.jpg?ssl=1\"><img data-recalc-dims=\"1\" loading=\"lazy\" decoding=\"async\" class=\"aligncenter size-medium wp-image-50575\" src=\"https:\/\/i0.wp.com\/www.manquepierda.com\/historiarealbetis\/files\/2016\/07\/Fichajes-1984.jpg?resize=437%2C600&#038;ssl=1\" alt=\"Fichajes 1984\" width=\"437\" height=\"600\" srcset=\"https:\/\/i0.wp.com\/www.manquepierda.com\/historiarealbetis\/files\/2016\/07\/Fichajes-1984.jpg?resize=437%2C600&amp;ssl=1 437w, https:\/\/i0.wp.com\/www.manquepierda.com\/historiarealbetis\/files\/2016\/07\/Fichajes-1984.jpg?resize=160%2C220&amp;ssl=1 160w, https:\/\/i0.wp.com\/www.manquepierda.com\/historiarealbetis\/files\/2016\/07\/Fichajes-1984.jpg?resize=510%2C700&amp;ssl=1 510w, https:\/\/i0.wp.com\/www.manquepierda.com\/historiarealbetis\/files\/2016\/07\/Fichajes-1984.jpg?w=552&amp;ssl=1 552w\" sizes=\"auto, (max-width: 437px) 100vw, 437px\" \/><\/a><\/p>\n<p>Imagen de las novedades en la concentraci\u00f3n del Betis en Catalu\u00f1a en el verano de 1984. Se trata de Torrano, Palomino, Valdo y Pitero.<\/p>\n<p>Pedro Torrano era portero del filial b\u00e9tico, el Betis Deportivo, y esa temporada hizo la pretemporada con el primer equipo. Manuel Palomino tambi\u00e9n jugaba en el filial, aunque ya hab\u00eda debutado con el primer equipo. Lo hizo el 1 de enero de 1984, en el Villamar\u00edn contra el Valladolid, cuando sustituy\u00f3 a Paco en el minuto 77.<\/p>\n<p>Pedro Valdomino, \u00abValdo\u00bb, era el \u00fanico fichaje de esta concentraci\u00f3n. Hab\u00eda llegado al Betis ese verano procedente del Granada. Antonio Delgado \u00abPitero\u00bb tambi\u00e9n proced\u00eda de la cantera verdiblanca, aunque en la temporada anterior hab\u00eda estado cedido en el Sporting Mahon\u00e9s, al cumplir el servicio militar en la isla menorquina.<\/p>\n<p>&nbsp;<\/p>\n","protected":false},"excerpt":{"rendered":"<p>Imagen de las novedades en la concentraci\u00f3n del Betis en Catalu\u00f1a en el verano de 1984. Se trata de Torrano, Palomino, Valdo y Pitero. Pedro Torrano era portero del filial b\u00e9tico, el Betis Deportivo, y esa temporada hizo la pretemporada con el primer equipo. Manuel Palomino tambi\u00e9n jugaba en el filial, aunque ya hab\u00eda debutado&#8230;<\/p>\n","protected":false},"author":5,"featured_media":50575,"comment_status":"open","ping_status":"open","sticky":false,"template":"","format":"standard","meta":{"_kad_post_transparent":"","_kad_post_title":"","_kad_post_layout":"","_kad_post_sidebar_id":"","_kad_post_content_style":"","_kad_post_vertical_padding":"","_kad_post_feature":"","_kad_post_feature_position":"","_kad_post_header":false,"_kad_post_footer":false,"_kad_post_classname":"","_jetpack_memberships_contains_paid_content":false,"footnotes":"","jetpack_publicize_message":"","jetpack_publicize_feature_enabled":true,"jetpack_social_post_already_shared":true,"jetpack_social_options":{"image_generator_settings":{"template":"highway","default_image_id":0,"font":"","enabled":false},"version":2}},"categories":[904,1],"tags":[3115,2251,1144,3124,2115,1472],"class_list":["post-50574","post","type-post","status-publish","format-standard","has-post-thumbnail","hentry","category-1980-1989","category-portada","tag-3115","tag-1984-85","tag-antonio-delgado-pitero","tag-manuel-palomino","tag-pedro-torrano","tag-pedro-valdomino-valdo"],"jetpack_publicize_connections":[],"jetpack_featured_media_url":"https:\/\/i0.wp.com\/www.manquepierda.com\/historiarealbetis\/files\/2016\/07\/Fichajes-1984.jpg?fit=552%2C758&ssl=1","jetpack_sharing_enabled":true,"jetpack_shortlink":"https:\/\/wp.me\/p1ij08-d9I","jetpack-related-posts":[],"_links":{"self":[{"href":"https:\/\/www.manquepierda.com\/historiarealbetis\/wp-json\/wp\/v2\/posts\/50574","targetHints":{"allow":["GET"]}}],"collection":[{"href":"https:\/\/www.manquepierda.com\/historiarealbetis\/wp-json\/wp\/v2\/posts"}],"about":[{"href":"https:\/\/www.manquepierda.com\/historiarealbetis\/wp-json\/wp\/v2\/types\/post"}],"author":[{"embeddable":true,"href":"https:\/\/www.manquepierda.com\/historiarealbetis\/wp-json\/wp\/v2\/users\/5"}],"replies":[{"embeddable":true,"href":"https:\/\/www.manquepierda.com\/historiarealbetis\/wp-json\/wp\/v2\/comments?post=50574"}],"version-history":[{"count":0,"href":"https:\/\/www.manquepierda.com\/historiarealbetis\/wp-json\/wp\/v2\/posts\/50574\/revisions"}],"wp:featuredmedia":[{"embeddable":true,"href":"https:\/\/www.manquepierda.com\/historiarealbetis\/wp-json\/wp\/v2\/media\/50575"}],"wp:attachment":[{"href":"https:\/\/www.manquepierda.com\/historiarealbetis\/wp-json\/wp\/v2\/media?parent=50574"}],"wp:term":[{"taxonomy":"category","embeddable":true,"href":"https:\/\/www.manquepierda.com\/historiarealbetis\/wp-json\/wp\/v2\/categories?post=50574"},{"taxonomy":"post_tag","embeddable":true,"href":"https:\/\/www.manquepierda.com\/historiarealbetis\/wp-json\/wp\/v2\/tags?post=50574"}],"curies":[{"name":"wp","href":"https:\/\/api.w.org\/{rel}","templated":true}]}}