{"id":50620,"date":"2016-07-10T09:27:25","date_gmt":"2016-07-10T07:27:25","guid":{"rendered":"http:\/\/www.manquepierda.com\/historiarealbetis\/?p=50620"},"modified":"2024-11-12T19:12:17","modified_gmt":"2024-11-12T18:12:17","slug":"betis-negro-manuel-fdez-cordoba","status":"publish","type":"post","link":"https:\/\/www.manquepierda.com\/historiarealbetis\/betis-negro-manuel-fdez-cordoba\/","title":{"rendered":"El Betis, de negro, de Manuel Fdez. de C\u00f3rdoba"},"content":{"rendered":"<figure id=\"attachment_50621\" aria-describedby=\"caption-attachment-50621\" style=\"width: 680px\" class=\"wp-caption aligncenter\"><a href=\"https:\/\/i0.wp.com\/www.manquepierda.com\/historiarealbetis\/files\/2016\/07\/1998-08-17-Recreativo-Betis-imagen-de-Denilson.jpg?ssl=1\"><img data-recalc-dims=\"1\" loading=\"lazy\" decoding=\"async\" class=\"wp-image-50621 size-medium\" src=\"https:\/\/i0.wp.com\/www.manquepierda.com\/historiarealbetis\/files\/2016\/07\/1998-08-17-Recreativo-Betis-imagen-de-Denilson.jpg?resize=680%2C417&#038;ssl=1\" alt=\"1998-08-17 Recreativo-Betis imagen de Denilson\" width=\"680\" height=\"417\" srcset=\"https:\/\/i0.wp.com\/www.manquepierda.com\/historiarealbetis\/files\/2016\/07\/1998-08-17-Recreativo-Betis-imagen-de-Denilson.jpg?resize=680%2C417&amp;ssl=1 680w, https:\/\/i0.wp.com\/www.manquepierda.com\/historiarealbetis\/files\/2016\/07\/1998-08-17-Recreativo-Betis-imagen-de-Denilson.jpg?resize=220%2C135&amp;ssl=1 220w, https:\/\/i0.wp.com\/www.manquepierda.com\/historiarealbetis\/files\/2016\/07\/1998-08-17-Recreativo-Betis-imagen-de-Denilson.jpg?resize=768%2C471&amp;ssl=1 768w, https:\/\/i0.wp.com\/www.manquepierda.com\/historiarealbetis\/files\/2016\/07\/1998-08-17-Recreativo-Betis-imagen-de-Denilson.jpg?w=946&amp;ssl=1 946w\" sizes=\"auto, (max-width: 680px) 100vw, 680px\" \/><\/a><figcaption id=\"caption-attachment-50621\" class=\"wp-caption-text\">Denilson en el Colombino, 16 de agosto de 1998<\/figcaption><\/figure>\n<p>La semana pasada vimos <a href=\"https:\/\/www.manquepierda.com\/historiarealbetis\/50526-la-tercera-camiseta-fue-la-primera-alfredo-relano\/\">aqu\u00ed<\/a>\u00a0c\u00f3mo a mediados de la d\u00e9cada de los 90 del pasado siglo la mercantilizaci\u00f3n se extendi\u00f3 por el mundo del f\u00fatbol. A la publicidad en las camisetas, los patrocinios en los clubs, la irrupci\u00f3n de las televisiones de pago, etc se sum\u00f3 la creciente importancia que fueron tomando las diversas equipaciones que los clubs combinaban cada temporada, y que adem\u00e1s cambiaban de una temporada a otra. El marketing deportivo as\u00ed lo exige.<\/p>\n<p>En el caso del Betis tanto Umbro en la temporada 1994-95 como Kappa en las 3 siguientes mantuvieron siempre primeras y segundas equipaciones basadas en el verde y el blanco, los colores tradicionales del club.<\/p>\n<p>Fue en la temporada 1998-99 cuando Kappa dio un paso adelante y dise\u00f1\u00f3 una segunda equipaci\u00f3n negra que romp\u00eda con la est\u00e9tica del club. Se estren\u00f3 el 16 de agosto de 1998 en la semifinal del Colombino contra el Recreativo de Huelva, con derrota por 1 a 0 frente al equipo blanquiazul.<\/p>\n<p>Dos d\u00edas despu\u00e9s en su columna de ABC el periodista Manuel Fern\u00e1ndez de C\u00f3rdoba escrib\u00eda sobre ello y se alarmaba ante la falta de conexi\u00f3n sentimental con unos colores ajenos a la tradici\u00f3n hist\u00f3rica verdiblanca. Qu\u00e9 hubiera dicho si llega a ver al Betis vestido de naranja, como ya lo hemos visto, o de amarillo lim\u00f3n, como lo vamos a tener que ver&#8230;<\/p>\n<p>&nbsp;<\/p>\n<p>&nbsp;<\/p>\n<p><span style=\"color: #008000\"><em>Desde que las multinacionales entraron en la equipaci\u00f3n deportiva, trayendo bajo el brazo el poderoso caballero que es don dinero, yendo al alim\u00f3n con la supermercantilizaci\u00f3n del f\u00fatbol, ya nada nos puede parecer extra\u00f1o y, mucho menos, sorprendernos. Pero hay algunas vestimentas que resultan tan enormemente chocantes, en comparaci\u00f3n con las tradicionales e hist\u00f3ricas, que rechinan con solo verlas.<\/em><\/span><\/p>\n<p><span style=\"color: #008000\"><em>Un Betis vestido de negro y blanco casi al completo, con un ligero ribete en verde, casi una excusa al lado del escudo que ya no s\u00e9 si en semejante vestimenta mantendr\u00e1 las trece barras de su leyenda, es un Betis todo lo italianizado y moderno que se quiera, todo lo rentable que econ\u00f3micamente sea, pero ser\u00e1 algo as\u00ed, aunque el h\u00e1bito nunca deba ser el que vista al monje, un Betis un poquito desnaturalizado, que no se ve, que parece otro equipo y que la sensaci\u00f3n que produce en muchos aficionados es pareja al dicho aquel del \u201c\u00e9ste no es mi Betis, que me lo han cambiado\u201d.<\/em><\/span><\/p>\n<p><span style=\"color: #008000\"><em>Uno, en sus ya bastantes a\u00f1os, ha conocido equipaciones que iban desde la camisola con un cuello en uve y unos cordones para achicarlo, blanquiverde de rayas estrechas y mucho Betis en su fachada, hasta las de raya ancha, pero sin ribetes negros, como ahora, en la primera equipaci\u00f3n y lej\u00edsimo, por supuesto, de esa segunda equipaci\u00f3n, la del rid\u00edculo ante el Recre en la semifinal del Colombino. Entre una camiseta, aqu\u00e9lla de tan anta\u00f1o que s\u00f3lo queda en el sepia de las fotograf\u00edas de los tiempos de Tercera Divisi\u00f3n, o del racial Adolfito o Tenorio, y la actual, uno conoci\u00f3 camisolines de botones, las rayas estrechas verdes y blancas y hasta recuerda c\u00f3mo a Luis Del Sol, que jug\u00f3 con ellas, muchos defensas no le dejaban ni un bot\u00f3n en su sitio cuando no hab\u00eda otra forma de parar el regate sensacional de don Luis.<\/em><\/span><\/p>\n<p><span style=\"color: #008000\"><em>Uno conoci\u00f3 las primeras camisetas ajustadas, que delataban m\u00e1s de una pasada en el peso en los jugadores, las otras que llegaron luego que parec\u00edan de tallas superiores a las de sus due\u00f1os y ya comenzaron los pinitos de los dise\u00f1os que, a la vista est\u00e1, ya sabemos ad\u00f3nde pueden llegar, no s\u00f3lo en el Betis, que bien que se est\u00e1 viendo, y sufriendo ya, sino en cualquier equipo. La verdad del cuento est\u00e1 en lo que est\u00e1: los dineros que estos cambios de equipaciones proporcionan. Ah\u00ed tenemos el ejemplo del \u00faltimo mundial y la guerra de las marcas, las campa\u00f1as publicitarias, alguna de ellas sencillamente geniales, de las marcas y un mercado que ya es rancio, cutre, pasado de moda o caducado cualquier ch\u00e1ndal que no sea el de la marca que lleva el equipo ni cualquier bota que no sea la que calza su \u00eddolo.<\/em><\/span><\/p>\n<p><span style=\"color: #008000\"><em>Y uno, admitiendo ese mercado, esa competencia y ese negocio, s\u00ed rogar\u00eda a los dise\u00f1adores que tuvieran un poquito de respeto con la historia de cada club. Un Betis de negro, que s\u00f3lo antes era en las calzonas cuando coincid\u00eda con otro, es un Betis extra\u00f1o y triste.<\/em><\/span><\/p>\n<p>&nbsp;<\/p>\n","protected":false},"excerpt":{"rendered":"<p>La semana pasada vimos aqu\u00ed\u00a0c\u00f3mo a mediados de la d\u00e9cada de los 90 del pasado siglo la mercantilizaci\u00f3n se extendi\u00f3 por el mundo del f\u00fatbol. A la publicidad en las camisetas, los patrocinios en los clubs, la irrupci\u00f3n de las televisiones de pago, etc se sum\u00f3 la creciente importancia que fueron tomando las diversas equipaciones&#8230;<\/p>\n","protected":false},"author":5,"featured_media":50621,"comment_status":"open","ping_status":"open","sticky":false,"template":"","format":"standard","meta":{"_kad_post_transparent":"","_kad_post_title":"","_kad_post_layout":"","_kad_post_sidebar_id":"","_kad_post_content_style":"","_kad_post_vertical_padding":"","_kad_post_feature":"","_kad_post_feature_position":"","_kad_post_header":false,"_kad_post_footer":false,"_kad_post_classname":"","_jetpack_memberships_contains_paid_content":false,"footnotes":"","jetpack_publicize_message":"","jetpack_publicize_feature_enabled":true,"jetpack_social_post_already_shared":true,"jetpack_social_options":{"image_generator_settings":{"template":"highway","default_image_id":0,"font":"","enabled":false},"version":2}},"categories":[1,1176],"tags":[2413,2414,17243,12767],"class_list":["post-50620","post","type-post","status-publish","format-standard","has-post-thumbnail","hentry","category-portada","category-relatos-de-futbol","tag-2413","tag-1998-99","tag-kappa","tag-manuel-fernandez-de-cordoba"],"jetpack_publicize_connections":[],"jetpack_featured_media_url":"https:\/\/i0.wp.com\/www.manquepierda.com\/historiarealbetis\/files\/2016\/07\/1998-08-17-Recreativo-Betis-imagen-de-Denilson.jpg?fit=946%2C580&ssl=1","jetpack_sharing_enabled":true,"jetpack_shortlink":"https:\/\/wp.me\/p1ij08-das","jetpack-related-posts":[],"_links":{"self":[{"href":"https:\/\/www.manquepierda.com\/historiarealbetis\/wp-json\/wp\/v2\/posts\/50620","targetHints":{"allow":["GET"]}}],"collection":[{"href":"https:\/\/www.manquepierda.com\/historiarealbetis\/wp-json\/wp\/v2\/posts"}],"about":[{"href":"https:\/\/www.manquepierda.com\/historiarealbetis\/wp-json\/wp\/v2\/types\/post"}],"author":[{"embeddable":true,"href":"https:\/\/www.manquepierda.com\/historiarealbetis\/wp-json\/wp\/v2\/users\/5"}],"replies":[{"embeddable":true,"href":"https:\/\/www.manquepierda.com\/historiarealbetis\/wp-json\/wp\/v2\/comments?post=50620"}],"version-history":[{"count":1,"href":"https:\/\/www.manquepierda.com\/historiarealbetis\/wp-json\/wp\/v2\/posts\/50620\/revisions"}],"predecessor-version":[{"id":100927,"href":"https:\/\/www.manquepierda.com\/historiarealbetis\/wp-json\/wp\/v2\/posts\/50620\/revisions\/100927"}],"wp:featuredmedia":[{"embeddable":true,"href":"https:\/\/www.manquepierda.com\/historiarealbetis\/wp-json\/wp\/v2\/media\/50621"}],"wp:attachment":[{"href":"https:\/\/www.manquepierda.com\/historiarealbetis\/wp-json\/wp\/v2\/media?parent=50620"}],"wp:term":[{"taxonomy":"category","embeddable":true,"href":"https:\/\/www.manquepierda.com\/historiarealbetis\/wp-json\/wp\/v2\/categories?post=50620"},{"taxonomy":"post_tag","embeddable":true,"href":"https:\/\/www.manquepierda.com\/historiarealbetis\/wp-json\/wp\/v2\/tags?post=50620"}],"curies":[{"name":"wp","href":"https:\/\/api.w.org\/{rel}","templated":true}]}}