{"id":50636,"date":"2016-07-14T07:35:27","date_gmt":"2016-07-14T05:35:27","guid":{"rendered":"http:\/\/www.manquepierda.com\/historiarealbetis\/?p=50636"},"modified":"2017-07-16T16:19:09","modified_gmt":"2017-07-16T14:19:09","slug":"arrendamiento-del-estadio-la-exposicion-1936","status":"publish","type":"post","link":"https:\/\/www.manquepierda.com\/historiarealbetis\/arrendamiento-del-estadio-la-exposicion-1936\/","title":{"rendered":"El arrendamiento del Estadio de la Exposici\u00f3n 1936 (I)"},"content":{"rendered":"<figure id=\"attachment_50637\" aria-describedby=\"caption-attachment-50637\" style=\"width: 601px\" class=\"wp-caption aligncenter\"><a href=\"https:\/\/i0.wp.com\/www.manquepierda.com\/historiarealbetis\/files\/2016\/07\/75-a%C3%B1os-en-Heli%C3%B3polis-cesi%C3%B3n-1936.jpg?ssl=1\"><img data-recalc-dims=\"1\" loading=\"lazy\" decoding=\"async\" class=\"wp-image-50637\" src=\"https:\/\/i0.wp.com\/www.manquepierda.com\/historiarealbetis\/files\/2016\/07\/75-a%C3%B1os-en-Heli%C3%B3polis-cesi%C3%B3n-1936.jpg?resize=601%2C337&#038;ssl=1\" alt=\"75 a\u00f1os en Heli\u00f3polis cesi\u00f3n 1936\" width=\"601\" height=\"337\" srcset=\"https:\/\/i0.wp.com\/www.manquepierda.com\/historiarealbetis\/files\/2016\/07\/75-a%C3%B1os-en-Heli%C3%B3polis-cesi%C3%B3n-1936.jpg?w=480&amp;ssl=1 480w, https:\/\/i0.wp.com\/www.manquepierda.com\/historiarealbetis\/files\/2016\/07\/75-a%C3%B1os-en-Heli%C3%B3polis-cesi%C3%B3n-1936.jpg?resize=220%2C123&amp;ssl=1 220w\" sizes=\"auto, (max-width: 601px) 100vw, 601px\" \/><\/a><figcaption id=\"caption-attachment-50637\" class=\"wp-caption-text\">Firma del contrato de arrendamiento del Estadio de la Exposici\u00f3n 16 de julio de 1936<\/figcaption><\/figure>\n<p style=\"text-align: justify\">El 16 de julio de 1936 tuvo lugar en el Ayuntamiento de Sevilla la firma del contrato de arrendamiento del Stadium de la Exposici\u00f3n entre el Ayuntamiento de Sevilla y el Betis Balompi\u00e9.<\/p>\n<p style=\"text-align: justify\">El motivo de este traslado del club verdiblanco a este nuevo recinto deportivo no es m\u00e1s que la intenci\u00f3n de conseguir unas nuevas bases de crecimiento. Durante el tramo final de la temporada 1935-36 se vivi\u00f3 una grave crisis econ\u00f3mica que puso en jaque la supervivencia del club, y que fue solventada mediante la reducci\u00f3n de gastos, vendiendo jugadores como Urquiaga y Unamuno, y concediendo la carta de libertad a otros como G\u00f3mez o Rancel, as\u00ed como con el decidido apoyo econ\u00f3mico de la afici\u00f3n .<\/p>\n<p style=\"text-align: justify\">En los \u00faltimos partidos de Copa de esa temporada se experiment\u00f3 la idea de abaratar las entradas de los partidos, lo que propici\u00f3 asistencias masivas contra el Gerona y el Osasuna. Pero la reducida capacidad del campo del Patronato, en torno a los 7.000 espectadores, no daba mucho de s\u00ed en este sentido.<\/p>\n<p style=\"text-align: justify\">Al final de la Palmera, en la entonces llamada Avenida de Mayo, se ubicaba el Estadio de la Exposici\u00f3n. Construido para la Exposici\u00f3n Iberoamericana de 1929 fue inaugurado en marzo de ese a\u00f1o con un encuentro amistoso entre las selecciones de Espa\u00f1a y Portugal. Posteriormente se celebraron diversos encuentros tanto amistosos como oficiales hasta 1932, aunque despu\u00e9s de ese a\u00f1o el uso deportivo fue reduci\u00e9ndose. Sirvi\u00f3 de escenario de m\u00edtines pol\u00edticos, concursos de h\u00edpica, actos ben\u00e9ficos, exhibiciones automovil\u00edsticas, partidos de f\u00fatbol de car\u00e1cter local e incluso de campo de entrenamiento de la Guardia de Asalto, el cuerpo policial creado en los a\u00f1os de la Rep\u00fablica, que en el Stadium desarroll\u00f3 pr\u00e1cticas de tiro y de represi\u00f3n de manifestaciones y algaradas.<\/p>\n<p style=\"text-align: justify\">Obviamente el estado en que el terreno de juego se encontraba, despu\u00e9s de a\u00f1os sin cuidados ni mantenimiento y de usos tan diversos, no era el id\u00f3neo para partidos de f\u00fatbol de la m\u00e1xima categor\u00eda. Otro inconveniente es que el Estadio de la Exposici\u00f3n estaba situado en una zona aislada del resto de Sevilla, teniendo solo como contiguos los llamados \u00abHotelitos del Guadalquivir\u00bb, lo que es hoy en d\u00eda el barrio de Heli\u00f3polis, construido como zona de alojamiento de los visitantes para el certamen de 1929. Sus vecinos desde esta \u00e9poca ya se quejan con frecuencia de las deficientes comunicaciones con el resto de la ciudad.<\/p>\n<figure id=\"attachment_50673\" aria-describedby=\"caption-attachment-50673\" style=\"width: 400px\" class=\"wp-caption aligncenter\"><a href=\"https:\/\/i0.wp.com\/www.manquepierda.com\/historiarealbetis\/files\/2016\/07\/los-hotelitos-del-guadalquivir2.jpg?ssl=1\"><img data-recalc-dims=\"1\" loading=\"lazy\" decoding=\"async\" class=\"size-full wp-image-50673\" src=\"https:\/\/i0.wp.com\/www.manquepierda.com\/historiarealbetis\/files\/2016\/07\/los-hotelitos-del-guadalquivir2.jpg?resize=400%2C233&#038;ssl=1\" alt=\"Vista a\u00e9rea del Estadio de la Exposici\u00f3n y los Hotelites del Guadalquivir\" width=\"400\" height=\"233\" srcset=\"https:\/\/i0.wp.com\/www.manquepierda.com\/historiarealbetis\/files\/2016\/07\/los-hotelitos-del-guadalquivir2.jpg?w=400&amp;ssl=1 400w, https:\/\/i0.wp.com\/www.manquepierda.com\/historiarealbetis\/files\/2016\/07\/los-hotelitos-del-guadalquivir2.jpg?resize=220%2C128&amp;ssl=1 220w\" sizes=\"auto, (max-width: 400px) 100vw, 400px\" \/><\/a><figcaption id=\"caption-attachment-50673\" class=\"wp-caption-text\">Vista a\u00e9rea del Estadio de la Exposici\u00f3n y los \u00abHotelitos del Guadalquivir\u00bb.<\/figcaption><\/figure>\n<p style=\"text-align: justify\">Pero el Estadio s\u00ed ten\u00eda una ventaja importante: su aforo, estimado en 16.000 espectadores. Ello serv\u00eda perfectamente para el proyecto que acariciaba la directiva b\u00e9tica: popularizar el acceso al f\u00fatbol de Primera Divisi\u00f3n. Sevilla por esos a\u00f1os estaba inmersa en una grave crisis econ\u00f3mica que remonta sus or\u00edgenes al final de la Exposici\u00f3n Iberoamericana en 1930, con el consiguiente cese de la inversi\u00f3n hecha en su construcci\u00f3n y desarrollo, y al inicio de la Gran Depresi\u00f3n que afect\u00f3 a la econom\u00eda mundial en los a\u00f1os 30, que influy\u00f3 en la econom\u00eda andaluza basada en la exportaci\u00f3n del sector primario, b\u00e1sicamente productos agr\u00edcolas y mineros.<\/p>\n<p style=\"text-align: justify\">El 2 de julio de 1936 en la prensa el Betis anunciaba el inicio de la admisi\u00f3n de socios en la nueva categor\u00eda de supernumerarios, al precio de 3 pesetas mensuales.<\/p>\n<figure id=\"attachment_50644\" aria-describedby=\"caption-attachment-50644\" style=\"width: 515px\" class=\"wp-caption aligncenter\"><a href=\"https:\/\/i0.wp.com\/www.manquepierda.com\/historiarealbetis\/files\/2016\/07\/Anuncio-Abonos-Temporada-1936-37-Aviso-Betis-NMP-El-Liberal-2-7-1936.jpg?ssl=1\"><img data-recalc-dims=\"1\" loading=\"lazy\" decoding=\"async\" class=\"size-medium wp-image-50644\" src=\"https:\/\/i0.wp.com\/www.manquepierda.com\/historiarealbetis\/files\/2016\/07\/Anuncio-Abonos-Temporada-1936-37-Aviso-Betis-NMP-El-Liberal-2-7-1936.jpg?resize=515%2C600&#038;ssl=1\" alt=\"Fuente: El Liberal 2 de julio de 1936\" width=\"515\" height=\"600\" srcset=\"https:\/\/i0.wp.com\/www.manquepierda.com\/historiarealbetis\/files\/2016\/07\/Anuncio-Abonos-Temporada-1936-37-Aviso-Betis-NMP-El-Liberal-2-7-1936.jpg?resize=515%2C600&amp;ssl=1 515w, https:\/\/i0.wp.com\/www.manquepierda.com\/historiarealbetis\/files\/2016\/07\/Anuncio-Abonos-Temporada-1936-37-Aviso-Betis-NMP-El-Liberal-2-7-1936.jpg?resize=189%2C220&amp;ssl=1 189w, https:\/\/i0.wp.com\/www.manquepierda.com\/historiarealbetis\/files\/2016\/07\/Anuncio-Abonos-Temporada-1936-37-Aviso-Betis-NMP-El-Liberal-2-7-1936.jpg?resize=601%2C700&amp;ssl=1 601w, https:\/\/i0.wp.com\/www.manquepierda.com\/historiarealbetis\/files\/2016\/07\/Anuncio-Abonos-Temporada-1936-37-Aviso-Betis-NMP-El-Liberal-2-7-1936.jpg?w=611&amp;ssl=1 611w\" sizes=\"auto, (max-width: 515px) 100vw, 515px\" \/><\/a><figcaption id=\"caption-attachment-50644\" class=\"wp-caption-text\">Fuente: El Liberal 2 de julio de 1936<\/figcaption><\/figure>\n<p style=\"text-align: justify\">El Ayuntamiento sevillano durante esos a\u00f1os estaba inmerso en una grav\u00edsima crisis econ\u00f3mica, que fue incluso motivo de varios debates en las Cortes republicanas. El origen de todo ello estaba en los tremendos gastos derivados de la Exposici\u00f3n de 1929-30 que el Estado en gran parte deriv\u00f3 hacia las arcas municipales, y \u00a0que quedaron endeudadas m\u00e1s all\u00e1 de su capacidad. La gesti\u00f3n, conservaci\u00f3n y mantenimiento del patrimonio inmobiliario heredado del certamen internacional se convirti\u00f3 en un quebradero m\u00e1s de cabeza para el Ayuntamiento, que intent\u00f3 poco a poco deshacerse de los gastos que todo ello conllevaba.<\/p>\n<p style=\"text-align: justify\">Es en este marco en el que debemos entender la operaci\u00f3n de arrendamiento del Estadio de la Exposici\u00f3n. El Betis se compromet\u00eda a su arreglo y mantenimiento, como veremos, con unas cl\u00e1usulas muy precisas para ello, el Ayuntamiento recib\u00eda una importante cantidad en concepto de arrendamiento durante 10 a\u00f1os, adem\u00e1s de mantener una serie de prerrogativas de uso y supervisi\u00f3n, y el club verdiblanco pon\u00eda en este recinto las bases para seguir creciendo social y deportivamente.<\/p>\n","protected":false},"excerpt":{"rendered":"<p>El 16 de julio de 1936 tuvo lugar en el Ayuntamiento de Sevilla la firma del contrato de arrendamiento del Stadium de la Exposici\u00f3n entre el Ayuntamiento de Sevilla y el Betis Balompi\u00e9. El motivo de este traslado del club verdiblanco a este nuevo recinto deportivo no es m\u00e1s que la intenci\u00f3n de conseguir unas&#8230;<\/p>\n","protected":false},"author":5,"featured_media":50637,"comment_status":"open","ping_status":"open","sticky":false,"template":"","format":"standard","meta":{"_kad_post_transparent":"","_kad_post_title":"","_kad_post_layout":"","_kad_post_sidebar_id":"","_kad_post_content_style":"","_kad_post_vertical_padding":"","_kad_post_feature":"","_kad_post_feature_position":"","_kad_post_header":false,"_kad_post_footer":false,"_kad_post_classname":"","_jetpack_memberships_contains_paid_content":false,"footnotes":"","jetpack_publicize_message":"","jetpack_publicize_feature_enabled":true,"jetpack_social_post_already_shared":true,"jetpack_social_options":{"image_generator_settings":{"template":"highway","default_image_id":0,"font":"","enabled":false},"version":2}},"categories":[899,1],"tags":[3710,1530,7636],"class_list":["post-50636","post","type-post","status-publish","format-standard","has-post-thumbnail","hentry","category-1930-1939","category-portada","tag-1935-36","tag-1530","tag-stadium-de-la-exposicion"],"jetpack_publicize_connections":[],"jetpack_featured_media_url":"https:\/\/i0.wp.com\/www.manquepierda.com\/historiarealbetis\/files\/2016\/07\/75-a%C3%B1os-en-Heli%C3%B3polis-cesi%C3%B3n-1936.jpg?fit=480%2C269&ssl=1","jetpack_sharing_enabled":true,"jetpack_shortlink":"https:\/\/wp.me\/p1ij08-daI","jetpack-related-posts":[],"_links":{"self":[{"href":"https:\/\/www.manquepierda.com\/historiarealbetis\/wp-json\/wp\/v2\/posts\/50636","targetHints":{"allow":["GET"]}}],"collection":[{"href":"https:\/\/www.manquepierda.com\/historiarealbetis\/wp-json\/wp\/v2\/posts"}],"about":[{"href":"https:\/\/www.manquepierda.com\/historiarealbetis\/wp-json\/wp\/v2\/types\/post"}],"author":[{"embeddable":true,"href":"https:\/\/www.manquepierda.com\/historiarealbetis\/wp-json\/wp\/v2\/users\/5"}],"replies":[{"embeddable":true,"href":"https:\/\/www.manquepierda.com\/historiarealbetis\/wp-json\/wp\/v2\/comments?post=50636"}],"version-history":[{"count":0,"href":"https:\/\/www.manquepierda.com\/historiarealbetis\/wp-json\/wp\/v2\/posts\/50636\/revisions"}],"wp:featuredmedia":[{"embeddable":true,"href":"https:\/\/www.manquepierda.com\/historiarealbetis\/wp-json\/wp\/v2\/media\/50637"}],"wp:attachment":[{"href":"https:\/\/www.manquepierda.com\/historiarealbetis\/wp-json\/wp\/v2\/media?parent=50636"}],"wp:term":[{"taxonomy":"category","embeddable":true,"href":"https:\/\/www.manquepierda.com\/historiarealbetis\/wp-json\/wp\/v2\/categories?post=50636"},{"taxonomy":"post_tag","embeddable":true,"href":"https:\/\/www.manquepierda.com\/historiarealbetis\/wp-json\/wp\/v2\/tags?post=50636"}],"curies":[{"name":"wp","href":"https:\/\/api.w.org\/{rel}","templated":true}]}}