{"id":50647,"date":"2016-07-11T07:26:36","date_gmt":"2016-07-11T05:26:36","guid":{"rendered":"http:\/\/www.manquepierda.com\/historiarealbetis\/?p=50647"},"modified":"2024-11-12T19:12:54","modified_gmt":"2024-11-12T18:12:54","slug":"entrevista-antonio-alvarez-ito-1998","status":"publish","type":"post","link":"https:\/\/www.manquepierda.com\/historiarealbetis\/entrevista-antonio-alvarez-ito-1998\/","title":{"rendered":"Entrevista Antonio Alvarez \u00abIto\u00bb 1998"},"content":{"rendered":"<p><a href=\"https:\/\/i0.wp.com\/www.manquepierda.com\/historiarealbetis\/files\/2016\/07\/1998-09-23-Entrevista-Ito-imagen-NMP.jpg?ssl=1\"><img data-recalc-dims=\"1\" loading=\"lazy\" decoding=\"async\" class=\"aligncenter size-medium wp-image-50648\" src=\"https:\/\/i0.wp.com\/www.manquepierda.com\/historiarealbetis\/files\/2016\/07\/1998-09-23-Entrevista-Ito-imagen-NMP.jpg?resize=680%2C508&#038;ssl=1\" alt=\"1998-09-23 Entrevista Ito-imagen (NMP)\" width=\"680\" height=\"508\" srcset=\"https:\/\/i0.wp.com\/www.manquepierda.com\/historiarealbetis\/files\/2016\/07\/1998-09-23-Entrevista-Ito-imagen-NMP.jpg?resize=680%2C508&amp;ssl=1 680w, https:\/\/i0.wp.com\/www.manquepierda.com\/historiarealbetis\/files\/2016\/07\/1998-09-23-Entrevista-Ito-imagen-NMP.jpg?resize=220%2C164&amp;ssl=1 220w, https:\/\/i0.wp.com\/www.manquepierda.com\/historiarealbetis\/files\/2016\/07\/1998-09-23-Entrevista-Ito-imagen-NMP.jpg?resize=768%2C574&amp;ssl=1 768w, https:\/\/i0.wp.com\/www.manquepierda.com\/historiarealbetis\/files\/2016\/07\/1998-09-23-Entrevista-Ito-imagen-NMP.jpg?w=857&amp;ssl=1 857w\" sizes=\"auto, (max-width: 680px) 100vw, 680px\" \/><\/a><\/p>\n<p>Antonio Alvarez \u00abIto\u00bb lleg\u00f3 al Betis en el verano de 1998 tras una sola campa\u00f1a en el Celta y seis anteriormente en el conjunto de su localidad natal, el Extremadura de Almendralejo, con el que ascendi\u00f3 desde la Segunda B a Primera Divisi\u00f3n.<\/p>\n<p>Ya hab\u00eda sido internacional en categor\u00eda sub 18 y sub 21, e incluso en esta \u00faltima categor\u00eda hab\u00eda conseguido\u00a0ser campe\u00f3n de Europa en el torneo celebrado en Ruman\u00eda en junio de 1998, poco antes de fichar por el Betis. La oportunidad para llegar a la selecci\u00f3n A le lleg\u00f3 al poco tiempo, el 23 de septiembre de 1998 en un amistoso jugado en Granada frente a Rusia, cuando sustituy\u00f3 a Ra\u00fal a falta de 3 minutos. Fue Jos\u00e9 Antonio Camacho quien lo hizo debutar en el primer partido del nuevo seleccionador, quien sustituy\u00f3 a Javier Clemente, y en el contexto de una renovaci\u00f3n del equipo nacional.<\/p>\n<p>Con motivo de su estreno en la selecci\u00f3n absoluta el 23 de septiembre se public\u00f3 esta entrevista a cargo del periodista Tom\u00e1s Guasch, en la que Ito repasa su trayectoria anterior.<\/p>\n<p><span style=\"color: #008000\"><em>Ito, el del Betis, el de Almendralejo, un peazo futbolista y un t\u00edo estupendo, puede debutar hoy, aunque sean algunos minutos. Es un ejemplo de la nueva Espa\u00f1a, de una Espa\u00f1a amable. Lean, con\u00f3zcanlo mejor.\u00a0 Vale la pena este Antonio Alvares\u2026<\/em><\/span><\/p>\n<ul>\n<li><span style=\"color: #008000\"><em>De usted, lo primero que se supo en serio fue que era el futbolista peor pagado de la Primera Divisi\u00f3n, hace dos a\u00f1os, en el Extremadura. \u00bfQu\u00e9 tiempos, eh?<\/em><\/span><\/li>\n<li><span style=\"color: #008000\"><em>Maravillosos<\/em><\/span><\/li>\n<li><span style=\"color: #008000\"><em>\u00bfY era verdad lo del dinero?<\/em><\/span><\/li>\n<li><span style=\"color: #008000\"><em>Pues no s\u00e9 si habr\u00eda otro m\u00e1s barato que yo, pero por lo menos era medalla de plata. Seis millones al a\u00f1o cobraba, el m\u00ednimo establecido<\/em><\/span><\/li>\n<li><span style=\"color: #008000\"><em>Ahora ser\u00e1n sesenta, lo menos<\/em><\/span><\/li>\n<li><span style=\"color: #008000\"><em>\u00a1Ahora no me quejo\u00a1<\/em><\/span><\/li>\n<li><span style=\"color: #008000\"><em>\u00a1Seis millones\u00a1 Si se hace un hueco en la selecci\u00f3n y clasifican para la Eurocopa, eso se lo dan por cuatro anuncios<\/em><\/span><\/li>\n<li><span style=\"color: #008000\"><em>\u00a1Ah, la Eurocopa\u00a1 Lo de menos es el dinero; lo importante es la superaci\u00f3n, lo que usted comenta: en dos a\u00f1os, de aquello a la selecci\u00f3n. \u00a1Si casi habr\u00eda que pagar\u00a1<\/em><\/span><\/li>\n<li><span style=\"color: #008000\"><em>Usted ha puesto de acuerdo a Clemente, Van Gaal y Camacho. La noche de su feliz pase a la reserva, Clemente dijo que los iba a llamar a usted y a Gaizka Mendieta; la tarde despu\u00e9s de que Camacho lo llamara, Van Gaal revel\u00f3 que lo hab\u00eda estado siguiendo. \u00bfQu\u00e9 les das, Nicol\u00e1s?<\/em><\/span><\/li>\n<li><span style=\"color: #008000\"><em>\u00a1Nada\u00a1. Es un halago que gente de ese calibre hable bien de m\u00ed<\/em><\/span><\/li>\n<li><span style=\"color: #008000\"><em>Lo de Van Gaal es extraordinario: se fija en uno que no es holand\u00e9s<\/em><\/span><\/li>\n<li><span style=\"color: #008000\"><em>\u00a1Ja, ja\u00a1 Tiene su m\u00e9rito, \u00bfeh?<\/em><\/span><\/li>\n<li><span style=\"color: #008000\"><em>\u00a1No sabe usted cuanto\u00a1<\/em><\/span><\/li>\n<li><span style=\"color: #008000\"><em>La verdad es que no son buenos tiempos para los futbolistas espa\u00f1oles, y uno agradece el piropo<\/em><\/span><\/li>\n<li><span style=\"color: #008000\"><em>\u00a1C\u00f3mo desde estar Almendralejo\u00a1<\/em><\/span><\/li>\n<li><span style=\"color: #008000\"><em>Muy feliz, claro<\/em><\/span><\/li>\n<li><span style=\"color: #008000\"><em>Ya son dos los jugadores internacionales de all\u00ed: Rafael Gordillo y usted<\/em><\/span><\/li>\n<li><span style=\"color: #008000\"><em>En efecto. Para un pueblo de 28.000 habitantes no est\u00e1 mal<\/em><\/span><\/li>\n<li><span style=\"color: #008000\"><em>\u00bfUsted recuerda al \u201cGordo\u201d?<\/em><\/span><\/li>\n<li><span style=\"color: #008000\"><em>De Almendralejo, no. Nunca he coincidido con \u00e9l por all\u00ed. Lo recuerdo como todo el mundo: en el Betis, en el Madrid y en la selecci\u00f3n. Se crio en Sevilla, por el pueblo anduvo poco. Pero es el \u00eddolo de todos<\/em><\/span><\/li>\n<li><span style=\"color: #008000\"><em>Usted debi\u00f3 ser de los que m\u00e1s sintieron la marcha de Clemente, claro<\/em><\/span><\/li>\n<li><span style=\"color: #008000\"><em>Cuando supe que nos iba a llamar para este partido me ilusion\u00e9 y luego me qued\u00f3 la intriga de saber qu\u00e9 pensar\u00eda Camacho. Cuando me vi en la lista me emocion\u00e9. Sent\u00ed orgullo como espa\u00f1ol y como futbolista. Ahora deseo corresponder a esa confianza.<\/em><\/span><\/li>\n<li><span style=\"color: #008000\"><em>La selecci\u00f3n lo revalorizar\u00e1\u2026<\/em><\/span><\/li>\n<li><span style=\"color: #008000\"><em>Tengo nueve a\u00f1os m\u00e1s de contrato con el Betis<\/em><\/span><\/li>\n<li><span style=\"color: #008000\"><em>\u00a1Quillo\u00a1 \u00bfHasta que sea abuelo?<\/em><\/span><\/li>\n<li><span style=\"color: #008000\"><em>\u00a1Ja, ja\u00a1 Tal como est\u00e1 el patio con los extranjeros, me dije: Ito, amarra. Y firm\u00e9 diez a\u00f1os<\/em><\/span><\/li>\n<li><span style=\"color: #008000\"><em>Y la cl\u00e1usula, ni hablemos<\/em><\/span><\/li>\n<li><span style=\"color: #008000\"><em>Veinte mil<\/em><\/span><\/li>\n<li><span style=\"color: #008000\"><em>Millones, claro<\/em><\/span><\/li>\n<li><span style=\"color: #008000\"><em>Claro<\/em><\/span><\/li>\n<li><span style=\"color: #008000\"><em>De pesetas<\/em><\/span><\/li>\n<li><span style=\"color: #008000\"><em>Eso<\/em><\/span><\/li>\n<li><span style=\"color: #008000\"><em>Lo digo por si Van Gaal\u2026<\/em><\/span><\/li>\n<li><span style=\"color: #008000\"><em>Amarra\u00edtos estamos todos en el Betis<\/em><\/span><\/li>\n<li><span style=\"color: #008000\"><em>Pero lo que dec\u00edamos antes, como la etapa en el Extremadura\u2026<\/em><\/span><\/li>\n<li><span style=\"color: #008000\"><em>Eso es inolvidable. Fueron seis a\u00f1os de locura. La gente vivi\u00f3 unos momentos\u2026\u00a1uff\u00a1, se me ponen todav\u00eda los pelos de punta al recordarlo. Piense que en cinco temporadas pasamos de Segunda B a Primera. Para Almendralejo fue demasiado<\/em><\/span><\/li>\n<li><span style=\"color: #008000\"><em>\u00bfIrrepetible?<\/em><\/span><\/li>\n<li><span style=\"color: #008000\"><em>Por c\u00f3mo se logr\u00f3, seguramente. Es dif\u00edcil que otra ciudad del corte de la nuestra consiga algo parecido<\/em><\/span><\/li>\n<li><span style=\"color: #008000\"><em>\u00bfNi Villarreal?<\/em><\/span><\/li>\n<li><span style=\"color: #008000\"><em>Tiene Valencia al lado, m\u00e1s gente alrededor, m\u00e1s jugadores, m\u00e1s dinero en su entorno. Siendo fant\u00e1stico lo que han hecho, ni lo lograron en cinco a\u00f1os como nosotros, ni son dos localidades iguales. Creo que Villarreal es m\u00e1s<\/em><\/span><\/li>\n<li><span style=\"color: #008000\"><em>De Almendralejo se fue usted a Vigo. \u00bfPor qu\u00e9 s\u00f3lo dur\u00f3 un a\u00f1o en el Celta?<\/em><\/span><\/li>\n<li><span style=\"color: #008000\"><em>Porque me lleg\u00f3 una gran oferta y, pese a lo c\u00f3modo y bien que estaba, decid\u00ed que me conven\u00eda el Betis. Pero el a\u00f1o del Celta es inolvidable tambi\u00e9n. Piense que colabor\u00e9 a que el equipo volviera a Europa 27 a\u00f1os despu\u00e9s<\/em><\/span><\/li>\n<li><span style=\"color: #008000\"><em>\u00bfSabe? Me alegra su triunfo. Es usted un t\u00edo majo y, encima, centrocampista. Porque centrocampistas tenemos, \u00bfverdad?<\/em><\/span><\/li>\n<li><span style=\"color: #008000\"><em>S\u00ed, hombre. Y muy buenos<\/em><\/span><\/li>\n<li><span style=\"color: #008000\"><em>Y de casa. Pero de casa-casa. Porque lo de usted, sus inicios, digo, ser\u00edan de cantera en serio<\/em><\/span><\/li>\n<li><span style=\"color: #008000\"><em>De cantera de campos de tierra, con arbustos por driblar, con piedras y todas esas cosas. \u00a1Anda que no hay diferencia\u00a1 Los chavales de ahora tiene m\u00e1s de todo, y yo que me alegro. Pero en mis tiempos\u2026<\/em><\/span><\/li>\n<li><span style=\"color: #008000\"><em>Usted es el triunfo del futbolista del pueblo<\/em><\/span><\/li>\n<li><span style=\"color: #008000\"><em>S\u00ed, se\u00f1or. Eso soy yo: un futbolista del pueblo, de la gente; uno de esos chavales que enga\u00f1aban a sus padres para ir a darle al bal\u00f3n, de los que romp\u00edan zapatos, que se hac\u00edan heridas y no pasaba nada. De esos que dorm\u00edan so\u00f1ando con lo que acabo de conseguir; que el seleccionador me llame<\/em><\/span><\/li>\n<li><span style=\"color: #008000\"><em>F\u00edjese que Oscar no juega, y De la Pe\u00f1a en Italia, y V\u00edctor en Santander\u2026<\/em><\/span><\/li>\n<li><span style=\"color: #008000\"><em>Es terrible. Todos \u00e9sos y otros, cuantos m\u00e1s deber\u00edan ser indiscutibles en cualquier equipo\u2026 \u00a1Es terrible, s\u00ed\u00a1\u00a1\u00a1<\/em><\/span><\/li>\n<li><span style=\"color: #008000\"><em>En su casa, imagino d\u00edas de locura\u2026<\/em><\/span><\/li>\n<li><span style=\"color: #008000\"><em>Est\u00e1n como locos y mi hermano peque\u00f1o, que tiene siete a\u00f1os, est\u00e1 que no duerme<\/em><\/span><\/li>\n<li><span style=\"color: #008000\"><em>Est\u00e1 usted casado no hace mucho \u00bfno?<\/em><\/span><\/li>\n<li><span style=\"color: #008000\"><em>Un a\u00f1o<\/em><\/span><\/li>\n<li><span style=\"color: #008000\"><em>Pues ya sabe, cuando sea ni\u00f1o, le pone usted Jos\u00e9 Antonio<\/em><\/span><\/li>\n<li><span style=\"color: #008000\"><em>\u00bfPor?<\/em><\/span><\/li>\n<li><span style=\"color: #008000\"><em>\u00a1Por Camacho, hombre de Dios\u00a1<\/em><\/span><\/li>\n<li><span style=\"color: #008000\"><em>\u00a1Vale\u00a1 Antonio como yo y Jos\u00e9\u2026, pues por eso \u00a1Buena broma\u00a1<\/em><\/span><\/li>\n<li><span style=\"color: #008000\"><em>A disfrutarlo, Se lo merece<\/em><\/span><\/li>\n<li><span style=\"color: #008000\"><em>Pues muchas gracias \u00a0\u00a0\u00a0\u00a0\u00a0\u00a0\u00a0<\/em><\/span><\/li>\n<\/ul>\n<p><span style=\"color: #008000\"><em>\u00a0\u00a0<\/em><\/span><\/p>\n","protected":false},"excerpt":{"rendered":"<p>Antonio Alvarez \u00abIto\u00bb lleg\u00f3 al Betis en el verano de 1998 tras una sola campa\u00f1a en el Celta y seis anteriormente en el conjunto de su localidad natal, el Extremadura de Almendralejo, con el que ascendi\u00f3 desde la Segunda B a Primera Divisi\u00f3n. Ya hab\u00eda sido internacional en categor\u00eda sub 18 y sub 21, e&#8230;<\/p>\n","protected":false},"author":5,"featured_media":50648,"comment_status":"open","ping_status":"open","sticky":false,"template":"","format":"standard","meta":{"_kad_post_transparent":"","_kad_post_title":"","_kad_post_layout":"","_kad_post_sidebar_id":"","_kad_post_content_style":"","_kad_post_vertical_padding":"","_kad_post_feature":"","_kad_post_feature_position":"","_kad_post_header":false,"_kad_post_footer":false,"_kad_post_classname":"","_jetpack_memberships_contains_paid_content":false,"footnotes":"","jetpack_publicize_message":"","jetpack_publicize_feature_enabled":true,"jetpack_social_post_already_shared":true,"jetpack_social_options":{"image_generator_settings":{"template":"highway","default_image_id":0,"font":"","enabled":false},"version":2}},"categories":[905,893,1],"tags":[2413,2414,1076,16988],"class_list":["post-50647","post","type-post","status-publish","format-standard","has-post-thumbnail","hentry","category-1990-1999","category-jugadores-temas","category-portada","tag-2413","tag-1998-99","tag-antonio-alvarez-ito","tag-tomas-guasch"],"jetpack_publicize_connections":[],"jetpack_featured_media_url":"https:\/\/i0.wp.com\/www.manquepierda.com\/historiarealbetis\/files\/2016\/07\/1998-09-23-Entrevista-Ito-imagen-NMP.jpg?fit=857%2C640&ssl=1","jetpack_sharing_enabled":true,"jetpack_shortlink":"https:\/\/wp.me\/p1ij08-daT","jetpack-related-posts":[],"_links":{"self":[{"href":"https:\/\/www.manquepierda.com\/historiarealbetis\/wp-json\/wp\/v2\/posts\/50647","targetHints":{"allow":["GET"]}}],"collection":[{"href":"https:\/\/www.manquepierda.com\/historiarealbetis\/wp-json\/wp\/v2\/posts"}],"about":[{"href":"https:\/\/www.manquepierda.com\/historiarealbetis\/wp-json\/wp\/v2\/types\/post"}],"author":[{"embeddable":true,"href":"https:\/\/www.manquepierda.com\/historiarealbetis\/wp-json\/wp\/v2\/users\/5"}],"replies":[{"embeddable":true,"href":"https:\/\/www.manquepierda.com\/historiarealbetis\/wp-json\/wp\/v2\/comments?post=50647"}],"version-history":[{"count":1,"href":"https:\/\/www.manquepierda.com\/historiarealbetis\/wp-json\/wp\/v2\/posts\/50647\/revisions"}],"predecessor-version":[{"id":100928,"href":"https:\/\/www.manquepierda.com\/historiarealbetis\/wp-json\/wp\/v2\/posts\/50647\/revisions\/100928"}],"wp:featuredmedia":[{"embeddable":true,"href":"https:\/\/www.manquepierda.com\/historiarealbetis\/wp-json\/wp\/v2\/media\/50648"}],"wp:attachment":[{"href":"https:\/\/www.manquepierda.com\/historiarealbetis\/wp-json\/wp\/v2\/media?parent=50647"}],"wp:term":[{"taxonomy":"category","embeddable":true,"href":"https:\/\/www.manquepierda.com\/historiarealbetis\/wp-json\/wp\/v2\/categories?post=50647"},{"taxonomy":"post_tag","embeddable":true,"href":"https:\/\/www.manquepierda.com\/historiarealbetis\/wp-json\/wp\/v2\/tags?post=50647"}],"curies":[{"name":"wp","href":"https:\/\/api.w.org\/{rel}","templated":true}]}}