{"id":50690,"date":"2016-07-12T20:45:22","date_gmt":"2016-07-12T18:45:22","guid":{"rendered":"http:\/\/www.manquepierda.com\/historiarealbetis\/?p=50690"},"modified":"2024-11-12T19:13:50","modified_gmt":"2024-11-12T18:13:50","slug":"1960-agosto-29","status":"publish","type":"post","link":"https:\/\/www.manquepierda.com\/historiarealbetis\/1960-agosto-29\/","title":{"rendered":"1960-Agosto 28-Amistoso: Real Club Recreativo Huelva-2 Real Betis Balompi\u00e9-3"},"content":{"rendered":"<p style=\"text-align: justify\"><strong>1960-AGOSTO 28-DOMINGO EN HUELVA-ESTADIO MUNICIPAL \u00abCOLOMBINO\u00bb-AMISTOSO-<img data-recalc-dims=\"1\" loading=\"lazy\" decoding=\"async\" class=\"alignright size-full wp-image-50692\" src=\"https:\/\/i0.wp.com\/www.manquepierda.com\/historiarealbetis\/files\/2016\/07\/recre.jpg?resize=572%2C329&#038;ssl=1\" alt=\"recre\" width=\"572\" height=\"329\" srcset=\"https:\/\/i0.wp.com\/www.manquepierda.com\/historiarealbetis\/files\/2016\/07\/recre.jpg?w=572&amp;ssl=1 572w, https:\/\/i0.wp.com\/www.manquepierda.com\/historiarealbetis\/files\/2016\/07\/recre.jpg?resize=220%2C127&amp;ssl=1 220w\" sizes=\"auto, (max-width: 572px) 100vw, 572px\" \/>PRE-TEMPORADA 1960-1961.<br \/>\n<\/strong><\/p>\n<p style=\"text-align: justify\">Arbitr\u00f3 con algunos errores el se\u00f1or Calder\u00f3n.<\/p>\n<p style=\"text-align: justify\">1960-1961TERCERA DIVISION-GRUPO XII.<\/p>\n<p style=\"text-align: justify\">1960-1964 Presidente don Jos\u00e9 Lu\u00eds D\u00cdAZ GONZ\u00c1LEZ.<\/p>\n<p style=\"text-align: center\"><img data-recalc-dims=\"1\" loading=\"lazy\" decoding=\"async\" class=\"alignleft size-thumbnail wp-image-50694\" src=\"https:\/\/i0.wp.com\/www.manquepierda.com\/historiarealbetis\/files\/2016\/07\/FAE.jpg?resize=149%2C220&#038;ssl=1\" alt=\"FAE\" width=\"149\" height=\"220\" srcset=\"https:\/\/i0.wp.com\/www.manquepierda.com\/historiarealbetis\/files\/2016\/07\/FAE.jpg?resize=149%2C220&amp;ssl=1 149w, https:\/\/i0.wp.com\/www.manquepierda.com\/historiarealbetis\/files\/2016\/07\/FAE.jpg?w=170&amp;ssl=1 170w\" sizes=\"auto, (max-width: 149px) 100vw, 149px\" \/><\/p>\n<p style=\"text-align: justify\"><strong>1961-1963 Entrenador Francisco Ant\u00fanez Espada (37 a\u00f1os+9 meses+27 d\u00edas)-Natural de Sevilla, mi\u00e9rcoles 1\u00ba de Noviembre de 1922.-\u00cddem, martes 16 de Agosto de 1994 (71 A\u00f1os+9 meses+15 d\u00edas) D. E. P.<\/strong><\/p>\n<p style=\"text-align: justify\"><img data-recalc-dims=\"1\" loading=\"lazy\" decoding=\"async\" class=\"size-thumbnail wp-image-50693 aligncenter\" src=\"https:\/\/i0.wp.com\/www.manquepierda.com\/historiarealbetis\/files\/2016\/07\/escudo-recreativo-huelva.jpg?resize=220%2C220&#038;ssl=1\" alt=\"escudo-recreativo-huelva\" width=\"220\" height=\"220\" srcset=\"https:\/\/i0.wp.com\/www.manquepierda.com\/historiarealbetis\/files\/2016\/07\/escudo-recreativo-huelva.jpg?resize=220%2C220&amp;ssl=1 220w, https:\/\/i0.wp.com\/www.manquepierda.com\/historiarealbetis\/files\/2016\/07\/escudo-recreativo-huelva.jpg?w=300&amp;ssl=1 300w\" sizes=\"auto, (max-width: 220px) 100vw, 220px\" \/><\/p>\n<p style=\"text-align: center\">REAL RECREATIVO DE HUELVA-2 TANTOS.<\/p>\n<p style=\"text-align: center\"><strong>Eugenio<\/strong> Ruiz P\u00e9rez <strong>(2 goles encajados-1erTpo)<\/strong> y BARROSO <strong>(1 gol encajado.-2\u00baTpo).<\/strong><\/p>\n<p style=\"text-align: center\">FORTEN-Agust\u00edn INFANTE Calzadilla (Jos\u00e9 RUIZ Mesa)-CUTI.<\/p>\n<p style=\"text-align: justify\">Manuel GUERRA Ercilla (Juan Antonio Lorenzo Pena (a) \u00abCAROLO\u00bb)-Pedro DOM\u00cdNGUEZ Catal\u00e1n.<\/p>\n<p style=\"text-align: justify\">Lorenzo Fern\u00e1ndez G\u00f3mez (a) \u00abGRINGO\u00bb-Miguel ROM\u00c1N Garc\u00eda-Juan HERRERA S\u00e1nchez (GUERRERO)-AZCUEZ <strong>(1-0.-08 minutos+2-0.-30 minutos)<\/strong>-MARY.<\/p>\n<p style=\"text-align: center\"><strong>Vs.<\/strong><\/p>\n<p style=\"text-align: justify\"><em><strong>1955-1965 Presidente don Benito VILLAMAR\u00cdN PRIETO-Industrial (44 a\u00f1os+7 d\u00edas)-Natural de Puga-To\u00e9n<img data-recalc-dims=\"1\" loading=\"lazy\" decoding=\"async\" class=\"alignright size-thumbnail wp-image-50695\" src=\"https:\/\/i0.wp.com\/www.manquepierda.com\/historiarealbetis\/files\/2016\/07\/Benito-VILLAMAR%C3%8DN-PRIETO-196008VYB.jpg?resize=151%2C220&#038;ssl=1\" alt=\"Benito VILLAMAR\u00cdN PRIETO-196008VYB\" width=\"151\" height=\"220\" srcset=\"https:\/\/i0.wp.com\/www.manquepierda.com\/historiarealbetis\/files\/2016\/07\/Benito-VILLAMAR%C3%8DN-PRIETO-196008VYB.jpg?resize=151%2C220&amp;ssl=1 151w, https:\/\/i0.wp.com\/www.manquepierda.com\/historiarealbetis\/files\/2016\/07\/Benito-VILLAMAR%C3%8DN-PRIETO-196008VYB.jpg?resize=412%2C600&amp;ssl=1 412w, https:\/\/i0.wp.com\/www.manquepierda.com\/historiarealbetis\/files\/2016\/07\/Benito-VILLAMAR%C3%8DN-PRIETO-196008VYB.jpg?resize=768%2C1119&amp;ssl=1 768w, https:\/\/i0.wp.com\/www.manquepierda.com\/historiarealbetis\/files\/2016\/07\/Benito-VILLAMAR%C3%8DN-PRIETO-196008VYB.jpg?resize=480%2C700&amp;ssl=1 480w, https:\/\/i0.wp.com\/www.manquepierda.com\/historiarealbetis\/files\/2016\/07\/Benito-VILLAMAR%C3%8DN-PRIETO-196008VYB.jpg?w=963&amp;ssl=1 963w\" sizes=\"auto, (max-width: 151px) 100vw, 151px\" \/> (Ourense), lunes 21 de Agosto de 1916 (Centenario DOMINGO 21-VIII-2016).-Obituario en Sevilla, lunes 15 de Agosto de 1966 (50 A\u00f1os menos 6 d\u00edas) D. E. P.<\/strong><\/em><\/p>\n<figure id=\"attachment_50696\" aria-describedby=\"caption-attachment-50696\" style=\"width: 220px\" class=\"wp-caption alignleft\"><img data-recalc-dims=\"1\" loading=\"lazy\" decoding=\"async\" class=\"size-thumbnail wp-image-50696\" src=\"https:\/\/i0.wp.com\/www.manquepierda.com\/historiarealbetis\/files\/2016\/07\/VYB1.jpg?resize=220%2C199&#038;ssl=1\" alt=\"MMMMM\" width=\"220\" height=\"199\" srcset=\"https:\/\/i0.wp.com\/www.manquepierda.com\/historiarealbetis\/files\/2016\/07\/VYB1.jpg?resize=220%2C199&amp;ssl=1 220w, https:\/\/i0.wp.com\/www.manquepierda.com\/historiarealbetis\/files\/2016\/07\/VYB1.jpg?resize=663%2C600&amp;ssl=1 663w, https:\/\/i0.wp.com\/www.manquepierda.com\/historiarealbetis\/files\/2016\/07\/VYB1.jpg?resize=768%2C695&amp;ssl=1 768w, https:\/\/i0.wp.com\/www.manquepierda.com\/historiarealbetis\/files\/2016\/07\/VYB1.jpg?resize=774%2C700&amp;ssl=1 774w, https:\/\/i0.wp.com\/www.manquepierda.com\/historiarealbetis\/files\/2016\/07\/VYB1.jpg?w=1357&amp;ssl=1 1357w\" sizes=\"auto, (max-width: 220px) 100vw, 220px\" \/><figcaption id=\"caption-attachment-50696\" class=\"wp-caption-text\"><em>\u00abDaucik aconseja a Yanko y Bosch antes de comenzar el segundo tiempo del partido contra el Recreativo\u00bb.<\/em><\/figcaption><\/figure>\n<p style=\"text-align: justify\"><strong>1960-1961-Entrenador Real Betis Balompi\u00e9, Ferdinand DAUCIK Fonfer (50 a\u00f1os+3 meses menos 2 d\u00edas)-Natural de \u015cahy (Eslovaquia), lunes 30 de Mayo de 1910.-Obituario en Alcal\u00e1 de Henares (Madrid), viernes 14 de Noviembre de 1986 (76 A\u00f1os+6 meses menos16 d\u00edas) D. E. P.<\/strong><\/p>\n<p style=\"text-align: justify\"><strong>XXX CAMPEONATO NACIONAL LIGA PRIMERA DIVISI\u00d3N-TEMPORADA 1960-1961 (Empez\u00f3 el domingo 11-IX-1960 y termin\u00f3 el domingo 30-IV-1961; ambas fechas inclusives).-Pretemporada tercer encuentro amistoso de cinco concertados.<\/strong><\/p>\n<p style=\"text-align: justify\"><em><strong>\u00abAntes de iniciarse el segundo tiempo, el capit\u00e1n del equipo onubense, ofreci\u00f3 un hermoso ramos de flores a la se\u00f1ora do\u00f1a \u00c1ngeles Guill\u00e9n Morillo, que asisti\u00f3 al partido junto a su esposo, y el presidente del Real Club Recreativo de Huelva.<\/strong><\/em><\/p>\n<p style=\"text-align: justify\"><em>Los jugadores del Real Betis Balompi\u00e9 fueron saludados al saltar al terreno de juego con una gran ovaci\u00f3n&#8211;como tambi\u00e9n los recreativistas&#8211;desarroll\u00e1ndose el partido con gran deportividad y en las gradas.<\/em><\/p>\n<p style=\"text-align: center\"><img data-recalc-dims=\"1\" loading=\"lazy\" decoding=\"async\" class=\"aligncenter size-thumbnail wp-image-50697\" src=\"https:\/\/i0.wp.com\/www.manquepierda.com\/historiarealbetis\/files\/2016\/07\/Escudo-RealBetisBalompi%C3%A91960.jpg?resize=220%2C172&#038;ssl=1\" alt=\"Escudo RealBetisBalompi\u00e91960'\" width=\"220\" height=\"172\" srcset=\"https:\/\/i0.wp.com\/www.manquepierda.com\/historiarealbetis\/files\/2016\/07\/Escudo-RealBetisBalompi%C3%A91960.jpg?resize=220%2C172&amp;ssl=1 220w, https:\/\/i0.wp.com\/www.manquepierda.com\/historiarealbetis\/files\/2016\/07\/Escudo-RealBetisBalompi%C3%A91960.jpg?w=600&amp;ssl=1 600w\" sizes=\"auto, (max-width: 220px) 100vw, 220px\" \/><\/p>\n<p style=\"text-align: center\"><strong>REAL BETIS BALOMPI\u00c9-3 GOLES.<\/strong><\/p>\n<p style=\"text-align: center\"><strong>Juan Ignacio OTERO Couceiro (2 tantos encajados-1erTiempo) y Jos\u00e9 Casas Gris (a) \u00abPEP\u00cdN\u00bb.<\/strong><\/p>\n<p style=\"text-align: center\"><strong>Jos\u00e9 Lu\u00eds AZCUETA Uriarte-Eusebio R\u00cdOS Fern\u00e1ndez-Fernando SANTOS Serna (Esteban Areta V\u00e9lez (a) \u00abARETA II\u00bb).<\/strong><\/p>\n<p style=\"text-align: center\"><strong>F\u00c9LIX L\u00f3pez S\u00e1nchez (YANKO Daucik Ciboch)-Antonio PALLAR\u00c9S Huertas (Andr\u00e9s BOSCH Pujol).<\/strong><\/p>\n<p style=\"text-align: justify\"><strong>Heliodoro CASTA\u00d1O Pedrosa-\u00c1ngel Antonio Bernit G\u00f3mez (a) \u00abBERNI\u00bb (Le\u00f3n LASA M\u00fajica)-Janos KUSZMANN Erwin [2-2.-32 minutos] (Juan SITGES Molins)-Alfredo Hugo ROJAS Delinge (2-1.-31 minutos+2-3.-52 minutos)-Juan SITGES Molins (Ignacio MART\u00cdN-ESPERANZA Tejada):<\/strong><\/p>\n<figure id=\"attachment_50699\" aria-describedby=\"caption-attachment-50699\" style=\"width: 962px\" class=\"wp-caption alignnone\"><img data-recalc-dims=\"1\" loading=\"lazy\" decoding=\"async\" class=\"size-full wp-image-50699\" src=\"https:\/\/i0.wp.com\/www.manquepierda.com\/historiarealbetis\/files\/2016\/07\/Mart%C3%ADn-Esperanza.jpg?resize=962%2C1158&#038;ssl=1\" alt=\"mmmm\" width=\"962\" height=\"1158\" srcset=\"https:\/\/i0.wp.com\/www.manquepierda.com\/historiarealbetis\/files\/2016\/07\/Mart%C3%ADn-Esperanza.jpg?w=962&amp;ssl=1 962w, https:\/\/i0.wp.com\/www.manquepierda.com\/historiarealbetis\/files\/2016\/07\/Mart%C3%ADn-Esperanza.jpg?resize=183%2C220&amp;ssl=1 183w, https:\/\/i0.wp.com\/www.manquepierda.com\/historiarealbetis\/files\/2016\/07\/Mart%C3%ADn-Esperanza.jpg?resize=498%2C600&amp;ssl=1 498w, https:\/\/i0.wp.com\/www.manquepierda.com\/historiarealbetis\/files\/2016\/07\/Mart%C3%ADn-Esperanza.jpg?resize=768%2C924&amp;ssl=1 768w, https:\/\/i0.wp.com\/www.manquepierda.com\/historiarealbetis\/files\/2016\/07\/Mart%C3%ADn-Esperanza.jpg?resize=582%2C700&amp;ssl=1 582w\" sizes=\"auto, (max-width: 962px) 100vw, 962px\" \/><figcaption id=\"caption-attachment-50699\" class=\"wp-caption-text\"><em>\u00abMART\u00cdN-ESPERANZA CONSIGUE REMATAR A PUERTA A PESAR DE LA OPOSICI\u00d3N DE UN JUGADOR ONUBENSE\u00bb-<\/em><strong>Fuente \u00abrevista de la afici\u00f3n b\u00e9tica <em>\u00abVERDE Y BLANCO\u00bb N\u00ba 2-A\u00d1O I-PUBLICACI\u00d3N MENSUAL-SEPTIEMBRE 1960.-PVP 7 PESETAS.<\/em><\/strong><\/figcaption><\/figure>\n<p>&nbsp;<\/p>\n","protected":false},"excerpt":{"rendered":"<p>1960-AGOSTO 28-DOMINGO EN HUELVA-ESTADIO MUNICIPAL \u00abCOLOMBINO\u00bb-AMISTOSO-PRE-TEMPORADA 1960-1961. Arbitr\u00f3 con algunos errores el se\u00f1or Calder\u00f3n. 1960-1961TERCERA DIVISION-GRUPO XII. 1960-1964 Presidente don Jos\u00e9 Lu\u00eds D\u00cdAZ GONZ\u00c1LEZ. 1961-1963 Entrenador Francisco Ant\u00fanez Espada (37 a\u00f1os+9 meses+27 d\u00edas)-Natural de Sevilla, mi\u00e9rcoles 1\u00ba de Noviembre de 1922.-\u00cddem, martes 16 de Agosto de 1994 (71 A\u00f1os+9 meses+15 d\u00edas) D. E. P. REAL&#8230;<\/p>\n","protected":false},"author":48,"featured_media":50699,"comment_status":"open","ping_status":"open","sticky":false,"template":"","format":"standard","meta":{"_kad_post_transparent":"","_kad_post_title":"","_kad_post_layout":"","_kad_post_sidebar_id":"","_kad_post_content_style":"","_kad_post_vertical_padding":"","_kad_post_feature":"","_kad_post_feature_position":"","_kad_post_header":false,"_kad_post_footer":false,"_kad_post_classname":"","_jetpack_memberships_contains_paid_content":false,"footnotes":"","jetpack_publicize_message":"","jetpack_publicize_feature_enabled":true,"jetpack_social_post_already_shared":true,"jetpack_social_options":{"image_generator_settings":{"template":"highway","default_image_id":0,"font":"","enabled":false},"version":2}},"categories":[902,1],"tags":[1246,2664,2038],"class_list":["post-50690","post","type-post","status-publish","format-standard","has-post-thumbnail","hentry","category-1960-1969","category-portada","tag-1246","tag-1960-61","tag-real-club-recreativo-de-huelva"],"jetpack_publicize_connections":[],"jetpack_featured_media_url":"https:\/\/i0.wp.com\/www.manquepierda.com\/historiarealbetis\/files\/2016\/07\/Mart%C3%ADn-Esperanza.jpg?fit=962%2C1158&ssl=1","jetpack_sharing_enabled":true,"jetpack_shortlink":"https:\/\/wp.me\/p1ij08-dbA","jetpack-related-posts":[],"_links":{"self":[{"href":"https:\/\/www.manquepierda.com\/historiarealbetis\/wp-json\/wp\/v2\/posts\/50690","targetHints":{"allow":["GET"]}}],"collection":[{"href":"https:\/\/www.manquepierda.com\/historiarealbetis\/wp-json\/wp\/v2\/posts"}],"about":[{"href":"https:\/\/www.manquepierda.com\/historiarealbetis\/wp-json\/wp\/v2\/types\/post"}],"author":[{"embeddable":true,"href":"https:\/\/www.manquepierda.com\/historiarealbetis\/wp-json\/wp\/v2\/users\/48"}],"replies":[{"embeddable":true,"href":"https:\/\/www.manquepierda.com\/historiarealbetis\/wp-json\/wp\/v2\/comments?post=50690"}],"version-history":[{"count":1,"href":"https:\/\/www.manquepierda.com\/historiarealbetis\/wp-json\/wp\/v2\/posts\/50690\/revisions"}],"predecessor-version":[{"id":100929,"href":"https:\/\/www.manquepierda.com\/historiarealbetis\/wp-json\/wp\/v2\/posts\/50690\/revisions\/100929"}],"wp:featuredmedia":[{"embeddable":true,"href":"https:\/\/www.manquepierda.com\/historiarealbetis\/wp-json\/wp\/v2\/media\/50699"}],"wp:attachment":[{"href":"https:\/\/www.manquepierda.com\/historiarealbetis\/wp-json\/wp\/v2\/media?parent=50690"}],"wp:term":[{"taxonomy":"category","embeddable":true,"href":"https:\/\/www.manquepierda.com\/historiarealbetis\/wp-json\/wp\/v2\/categories?post=50690"},{"taxonomy":"post_tag","embeddable":true,"href":"https:\/\/www.manquepierda.com\/historiarealbetis\/wp-json\/wp\/v2\/tags?post=50690"}],"curies":[{"name":"wp","href":"https:\/\/api.w.org\/{rel}","templated":true}]}}