{"id":50951,"date":"2016-08-06T14:23:05","date_gmt":"2016-08-06T12:23:05","guid":{"rendered":"http:\/\/www.manquepierda.com\/historiarealbetis\/?p=50951"},"modified":"2024-08-25T17:33:30","modified_gmt":"2024-08-25T15:33:30","slug":"respuesta-revista-aficion-betica-verde-blanco-agosto-1962","status":"publish","type":"post","link":"https:\/\/www.manquepierda.com\/historiarealbetis\/respuesta-revista-aficion-betica-verde-blanco-agosto-1962\/","title":{"rendered":"\u00abPara todo hay respuesta\u00bb-Revista Afici\u00f3n B\u00e9tica \u00abVerde y Blanco\u00bb Agosto-1962"},"content":{"rendered":"<p style=\"text-align: center\"><img data-recalc-dims=\"1\" loading=\"lazy\" decoding=\"async\" class=\"aligncenter size-full wp-image-50952\" src=\"https:\/\/i0.wp.com\/www.manquepierda.com\/historiarealbetis\/files\/2016\/08\/5%C2%AAEnmienda-vs.-5%C2%BApoder.jpg?resize=1290%2C1395&#038;ssl=1\" alt=\"5\u00aaEnmienda vs. &quot;5\u00bapoder&quot;\" width=\"1290\" height=\"1395\" srcset=\"https:\/\/i0.wp.com\/www.manquepierda.com\/historiarealbetis\/files\/2016\/08\/5%C2%AAEnmienda-vs.-5%C2%BApoder.jpg?w=1985&amp;ssl=1 1985w, https:\/\/i0.wp.com\/www.manquepierda.com\/historiarealbetis\/files\/2016\/08\/5%C2%AAEnmienda-vs.-5%C2%BApoder.jpg?resize=203%2C220&amp;ssl=1 203w, https:\/\/i0.wp.com\/www.manquepierda.com\/historiarealbetis\/files\/2016\/08\/5%C2%AAEnmienda-vs.-5%C2%BApoder.jpg?resize=555%2C600&amp;ssl=1 555w, https:\/\/i0.wp.com\/www.manquepierda.com\/historiarealbetis\/files\/2016\/08\/5%C2%AAEnmienda-vs.-5%C2%BApoder.jpg?resize=768%2C830&amp;ssl=1 768w, https:\/\/i0.wp.com\/www.manquepierda.com\/historiarealbetis\/files\/2016\/08\/5%C2%AAEnmienda-vs.-5%C2%BApoder.jpg?resize=647%2C700&amp;ssl=1 647w\" sizes=\"auto, (max-width: 1290px) 100vw, 1290px\" \/><\/p>\n<p style=\"text-align: justify\"><span style=\"color: #008000\"><em><strong>Revista de la afici\u00f3n b\u00e9tica \u00abVERDE Y BLANCO\u00bb-Secci\u00f3n \u00abPENALTI\u00bb-Art\u00edculo firmado por el editor-propietario Ignacio L\u00f3pez P\u00e9rez.-A\u00f1o II-publicaci\u00f3n mensual AGOSTO 1962.-pvp 7 pesetas.<\/strong><\/em><\/span><\/p>\n","protected":false},"excerpt":{"rendered":"<p>Revista de la afici\u00f3n b\u00e9tica \u00abVERDE Y BLANCO\u00bb-Secci\u00f3n \u00abPENALTI\u00bb-Art\u00edculo firmado por el editor-propietario Ignacio L\u00f3pez P\u00e9rez.-A\u00f1o II-publicaci\u00f3n mensual AGOSTO 1962.-pvp 7 pesetas.<\/p>\n","protected":false},"author":48,"featured_media":50952,"comment_status":"open","ping_status":"open","sticky":false,"template":"","format":"standard","meta":{"_kad_post_transparent":"","_kad_post_title":"","_kad_post_layout":"","_kad_post_sidebar_id":"","_kad_post_content_style":"","_kad_post_vertical_padding":"","_kad_post_feature":"","_kad_post_feature_position":"","_kad_post_header":false,"_kad_post_footer":false,"_kad_post_classname":"","_jetpack_memberships_contains_paid_content":false,"footnotes":"","jetpack_publicize_message":"","jetpack_publicize_feature_enabled":true,"jetpack_social_post_already_shared":true,"jetpack_social_options":{"image_generator_settings":{"template":"highway","default_image_id":0,"font":"","enabled":false},"version":2}},"categories":[902,1],"tags":[5369,14518],"class_list":["post-50951","post","type-post","status-publish","format-standard","has-post-thumbnail","hentry","category-1960-1969","category-portada","tag-5369","tag-revista-aficion-betica-verde-y-blanco-no22-agosto-1962"],"jetpack_publicize_connections":[],"jetpack_featured_media_url":"https:\/\/i0.wp.com\/www.manquepierda.com\/historiarealbetis\/files\/2016\/08\/5%C2%AAEnmienda-vs.-5%C2%BApoder.jpg?fit=1985%2C2146&ssl=1","jetpack_sharing_enabled":true,"jetpack_shortlink":"https:\/\/wp.me\/p1ij08-dfN","jetpack-related-posts":[],"_links":{"self":[{"href":"https:\/\/www.manquepierda.com\/historiarealbetis\/wp-json\/wp\/v2\/posts\/50951","targetHints":{"allow":["GET"]}}],"collection":[{"href":"https:\/\/www.manquepierda.com\/historiarealbetis\/wp-json\/wp\/v2\/posts"}],"about":[{"href":"https:\/\/www.manquepierda.com\/historiarealbetis\/wp-json\/wp\/v2\/types\/post"}],"author":[{"embeddable":true,"href":"https:\/\/www.manquepierda.com\/historiarealbetis\/wp-json\/wp\/v2\/users\/48"}],"replies":[{"embeddable":true,"href":"https:\/\/www.manquepierda.com\/historiarealbetis\/wp-json\/wp\/v2\/comments?post=50951"}],"version-history":[{"count":1,"href":"https:\/\/www.manquepierda.com\/historiarealbetis\/wp-json\/wp\/v2\/posts\/50951\/revisions"}],"predecessor-version":[{"id":97225,"href":"https:\/\/www.manquepierda.com\/historiarealbetis\/wp-json\/wp\/v2\/posts\/50951\/revisions\/97225"}],"wp:featuredmedia":[{"embeddable":true,"href":"https:\/\/www.manquepierda.com\/historiarealbetis\/wp-json\/wp\/v2\/media\/50952"}],"wp:attachment":[{"href":"https:\/\/www.manquepierda.com\/historiarealbetis\/wp-json\/wp\/v2\/media?parent=50951"}],"wp:term":[{"taxonomy":"category","embeddable":true,"href":"https:\/\/www.manquepierda.com\/historiarealbetis\/wp-json\/wp\/v2\/categories?post=50951"},{"taxonomy":"post_tag","embeddable":true,"href":"https:\/\/www.manquepierda.com\/historiarealbetis\/wp-json\/wp\/v2\/tags?post=50951"}],"curies":[{"name":"wp","href":"https:\/\/api.w.org\/{rel}","templated":true}]}}