{"id":51275,"date":"2021-09-05T10:30:00","date_gmt":"2021-09-05T08:30:00","guid":{"rendered":"http:\/\/www.manquepierda.com\/historiarealbetis\/?p=51275"},"modified":"2024-08-27T23:24:25","modified_gmt":"2024-08-27T21:24:25","slug":"hoy-85-anos","status":"publish","type":"post","link":"https:\/\/www.manquepierda.com\/historiarealbetis\/hoy-85-anos\/","title":{"rendered":"Hoy hace 90 a\u00f1os. La Asamblea de socios elige nueva junta directiva presidida por Jos\u00e9 Ignacio Mantec\u00f3n Navasal."},"content":{"rendered":"<p><a href=\"https:\/\/i0.wp.com\/www.manquepierda.com\/historiarealbetis\/files\/2016\/08\/9-Septiembre-5-1931-Elecci%C3%B3n-de-nueva-directiva-Jos%C3%A9-Ignacio-Mantec%C3%B3n-Navasal.jpg?ssl=1\"><img data-recalc-dims=\"1\" loading=\"lazy\" decoding=\"async\" class=\"aligncenter size-medium wp-image-51276\" src=\"https:\/\/i0.wp.com\/www.manquepierda.com\/historiarealbetis\/files\/2016\/08\/9-Septiembre-5-1931-Elecci%C3%B3n-de-nueva-directiva-Jos%C3%A9-Ignacio-Mantec%C3%B3n-Navasal.jpg?resize=680%2C184&#038;ssl=1\" alt=\"9-Septiembre 5 1931 Elecci\u00f3n de nueva directiva Jos\u00e9 Ignacio Mantec\u00f3n Navasal\" width=\"680\" height=\"184\" srcset=\"https:\/\/i0.wp.com\/www.manquepierda.com\/historiarealbetis\/files\/2016\/08\/9-Septiembre-5-1931-Elecci%C3%B3n-de-nueva-directiva-Jos%C3%A9-Ignacio-Mantec%C3%B3n-Navasal.jpg?resize=680%2C184&amp;ssl=1 680w, https:\/\/i0.wp.com\/www.manquepierda.com\/historiarealbetis\/files\/2016\/08\/9-Septiembre-5-1931-Elecci%C3%B3n-de-nueva-directiva-Jos%C3%A9-Ignacio-Mantec%C3%B3n-Navasal.jpg?resize=220%2C59&amp;ssl=1 220w, https:\/\/i0.wp.com\/www.manquepierda.com\/historiarealbetis\/files\/2016\/08\/9-Septiembre-5-1931-Elecci%C3%B3n-de-nueva-directiva-Jos%C3%A9-Ignacio-Mantec%C3%B3n-Navasal.jpg?resize=768%2C207&amp;ssl=1 768w, https:\/\/i0.wp.com\/www.manquepierda.com\/historiarealbetis\/files\/2016\/08\/9-Septiembre-5-1931-Elecci%C3%B3n-de-nueva-directiva-Jos%C3%A9-Ignacio-Mantec%C3%B3n-Navasal.jpg?resize=960%2C259&amp;ssl=1 960w, https:\/\/i0.wp.com\/www.manquepierda.com\/historiarealbetis\/files\/2016\/08\/9-Septiembre-5-1931-Elecci%C3%B3n-de-nueva-directiva-Jos%C3%A9-Ignacio-Mantec%C3%B3n-Navasal.jpg?w=970&amp;ssl=1 970w\" sizes=\"auto, (max-width: 680px) 100vw, 680px\" \/><\/a><\/p>\n<p style=\"text-align: justify\"><span style=\"color: #008000\">El 5 de septiembre de 1931 la asamblea ordinaria del Betis Balompi\u00e9, celebrada en la Sociedad Econ\u00f3mica de Amigos del Pa\u00eds en la calle Rioja, eligi\u00f3 una nueva directiva presidida por Jos\u00e9 Ignacio Mantec\u00f3n Navasal, y compuesta por Jos\u00e9 Mar\u00eda Domenech, Manuel Alonso Cueli, Carlos Alonso, Luis Taviel, Antonio Pol, Carlos Alarc\u00f3n, Enrique A\u00f1ino, Heliodoro Garrido, Ferm\u00edn Pedr\u00f3s, Alfredo Arboleya, Valent\u00edn P\u00e9rez, Joaqu\u00edn Garc\u00eda de Tejada, Alfonso Alarc\u00f3n, Eduardo Benjumea, Jos\u00e9 Contreras y Juan Amador.<\/span><\/p>\n<figure id=\"attachment_52038\" aria-describedby=\"caption-attachment-52038\" style=\"width: 236px\" class=\"wp-caption aligncenter\"><a href=\"https:\/\/i0.wp.com\/www.manquepierda.com\/historiarealbetis\/files\/2016\/09\/Jos%C3%A9-Ignacion-Mantec%C3%B3n-Navasal.2.jpg?ssl=1\"><img data-recalc-dims=\"1\" loading=\"lazy\" decoding=\"async\" class=\"size-full wp-image-52038\" src=\"https:\/\/i0.wp.com\/www.manquepierda.com\/historiarealbetis\/files\/2016\/09\/Jos%C3%A9-Ignacion-Mantec%C3%B3n-Navasal.2.jpg?resize=236%2C277&#038;ssl=1\" alt=\"Jos\u00e9 Ignacio Mantec\u00f3n Navasal\" width=\"236\" height=\"277\" srcset=\"https:\/\/i0.wp.com\/www.manquepierda.com\/historiarealbetis\/files\/2016\/09\/Jos%C3%A9-Ignacion-Mantec%C3%B3n-Navasal.2.jpg?w=236&amp;ssl=1 236w, https:\/\/i0.wp.com\/www.manquepierda.com\/historiarealbetis\/files\/2016\/09\/Jos%C3%A9-Ignacion-Mantec%C3%B3n-Navasal.2.jpg?resize=187%2C220&amp;ssl=1 187w\" sizes=\"auto, (max-width: 236px) 100vw, 236px\" \/><\/a><figcaption id=\"caption-attachment-52038\" class=\"wp-caption-text\">Jos\u00e9 Ignacio Mantec\u00f3n Navasal<\/figcaption><\/figure>\n","protected":false},"excerpt":{"rendered":"<p>El 5 de septiembre de 1931 la asamblea ordinaria del Betis Balompi\u00e9, celebrada en la Sociedad Econ\u00f3mica de Amigos del Pa\u00eds en la calle Rioja, eligi\u00f3 una nueva directiva presidida por Jos\u00e9 Ignacio Mantec\u00f3n Navasal, y compuesta por Jos\u00e9 Mar\u00eda Domenech, Manuel Alonso Cueli, Carlos Alonso, Luis Taviel, Antonio Pol, Carlos Alarc\u00f3n, Enrique A\u00f1ino, Heliodoro&#8230;<\/p>\n","protected":false},"author":5,"featured_media":51276,"comment_status":"open","ping_status":"open","sticky":false,"template":"","format":"standard","meta":{"_kad_post_transparent":"","_kad_post_title":"","_kad_post_layout":"","_kad_post_sidebar_id":"","_kad_post_content_style":"","_kad_post_vertical_padding":"","_kad_post_feature":"","_kad_post_feature_position":"","_kad_post_header":false,"_kad_post_footer":false,"_kad_post_classname":"","_jetpack_memberships_contains_paid_content":false,"footnotes":"","jetpack_publicize_message":"","jetpack_publicize_feature_enabled":true,"jetpack_social_post_already_shared":true,"jetpack_social_options":{"image_generator_settings":{"template":"highway","default_image_id":0,"font":"","enabled":false},"version":2}},"categories":[899,14583,1],"tags":[1029,16436,1662],"class_list":["post-51275","post","type-post","status-publish","format-standard","has-post-thumbnail","hentry","category-1930-1939","category-efemerides","category-portada","tag-1029","tag-asamblea-de-socios","tag-jose-ignacio-mantecon-navasal"],"jetpack_publicize_connections":[],"jetpack_featured_media_url":"https:\/\/i0.wp.com\/www.manquepierda.com\/historiarealbetis\/files\/2016\/08\/9-Septiembre-5-1931-Elecci%C3%B3n-de-nueva-directiva-Jos%C3%A9-Ignacio-Mantec%C3%B3n-Navasal.jpg?fit=970%2C262&ssl=1","jetpack_sharing_enabled":true,"jetpack_shortlink":"https:\/\/wp.me\/p1ij08-dl1","jetpack-related-posts":[],"_links":{"self":[{"href":"https:\/\/www.manquepierda.com\/historiarealbetis\/wp-json\/wp\/v2\/posts\/51275","targetHints":{"allow":["GET"]}}],"collection":[{"href":"https:\/\/www.manquepierda.com\/historiarealbetis\/wp-json\/wp\/v2\/posts"}],"about":[{"href":"https:\/\/www.manquepierda.com\/historiarealbetis\/wp-json\/wp\/v2\/types\/post"}],"author":[{"embeddable":true,"href":"https:\/\/www.manquepierda.com\/historiarealbetis\/wp-json\/wp\/v2\/users\/5"}],"replies":[{"embeddable":true,"href":"https:\/\/www.manquepierda.com\/historiarealbetis\/wp-json\/wp\/v2\/comments?post=51275"}],"version-history":[{"count":1,"href":"https:\/\/www.manquepierda.com\/historiarealbetis\/wp-json\/wp\/v2\/posts\/51275\/revisions"}],"predecessor-version":[{"id":97991,"href":"https:\/\/www.manquepierda.com\/historiarealbetis\/wp-json\/wp\/v2\/posts\/51275\/revisions\/97991"}],"wp:featuredmedia":[{"embeddable":true,"href":"https:\/\/www.manquepierda.com\/historiarealbetis\/wp-json\/wp\/v2\/media\/51276"}],"wp:attachment":[{"href":"https:\/\/www.manquepierda.com\/historiarealbetis\/wp-json\/wp\/v2\/media?parent=51275"}],"wp:term":[{"taxonomy":"category","embeddable":true,"href":"https:\/\/www.manquepierda.com\/historiarealbetis\/wp-json\/wp\/v2\/categories?post=51275"},{"taxonomy":"post_tag","embeddable":true,"href":"https:\/\/www.manquepierda.com\/historiarealbetis\/wp-json\/wp\/v2\/tags?post=51275"}],"curies":[{"name":"wp","href":"https:\/\/api.w.org\/{rel}","templated":true}]}}