{"id":51323,"date":"2024-09-07T12:00:00","date_gmt":"2024-09-07T10:00:00","guid":{"rendered":"http:\/\/www.manquepierda.com\/historiarealbetis\/?p=51323"},"modified":"2024-08-09T19:07:08","modified_gmt":"2024-08-09T17:07:08","slug":"hoy-45-anos-10","status":"publish","type":"post","link":"https:\/\/www.manquepierda.com\/historiarealbetis\/hoy-45-anos-10\/","title":{"rendered":"Hoy hace 50 a\u00f1os. Debut oficial de Julio Carde\u00f1osa"},"content":{"rendered":"<p><span style=\"color: #008000\"><a href=\"https:\/\/i0.wp.com\/www.manquepierda.com\/historiarealbetis\/files\/2016\/08\/Carde%C3%B1osa-2.jpg?ssl=1\"><img data-recalc-dims=\"1\" loading=\"lazy\" decoding=\"async\" class=\"aligncenter wp-image-51324\" src=\"https:\/\/i0.wp.com\/www.manquepierda.com\/historiarealbetis\/files\/2016\/08\/Carde%C3%B1osa-2.jpg?resize=327%2C404&#038;ssl=1\" alt=\"Carde\u00f1osa-2\" width=\"327\" height=\"404\" srcset=\"https:\/\/i0.wp.com\/www.manquepierda.com\/historiarealbetis\/files\/2016\/08\/Carde%C3%B1osa-2.jpg?w=448&amp;ssl=1 448w, https:\/\/i0.wp.com\/www.manquepierda.com\/historiarealbetis\/files\/2016\/08\/Carde%C3%B1osa-2.jpg?resize=178%2C220&amp;ssl=1 178w\" sizes=\"auto, (max-width: 327px) 100vw, 327px\" \/><\/a><\/span><\/p>\n<p><span style=\"color: #008000\">El 7 de septiembre de 1974 debuta oficialmente con el Betis Julio Carde\u00f1osa. Lo hace en el estadio Insular en partido de Liga de Primera Divisi\u00f3n frente a la UD Las Palmas, que venci\u00f3 por 3 goles a 1. El gol b\u00e9tico lo marc\u00f3 Anzarda tras un centro de Julio Carde\u00f1osa en el minuto 2.<\/span><\/p>\n<p><span style=\"color: #008000\">Julio Carde\u00f1osa ten\u00eda 24 a\u00f1os cuando debut\u00f3 con el Betis, al que lleg\u00f3 procedente del Valladolid.<\/span><\/p>\n<p><span style=\"color: #008000\">Para saber m\u00e1s de la trayectoria de Julio Carde\u00f1osa en el Betis ver<a href=\"https:\/\/www.manquepierda.com\/historiarealbetis\/julio-cardenosa\/\"> <strong>aqu\u00ed.<\/strong> <\/a>&nbsp;<\/span><\/p>\n","protected":false},"excerpt":{"rendered":"<p>El 7 de septiembre de 1974 debuta oficialmente con el Betis Julio Carde\u00f1osa. Lo hace en el estadio Insular en partido de Liga de Primera Divisi\u00f3n frente a la UD Las Palmas, que venci\u00f3 por 3 goles a 1. El gol b\u00e9tico lo marc\u00f3 Anzarda tras un centro de Julio Carde\u00f1osa en el minuto 2&#8230;.<\/p>\n","protected":false},"author":5,"featured_media":51324,"comment_status":"open","ping_status":"open","sticky":false,"template":"","format":"standard","meta":{"_kad_post_transparent":"","_kad_post_title":"","_kad_post_layout":"","_kad_post_sidebar_id":"","_kad_post_content_style":"","_kad_post_vertical_padding":"","_kad_post_feature":"","_kad_post_feature_position":"","_kad_post_header":false,"_kad_post_footer":false,"_kad_post_classname":"","_jetpack_memberships_contains_paid_content":false,"footnotes":"","jetpack_publicize_message":"","jetpack_publicize_feature_enabled":true,"jetpack_social_post_already_shared":true,"jetpack_social_options":{"image_generator_settings":{"template":"highway","default_image_id":0,"font":"","enabled":false},"version":2}},"categories":[903,14583,1],"tags":[57,1155,17877],"class_list":["post-51323","post","type-post","status-publish","format-standard","has-post-thumbnail","hentry","category-1970-1979","category-efemerides","category-portada","tag-57","tag-julio-cardenosa","tag-liga-primera-1974-75"],"jetpack_publicize_connections":[],"jetpack_featured_media_url":"https:\/\/i0.wp.com\/www.manquepierda.com\/historiarealbetis\/files\/2016\/08\/Carde%C3%B1osa-2.jpg?fit=448%2C554&ssl=1","jetpack_sharing_enabled":true,"jetpack_shortlink":"https:\/\/wp.me\/p1ij08-dlN","jetpack-related-posts":[],"_links":{"self":[{"href":"https:\/\/www.manquepierda.com\/historiarealbetis\/wp-json\/wp\/v2\/posts\/51323","targetHints":{"allow":["GET"]}}],"collection":[{"href":"https:\/\/www.manquepierda.com\/historiarealbetis\/wp-json\/wp\/v2\/posts"}],"about":[{"href":"https:\/\/www.manquepierda.com\/historiarealbetis\/wp-json\/wp\/v2\/types\/post"}],"author":[{"embeddable":true,"href":"https:\/\/www.manquepierda.com\/historiarealbetis\/wp-json\/wp\/v2\/users\/5"}],"replies":[{"embeddable":true,"href":"https:\/\/www.manquepierda.com\/historiarealbetis\/wp-json\/wp\/v2\/comments?post=51323"}],"version-history":[{"count":5,"href":"https:\/\/www.manquepierda.com\/historiarealbetis\/wp-json\/wp\/v2\/posts\/51323\/revisions"}],"predecessor-version":[{"id":95490,"href":"https:\/\/www.manquepierda.com\/historiarealbetis\/wp-json\/wp\/v2\/posts\/51323\/revisions\/95490"}],"wp:featuredmedia":[{"embeddable":true,"href":"https:\/\/www.manquepierda.com\/historiarealbetis\/wp-json\/wp\/v2\/media\/51324"}],"wp:attachment":[{"href":"https:\/\/www.manquepierda.com\/historiarealbetis\/wp-json\/wp\/v2\/media?parent=51323"}],"wp:term":[{"taxonomy":"category","embeddable":true,"href":"https:\/\/www.manquepierda.com\/historiarealbetis\/wp-json\/wp\/v2\/categories?post=51323"},{"taxonomy":"post_tag","embeddable":true,"href":"https:\/\/www.manquepierda.com\/historiarealbetis\/wp-json\/wp\/v2\/tags?post=51323"}],"curies":[{"name":"wp","href":"https:\/\/api.w.org\/{rel}","templated":true}]}}