{"id":51381,"date":"2024-09-09T12:00:00","date_gmt":"2024-09-09T10:00:00","guid":{"rendered":"http:\/\/www.manquepierda.com\/historiarealbetis\/?p=51381"},"modified":"2025-08-19T19:59:13","modified_gmt":"2025-08-19T17:59:13","slug":"hoy-55-anos-9","status":"publish","type":"post","link":"https:\/\/www.manquepierda.com\/historiarealbetis\/hoy-55-anos-9\/","title":{"rendered":"Hoy hace 60 a\u00f1os. Debut en Europa contra el Stade Fran\u00e7ais."},"content":{"rendered":"<p><a href=\"https:\/\/i0.wp.com\/www.manquepierda.com\/historiarealbetis\/files\/2016\/08\/Alineaci%C3%B3n-Betis-Stade-Fran%C3%A7ais-Copa-Ferias-1964-NMP.jpg?ssl=1\"><img data-recalc-dims=\"1\" loading=\"lazy\" decoding=\"async\" class=\"aligncenter size-medium wp-image-51382\" src=\"https:\/\/i0.wp.com\/www.manquepierda.com\/historiarealbetis\/files\/2016\/08\/Alineaci%C3%B3n-Betis-Stade-Fran%C3%A7ais-Copa-Ferias-1964-NMP.jpg?resize=680%2C437&#038;ssl=1\" alt=\"Alineaci\u00f3n Betis-Stade Fran\u00e7ais Copa Ferias 1964 (NMP)\" width=\"680\" height=\"437\" srcset=\"https:\/\/i0.wp.com\/www.manquepierda.com\/historiarealbetis\/files\/2016\/08\/Alineaci%C3%B3n-Betis-Stade-Fran%C3%A7ais-Copa-Ferias-1964-NMP.jpg?resize=680%2C437&amp;ssl=1 680w, https:\/\/i0.wp.com\/www.manquepierda.com\/historiarealbetis\/files\/2016\/08\/Alineaci%C3%B3n-Betis-Stade-Fran%C3%A7ais-Copa-Ferias-1964-NMP.jpg?resize=220%2C141&amp;ssl=1 220w, https:\/\/i0.wp.com\/www.manquepierda.com\/historiarealbetis\/files\/2016\/08\/Alineaci%C3%B3n-Betis-Stade-Fran%C3%A7ais-Copa-Ferias-1964-NMP.jpg?resize=768%2C494&amp;ssl=1 768w, https:\/\/i0.wp.com\/www.manquepierda.com\/historiarealbetis\/files\/2016\/08\/Alineaci%C3%B3n-Betis-Stade-Fran%C3%A7ais-Copa-Ferias-1964-NMP.jpg?resize=960%2C617&amp;ssl=1 960w, https:\/\/i0.wp.com\/www.manquepierda.com\/historiarealbetis\/files\/2016\/08\/Alineaci%C3%B3n-Betis-Stade-Fran%C3%A7ais-Copa-Ferias-1964-NMP.jpg?w=1465&amp;ssl=1 1465w\" sizes=\"auto, (max-width: 680px) 100vw, 680px\" \/><\/a><\/p>\n<p><span style=\"color: #008000\">El 9 de septiembre de 1964 el Betis se estrenaba en la competici\u00f3n europea con un partido en el Villamar\u00edn contra el Stade Fran\u00e7ais perteneciente a la Copa de Ferias, en la que el Betis particip\u00f3 por haberse clasificado en la tercera posici\u00f3n en la Liga 1963-64.<\/span><\/p>\n<p><span style=\"color: #008000\">El partido concluy\u00f3 con empate a 1, y el Betis form\u00f3 con Pep\u00edn, Aparicio, R\u00edos, Paquito, L\u00f3pez Hidalgo y Su\u00e1rez; Breval, Frasco, Ansola, Azc\u00e1rate y Rogelio. \u00a0\u00a0<\/span><\/p>\n<p><span style=\"color: #008000\">L\u00f3pez Hidalgo fue el autor del primer tanto b\u00e9tico en competici\u00f3n europea, cuando en el 46 remat\u00f3 un pase adelantado de Rogelio.\u00a0<\/span><\/p>\n<p><span style=\"color: #008000\">En este partido debutaron con el Betis en competici\u00f3n oficial Francisco Aparicio, Jos\u00e9 Breval, Francisco Ortiz \u00abFrasco\u00bb y el entrenador Louis Hon.<\/span><\/p>\n","protected":false},"excerpt":{"rendered":"<p>El 9 de septiembre de 1964 el Betis se estrenaba en la competici\u00f3n europea con un partido en el Villamar\u00edn contra el Stade Fran\u00e7ais perteneciente a la Copa de Ferias, en la que el Betis particip\u00f3 por haberse clasificado en la tercera posici\u00f3n en la Liga 1963-64. El partido concluy\u00f3 con empate a 1, y&#8230;<\/p>\n","protected":false},"author":5,"featured_media":51382,"comment_status":"open","ping_status":"open","sticky":false,"template":"","format":"standard","meta":{"_kad_post_transparent":"","_kad_post_title":"","_kad_post_layout":"","_kad_post_sidebar_id":"","_kad_post_content_style":"","_kad_post_vertical_padding":"","_kad_post_feature":"","_kad_post_feature_position":"","_kad_post_header":false,"_kad_post_footer":false,"_kad_post_classname":"","_jetpack_memberships_contains_paid_content":false,"footnotes":"","jetpack_publicize_message":"","jetpack_publicize_feature_enabled":true,"jetpack_social_post_already_shared":true,"jetpack_social_options":{"image_generator_settings":{"template":"highway","default_image_id":0,"font":"","enabled":false},"version":2}},"categories":[902,14583,1],"tags":[4033,17909,1616,1010,2902,16609,2898],"class_list":["post-51381","post","type-post","status-publish","format-standard","has-post-thumbnail","hentry","category-1960-1969","category-efemerides","category-portada","tag-4033","tag-copa-ferias-1964-65","tag-francisco-aparicio","tag-francisco-ortiz-frasco","tag-jose-breval","tag-louis-hon","tag-stade-francais"],"jetpack_publicize_connections":[],"jetpack_featured_media_url":"https:\/\/i0.wp.com\/www.manquepierda.com\/historiarealbetis\/files\/2016\/08\/Alineaci%C3%B3n-Betis-Stade-Fran%C3%A7ais-Copa-Ferias-1964-NMP.jpg?fit=1465%2C942&ssl=1","jetpack_sharing_enabled":true,"jetpack_shortlink":"https:\/\/wp.me\/p1ij08-dmJ","jetpack-related-posts":[],"_links":{"self":[{"href":"https:\/\/www.manquepierda.com\/historiarealbetis\/wp-json\/wp\/v2\/posts\/51381","targetHints":{"allow":["GET"]}}],"collection":[{"href":"https:\/\/www.manquepierda.com\/historiarealbetis\/wp-json\/wp\/v2\/posts"}],"about":[{"href":"https:\/\/www.manquepierda.com\/historiarealbetis\/wp-json\/wp\/v2\/types\/post"}],"author":[{"embeddable":true,"href":"https:\/\/www.manquepierda.com\/historiarealbetis\/wp-json\/wp\/v2\/users\/5"}],"replies":[{"embeddable":true,"href":"https:\/\/www.manquepierda.com\/historiarealbetis\/wp-json\/wp\/v2\/comments?post=51381"}],"version-history":[{"count":4,"href":"https:\/\/www.manquepierda.com\/historiarealbetis\/wp-json\/wp\/v2\/posts\/51381\/revisions"}],"predecessor-version":[{"id":104433,"href":"https:\/\/www.manquepierda.com\/historiarealbetis\/wp-json\/wp\/v2\/posts\/51381\/revisions\/104433"}],"wp:featuredmedia":[{"embeddable":true,"href":"https:\/\/www.manquepierda.com\/historiarealbetis\/wp-json\/wp\/v2\/media\/51382"}],"wp:attachment":[{"href":"https:\/\/www.manquepierda.com\/historiarealbetis\/wp-json\/wp\/v2\/media?parent=51381"}],"wp:term":[{"taxonomy":"category","embeddable":true,"href":"https:\/\/www.manquepierda.com\/historiarealbetis\/wp-json\/wp\/v2\/categories?post=51381"},{"taxonomy":"post_tag","embeddable":true,"href":"https:\/\/www.manquepierda.com\/historiarealbetis\/wp-json\/wp\/v2\/tags?post=51381"}],"curies":[{"name":"wp","href":"https:\/\/api.w.org\/{rel}","templated":true}]}}