{"id":51531,"date":"2018-07-27T17:30:17","date_gmt":"2018-07-27T15:30:17","guid":{"rendered":"http:\/\/www.manquepierda.com\/historiarealbetis\/?p=51531"},"modified":"2024-09-15T20:29:40","modified_gmt":"2024-09-15T18:29:40","slug":"manuel-dominguez","status":"publish","type":"post","link":"https:\/\/www.manquepierda.com\/historiarealbetis\/manuel-dominguez\/","title":{"rendered":"Manuel Dom\u00ednguez"},"content":{"rendered":"<p><strong><a href=\"https:\/\/i0.wp.com\/www.manquepierda.com\/historiarealbetis\/files\/2016\/08\/Dom%C3%ADnguez-2.jpg?ssl=1\"><img data-recalc-dims=\"1\" loading=\"lazy\" decoding=\"async\" class=\"aligncenter wp-image-51532\" src=\"https:\/\/i0.wp.com\/www.manquepierda.com\/historiarealbetis\/files\/2016\/08\/Dom%C3%ADnguez-2.jpg?resize=256%2C386&#038;ssl=1\" alt=\"Dom\u00ednguez-2\" width=\"256\" height=\"386\" srcset=\"https:\/\/i0.wp.com\/www.manquepierda.com\/historiarealbetis\/files\/2016\/08\/Dom%C3%ADnguez-2.jpg?w=187&amp;ssl=1 187w, https:\/\/i0.wp.com\/www.manquepierda.com\/historiarealbetis\/files\/2016\/08\/Dom%C3%ADnguez-2.jpg?resize=146%2C220&amp;ssl=1 146w\" sizes=\"auto, (max-width: 256px) 100vw, 256px\" \/><\/a>Manuel Dom\u00ednguez S\u00e1nchez,<\/strong> nacido en Santander el 27 de agosto de 1926 y fallecido en Huelva el 5 de diciembre de 1998.<\/p>\n<p>Delantero<\/p>\n<p>Su familia se traslad\u00f3 a Sevilla al a\u00f1o de su nacimiento, estableci\u00e9ndose en Triana. Tras jugar en el Triana y el Hispano Aviaci\u00f3n, conjuntos de la local sevillana de los a\u00f1os 40, entr\u00f3 a formar parte del Calavera, por aquel entonces filial del Betis. Esa temporada, solo con 17 a\u00f1os, debut\u00f3 con el primer equipo b\u00e9tico el 14 de mayo de 1944 en partido de la Copa Presidente frente al Xerez CF. A la temporada siguiente fue cedido al Recreativo de Huelva, retornado un a\u00f1o despu\u00e9s al Calavera, que hab\u00eda ascendido a Tercera Divisi\u00f3n.<\/p>\n<p>Esa temporada 1945-46 debut\u00f3 en Liga con el Betis el 4 de noviembre de 1945 en Los C\u00e1rmenes, con victoria 0-1 frente al Granada siendo el autor del tanto b\u00e9tico.<\/p>\n<p>Sin embargo en esa y la siguiente temporada s\u00f3lo se aline\u00f3 en 10 partidos de Liga, pues la titularidad de la delantera b\u00e9tica era cosa de Rold\u00e1n y de Botella. Ante esa falta de continuidad volvi\u00f3 al Recreativo, que lo cedi\u00f3 al Jerez Deportivo, que en su segunda temporada luchaba por ascender a la Tercera Divisi\u00f3n. Dom\u00ednguez destac\u00f3 como goleador, aunque el conjunto blanquiazul se qued\u00f3 a las puertas del ascenso. De vuelta al Recreativo de Huelva sigui\u00f3 destacando, por lo que el Betis lo recuper\u00f3 para la temporada 1950-51.<\/p>\n<p>Esa fue su gran campa\u00f1a, con un rendimiento excepcional. En 39 partidos de Liga marc\u00f3 54 goles, la cifra m\u00e1s alta conseguida por un jugador b\u00e9tico en una temporada, siendo el m\u00e1ximo goleador esa campa\u00f1a de todas las categor\u00eda nacionales. Equipos de Primera Divisi\u00f3n como el Valencia estuvieron detr\u00e1s de su fichaje, adem\u00e1s de una oferta concreta del Sevilla por valor de 250 mil pesetas, pero que fue desechada por la oposici\u00f3n de la afici\u00f3n.<\/p>\n<p>La temporada siguiente Dom\u00ednguez sufri\u00f3 una importante lesi\u00f3n, a\u00fan as\u00ed marc\u00f3 20 goles, y 24 en la temporada 1952-53, su \u00faltima campa\u00f1a en verdiblanco. Emprendi\u00f3 un largo periplo por el Extremadura, C\u00e1diz, Xerez y Recreativo donde se retir\u00f3 en 1958.<\/p>\n<p>Historial<\/p>\n<table style=\"border-collapse: collapse;width: 180pt\" border=\"0\" width=\"240\" cellspacing=\"0\" cellpadding=\"0\">\n<tbody>\n<tr style=\"height: 12.75pt\">\n<td class=\"xl68\" style=\"height: 12.75pt;width: 60pt\" width=\"80\" height=\"17\">1943-44<\/td>\n<td class=\"xl69\" style=\"border-left: none;width: 60pt\" width=\"80\">Calavera<\/td>\n<td class=\"xl77\" style=\"width: 60pt\" width=\"80\">Regional<\/td>\n<\/tr>\n<tr style=\"height: 12.75pt\">\n<td class=\"xl71\" style=\"height: 12.75pt;border-top: none\" height=\"17\">1944-45<\/td>\n<td class=\"xl76\" style=\"border-top: none;border-left: none\">Recreativo<\/td>\n<td class=\"xl77\" style=\"border-top: none\">Tercera<\/td>\n<\/tr>\n<tr style=\"height: 12.75pt\">\n<td class=\"xl71\" style=\"height: 12.75pt;border-top: none\" height=\"17\">1945-46<\/td>\n<td class=\"xl76\" style=\"border-top: none;border-left: none\">Calavera<\/td>\n<td class=\"xl77\" style=\"border-top: none\">Tercera<\/td>\n<\/tr>\n<tr style=\"height: 12.75pt\">\n<td class=\"xl70\" style=\"height: 12.75pt;border-top: none\" height=\"17\">1945-46<\/td>\n<td class=\"xl72\" style=\"border-top: none;border-left: none\">Betis<\/td>\n<td class=\"xl77\" style=\"border-top: none\">Segunda<\/td>\n<\/tr>\n<tr style=\"height: 12.75pt\">\n<td class=\"xl70\" style=\"height: 12.75pt;border-top: none\" height=\"17\">1946-47<\/td>\n<td class=\"xl72\" style=\"border-top: none;border-left: none\">Betis<\/td>\n<td class=\"xl77\" style=\"border-top: none\">Segunda<\/td>\n<\/tr>\n<tr style=\"height: 12.75pt\">\n<td class=\"xl80\" style=\"height: 12.75pt;border-top: none\" height=\"17\">1947-48<\/td>\n<td class=\"xl79\" style=\"border-top: none;border-left: none\">Mallorca<\/td>\n<td class=\"xl77\" style=\"border-top: none\">Segunda<\/td>\n<\/tr>\n<tr style=\"height: 12.75pt\">\n<td class=\"xl80\" style=\"height: 12.75pt;border-top: none\" height=\"17\">1947-48<\/td>\n<td class=\"xl79\" style=\"border-top: none;border-left: none\">Levante<\/td>\n<td class=\"xl77\" style=\"border-top: none\">Segunda<\/td>\n<\/tr>\n<tr style=\"height: 12.75pt\">\n<td class=\"xl71\" style=\"height: 12.75pt;border-top: none\" height=\"17\">1948-49<\/td>\n<td class=\"xl76\" style=\"border-top: none;border-left: none\">Recreativo<\/td>\n<td class=\"xl77\" style=\"border-top: none\">Tercera<\/td>\n<\/tr>\n<tr style=\"height: 12.75pt\">\n<td class=\"xl71\" style=\"height: 12.75pt;border-top: none\" height=\"17\">1949-50<\/td>\n<td class=\"xl76\" style=\"border-top: none;border-left: none\">Recreativo<\/td>\n<td class=\"xl77\" style=\"border-top: none\">Tercera<\/td>\n<\/tr>\n<tr style=\"height: 12.75pt\">\n<td class=\"xl71\" style=\"height: 12.75pt;border-top: none\" height=\"17\">1950-51<\/td>\n<td class=\"xl76\" style=\"border-top: none;border-left: none\">Betis<\/td>\n<td class=\"xl77\" style=\"border-top: none\">Tercera<\/td>\n<\/tr>\n<tr style=\"height: 12.75pt\">\n<td class=\"xl71\" style=\"height: 12.75pt;border-top: none\" height=\"17\">1951-52<\/td>\n<td class=\"xl76\" style=\"border-top: none;border-left: none\">Betis<\/td>\n<td class=\"xl77\" style=\"border-top: none\">Tercera<\/td>\n<\/tr>\n<tr style=\"height: 12.75pt\">\n<td class=\"xl71\" style=\"height: 12.75pt;border-top: none\" height=\"17\">1952-53<\/td>\n<td class=\"xl76\" style=\"border-top: none;border-left: none\">Betis<\/td>\n<td class=\"xl77\" style=\"border-top: none\">Tercera<\/td>\n<\/tr>\n<tr style=\"height: 12.75pt\">\n<td class=\"xl71\" style=\"height: 12.75pt;border-top: none\" height=\"17\">1953-54<\/td>\n<td class=\"xl76\" style=\"border-top: none;border-left: none\">Extremadura<\/td>\n<td class=\"xl77\" style=\"border-top: none\">Tercera<\/td>\n<\/tr>\n<tr style=\"height: 12.75pt\">\n<td class=\"xl70\" style=\"height: 12.75pt;border-top: none\" height=\"17\">1954-55<\/td>\n<td class=\"xl72\" style=\"border-top: none;border-left: none\">Extremadura<\/td>\n<td class=\"xl77\" style=\"border-top: none\">Segunda<\/td>\n<\/tr>\n<tr style=\"height: 12.75pt\">\n<td class=\"xl70\" style=\"height: 12.75pt;border-top: none\" height=\"17\">1955-56<\/td>\n<td class=\"xl72\" style=\"border-top: none;border-left: none\">Extremadura<\/td>\n<td class=\"xl77\" style=\"border-top: none\">Segunda<\/td>\n<\/tr>\n<tr style=\"height: 12.75pt\">\n<td class=\"xl70\" style=\"height: 12.75pt;border-top: none\" height=\"17\">1955-56<\/td>\n<td class=\"xl72\" style=\"border-top: none;border-left: none\">C\u00e1diz<\/td>\n<td class=\"xl77\" style=\"border-top: none\">Segunda<\/td>\n<\/tr>\n<tr style=\"height: 12.75pt\">\n<td class=\"xl74\" style=\"height: 12.75pt;border-top: none\" height=\"17\">1956-57<\/td>\n<td class=\"xl75\" style=\"border-top: none;border-left: none\">Xerez Dep.<\/td>\n<td class=\"xl77\" style=\"border-top: none\">Segunda<\/td>\n<\/tr>\n<tr style=\"height: 12.75pt\">\n<td class=\"xl73\" style=\"height: 12.75pt;border-top: none\" height=\"17\">1957-58<\/td>\n<td class=\"xl78\" style=\"border-top: none;border-left: none\">Recreativo<\/td>\n<td class=\"xl77\" style=\"border-top: none\">Segunda<\/td>\n<\/tr>\n<\/tbody>\n<\/table>\n<p><span style=\"font-size: revert;color: var(--global-palette4)\">En sus 5 temporadas en el Betis Dom\u00ednguez jug\u00f3 89 partidos de Liga, marcando 93 goles, 6 de otras competiciones regionales, en los que hizo 6 tantos, y 19 amistosos, en los que marc\u00f3 14 goles.<\/span><\/p>\n","protected":false},"excerpt":{"rendered":"<p>Manuel Dom\u00ednguez S\u00e1nchez, nacido en Santander el 27 de agosto de 1926 y fallecido en Huelva el 5 de diciembre de 1998. Delantero Su familia se traslad\u00f3 a Sevilla al a\u00f1o de su nacimiento, estableci\u00e9ndose en Triana. Tras jugar en el Triana y el Hispano Aviaci\u00f3n, conjuntos de la local sevillana de los a\u00f1os 40,&#8230;<\/p>\n","protected":false},"author":5,"featured_media":51532,"comment_status":"open","ping_status":"open","sticky":false,"template":"","format":"standard","meta":{"_kad_post_transparent":"","_kad_post_title":"","_kad_post_layout":"","_kad_post_sidebar_id":"","_kad_post_content_style":"","_kad_post_vertical_padding":"","_kad_post_feature":"","_kad_post_feature_position":"","_kad_post_header":false,"_kad_post_footer":false,"_kad_post_classname":"","_jetpack_memberships_contains_paid_content":false,"footnotes":"","jetpack_publicize_message":"","jetpack_publicize_feature_enabled":true,"jetpack_social_post_already_shared":true,"jetpack_social_options":{"image_generator_settings":{"template":"highway","default_image_id":0,"font":"","enabled":false},"version":2}},"categories":[893,1],"tags":[1125],"class_list":["post-51531","post","type-post","status-publish","format-standard","has-post-thumbnail","hentry","category-jugadores-temas","category-portada","tag-manuel-dominguez"],"jetpack_publicize_connections":[],"jetpack_featured_media_url":"https:\/\/i0.wp.com\/www.manquepierda.com\/historiarealbetis\/files\/2016\/08\/Dom%C3%ADnguez-2.jpg?fit=187%2C282&ssl=1","jetpack_sharing_enabled":true,"jetpack_shortlink":"https:\/\/wp.me\/p1ij08-dp9","jetpack-related-posts":[],"_links":{"self":[{"href":"https:\/\/www.manquepierda.com\/historiarealbetis\/wp-json\/wp\/v2\/posts\/51531","targetHints":{"allow":["GET"]}}],"collection":[{"href":"https:\/\/www.manquepierda.com\/historiarealbetis\/wp-json\/wp\/v2\/posts"}],"about":[{"href":"https:\/\/www.manquepierda.com\/historiarealbetis\/wp-json\/wp\/v2\/types\/post"}],"author":[{"embeddable":true,"href":"https:\/\/www.manquepierda.com\/historiarealbetis\/wp-json\/wp\/v2\/users\/5"}],"replies":[{"embeddable":true,"href":"https:\/\/www.manquepierda.com\/historiarealbetis\/wp-json\/wp\/v2\/comments?post=51531"}],"version-history":[{"count":2,"href":"https:\/\/www.manquepierda.com\/historiarealbetis\/wp-json\/wp\/v2\/posts\/51531\/revisions"}],"predecessor-version":[{"id":99328,"href":"https:\/\/www.manquepierda.com\/historiarealbetis\/wp-json\/wp\/v2\/posts\/51531\/revisions\/99328"}],"wp:featuredmedia":[{"embeddable":true,"href":"https:\/\/www.manquepierda.com\/historiarealbetis\/wp-json\/wp\/v2\/media\/51532"}],"wp:attachment":[{"href":"https:\/\/www.manquepierda.com\/historiarealbetis\/wp-json\/wp\/v2\/media?parent=51531"}],"wp:term":[{"taxonomy":"category","embeddable":true,"href":"https:\/\/www.manquepierda.com\/historiarealbetis\/wp-json\/wp\/v2\/categories?post=51531"},{"taxonomy":"post_tag","embeddable":true,"href":"https:\/\/www.manquepierda.com\/historiarealbetis\/wp-json\/wp\/v2\/tags?post=51531"}],"curies":[{"name":"wp","href":"https:\/\/api.w.org\/{rel}","templated":true}]}}