{"id":51709,"date":"2016-08-29T10:00:05","date_gmt":"2016-08-29T08:00:05","guid":{"rendered":"http:\/\/www.manquepierda.com\/historiarealbetis\/?p=51709"},"modified":"2024-08-21T10:40:01","modified_gmt":"2024-08-21T08:40:01","slug":"1975-agosto-29-gran-final-real-betis-balompie-1-vs-sevilla-fc-0-41aniversario","status":"publish","type":"post","link":"https:\/\/www.manquepierda.com\/historiarealbetis\/1975-agosto-29-gran-final-real-betis-balompie-1-vs-sevilla-fc-0-41aniversario\/","title":{"rendered":"1975-Agosto 29-Gran Final.-Real Betis Balompi\u00e9-1 vs. Sevilla Fc-0.-41Aniversario."},"content":{"rendered":"<p style=\"text-align: justify\">ORGANIZADO POR EL EXCMO. AYUNTAMIENTO SIENDO SU PROMOTOR EL ALCALDE DON JUAN FERN\u00c1NDEZ-RODR\u00cdGUEZ GARC\u00cdA DEL BUSTO-PRIMERA EDICI\u00d3N 1972.-LAS 13 COPAS DESDE 1972-1994 FUERON OBRAS DEL ORFEBRE DON FERNANDO MARMOLEJO CAMARGO.<\/p>\n<p style=\"text-align: center\"><img data-recalc-dims=\"1\" loading=\"lazy\" decoding=\"async\" class=\"aligncenter size-full wp-image-51710\" src=\"https:\/\/i0.wp.com\/www.manquepierda.com\/historiarealbetis\/files\/2016\/08\/Estadio-Benito-Villamar%C3%ADn-19590606.jpg?resize=1290%2C858&#038;ssl=1\" alt=\"Estadio Benito Villamar\u00edn 19590606\" width=\"1290\" height=\"858\" srcset=\"https:\/\/i0.wp.com\/www.manquepierda.com\/historiarealbetis\/files\/2016\/08\/Estadio-Benito-Villamar%C3%ADn-19590606.jpg?w=2378&amp;ssl=1 2378w, https:\/\/i0.wp.com\/www.manquepierda.com\/historiarealbetis\/files\/2016\/08\/Estadio-Benito-Villamar%C3%ADn-19590606.jpg?resize=220%2C146&amp;ssl=1 220w, https:\/\/i0.wp.com\/www.manquepierda.com\/historiarealbetis\/files\/2016\/08\/Estadio-Benito-Villamar%C3%ADn-19590606.jpg?resize=680%2C452&amp;ssl=1 680w, https:\/\/i0.wp.com\/www.manquepierda.com\/historiarealbetis\/files\/2016\/08\/Estadio-Benito-Villamar%C3%ADn-19590606.jpg?resize=768%2C511&amp;ssl=1 768w, https:\/\/i0.wp.com\/www.manquepierda.com\/historiarealbetis\/files\/2016\/08\/Estadio-Benito-Villamar%C3%ADn-19590606.jpg?resize=960%2C638&amp;ssl=1 960w\" sizes=\"auto, (max-width: 1290px) 100vw, 1290px\" \/><\/p>\n<p style=\"text-align: justify\"><strong>EL CUARTO TORNEO EN TIEMPOS DEL ALCALDE DE SEVILLA-1975 DON FERNANDO PARIAS DE MERRY SE CELEBR\u00d3 EN EL \u00abESTADIO BENITO VILLAMAR\u00cdN\u00bb.<\/strong><\/p>\n<figure id=\"attachment_51711\" aria-describedby=\"caption-attachment-51711\" style=\"width: 220px\" class=\"wp-caption alignright\"><img data-recalc-dims=\"1\" loading=\"lazy\" decoding=\"async\" class=\"size-thumbnail wp-image-51711\" src=\"https:\/\/i0.wp.com\/www.manquepierda.com\/historiarealbetis\/files\/2016\/08\/57180507.jpg?resize=220%2C165&#038;ssl=1\" alt=\"Fuente todocoleccion.net\" width=\"220\" height=\"165\" srcset=\"https:\/\/i0.wp.com\/www.manquepierda.com\/historiarealbetis\/files\/2016\/08\/57180507.jpg?resize=220%2C165&amp;ssl=1 220w, https:\/\/i0.wp.com\/www.manquepierda.com\/historiarealbetis\/files\/2016\/08\/57180507.jpg?resize=680%2C511&amp;ssl=1 680w, https:\/\/i0.wp.com\/www.manquepierda.com\/historiarealbetis\/files\/2016\/08\/57180507.jpg?w=719&amp;ssl=1 719w\" sizes=\"auto, (max-width: 220px) 100vw, 220px\" \/><figcaption id=\"caption-attachment-51711\" class=\"wp-caption-text\">Fuente todocoleccion.net<\/figcaption><\/figure>\n<p style=\"text-align: justify\"><strong>EL IV TROFEO \u00abCIUDAD DE SEVILLA\u00bb SEG\u00daN SORTEO CELEBRADO; LOS ENCUENTROS MES DE AGOSTO DE 1975 FUERON LOS SIGUIENTES:<\/strong><\/p>\n<figure id=\"attachment_51712\" aria-describedby=\"caption-attachment-51712\" style=\"width: 220px\" class=\"wp-caption aligncenter\"><img data-recalc-dims=\"1\" loading=\"lazy\" decoding=\"async\" class=\"size-thumbnail wp-image-51712\" src=\"https:\/\/i0.wp.com\/www.manquepierda.com\/historiarealbetis\/files\/2016\/08\/19750826Semifinal1.jpg?resize=220%2C106&#038;ssl=1\" alt=\"1\/4 ABONO IV TROFEO CIUDAD DE SEVILLA-Mi Localidad.\" width=\"220\" height=\"106\" srcset=\"https:\/\/i0.wp.com\/www.manquepierda.com\/historiarealbetis\/files\/2016\/08\/19750826Semifinal1.jpg?resize=220%2C106&amp;ssl=1 220w, https:\/\/i0.wp.com\/www.manquepierda.com\/historiarealbetis\/files\/2016\/08\/19750826Semifinal1.jpg?resize=680%2C327&amp;ssl=1 680w, https:\/\/i0.wp.com\/www.manquepierda.com\/historiarealbetis\/files\/2016\/08\/19750826Semifinal1.jpg?resize=768%2C370&amp;ssl=1 768w, https:\/\/i0.wp.com\/www.manquepierda.com\/historiarealbetis\/files\/2016\/08\/19750826Semifinal1.jpg?resize=960%2C462&amp;ssl=1 960w, https:\/\/i0.wp.com\/www.manquepierda.com\/historiarealbetis\/files\/2016\/08\/19750826Semifinal1.jpg?w=1919&amp;ssl=1 1919w\" sizes=\"auto, (max-width: 220px) 100vw, 220px\" \/><figcaption id=\"caption-attachment-51712\" class=\"wp-caption-text\">1\/4 ABONO IV TROFEO CIUDAD DE SEVILLA-Mi Localidad.<\/figcaption><\/figure>\n<p style=\"text-align: justify\">26-MARTES 22&#8217;00 HORAS.-PRIMERA SEMIFINAL.-Sevilla Fc-0\u00a0 goles (5 penalt\u00edes: Biri-Biri-Lorant-Ja\u00e9n-Plaza-Rubio) vs. Dinamo de Kiev-0 tantos (4 penalt\u00edes: Viktor Mikhaylovich Kolotov-Vladimir Fedorovich Muntyan-Anatoly Dmitrievich Konkov-Oleg Vladimirovich Blokhin).<\/p>\n<figure id=\"attachment_51713\" aria-describedby=\"caption-attachment-51713\" style=\"width: 680px\" class=\"wp-caption aligncenter\"><img data-recalc-dims=\"1\" loading=\"lazy\" decoding=\"async\" class=\"size-medium wp-image-51713\" src=\"https:\/\/i0.wp.com\/www.manquepierda.com\/historiarealbetis\/files\/2016\/08\/19750827Semifinal2.jpg?resize=680%2C333&#038;ssl=1\" alt=\"2\/4 ABONO IV TROFEO CIUDAD DE SEVILLA-1975.-MI LOCALIDAD.\" width=\"680\" height=\"333\" srcset=\"https:\/\/i0.wp.com\/www.manquepierda.com\/historiarealbetis\/files\/2016\/08\/19750827Semifinal2.jpg?resize=680%2C333&amp;ssl=1 680w, https:\/\/i0.wp.com\/www.manquepierda.com\/historiarealbetis\/files\/2016\/08\/19750827Semifinal2.jpg?resize=220%2C108&amp;ssl=1 220w, https:\/\/i0.wp.com\/www.manquepierda.com\/historiarealbetis\/files\/2016\/08\/19750827Semifinal2.jpg?resize=768%2C376&amp;ssl=1 768w, https:\/\/i0.wp.com\/www.manquepierda.com\/historiarealbetis\/files\/2016\/08\/19750827Semifinal2.jpg?resize=960%2C471&amp;ssl=1 960w, https:\/\/i0.wp.com\/www.manquepierda.com\/historiarealbetis\/files\/2016\/08\/19750827Semifinal2.jpg?w=1877&amp;ssl=1 1877w\" sizes=\"auto, (max-width: 680px) 100vw, 680px\" \/><figcaption id=\"caption-attachment-51713\" class=\"wp-caption-text\">2\/4 ABONO IV TROFEO CIUDAD DE SEVILLA-1975.-MI LOCALIDAD.<\/figcaption><\/figure>\n<p style=\"text-align: justify\"><span style=\"color: #008000\"><em><strong>*27-MI\u00c9RCOLES 22&#8217;00 HORAS.-SEGUNDA SEMIFINAL.-Lleno absoluto.<\/strong><\/em><\/span><\/p>\n<p style=\"text-align: justify\"><span style=\"color: #008000\"><em><strong>Arbitr\u00f3 Ferdinand BIWERSI (41 a\u00f1os+2 meses+3 d\u00edas)-Natural de Bliesransbach (Reich alem\u00e1n), domingo 24 de Junio de 1934.-Estuvo regular y muy casero; ense\u00f1\u00f3 tarjeta blanca a Rogelio (89 minutos por p\u00e9rdida de tiempo).<\/strong><\/em><\/span><\/p>\n<p style=\"text-align: center\"><span style=\"color: #008000\"><em><strong>REAL BETIS BALOMPI\u00c9-1 GOL.<\/strong><\/em><\/span><\/p>\n<p style=\"text-align: justify\"><strong><span style=\"color: #008000\">1-ESNAOLA (3).-2-<\/span><\/strong><strong><span style=\"color: #008000\">BIZCOCHO (3).-3-COBOS (3).-4-SABAT\u00c9 (3).-5-BIOSCA (3).-6-<\/span><\/strong><strong><span style=\"color: #008000\">L\u00d3PEZ (3).<\/span><\/strong><\/p>\n<p style=\"text-align: center\"><img data-recalc-dims=\"1\" loading=\"lazy\" decoding=\"async\" class=\"size-full wp-image-51715 alignright\" src=\"https:\/\/i0.wp.com\/www.manquepierda.com\/historiarealbetis\/files\/2016\/08\/Juan-Antonio-GARC%C3%8DA-Soriano-1.png?resize=132%2C162&#038;ssl=1\" alt=\"Juan Antonio GARC\u00cdA Soriano-1\" width=\"132\" height=\"162\" \/><\/p>\n<p style=\"text-align: justify\"><strong><span style=\"color: #008000\">7-GARC\u00cdA SORIANO (3).-<em>\u00ab1-0.-52 minutos.-Ataque de la delantera b\u00e9tica, recoge el bal\u00f3n Alabanda pasando el esf\u00e9rico a Ladinsky quien de cabeza cede a Juan Antonio, que ante la salida del portero Domj\u00e1n chuta a puerta vac\u00eda logrando el marcador final\u00bb.<br \/>\n<\/em><\/span><\/strong><\/p>\n<p style=\"text-align: justify\"><strong><span style=\"color: #008000\">8.-ALABANDA (3) [73 minutos: ROGELIO].-9-LADINSKI (3).-10-CARDE\u00d1OSA (3) [73 minutos: MENDIETA]-11-ANZARDA (3).<\/span><\/strong><\/p>\n<p style=\"text-align: center\"><strong>Octubre-1973 \u00e1 Junio-1978.-Entrenador Jen\u00f6 DALNOKI.<\/strong><\/p>\n<p style=\"text-align: center\"><strong>FERENV\u00c1ROSI TORNA CLUB (Hungr\u00eda)-0 Tantos.<\/strong><\/p>\n<p style=\"text-align: center\"><img data-recalc-dims=\"1\" loading=\"lazy\" decoding=\"async\" class=\"aligncenter size-thumbnail wp-image-51716\" src=\"https:\/\/i0.wp.com\/www.manquepierda.com\/historiarealbetis\/files\/2016\/08\/domjan-laszlo.jpg?resize=157%2C220&#038;ssl=1\" alt=\"domjan-laszlo\" width=\"157\" height=\"220\" srcset=\"https:\/\/i0.wp.com\/www.manquepierda.com\/historiarealbetis\/files\/2016\/08\/domjan-laszlo.jpg?resize=157%2C220&amp;ssl=1 157w, https:\/\/i0.wp.com\/www.manquepierda.com\/historiarealbetis\/files\/2016\/08\/domjan-laszlo.jpg?resize=427%2C600&amp;ssl=1 427w, https:\/\/i0.wp.com\/www.manquepierda.com\/historiarealbetis\/files\/2016\/08\/domjan-laszlo.jpg?resize=498%2C700&amp;ssl=1 498w, https:\/\/i0.wp.com\/www.manquepierda.com\/historiarealbetis\/files\/2016\/08\/domjan-laszlo.jpg?w=607&amp;ssl=1 607w\" sizes=\"auto, (max-width: 157px) 100vw, 157px\" \/><\/p>\n<p style=\"text-align: justify\">(2)-L\u00e1szl\u00f3 DOMJ\u00c1N (1 gol encajado).-Gy\u00f6z\u00f6 MARTOS (2).-L\u00e1szl\u00f3 B\u00c1LINT (2).-Istv\u00e1n MEGYESI (2).-Tibor RAB (2).-J\u00f3zsef MUCHA (2).-Z\u00f3ltan EBEDLI (3) [45 minutos: Istv\u00e1n JUH\u00c1SZ].-Tibor NYILASI (3).-L\u00e1szl\u00f3 PUSZTAI (3).-Feren\u00e7 SZAB\u00d3 (2).-Istv\u00e1n MAGYAR (3).<\/p>\n<figure id=\"attachment_51723\" aria-describedby=\"caption-attachment-51723\" style=\"width: 505px\" class=\"wp-caption aligncenter\"><img data-recalc-dims=\"1\" loading=\"lazy\" decoding=\"async\" class=\"size-large wp-image-51723\" src=\"https:\/\/i0.wp.com\/www.manquepierda.com\/historiarealbetis\/files\/2016\/08\/ABC-SE19750828Serrano.jpg?resize=505%2C700&#038;ssl=1\" alt=\"Fotos SERRANO ABC-SE19750828.\" width=\"505\" height=\"700\" srcset=\"https:\/\/i0.wp.com\/www.manquepierda.com\/historiarealbetis\/files\/2016\/08\/ABC-SE19750828Serrano.jpg?resize=505%2C700&amp;ssl=1 505w, https:\/\/i0.wp.com\/www.manquepierda.com\/historiarealbetis\/files\/2016\/08\/ABC-SE19750828Serrano.jpg?resize=159%2C220&amp;ssl=1 159w, https:\/\/i0.wp.com\/www.manquepierda.com\/historiarealbetis\/files\/2016\/08\/ABC-SE19750828Serrano.jpg?resize=433%2C600&amp;ssl=1 433w, https:\/\/i0.wp.com\/www.manquepierda.com\/historiarealbetis\/files\/2016\/08\/ABC-SE19750828Serrano.jpg?resize=768%2C1064&amp;ssl=1 768w\" sizes=\"auto, (max-width: 505px) 100vw, 505px\" \/><figcaption id=\"caption-attachment-51723\" class=\"wp-caption-text\">Fotos SERRANO ABC-SE19750828.<\/figcaption><\/figure>\n<hr \/>\n<figure id=\"attachment_51717\" aria-describedby=\"caption-attachment-51717\" style=\"width: 220px\" class=\"wp-caption aligncenter\"><img data-recalc-dims=\"1\" loading=\"lazy\" decoding=\"async\" class=\"size-thumbnail wp-image-51717\" src=\"https:\/\/i0.wp.com\/www.manquepierda.com\/historiarealbetis\/files\/2016\/08\/1975088Consolaci%C3%B3n.jpg?resize=220%2C106&#038;ssl=1\" alt=\"3\/4 ABONO IV TROFEO CIUDAD DE SEVILLA 1975-MI LOCALIDAD.\" width=\"220\" height=\"106\" srcset=\"https:\/\/i0.wp.com\/www.manquepierda.com\/historiarealbetis\/files\/2016\/08\/1975088Consolaci%C3%B3n.jpg?resize=220%2C106&amp;ssl=1 220w, https:\/\/i0.wp.com\/www.manquepierda.com\/historiarealbetis\/files\/2016\/08\/1975088Consolaci%C3%B3n.jpg?resize=680%2C328&amp;ssl=1 680w, https:\/\/i0.wp.com\/www.manquepierda.com\/historiarealbetis\/files\/2016\/08\/1975088Consolaci%C3%B3n.jpg?resize=768%2C370&amp;ssl=1 768w, https:\/\/i0.wp.com\/www.manquepierda.com\/historiarealbetis\/files\/2016\/08\/1975088Consolaci%C3%B3n.jpg?resize=960%2C463&amp;ssl=1 960w, https:\/\/i0.wp.com\/www.manquepierda.com\/historiarealbetis\/files\/2016\/08\/1975088Consolaci%C3%B3n.jpg?w=1918&amp;ssl=1 1918w\" sizes=\"auto, (max-width: 220px) 100vw, 220px\" \/><figcaption id=\"caption-attachment-51717\" class=\"wp-caption-text\">3\/4 ABONO IV TROFEO CIUDAD DE SEVILLA 1975-MI LOCALIDAD.<\/figcaption><\/figure>\n<p style=\"text-align: justify\">28-JUEVES 22&#8217;00 HORAS.-FINAL CONSOLACI\u00d3N:<\/p>\n<p style=\"text-align: center\"><strong>\u00abTrofeo al Mejor Jugador\u00bb: Oleg Vladimirovich BLOKHIN*<\/strong><\/p>\n<p style=\"text-align: center\"><img data-recalc-dims=\"1\" loading=\"lazy\" decoding=\"async\" class=\"aligncenter size-thumbnail wp-image-51731\" src=\"https:\/\/i0.wp.com\/www.manquepierda.com\/historiarealbetis\/files\/2016\/08\/OB.jpeg?resize=152%2C220&#038;ssl=1\" alt=\"OB\" width=\"152\" height=\"220\" srcset=\"https:\/\/i0.wp.com\/www.manquepierda.com\/historiarealbetis\/files\/2016\/08\/OB.jpeg?resize=152%2C220&amp;ssl=1 152w, https:\/\/i0.wp.com\/www.manquepierda.com\/historiarealbetis\/files\/2016\/08\/OB.jpeg?w=187&amp;ssl=1 187w\" sizes=\"auto, (max-width: 152px) 100vw, 152px\" \/><\/p>\n<p style=\"text-align: center\"><img data-recalc-dims=\"1\" loading=\"lazy\" decoding=\"async\" class=\"aligncenter size-full wp-image-51718\" src=\"https:\/\/i0.wp.com\/www.manquepierda.com\/historiarealbetis\/files\/2016\/08\/Dinamo-Kiev.png?resize=119%2C119&#038;ssl=1\" alt=\"Dinamo Kiev\" width=\"119\" height=\"119\" \/><\/p>\n<p style=\"text-align: center\">FUTBOLNI KLUB DYNAMO KYIV (Ucrania)-1 Tanto.<\/p>\n<p style=\"text-align: justify\">*1-0.-27 minutos.-\u00abInaugura el marcador el Dinamo al aprovechar Oleg Vladimirovich Blokhin un fallo garrafal de Istv\u00e1n Megyesi, y avanzar s\u00f3lo burlando la salida de Kollar, para colocar el esf\u00e9rico junto a un\u00a0 poste\u00bb.<\/p>\n<p style=\"text-align: center\"><strong>\u00abTrofeo al Mejor Jugador: Istv\u00e1n JUH\u00c1SZ*<\/strong><\/p>\n<p style=\"text-align: center\"><img data-recalc-dims=\"1\" loading=\"lazy\" decoding=\"async\" class=\"aligncenter size-thumbnail wp-image-51732\" src=\"https:\/\/i0.wp.com\/www.manquepierda.com\/historiarealbetis\/files\/2016\/08\/juhasz_istvan_0408.jpg?resize=155%2C220&#038;ssl=1\" alt=\"juhasz_istvan_0408\" width=\"155\" height=\"220\" srcset=\"https:\/\/i0.wp.com\/www.manquepierda.com\/historiarealbetis\/files\/2016\/08\/juhasz_istvan_0408.jpg?resize=155%2C220&amp;ssl=1 155w, https:\/\/i0.wp.com\/www.manquepierda.com\/historiarealbetis\/files\/2016\/08\/juhasz_istvan_0408.jpg?resize=423%2C600&amp;ssl=1 423w, https:\/\/i0.wp.com\/www.manquepierda.com\/historiarealbetis\/files\/2016\/08\/juhasz_istvan_0408.jpg?resize=493%2C700&amp;ssl=1 493w, https:\/\/i0.wp.com\/www.manquepierda.com\/historiarealbetis\/files\/2016\/08\/juhasz_istvan_0408.jpg?w=707&amp;ssl=1 707w\" sizes=\"auto, (max-width: 155px) 100vw, 155px\" \/><\/p>\n<p style=\"text-align: center\"><img data-recalc-dims=\"1\" loading=\"lazy\" decoding=\"async\" class=\"aligncenter size-full wp-image-51719\" src=\"https:\/\/i0.wp.com\/www.manquepierda.com\/historiarealbetis\/files\/2016\/08\/Ferencvaros.jpeg?resize=172%2C187&#038;ssl=1\" alt=\"Ferencvaros\" width=\"172\" height=\"187\" \/><\/p>\n<p style=\"text-align: center\">FERENCV\u00c1ROSI TORNA CLUB (Hungr\u00eda)-2 Goles.<\/p>\n<p style=\"text-align: left\">*1-1.-33 minutos.-\u00abSaca una falta Gy\u00f6z\u00f6 Martos, desde la izquierda colgada sobre el \u00e1rea, Istv\u00e1n Juh\u00e1sz de cabeza bate a Evgeniy Rudakov\u00bb.<\/p>\n<p style=\"text-align: justify\">*1-2.-55 minutos.-\u00abFalta lanzada por el Ferencvaros, recoge el esf\u00e9rico Istv\u00e1n Magyar y marca por el centro de fuerte chut sorprendiendo a Rudakov\u00bb.<\/p>\n<hr \/>\n<figure id=\"attachment_51720\" aria-describedby=\"caption-attachment-51720\" style=\"width: 960px\" class=\"wp-caption aligncenter\"><img data-recalc-dims=\"1\" loading=\"lazy\" decoding=\"async\" class=\"size-large wp-image-51720\" src=\"https:\/\/i0.wp.com\/www.manquepierda.com\/historiarealbetis\/files\/2016\/08\/19750829campe%C3%B3n.jpg?resize=960%2C455&#038;ssl=1\" alt=\"4\/4 ABONO IV TROFEO CIUDAD DE SEVILLA 1975.-MI LOCALIDAD.\" width=\"960\" height=\"455\" srcset=\"https:\/\/i0.wp.com\/www.manquepierda.com\/historiarealbetis\/files\/2016\/08\/19750829campe%C3%B3n.jpg?resize=960%2C455&amp;ssl=1 960w, https:\/\/i0.wp.com\/www.manquepierda.com\/historiarealbetis\/files\/2016\/08\/19750829campe%C3%B3n.jpg?resize=220%2C104&amp;ssl=1 220w, https:\/\/i0.wp.com\/www.manquepierda.com\/historiarealbetis\/files\/2016\/08\/19750829campe%C3%B3n.jpg?resize=680%2C322&amp;ssl=1 680w, https:\/\/i0.wp.com\/www.manquepierda.com\/historiarealbetis\/files\/2016\/08\/19750829campe%C3%B3n.jpg?resize=768%2C364&amp;ssl=1 768w, https:\/\/i0.wp.com\/www.manquepierda.com\/historiarealbetis\/files\/2016\/08\/19750829campe%C3%B3n.jpg?w=1982&amp;ssl=1 1982w\" sizes=\"auto, (max-width: 960px) 100vw, 960px\" \/><figcaption id=\"caption-attachment-51720\" class=\"wp-caption-text\">4\/4 ABONO IV TROFEO CIUDAD DE SEVILLA 1975.-MI LOCALIDAD.<\/figcaption><\/figure>\n<p style=\"text-align: justify\"><span style=\"color: #008000\"><em><strong>1975-AGOSTO 29-VIERNES 22&#8217;00 HORAS.-GRAN FINAL IV TROFEO \u00abCIUDAD DE SEVILLA\u00bb.-LLENO REBOSANTE CON PROBLEMAS DE UBICACI\u00d3N EN EL \u00abGOL NORTE\u00bb.-F\u00daTBOL-EMOCI\u00d3N TENSA.-DEPORTIVIDAD EN AFICIONES SEVILLISTAS Y B\u00c9TICAS AL IGUAL QUE LOS JUGADORES.<\/strong><\/em><\/span><\/p>\n<figure id=\"attachment_51714\" aria-describedby=\"caption-attachment-51714\" style=\"width: 220px\" class=\"wp-caption aligncenter\"><img data-recalc-dims=\"1\" loading=\"lazy\" decoding=\"async\" class=\"size-full wp-image-51714\" src=\"https:\/\/i0.wp.com\/www.manquepierda.com\/historiarealbetis\/files\/2016\/08\/Ferdinand_Biwersi_1971.jpg?resize=220%2C263&#038;ssl=1\" alt=\"Trofeo MEJOR \u00c1RBITRO-CIUDAD DE SEVILLA 1975.\" width=\"220\" height=\"263\" srcset=\"https:\/\/i0.wp.com\/www.manquepierda.com\/historiarealbetis\/files\/2016\/08\/Ferdinand_Biwersi_1971.jpg?w=220&amp;ssl=1 220w, https:\/\/i0.wp.com\/www.manquepierda.com\/historiarealbetis\/files\/2016\/08\/Ferdinand_Biwersi_1971.jpg?resize=184%2C220&amp;ssl=1 184w\" sizes=\"auto, (max-width: 220px) 100vw, 220px\" \/><figcaption id=\"caption-attachment-51714\" class=\"wp-caption-text\">Trofeo MEJOR \u00c1RBITRO-CIUDAD DE SEVILLA 1975.<\/figcaption><\/figure>\n<p style=\"text-align: justify\"><strong>Arbitr\u00f3 el alem\u00e1n Ferdinand BIWERSI (41 a\u00f1os+2 meses+5 d\u00edas)-Natural de Bliesransbach (Alemania), domingo 24 de Junio de 1934.-<\/strong><em>\u00abAyudado en las bandas por su compatriota Heinz ALDINGER y el catal\u00e1n Vicente FOR\u00c9S Bachero\u00bb.<br \/>\n<\/em><\/p>\n<p style=\"text-align: justify\"><em>\u00abBuen arbitraje, con imparcialidad y energ\u00eda, no tuvo ninguna dificultad por la gran deportividad que rein\u00f3 en todo el encuentro.<\/em><\/p>\n<p style=\"text-align: justify\"><em><strong>Mostr\u00f3 tarjeta blanca a Duda por empujar a un contrario (62 minutos); Ja\u00e9n-capit\u00e1n del equipo sevillista por discutir una decisi\u00f3n arbitral (70 minutos)\u00bb.<\/strong><\/em><\/p>\n<p style=\"text-align: center\">AMBAS ESCUADRAS FORMARON DE LA FORMA SIGUIENTE:<\/p>\n<p style=\"text-align: justify\"><em><strong><span style=\"color: #008000\">Desde el jueves 3 de Junio de 1969 hasta el jueves 21 de Julio de 1979, ambas fechas inclusive, Presidente REAL <img data-recalc-dims=\"1\" loading=\"lazy\" decoding=\"async\" class=\"alignright size-thumbnail wp-image-51728\" src=\"https:\/\/i0.wp.com\/www.manquepierda.com\/historiarealbetis\/files\/2016\/08\/Entrevista-Jos%C3%A9-N%C3%BA%C3%B1ez-Naranjo-1969-NMP-AS-3-09-1969.jpg?resize=176%2C220&#038;ssl=1\" alt=\"Entrevista-Jos\u00e9-N\u00fa\u00f1ez-Naranjo-1969-NMP-AS-3-09-1969\" width=\"176\" height=\"220\" srcset=\"https:\/\/i0.wp.com\/www.manquepierda.com\/historiarealbetis\/files\/2016\/08\/Entrevista-Jos%C3%A9-N%C3%BA%C3%B1ez-Naranjo-1969-NMP-AS-3-09-1969.jpg?resize=176%2C220&amp;ssl=1 176w, https:\/\/i0.wp.com\/www.manquepierda.com\/historiarealbetis\/files\/2016\/08\/Entrevista-Jos%C3%A9-N%C3%BA%C3%B1ez-Naranjo-1969-NMP-AS-3-09-1969.jpg?w=395&amp;ssl=1 395w\" sizes=\"auto, (max-width: 176px) 100vw, 176px\" \/>BETIS BALOMPI\u00c9, don Jos\u00e9 N\u00da\u00d1EZ NARANJO-Industrial (49 a\u00f1os+9 meses+8 d\u00edas)-Natural de Cazalla de la Sierra (Sevilla), s\u00e1bado 21 de Noviembre de 1925.-Obituario en Sevilla, s\u00e1bado 29 de Junio de 2013 (87 A\u00f1os+7 meses+8 d\u00edas) D. E. P.<\/span><\/strong><\/em><\/p>\n<p style=\"text-align: justify\"><span style=\"color: #008000\"><strong><img data-recalc-dims=\"1\" loading=\"lazy\" decoding=\"async\" class=\"alignleft size-thumbnail wp-image-51729\" src=\"https:\/\/i0.wp.com\/www.manquepierda.com\/historiarealbetis\/files\/2016\/08\/Feren%C3%A7-Szusza.jpg?resize=143%2C220&#038;ssl=1\" alt=\"Feren\u00e7 Szusza\" width=\"143\" height=\"220\" srcset=\"https:\/\/i0.wp.com\/www.manquepierda.com\/historiarealbetis\/files\/2016\/08\/Feren%C3%A7-Szusza.jpg?resize=143%2C220&amp;ssl=1 143w, https:\/\/i0.wp.com\/www.manquepierda.com\/historiarealbetis\/files\/2016\/08\/Feren%C3%A7-Szusza.jpg?w=216&amp;ssl=1 216w\" sizes=\"auto, (max-width: 143px) 100vw, 143px\" \/>Desde la temporada 1971-1972 hasta la de 1976-1977 (1\u00aa-8\u00aa jornadas, ambas inclusives) preparador FEREN\u00c7 SZUSZA (51 a\u00f1os+8 meses+28 d\u00edas)-Natural de Budapest (Hungr\u00eda), s\u00e1bado 1\u00ba de Diciembre de 1923.-\u00cddem, martes 1\u00ba de Agosto de 2006 (82 A\u00f1os+8 meses) D. E. P.<\/strong><\/span><\/p>\n<p style=\"text-align: justify\"><em>\u00abUn llenazo impresionante en el \u00abBenito Villamar\u00edn\u00bb, hasta las costuras del estadio, parec\u00eda que iban a saltar.-El p\u00fablico estaba sentado, incluso en los andamiajes del marcador simult\u00e1neo.-Rein\u00f3 una gran deportividad, una gran emoci\u00f3n y pasi\u00f3n en los grader\u00edos, pero sin incidentes.<\/em><\/p>\n<p style=\"text-align: justify\"><em><strong>El Real Betis lanz\u00f3 6 saques de esquina a su favor (5 y 1) por dos en contra, que se los apunt\u00f3 el Sevilla en el primer tiempo\u00bb.<\/strong><\/em><\/p>\n<p style=\"text-align: justify\"><strong>LA CUARTA EDICI\u00d3N DEL TORNEO \u00abCIUDAD DE SEVILLA-1975\u00bb DEJ\u00d3 LOS SIGUIENTES BENEFICIOS:<\/strong><\/p>\n<p style=\"text-align: justify\"><span style=\"color: #008000\"><em><strong>REAL BETIS BALOMPI\u00c9-ESTADIO \u00abBENITO VILLAMAR\u00cdN\u00bb-CAMPE\u00d3N 1975-: 11.148.002&#8217;15 PESETAS.<\/strong><\/em><\/span><\/p>\n<p style=\"text-align: justify\">2\u00ba-Sevilla Fc: 6.246.258&#8217;15 PESETAS.<\/p>\n<p style=\"text-align: justify\">\u00abTROFEO AL M\u00c1XIMO GOLEADOR\u00bb-DESIERTO.-Porque ha habido siete (7) jugadores que han obtenido el\u00a0 mismo n\u00famero de tantos (1)*<\/p>\n<p style=\"text-align: justify\"><span style=\"color: #008000\"><em><strong>\u00abTROFEO AL JUEGO LIMPIO\u00bb.-REAL BETIS BALOMPI\u00c9, PORQUE NO HA TENIDO NINGUNA TARJETA.<\/strong><\/em><\/span><\/p>\n<p style=\"text-align: center\"><img data-recalc-dims=\"1\" loading=\"lazy\" decoding=\"async\" class=\"aligncenter size-full wp-image-51730\" src=\"https:\/\/i0.wp.com\/www.manquepierda.com\/historiarealbetis\/files\/2016\/08\/1957-RBB.jpg?resize=154%2C154&#038;ssl=1\" alt=\"1957-RBB\" width=\"154\" height=\"154\" \/><\/p>\n<p style=\"text-align: center\"><strong>1975-1976 PRIMERA DIVISI\u00d3N.-REAL BETIS BALOMPI\u00c9-1 GOL.<\/strong><\/p>\n<p style=\"text-align: center\">Clasificaci\u00f3n Jugadores por A. L\u00e1zaro R. (\u00abEl Mundo Deportivo\u00bb-Barcelona, s\u00e1bado 30 de Agosto de 1975):<\/p>\n<p style=\"text-align: center\"><strong>\u00abTROFEO PORTERO MENOS GOLEADO DEL TORNEO\u00bb:<\/strong><\/p>\n<p style=\"text-align: center\"><img data-recalc-dims=\"1\" loading=\"lazy\" decoding=\"async\" class=\"aligncenter size-thumbnail wp-image-51733\" src=\"https:\/\/i0.wp.com\/www.manquepierda.com\/historiarealbetis\/files\/2016\/08\/1977-9-27-Poster-Esnaola-NMP-433x600.jpg?resize=159%2C220&#038;ssl=1\" alt=\"1977-9-27-Poster-Esnaola-NMP-433x600\" width=\"159\" height=\"220\" srcset=\"https:\/\/i0.wp.com\/www.manquepierda.com\/historiarealbetis\/files\/2016\/08\/1977-9-27-Poster-Esnaola-NMP-433x600.jpg?resize=159%2C220&amp;ssl=1 159w, https:\/\/i0.wp.com\/www.manquepierda.com\/historiarealbetis\/files\/2016\/08\/1977-9-27-Poster-Esnaola-NMP-433x600.jpg?resize=433%2C600&amp;ssl=1 433w\" sizes=\"auto, (max-width: 159px) 100vw, 159px\" \/><\/p>\n<p style=\"text-align: justify\"><strong>Jos\u00e9 Ram\u00f3n ESNAOLA Larburu (3) [Imbatido] (29 a\u00f1os+2 meses menos 1 d\u00eda)-Natural de Andoain (Guip\u00fazcoa), domingo 30 de Junio de 1946.<\/strong><\/p>\n<p style=\"text-align: center\"><strong>Francisco BIZCOCHO Est\u00e9vez (3).<\/strong><\/p>\n<p style=\"text-align: center\"><strong>Juan Manuel COBO Gonz\u00e1lez (3).<\/strong><\/p>\n<p style=\"text-align: center\"><img data-recalc-dims=\"1\" loading=\"lazy\" decoding=\"async\" class=\"aligncenter size-thumbnail wp-image-51735\" src=\"https:\/\/i0.wp.com\/www.manquepierda.com\/historiarealbetis\/files\/2016\/08\/Sabate.jpg?resize=138%2C220&#038;ssl=1\" alt=\"Sabate\" width=\"138\" height=\"220\" srcset=\"https:\/\/i0.wp.com\/www.manquepierda.com\/historiarealbetis\/files\/2016\/08\/Sabate.jpg?resize=138%2C220&amp;ssl=1 138w, https:\/\/i0.wp.com\/www.manquepierda.com\/historiarealbetis\/files\/2016\/08\/Sabate.jpg?resize=378%2C600&amp;ssl=1 378w, https:\/\/i0.wp.com\/www.manquepierda.com\/historiarealbetis\/files\/2016\/08\/Sabate.jpg?w=394&amp;ssl=1 394w\" sizes=\"auto, (max-width: 138px) 100vw, 138px\" \/><\/p>\n<p style=\"text-align: center\"><strong>Jaime SABAT\u00c9 Mercad\u00e9 (4).<\/strong><\/p>\n<p style=\"text-align: center\"><strong>Antonio BIOSCA P\u00e9rez (3).<\/strong><\/p>\n<p style=\"text-align: center\"><strong>Francisco Javier L\u00d3PEZ Garc\u00eda (3).<\/strong><\/p>\n<p style=\"text-align: center\"><img data-recalc-dims=\"1\" loading=\"lazy\" decoding=\"async\" class=\"aligncenter size-thumbnail wp-image-51736\" src=\"https:\/\/i0.wp.com\/www.manquepierda.com\/historiarealbetis\/files\/2016\/08\/ALABANDA.jpg?resize=156%2C220&#038;ssl=1\" alt=\"ALABANDA\" width=\"156\" height=\"220\" srcset=\"https:\/\/i0.wp.com\/www.manquepierda.com\/historiarealbetis\/files\/2016\/08\/ALABANDA.jpg?resize=156%2C220&amp;ssl=1 156w, https:\/\/i0.wp.com\/www.manquepierda.com\/historiarealbetis\/files\/2016\/08\/ALABANDA.jpg?w=261&amp;ssl=1 261w\" sizes=\"auto, (max-width: 156px) 100vw, 156px\" \/><\/p>\n<p style=\"text-align: center\"><strong>Sebasti\u00e1n ALABANDA Fern\u00e1ndez (4).<\/strong><\/p>\n<p style=\"text-align: center\"><img data-recalc-dims=\"1\" loading=\"lazy\" decoding=\"async\" class=\"aligncenter size-thumbnail wp-image-51737\" src=\"https:\/\/i0.wp.com\/www.manquepierda.com\/historiarealbetis\/files\/2016\/08\/Carde%C3%B1osa-3.jpg?resize=157%2C220&#038;ssl=1\" alt=\"Carde\u00f1osa\" width=\"157\" height=\"220\" srcset=\"https:\/\/i0.wp.com\/www.manquepierda.com\/historiarealbetis\/files\/2016\/08\/Carde%C3%B1osa-3.jpg?resize=157%2C220&amp;ssl=1 157w, https:\/\/i0.wp.com\/www.manquepierda.com\/historiarealbetis\/files\/2016\/08\/Carde%C3%B1osa-3.jpg?w=195&amp;ssl=1 195w\" sizes=\"auto, (max-width: 157px) 100vw, 157px\" \/><\/p>\n<p style=\"text-align: center\"><strong>Julio CARDE\u00d1OSA Rodr\u00edguez (4).<\/strong><\/p>\n<p style=\"text-align: left\"><strong>87 minutos: ROGELIO Sosa Ram\u00edrez.<\/strong><\/p>\n<p style=\"text-align: center\"><strong>Juan Antonio GARC\u00cdA SORIANO (3).<\/strong><\/p>\n<p style=\"text-align: left\"><strong>57 minutos: Antonio BEN\u00cdTEZ Fern\u00e1ndez (3).<\/strong><\/p>\n<p style=\"text-align: center\"><strong>\u00abTrofeo Mejor Jugador:<\/strong><\/p>\n<p style=\"text-align: center\"><img data-recalc-dims=\"1\" loading=\"lazy\" decoding=\"async\" class=\"aligncenter size-thumbnail wp-image-51738\" src=\"https:\/\/i0.wp.com\/www.manquepierda.com\/historiarealbetis\/files\/2016\/08\/Attila-Ladinsky.jpg?resize=135%2C220&#038;ssl=1\" alt=\"Attila Ladinsky\" width=\"135\" height=\"220\" srcset=\"https:\/\/i0.wp.com\/www.manquepierda.com\/historiarealbetis\/files\/2016\/08\/Attila-Ladinsky.jpg?resize=135%2C220&amp;ssl=1 135w, https:\/\/i0.wp.com\/www.manquepierda.com\/historiarealbetis\/files\/2016\/08\/Attila-Ladinsky.jpg?w=196&amp;ssl=1 196w\" sizes=\"auto, (max-width: 135px) 100vw, 135px\" \/><\/p>\n<p style=\"text-align: center\"><strong>Attila LANDISKY (3).<\/strong><\/p>\n<p style=\"text-align: center\"><strong>\u00abTrofeo Primer Gol Equipo Local en el menor tiempo\u00bb:<\/strong><\/p>\n<p style=\"text-align: center\"><img data-recalc-dims=\"1\" loading=\"lazy\" decoding=\"async\" class=\"aligncenter size-thumbnail wp-image-51734\" src=\"https:\/\/i0.wp.com\/www.manquepierda.com\/historiarealbetis\/files\/2016\/08\/Eduardo-ANZARDA-%C3%81lvarez.1.jpg?resize=163%2C220&#038;ssl=1\" alt=\"Eduardo ANZARDA \u00c1lvarez.1\" width=\"163\" height=\"220\" srcset=\"https:\/\/i0.wp.com\/www.manquepierda.com\/historiarealbetis\/files\/2016\/08\/Eduardo-ANZARDA-%C3%81lvarez.1.jpg?resize=163%2C220&amp;ssl=1 163w, https:\/\/i0.wp.com\/www.manquepierda.com\/historiarealbetis\/files\/2016\/08\/Eduardo-ANZARDA-%C3%81lvarez.1.jpg?w=365&amp;ssl=1 365w\" sizes=\"auto, (max-width: 163px) 100vw, 163px\" \/><\/p>\n<p style=\"text-align: justify\"><span style=\"color: #008000\"><em><strong>*1-0.-47 Minutos.-Ladinsky env\u00eda el esf\u00e9rico sobre el \u00e1rea sevillista. Hita rechaza y vuelve el bal\u00f3n a Attila, que lanza otra vez el cuero sobre la meta rival en donde se produce un barullo, y Eduardo An\u00edbal el m\u00e1s peligroso del ataque verdiblanco, dribla en corto y fusila desde muy cerca a \u00abPaco\u00bb*<\/strong><\/em><\/span><\/p>\n<p style=\"text-align: justify\"><strong>Eduardo An\u00edbal ANZARDA \u00c1lvarez (4) [25 a\u00f1os+7 meses+4 d\u00edas] Natural de San Javier (Argentina), mi\u00e9rcoles 25 de Enero de 1950.<\/strong><\/p>\n<p style=\"text-align: center\"><strong>[87 minutos: Celso MENDIETA Ortega]<\/strong><\/p>\n<p style=\"text-align: center\">Vs.<\/p>\n<p style=\"text-align: left\">Desde el lunes 11 de Diciembre de 1972 hasta martes 7 de Febrero de 1984.-Presidente don Eugenio Montes Cabeza.<img data-recalc-dims=\"1\" loading=\"lazy\" decoding=\"async\" class=\"alignright size-thumbnail wp-image-51740\" src=\"https:\/\/i0.wp.com\/www.manquepierda.com\/historiarealbetis\/files\/2016\/08\/egugenio-montes-cabez-478x270.jpg?resize=220%2C124&#038;ssl=1\" alt=\"egugenio-montes-cabez--478x270\" width=\"220\" height=\"124\" srcset=\"https:\/\/i0.wp.com\/www.manquepierda.com\/historiarealbetis\/files\/2016\/08\/egugenio-montes-cabez-478x270.jpg?resize=220%2C124&amp;ssl=1 220w, https:\/\/i0.wp.com\/www.manquepierda.com\/historiarealbetis\/files\/2016\/08\/egugenio-montes-cabez-478x270.jpg?resize=478%2C270&amp;ssl=1 478w\" sizes=\"auto, (max-width: 220px) 100vw, 220px\" \/><\/p>\n<p style=\"text-align: left\"><img data-recalc-dims=\"1\" loading=\"lazy\" decoding=\"async\" class=\"alignleft size-thumbnail wp-image-51741\" src=\"https:\/\/i0.wp.com\/www.manquepierda.com\/historiarealbetis\/files\/2016\/08\/22276_520.jpg?resize=158%2C220&#038;ssl=1\" alt=\"22276_520\" width=\"158\" height=\"220\" srcset=\"https:\/\/i0.wp.com\/www.manquepierda.com\/historiarealbetis\/files\/2016\/08\/22276_520.jpg?resize=158%2C220&amp;ssl=1 158w, https:\/\/i0.wp.com\/www.manquepierda.com\/historiarealbetis\/files\/2016\/08\/22276_520.jpg?w=431&amp;ssl=1 431w\" sizes=\"auto, (max-width: 158px) 100vw, 158px\" \/>1974-1975 y 1975-1976.-Entrenador Roque Germ\u00e1n Olsen Fontana.<\/p>\n<p style=\"text-align: center\"><img data-recalc-dims=\"1\" loading=\"lazy\" decoding=\"async\" class=\"aligncenter size-thumbnail wp-image-51739\" src=\"https:\/\/i0.wp.com\/www.manquepierda.com\/historiarealbetis\/files\/2016\/08\/18763125.jpg?resize=157%2C220&#038;ssl=1\" alt=\"18763125\" width=\"157\" height=\"220\" srcset=\"https:\/\/i0.wp.com\/www.manquepierda.com\/historiarealbetis\/files\/2016\/08\/18763125.jpg?resize=157%2C220&amp;ssl=1 157w, https:\/\/i0.wp.com\/www.manquepierda.com\/historiarealbetis\/files\/2016\/08\/18763125.jpg?resize=429%2C600&amp;ssl=1 429w, https:\/\/i0.wp.com\/www.manquepierda.com\/historiarealbetis\/files\/2016\/08\/18763125.jpg?resize=500%2C700&amp;ssl=1 500w, https:\/\/i0.wp.com\/www.manquepierda.com\/historiarealbetis\/files\/2016\/08\/18763125.jpg?w=550&amp;ssl=1 550w\" sizes=\"auto, (max-width: 157px) 100vw, 157px\" \/><\/p>\n<p style=\"text-align: center\">1975-1976 Primera Divisi\u00f3n.-Sevilla Fc-0 Tantos.<\/p>\n<p style=\"text-align: center\">Clasificaciones jugadores por A. L\u00e1zaro R. (\u00abEl Mundo Deportivo\u00bb-Barcelona, s\u00e1bado 30 de Agosto de 1975:<\/p>\n<p style=\"text-align: center\"><img data-recalc-dims=\"1\" loading=\"lazy\" decoding=\"async\" class=\"aligncenter size-thumbnail wp-image-51697\" src=\"https:\/\/i0.wp.com\/www.manquepierda.com\/historiarealbetis\/files\/2016\/08\/superpaco1.jpg?resize=119%2C220&#038;ssl=1\" alt=\"superpaco1\" width=\"119\" height=\"220\" srcset=\"https:\/\/i0.wp.com\/www.manquepierda.com\/historiarealbetis\/files\/2016\/08\/superpaco1.jpg?resize=119%2C220&amp;ssl=1 119w, https:\/\/i0.wp.com\/www.manquepierda.com\/historiarealbetis\/files\/2016\/08\/superpaco1.jpg?w=173&amp;ssl=1 173w\" sizes=\"auto, (max-width: 119px) 100vw, 119px\" \/><\/p>\n<p style=\"text-align: center\"><strong>\u00abTrofeo Mejor Jugador\u00bb.-(4)-<\/strong>Francisco Ruiz Brenes (a) \u00abPACO\u00bb <strong>(Encaj\u00f3 un gol).<\/strong><\/p>\n<p style=\"text-align: justify\">Juan L\u00f3pez HITA (2).-Jos\u00e9 Mariano PULIDO Sol\u00eds (2).-Julio C\u00e9sar LORANT V\u00e1zquez (3).-Francisco Sanjos\u00e9 Garc\u00eda (2).<\/p>\n<p style=\"text-align: justify\">Pablo Jos\u00e9 BLANCO Blanco (2) [59 minutos: Juan Mar\u00eda Romero RIVAS ((1)].-Rafael JA\u00c9N Rodr\u00edguez (3).-Juli\u00e1n RUBIO S\u00e1nchez (2).<\/p>\n<p style=\"text-align: justify\">Enrique LORA Mill\u00e1n (3)-Lesionado-[45 minutos: Bartolom\u00e9 PLAZA Muela (2)].-Jos\u00e9 Francisco Leandro Filho (a) \u00abDUDA\u00bb (2) [79 minutos: Daniel Ricardo ALONSO Danese (s.c.)].-Alhaji Momodo Njie (a) \u00abBIRI-BIRI\u00bb (3).<\/p>\n<hr \/>\n<p style=\"text-align: center\">RECORTES DE PRENSA.-ABC-SEVILLA 19750830-S\u00c1BADO-FOTOS SERRANO:<\/p>\n<p style=\"text-align: center\"><img data-recalc-dims=\"1\" loading=\"lazy\" decoding=\"async\" class=\"aligncenter size-large wp-image-51742\" src=\"https:\/\/i0.wp.com\/www.manquepierda.com\/historiarealbetis\/files\/2016\/08\/El-Gran-Triunfo.jpg?resize=532%2C700&#038;ssl=1\" alt=\"El Gran Triunfo\" width=\"532\" height=\"700\" srcset=\"https:\/\/i0.wp.com\/www.manquepierda.com\/historiarealbetis\/files\/2016\/08\/El-Gran-Triunfo.jpg?resize=532%2C700&amp;ssl=1 532w, https:\/\/i0.wp.com\/www.manquepierda.com\/historiarealbetis\/files\/2016\/08\/El-Gran-Triunfo.jpg?resize=167%2C220&amp;ssl=1 167w, https:\/\/i0.wp.com\/www.manquepierda.com\/historiarealbetis\/files\/2016\/08\/El-Gran-Triunfo.jpg?resize=456%2C600&amp;ssl=1 456w, https:\/\/i0.wp.com\/www.manquepierda.com\/historiarealbetis\/files\/2016\/08\/El-Gran-Triunfo.jpg?resize=768%2C1011&amp;ssl=1 768w\" sizes=\"auto, (max-width: 532px) 100vw, 532px\" \/><\/p>\n<p style=\"text-align: center\"><img data-recalc-dims=\"1\" loading=\"lazy\" decoding=\"async\" class=\"aligncenter size-large wp-image-51743\" src=\"https:\/\/i0.wp.com\/www.manquepierda.com\/historiarealbetis\/files\/2016\/08\/El-Betis-Campe%C3%B3n.jpg?resize=521%2C700&#038;ssl=1\" alt=\"El Betis Campe\u00f3n\" width=\"521\" height=\"700\" srcset=\"https:\/\/i0.wp.com\/www.manquepierda.com\/historiarealbetis\/files\/2016\/08\/El-Betis-Campe%C3%B3n.jpg?resize=521%2C700&amp;ssl=1 521w, https:\/\/i0.wp.com\/www.manquepierda.com\/historiarealbetis\/files\/2016\/08\/El-Betis-Campe%C3%B3n.jpg?resize=164%2C220&amp;ssl=1 164w, https:\/\/i0.wp.com\/www.manquepierda.com\/historiarealbetis\/files\/2016\/08\/El-Betis-Campe%C3%B3n.jpg?resize=447%2C600&amp;ssl=1 447w, https:\/\/i0.wp.com\/www.manquepierda.com\/historiarealbetis\/files\/2016\/08\/El-Betis-Campe%C3%B3n.jpg?resize=768%2C1031&amp;ssl=1 768w\" sizes=\"auto, (max-width: 521px) 100vw, 521px\" \/><\/p>\n<p style=\"text-align: center\"><img data-recalc-dims=\"1\" loading=\"lazy\" decoding=\"async\" class=\"aligncenter size-full wp-image-51744\" src=\"https:\/\/i0.wp.com\/www.manquepierda.com\/historiarealbetis\/files\/2016\/08\/Betico-y-su-apoteosis.jpg?resize=1290%2C1694&#038;ssl=1\" alt=\"Betico y su apoteosis\" width=\"1290\" height=\"1694\" srcset=\"https:\/\/i0.wp.com\/www.manquepierda.com\/historiarealbetis\/files\/2016\/08\/Betico-y-su-apoteosis.jpg?w=2271&amp;ssl=1 2271w, https:\/\/i0.wp.com\/www.manquepierda.com\/historiarealbetis\/files\/2016\/08\/Betico-y-su-apoteosis.jpg?resize=167%2C220&amp;ssl=1 167w, https:\/\/i0.wp.com\/www.manquepierda.com\/historiarealbetis\/files\/2016\/08\/Betico-y-su-apoteosis.jpg?resize=457%2C600&amp;ssl=1 457w, https:\/\/i0.wp.com\/www.manquepierda.com\/historiarealbetis\/files\/2016\/08\/Betico-y-su-apoteosis.jpg?resize=768%2C1009&amp;ssl=1 768w, https:\/\/i0.wp.com\/www.manquepierda.com\/historiarealbetis\/files\/2016\/08\/Betico-y-su-apoteosis.jpg?resize=533%2C700&amp;ssl=1 533w\" sizes=\"auto, (max-width: 1290px) 100vw, 1290px\" \/><\/p>\n","protected":false},"excerpt":{"rendered":"<p>ORGANIZADO POR EL EXCMO. AYUNTAMIENTO SIENDO SU PROMOTOR EL ALCALDE DON JUAN FERN\u00c1NDEZ-RODR\u00cdGUEZ GARC\u00cdA DEL BUSTO-PRIMERA EDICI\u00d3N 1972.-LAS 13 COPAS DESDE 1972-1994 FUERON OBRAS DEL ORFEBRE DON FERNANDO MARMOLEJO CAMARGO. EL CUARTO TORNEO EN TIEMPOS DEL ALCALDE DE SEVILLA-1975 DON FERNANDO PARIAS DE MERRY SE CELEBR\u00d3 EN EL \u00abESTADIO BENITO VILLAMAR\u00cdN\u00bb. EL IV TROFEO \u00abCIUDAD&#8230;<\/p>\n","protected":false},"author":48,"featured_media":51720,"comment_status":"open","ping_status":"open","sticky":false,"template":"","format":"standard","meta":{"_kad_post_transparent":"","_kad_post_title":"","_kad_post_layout":"","_kad_post_sidebar_id":"","_kad_post_content_style":"","_kad_post_vertical_padding":"","_kad_post_feature":"","_kad_post_feature_position":"","_kad_post_header":false,"_kad_post_footer":false,"_kad_post_classname":"","_jetpack_memberships_contains_paid_content":false,"footnotes":"","jetpack_publicize_message":"","jetpack_publicize_feature_enabled":true,"jetpack_social_post_already_shared":true,"jetpack_social_options":{"image_generator_settings":{"template":"highway","default_image_id":0,"font":"","enabled":false},"version":2}},"categories":[903,1,2064],"tags":[58,2504,2945,916],"class_list":["post-51709","post","type-post","status-publish","format-standard","has-post-thumbnail","hentry","category-1970-1979","category-portada","category-trofeos-de-verano","tag-58","tag-1975-76","tag-iv-trofeo-ciudad-de-sevilla","tag-sevilla-fc"],"jetpack_publicize_connections":[],"jetpack_featured_media_url":"https:\/\/i0.wp.com\/www.manquepierda.com\/historiarealbetis\/files\/2016\/08\/19750829campe%C3%B3n.jpg?fit=1982%2C939&ssl=1","jetpack_sharing_enabled":true,"jetpack_shortlink":"https:\/\/wp.me\/p1ij08-ds1","jetpack-related-posts":[],"_links":{"self":[{"href":"https:\/\/www.manquepierda.com\/historiarealbetis\/wp-json\/wp\/v2\/posts\/51709","targetHints":{"allow":["GET"]}}],"collection":[{"href":"https:\/\/www.manquepierda.com\/historiarealbetis\/wp-json\/wp\/v2\/posts"}],"about":[{"href":"https:\/\/www.manquepierda.com\/historiarealbetis\/wp-json\/wp\/v2\/types\/post"}],"author":[{"embeddable":true,"href":"https:\/\/www.manquepierda.com\/historiarealbetis\/wp-json\/wp\/v2\/users\/48"}],"replies":[{"embeddable":true,"href":"https:\/\/www.manquepierda.com\/historiarealbetis\/wp-json\/wp\/v2\/comments?post=51709"}],"version-history":[{"count":1,"href":"https:\/\/www.manquepierda.com\/historiarealbetis\/wp-json\/wp\/v2\/posts\/51709\/revisions"}],"predecessor-version":[{"id":97370,"href":"https:\/\/www.manquepierda.com\/historiarealbetis\/wp-json\/wp\/v2\/posts\/51709\/revisions\/97370"}],"wp:featuredmedia":[{"embeddable":true,"href":"https:\/\/www.manquepierda.com\/historiarealbetis\/wp-json\/wp\/v2\/media\/51720"}],"wp:attachment":[{"href":"https:\/\/www.manquepierda.com\/historiarealbetis\/wp-json\/wp\/v2\/media?parent=51709"}],"wp:term":[{"taxonomy":"category","embeddable":true,"href":"https:\/\/www.manquepierda.com\/historiarealbetis\/wp-json\/wp\/v2\/categories?post=51709"},{"taxonomy":"post_tag","embeddable":true,"href":"https:\/\/www.manquepierda.com\/historiarealbetis\/wp-json\/wp\/v2\/tags?post=51709"}],"curies":[{"name":"wp","href":"https:\/\/api.w.org\/{rel}","templated":true}]}}