{"id":51838,"date":"2016-08-31T21:36:29","date_gmt":"2016-08-31T19:36:29","guid":{"rendered":"http:\/\/www.manquepierda.com\/historiarealbetis\/?p=51838"},"modified":"2024-10-06T23:37:43","modified_gmt":"2024-10-06T21:37:43","slug":"1958-agosto-31-concepcion-arenal-real-oviedo-0-real-betis-balompie-2-58aniversario","status":"publish","type":"post","link":"https:\/\/www.manquepierda.com\/historiarealbetis\/1958-agosto-31-concepcion-arenal-real-oviedo-0-real-betis-balompie-2-58aniversario\/","title":{"rendered":"1958-Agosto 31-Concepci\u00f3n Arenal.-Real Oviedo-0 Real Betis Balompi\u00e9-2.-58Aniversario."},"content":{"rendered":"<p style=\"text-align: justify\">TORNEO DESDE 1953 ORGANIZADO POR EL AYUNTAMIENTO DE FERROL SIENDO SU ALCALDE 1950-1953: DON JOS\u00c9 MANUEL ALC\u00c1NTARA ROCAFORT Y SU CONCEJAL DE DEPORTES DON MANUEL SEIJAS BREA.<\/p>\n<p style=\"text-align: justify\">EN HOMENAJE PERIODISTA, ESCRITORA Y ACTIVISTA SOCIAL ESPA\u00d1OLA <strong>CONCEPCI\u00d3N ARENAL PONTE.-Natural del Ferrol (A Coru\u00f1a), lunes 31 de Enero de 1820.-Obituario en\u00a0 Vigo (Pontevedra), s\u00e1bado 4 de Febrero de 1893.-EN AGOSTO 1955 NO SE DISPUT\u00d3.<\/strong><\/p>\n<p style=\"text-align: center\"><img data-recalc-dims=\"1\" loading=\"lazy\" decoding=\"async\" class=\"aligncenter size-full wp-image-51842\" src=\"https:\/\/i0.wp.com\/www.manquepierda.com\/historiarealbetis\/files\/2016\/08\/Anuncio-Cocepci%C3%B3n-Arenal-1958-NMP-La-Voz-de-Galicia-26-8-1958-293x300.jpg?resize=293%2C300&#038;ssl=1\" alt=\"Anuncio-Cocepci\u00f3n-Arenal-1958-NMP-La-Voz-de-Galicia-26-8-1958-293x300\" width=\"293\" height=\"300\" srcset=\"https:\/\/i0.wp.com\/www.manquepierda.com\/historiarealbetis\/files\/2016\/08\/Anuncio-Cocepci%C3%B3n-Arenal-1958-NMP-La-Voz-de-Galicia-26-8-1958-293x300.jpg?resize=293%2C300&amp;ssl=1 293w, https:\/\/i0.wp.com\/www.manquepierda.com\/historiarealbetis\/files\/2016\/08\/Anuncio-Cocepci%C3%B3n-Arenal-1958-NMP-La-Voz-de-Galicia-26-8-1958-293x300.jpg?resize=215%2C220&amp;ssl=1 215w\" sizes=\"auto, (max-width: 293px) 100vw, 293px\" \/><\/p>\n<p style=\"text-align: justify\"><span style=\"color: #008000\"><em><strong>1958-AGOSTO 29-VIERNES 18&#8217;00 HORAS.-RACING CLUB FERROL-1 TANTO VS. REAL BETIS BALOMPI\u00c9-2 GOLES (ARETA II Y DEL SOL).<\/strong><\/em><\/span><\/p>\n<figure id=\"attachment_51845\" aria-describedby=\"caption-attachment-51845\" style=\"width: 300px\" class=\"wp-caption aligncenter\"><img data-recalc-dims=\"1\" loading=\"lazy\" decoding=\"async\" class=\"size-full wp-image-51845\" src=\"https:\/\/i0.wp.com\/www.manquepierda.com\/historiarealbetis\/files\/2016\/08\/Parad-de-Otero-Ferrol-Betis-NMP-La-Voz-de-Galicia-30-8-1958-300x234.jpg?resize=300%2C234&#038;ssl=1\" alt=\"PARADA DE OTERO.\" width=\"300\" height=\"234\" srcset=\"https:\/\/i0.wp.com\/www.manquepierda.com\/historiarealbetis\/files\/2016\/08\/Parad-de-Otero-Ferrol-Betis-NMP-La-Voz-de-Galicia-30-8-1958-300x234.jpg?resize=300%2C234&amp;ssl=1 300w, https:\/\/i0.wp.com\/www.manquepierda.com\/historiarealbetis\/files\/2016\/08\/Parad-de-Otero-Ferrol-Betis-NMP-La-Voz-de-Galicia-30-8-1958-300x234.jpg?resize=220%2C172&amp;ssl=1 220w\" sizes=\"auto, (max-width: 300px) 100vw, 300px\" \/><figcaption id=\"caption-attachment-51845\" class=\"wp-caption-text\">PARADA DE OTERO.-Fuente 19580830-S\u00e1bado \u00abLA VOZ DE GALICIA\u00bb.<\/figcaption><\/figure>\n<p style=\"text-align: justify\">1958-AGOSTO 30-S\u00c1BADO 18&#8217;00 HORAS.-RACING CLUB FERROL-1 TANTO VS. REAL OVIEDO-3 GOLES.<\/p>\n<figure id=\"attachment_51847\" aria-describedby=\"caption-attachment-51847\" style=\"width: 640px\" class=\"wp-caption aligncenter\"><img data-recalc-dims=\"1\" loading=\"lazy\" decoding=\"async\" class=\"size-full wp-image-51847\" src=\"https:\/\/i0.wp.com\/www.manquepierda.com\/historiarealbetis\/files\/2016\/08\/Oviedo-Betis-Concepci%C3%B3n-Arenal-1958-Fuente-Fundaci%C3%B3n-Racing-de-Ferrol.jpg?resize=640%2C394&#038;ssl=1\" alt=\"FUENTE FUNDACI\u00d3N RACING FERROL 1958.\" width=\"640\" height=\"394\" srcset=\"https:\/\/i0.wp.com\/www.manquepierda.com\/historiarealbetis\/files\/2016\/08\/Oviedo-Betis-Concepci%C3%B3n-Arenal-1958-Fuente-Fundaci%C3%B3n-Racing-de-Ferrol.jpg?w=640&amp;ssl=1 640w, https:\/\/i0.wp.com\/www.manquepierda.com\/historiarealbetis\/files\/2016\/08\/Oviedo-Betis-Concepci%C3%B3n-Arenal-1958-Fuente-Fundaci%C3%B3n-Racing-de-Ferrol.jpg?resize=220%2C135&amp;ssl=1 220w\" sizes=\"auto, (max-width: 640px) 100vw, 640px\" \/><figcaption id=\"caption-attachment-51847\" class=\"wp-caption-text\">FUENTE FUNDACI\u00d3N RACING FERROL 1958.<\/figcaption><\/figure>\n<p style=\"text-align: justify\"><strong><span style=\"color: #008000\">1958-AGOSTO 31-DOMINGO 17&#8217;30 HORAS-ESTADIO MUNICIPAL \u00abMANOLO RIVERA\u00bb-TERCER<img data-recalc-dims=\"1\" loading=\"lazy\" decoding=\"async\" class=\"alignright size-thumbnail wp-image-51846\" src=\"https:\/\/i0.wp.com\/www.manquepierda.com\/historiarealbetis\/files\/2016\/08\/Ferrol090911a-300x229.jpg?resize=220%2C168&#038;ssl=1\" alt=\"Ferrol090911a-300x229\" width=\"220\" height=\"168\" srcset=\"https:\/\/i0.wp.com\/www.manquepierda.com\/historiarealbetis\/files\/2016\/08\/Ferrol090911a-300x229.jpg?resize=220%2C168&amp;ssl=1 220w, https:\/\/i0.wp.com\/www.manquepierda.com\/historiarealbetis\/files\/2016\/08\/Ferrol090911a-300x229.jpg?resize=300%2C229&amp;ssl=1 300w\" sizes=\"auto, (max-width: 220px) 100vw, 220px\" \/> ENCUENTRO \u00abV TROFEO CONCEPCI\u00d3N ARENAL\u00bb.<\/span><br \/>\n<\/strong><\/p>\n<p style=\"text-align: justify\"><em>\u00abRegistr\u00f3 un llenazo, not\u00e1ndose la numerosa presencia de aficionados asturianos y de toda la regi\u00f3n gallega.<\/em><\/p>\n<p style=\"text-align: center\"><img data-recalc-dims=\"1\" loading=\"lazy\" decoding=\"async\" class=\"size-thumbnail wp-image-51848 alignleft\" src=\"https:\/\/i0.wp.com\/www.manquepierda.com\/historiarealbetis\/files\/2016\/08\/FMM.jpg?resize=157%2C220&#038;ssl=1\" alt=\"FMM\" width=\"157\" height=\"220\" srcset=\"https:\/\/i0.wp.com\/www.manquepierda.com\/historiarealbetis\/files\/2016\/08\/FMM.jpg?resize=157%2C220&amp;ssl=1 157w, https:\/\/i0.wp.com\/www.manquepierda.com\/historiarealbetis\/files\/2016\/08\/FMM.jpg?w=171&amp;ssl=1 171w\" sizes=\"auto, (max-width: 157px) 100vw, 157px\" \/><\/p>\n<p style=\"text-align: justify\">Arbitr\u00f3 Federico MOSQUERA Maceiras (45 a\u00f1os+6 meses+25 d\u00edas)-Natural de A Coru\u00f1a, jueves 6 de Febrero de 1913.<\/p>\n<p style=\"text-align: center\">AMBAS ESCUADRAS SE ALINEARON DE LA FORMA SIGUIENTE:<\/p>\n<p style=\"text-align: justify\"><span style=\"color: #008000\"><em><strong>Desde el s\u00e1bado 21 de Mayo de 1955 hasta el martes 7 de Diciembre de 1965-escrito de <img data-recalc-dims=\"1\" loading=\"lazy\" decoding=\"async\" class=\"alignright size-thumbnail wp-image-51849\" src=\"https:\/\/i0.wp.com\/www.manquepierda.com\/historiarealbetis\/files\/2016\/08\/Benito-VILLAMAR%C3%8DN-PRIETO-02.jpg?resize=166%2C220&#038;ssl=1\" alt=\"Benito VILLAMAR\u00cdN PRIETO-02\" width=\"166\" height=\"220\" srcset=\"https:\/\/i0.wp.com\/www.manquepierda.com\/historiarealbetis\/files\/2016\/08\/Benito-VILLAMAR%C3%8DN-PRIETO-02.jpg?resize=166%2C220&amp;ssl=1 166w, https:\/\/i0.wp.com\/www.manquepierda.com\/historiarealbetis\/files\/2016\/08\/Benito-VILLAMAR%C3%8DN-PRIETO-02.jpg?w=378&amp;ssl=1 378w\" sizes=\"auto, (max-width: 166px) 100vw, 166px\" \/>dimisi\u00f3n por causa ajena a su voluntad de gestionarlo motivada por su grav\u00edsima enfermedad de c\u00e1ncer de pulm\u00f3n-despidi\u00e9ndose de sus compa\u00f1eros directivos y a trav\u00e9s de ellos de la afici\u00f3n b\u00e9tica.<\/strong><\/em><\/span><\/p>\n<p style=\"text-align: justify\"><span style=\"color: #008000\"><em><strong>Presidente Real Betis Balompi\u00e9-industrial-don Benito VILLAMAR\u00cdN PRIETO (42 a\u00f1os+10 d\u00edas)-Natural de Puga-To\u00e9n (Ourense), lunes 21 de Agosto de 1916.-Obituario en Sevilla, lunes 15 de Agosto de 1966 (50 A\u00f1os menos 6 d\u00edas (D. E. P.)<\/strong><\/em><\/span><\/p>\n<p style=\"text-align: justify\"><strong><span style=\"color: #333333\">El pasado viernes 19 del corriente mes se celebr\u00f3 un sentido homenaje floral-Pante\u00f3n Familiar ya que el domingo 21 fue la efem\u00e9rides del centenario de su nacimiento en la localidad orensana. Primer presidente perpetuo y \u00fanico elegido democr\u00e1ticamente por la afici\u00f3n Verdiblanca.<\/span><\/strong><\/p>\n<figure id=\"attachment_51850\" aria-describedby=\"caption-attachment-51850\" style=\"width: 199px\" class=\"wp-caption alignleft\"><img data-recalc-dims=\"1\" loading=\"lazy\" decoding=\"async\" class=\"size-thumbnail wp-image-51850\" src=\"https:\/\/i0.wp.com\/www.manquepierda.com\/historiarealbetis\/files\/2016\/08\/Antonio-BARRIOS-Seoane.jpg?resize=199%2C220&#038;ssl=1\" alt=\"Fuente BLANCO Y NEGRO.\" width=\"199\" height=\"220\" srcset=\"https:\/\/i0.wp.com\/www.manquepierda.com\/historiarealbetis\/files\/2016\/08\/Antonio-BARRIOS-Seoane.jpg?resize=199%2C220&amp;ssl=1 199w, https:\/\/i0.wp.com\/www.manquepierda.com\/historiarealbetis\/files\/2016\/08\/Antonio-BARRIOS-Seoane.jpg?resize=543%2C600&amp;ssl=1 543w, https:\/\/i0.wp.com\/www.manquepierda.com\/historiarealbetis\/files\/2016\/08\/Antonio-BARRIOS-Seoane.jpg?resize=634%2C700&amp;ssl=1 634w, https:\/\/i0.wp.com\/www.manquepierda.com\/historiarealbetis\/files\/2016\/08\/Antonio-BARRIOS-Seoane.jpg?w=731&amp;ssl=1 731w\" sizes=\"auto, (max-width: 199px) 100vw, 199px\" \/><figcaption id=\"caption-attachment-51850\" class=\"wp-caption-text\">Fuente BLANCO Y NEGRO.<\/figcaption><\/figure>\n<p style=\"text-align: justify\"><strong><span style=\"color: #008000\">Entrenador 1958-1959, Antonio BARRIOS Seoane (48 a\u00f1os+3 meses+10 d\u00edas)-Natural de Getxo (Vizcaya), s\u00e1bado 21 de Mayo de 1910.-Obituario en San Sebasti\u00e1n (Guip\u00fazcoa), lunes 19 de Agosto de 2002 (92 A\u00f1os+3 meses menos 2 d\u00edas) D. E. P.<\/span><\/strong><\/p>\n<p style=\"text-align: center\"><img data-recalc-dims=\"1\" loading=\"lazy\" decoding=\"async\" class=\"aligncenter size-full wp-image-51852\" src=\"https:\/\/i0.wp.com\/www.manquepierda.com\/historiarealbetis\/files\/2016\/08\/1957-RBB-1.jpg?resize=154%2C154&#038;ssl=1\" alt=\"1957-RBB\" width=\"154\" height=\"154\" \/><\/p>\n<p style=\"text-align: justify\"><span style=\"color: #008000\"><em>\u00abHa sido este un brillante triunfo b\u00e9tico harto significativo de la indiscutible preparaci\u00f3n f\u00edsica del equipo y tambi\u00e9n del buen juego que desarrolla que le ha permitido adjudicarse\u00a0 el Trofeo \u00abCONCEPCI\u00d3N ARENAL\u00bb-Edici\u00f3n de 1958, disputado con dos equipos que en ning\u00fan momento le dieron facilidades:<\/em><\/span><\/p>\n<p><img data-recalc-dims=\"1\" loading=\"lazy\" decoding=\"async\" class=\"size-medium wp-image-51851 aligncenter\" src=\"https:\/\/i0.wp.com\/www.manquepierda.com\/historiarealbetis\/files\/2016\/08\/19580831-VConcepci%C3%B3n-Arenal.jpg?resize=358%2C600&#038;ssl=1\" alt=\"V TROFEO &quot;CONCEPCI\u00d3N ARENAL&quot;-1958.\" width=\"358\" height=\"600\" srcset=\"https:\/\/i0.wp.com\/www.manquepierda.com\/historiarealbetis\/files\/2016\/08\/19580831-VConcepci%C3%B3n-Arenal.jpg?resize=358%2C600&amp;ssl=1 358w, https:\/\/i0.wp.com\/www.manquepierda.com\/historiarealbetis\/files\/2016\/08\/19580831-VConcepci%C3%B3n-Arenal.jpg?resize=131%2C220&amp;ssl=1 131w, https:\/\/i0.wp.com\/www.manquepierda.com\/historiarealbetis\/files\/2016\/08\/19580831-VConcepci%C3%B3n-Arenal.jpg?resize=418%2C700&amp;ssl=1 418w, https:\/\/i0.wp.com\/www.manquepierda.com\/historiarealbetis\/files\/2016\/08\/19580831-VConcepci%C3%B3n-Arenal.jpg?w=540&amp;ssl=1 540w\" sizes=\"auto, (max-width: 358px) 100vw, 358px\" \/><\/p>\n<p style=\"text-align: justify\"><span style=\"color: #008000\"><em><strong>Frente al Real Oviedo Club de F\u00fatbol hizo gala de una velocidad incontenible, pese a que los ovetenses se defendieron con evidente entusiasmo y decisi\u00f3n, hasta llegar totalmente agotados al t\u00e9rmino del partido.<\/strong><\/em><\/span><\/p>\n<p style=\"text-align: justify\"><span style=\"color: #008000\"><em><strong>Por ello puede afirmarse que la pugna decisiva del torneo gallego tuvo un tono de victoria b\u00e9tica desde que el V Trofeo fue iniciado.<\/strong><\/em><\/span><\/p>\n<p style=\"text-align: justify\"><span style=\"color: #008000\"><em><strong>Todas sus l\u00edneas rindieron perfectamente, sobresaliendo, de manera rotunda la labor de Oliet, hasta que fue sustituido por lesi\u00f3n; \u00abPaqui\u00bb, Casta\u00f1o, Del Sol, \u00abAreta II\u00bb y Otero.<\/strong><\/em><\/span><\/p>\n<p style=\"text-align: justify\"><span style=\"color: #008000\"><em><strong>Evidentemente, tras el logro de esta Copa, conseguida tan brillantemente, el once verdiblanco, cara a la Primera Divisi\u00f3n, se hace merecedor de la confianza de todos sus seguidores\u00bb<\/strong><\/em><span style=\"color: #333333\">.<\/span><\/span><\/p>\n<p style=\"text-align: center\"><strong><span style=\"color: #333333\">1958-1959 PRIMERA DIVISI\u00d3N.-CAMPE\u00d3N REAL BETIS BALOMPI\u00c9-2 GOLES.<\/span><\/strong><\/p>\n<p style=\"text-align: center\">GUARDAMETA:<\/p>\n<p style=\"text-align: center\"><img data-recalc-dims=\"1\" loading=\"lazy\" decoding=\"async\" class=\"aligncenter size-thumbnail wp-image-51860\" src=\"https:\/\/i0.wp.com\/www.manquepierda.com\/historiarealbetis\/files\/2016\/08\/Otero-Couceiro-Juan-Ignacio.jpg?resize=124%2C220&#038;ssl=1\" alt=\"Otero Couceiro, Juan Ignacio\" width=\"124\" height=\"220\" srcset=\"https:\/\/i0.wp.com\/www.manquepierda.com\/historiarealbetis\/files\/2016\/08\/Otero-Couceiro-Juan-Ignacio.jpg?resize=124%2C220&amp;ssl=1 124w, https:\/\/i0.wp.com\/www.manquepierda.com\/historiarealbetis\/files\/2016\/08\/Otero-Couceiro-Juan-Ignacio.jpg?resize=338%2C600&amp;ssl=1 338w, https:\/\/i0.wp.com\/www.manquepierda.com\/historiarealbetis\/files\/2016\/08\/Otero-Couceiro-Juan-Ignacio.jpg?resize=394%2C700&amp;ssl=1 394w, https:\/\/i0.wp.com\/www.manquepierda.com\/historiarealbetis\/files\/2016\/08\/Otero-Couceiro-Juan-Ignacio.jpg?w=411&amp;ssl=1 411w\" sizes=\"auto, (max-width: 124px) 100vw, 124px\" \/><\/p>\n<p style=\"text-align: justify\"><strong>1-[Imbatido].-Juan Ignacio OTERO Couceiro (29 a\u00f1os+2 meses+30 d\u00edas)-Natural de A Coru\u00f1a, s\u00e1bado 1\u00ba de Junio de 1929.<\/strong><\/p>\n<p style=\"text-align: center\">ZAGUEROS:<\/p>\n<p style=\"text-align: center\"><img data-recalc-dims=\"1\" loading=\"lazy\" decoding=\"async\" class=\"aligncenter size-thumbnail wp-image-51861\" src=\"https:\/\/i0.wp.com\/www.manquepierda.com\/historiarealbetis\/files\/2016\/08\/Oliet.jpg?resize=145%2C220&#038;ssl=1\" alt=\"Oliet\" width=\"145\" height=\"220\" srcset=\"https:\/\/i0.wp.com\/www.manquepierda.com\/historiarealbetis\/files\/2016\/08\/Oliet.jpg?resize=145%2C220&amp;ssl=1 145w, https:\/\/i0.wp.com\/www.manquepierda.com\/historiarealbetis\/files\/2016\/08\/Oliet.jpg?w=188&amp;ssl=1 188w\" sizes=\"auto, (max-width: 145px) 100vw, 145px\" \/><\/p>\n<p style=\"text-align: center\"><strong>2-Lateral Diestro.-Ram\u00f3n OLIET Palos.<\/strong><\/p>\n<p style=\"text-align: center\"><img data-recalc-dims=\"1\" loading=\"lazy\" decoding=\"async\" class=\"aligncenter size-thumbnail wp-image-51862\" src=\"https:\/\/i0.wp.com\/www.manquepierda.com\/historiarealbetis\/files\/2016\/08\/FernandoSANTOSserna.1.jpg?resize=146%2C220&#038;ssl=1\" alt=\"FernandoSANTOSserna.1\" width=\"146\" height=\"220\" srcset=\"https:\/\/i0.wp.com\/www.manquepierda.com\/historiarealbetis\/files\/2016\/08\/FernandoSANTOSserna.1.jpg?resize=146%2C220&amp;ssl=1 146w, https:\/\/i0.wp.com\/www.manquepierda.com\/historiarealbetis\/files\/2016\/08\/FernandoSANTOSserna.1.jpg?resize=397%2C600&amp;ssl=1 397w, https:\/\/i0.wp.com\/www.manquepierda.com\/historiarealbetis\/files\/2016\/08\/FernandoSANTOSserna.1.jpg?resize=768%2C1160&amp;ssl=1 768w, https:\/\/i0.wp.com\/www.manquepierda.com\/historiarealbetis\/files\/2016\/08\/FernandoSANTOSserna.1.jpg?resize=463%2C700&amp;ssl=1 463w, https:\/\/i0.wp.com\/www.manquepierda.com\/historiarealbetis\/files\/2016\/08\/FernandoSANTOSserna.1.jpg?w=1490&amp;ssl=1 1490w\" sizes=\"auto, (max-width: 146px) 100vw, 146px\" \/><\/p>\n<p style=\"text-align: center\"><strong>5-Central.-Fernando SANTOS Serna.<\/strong><\/p>\n<p style=\"text-align: center\"><img data-recalc-dims=\"1\" loading=\"lazy\" decoding=\"async\" class=\"aligncenter size-thumbnail wp-image-51863\" src=\"https:\/\/i0.wp.com\/www.manquepierda.com\/historiarealbetis\/files\/2016\/08\/PORTUjos%C3%A9besteirofari%C3%B1as.jpg?resize=141%2C220&#038;ssl=1\" alt=\"PORTUjos\u00e9besteirofari\u00f1as\" width=\"141\" height=\"220\" srcset=\"https:\/\/i0.wp.com\/www.manquepierda.com\/historiarealbetis\/files\/2016\/08\/PORTUjos%C3%A9besteirofari%C3%B1as.jpg?resize=141%2C220&amp;ssl=1 141w, https:\/\/i0.wp.com\/www.manquepierda.com\/historiarealbetis\/files\/2016\/08\/PORTUjos%C3%A9besteirofari%C3%B1as.jpg?resize=383%2C600&amp;ssl=1 383w, https:\/\/i0.wp.com\/www.manquepierda.com\/historiarealbetis\/files\/2016\/08\/PORTUjos%C3%A9besteirofari%C3%B1as.jpg?resize=768%2C1202&amp;ssl=1 768w, https:\/\/i0.wp.com\/www.manquepierda.com\/historiarealbetis\/files\/2016\/08\/PORTUjos%C3%A9besteirofari%C3%B1as.jpg?resize=447%2C700&amp;ssl=1 447w, https:\/\/i0.wp.com\/www.manquepierda.com\/historiarealbetis\/files\/2016\/08\/PORTUjos%C3%A9besteirofari%C3%B1as.jpg?w=1961&amp;ssl=1 1961w\" sizes=\"auto, (max-width: 141px) 100vw, 141px\" \/><\/p>\n<p style=\"text-align: center\"><strong>3-Lateral Zurdo.-Jos\u00e9 Besteiro Fari\u00f1as (a) \u00abPORTU\u00bb.<\/strong><\/p>\n<p style=\"text-align: center\">MEDIOS:<\/p>\n<p style=\"text-align: center\"><img data-recalc-dims=\"1\" loading=\"lazy\" decoding=\"async\" class=\"aligncenter size-thumbnail wp-image-51864\" src=\"https:\/\/i0.wp.com\/www.manquepierda.com\/historiarealbetis\/files\/2016\/08\/Caricatura-ISGP.jpg?resize=126%2C220&#038;ssl=1\" alt=\"Caricatura ISGP\" width=\"126\" height=\"220\" srcset=\"https:\/\/i0.wp.com\/www.manquepierda.com\/historiarealbetis\/files\/2016\/08\/Caricatura-ISGP.jpg?resize=126%2C220&amp;ssl=1 126w, https:\/\/i0.wp.com\/www.manquepierda.com\/historiarealbetis\/files\/2016\/08\/Caricatura-ISGP.jpg?resize=344%2C600&amp;ssl=1 344w, https:\/\/i0.wp.com\/www.manquepierda.com\/historiarealbetis\/files\/2016\/08\/Caricatura-ISGP.jpg?w=367&amp;ssl=1 367w\" sizes=\"auto, (max-width: 126px) 100vw, 126px\" \/><\/p>\n<p style=\"text-align: center\">Caricatura pintada a mano cortes\u00eda de Joaqu\u00edn Real Rodr\u00edguez.<\/p>\n<p style=\"text-align: center\"><strong>4-Diestro.-ISIDRO S\u00e1nchez Garc\u00eda-Figueras.<\/strong><\/p>\n<p style=\"text-align: center\"><img data-recalc-dims=\"1\" loading=\"lazy\" decoding=\"async\" class=\"aligncenter size-thumbnail wp-image-51865\" src=\"https:\/\/i0.wp.com\/www.manquepierda.com\/historiarealbetis\/files\/2016\/08\/PAQUI-FranciscoG%C3%B3mezL%C3%B3pez.jpg?resize=142%2C220&#038;ssl=1\" alt=\"PAQUI-FranciscoG\u00f3mezL\u00f3pez\" width=\"142\" height=\"220\" srcset=\"https:\/\/i0.wp.com\/www.manquepierda.com\/historiarealbetis\/files\/2016\/08\/PAQUI-FranciscoG%C3%B3mezL%C3%B3pez.jpg?resize=142%2C220&amp;ssl=1 142w, https:\/\/i0.wp.com\/www.manquepierda.com\/historiarealbetis\/files\/2016\/08\/PAQUI-FranciscoG%C3%B3mezL%C3%B3pez.jpg?resize=386%2C600&amp;ssl=1 386w, https:\/\/i0.wp.com\/www.manquepierda.com\/historiarealbetis\/files\/2016\/08\/PAQUI-FranciscoG%C3%B3mezL%C3%B3pez.jpg?resize=768%2C1193&amp;ssl=1 768w, https:\/\/i0.wp.com\/www.manquepierda.com\/historiarealbetis\/files\/2016\/08\/PAQUI-FranciscoG%C3%B3mezL%C3%B3pez.jpg?resize=451%2C700&amp;ssl=1 451w, https:\/\/i0.wp.com\/www.manquepierda.com\/historiarealbetis\/files\/2016\/08\/PAQUI-FranciscoG%C3%B3mezL%C3%B3pez.jpg?w=1488&amp;ssl=1 1488w\" sizes=\"auto, (max-width: 142px) 100vw, 142px\" \/><\/p>\n<p style=\"text-align: center\"><strong>6-Zurdo.-Francisco G\u00f3mez L\u00f3pez (a) \u00abPAQUI\u00bb.<\/strong><\/p>\n<p style=\"text-align: center\">DELANTEROS:<\/p>\n<p style=\"text-align: center\"><em><strong>*0-1.-15 minutos.-Heliodoro recibe un pase de Kuszmann, chut cruzado fusilando a Pedro Caldentey\u00bb*<\/strong><\/em><\/p>\n<p style=\"text-align: center\"><img data-recalc-dims=\"1\" loading=\"lazy\" decoding=\"async\" class=\"size-thumbnail wp-image-51857 aligncenter\" src=\"https:\/\/i0.wp.com\/www.manquepierda.com\/historiarealbetis\/files\/2016\/08\/Heliodoro-CASTA%C3%91O-Pedrosa.png?resize=188%2C220&#038;ssl=1\" alt=\"Heliodoro CASTA\u00d1O Pedrosa\" width=\"188\" height=\"220\" srcset=\"https:\/\/i0.wp.com\/www.manquepierda.com\/historiarealbetis\/files\/2016\/08\/Heliodoro-CASTA%C3%91O-Pedrosa.png?resize=188%2C220&amp;ssl=1 188w, https:\/\/i0.wp.com\/www.manquepierda.com\/historiarealbetis\/files\/2016\/08\/Heliodoro-CASTA%C3%91O-Pedrosa.png?w=191&amp;ssl=1 191w\" sizes=\"auto, (max-width: 188px) 100vw, 188px\" \/><\/p>\n<p style=\"text-align: justify\"><strong>7-Extremo Diestro.-Heliodoro CASTA\u00d1O Pedrosa (25 a\u00f1os+4 meses+26 d\u00edas)-Natural de Alcazarquivir (Ciudad del norte de Marruecos, cercana a Larache), mi\u00e9rcoles 05 de Abril de 1933.<\/strong><\/p>\n<p style=\"text-align: justify\"><span style=\"color: #008000\"><em><strong>*0-2.-81 minutos.-\u00abPaqui\u00bb centra y recoge el esf\u00e9rico Esteban, que con un ch\u00fa archisuperior esquinado al \u00e1ngulo bati\u00f3 a Pedro Caldentey Bauz\u00e1; logrando el marcador final.<\/strong><\/em><\/span><\/p>\n<p style=\"text-align: center\"><img data-recalc-dims=\"1\" loading=\"lazy\" decoding=\"async\" class=\"aligncenter size-thumbnail wp-image-51859\" src=\"https:\/\/i0.wp.com\/www.manquepierda.com\/historiarealbetis\/files\/2016\/08\/Areta-V%C3%A9lez-Esteban-114x220.jpg?resize=114%2C220&#038;ssl=1\" alt=\"Areta V\u00e9lez, Esteban\" width=\"114\" height=\"220\" srcset=\"https:\/\/i0.wp.com\/www.manquepierda.com\/historiarealbetis\/files\/2016\/08\/Areta-V%C3%A9lez-Esteban.jpg?resize=114%2C220&amp;ssl=1 114w, https:\/\/i0.wp.com\/www.manquepierda.com\/historiarealbetis\/files\/2016\/08\/Areta-V%C3%A9lez-Esteban.jpg?resize=312%2C600&amp;ssl=1 312w, https:\/\/i0.wp.com\/www.manquepierda.com\/historiarealbetis\/files\/2016\/08\/Areta-V%C3%A9lez-Esteban.jpg?resize=364%2C700&amp;ssl=1 364w, https:\/\/i0.wp.com\/www.manquepierda.com\/historiarealbetis\/files\/2016\/08\/Areta-V%C3%A9lez-Esteban.jpg?w=381&amp;ssl=1 381w\" sizes=\"auto, (max-width: 114px) 100vw, 114px\" \/><\/p>\n<p style=\"text-align: justify\"><strong>8-Interior Diestro.-ESTEBAN Areta V\u00e9lez (a) \u00abARETA II\u00bb (26 a\u00f1os+4 meses+17 d\u00edas)-Natural de Pamplona (Navarra), jueves 14 de Abril de 1932.-Obituario en Sevilla, lunes 9 de Julio de 2007 (75 A\u00f1os+3 meses menos 5 d\u00edas) D. E. P.<\/strong><\/p>\n<p style=\"text-align: center\"><img data-recalc-dims=\"1\" loading=\"lazy\" decoding=\"async\" class=\"aligncenter size-thumbnail wp-image-51858\" src=\"https:\/\/i0.wp.com\/www.manquepierda.com\/historiarealbetis\/files\/2016\/08\/Caricatura-Kusczman.jpg?resize=132%2C220&#038;ssl=1\" alt=\"Caricatura Kusczman\" width=\"132\" height=\"220\" srcset=\"https:\/\/i0.wp.com\/www.manquepierda.com\/historiarealbetis\/files\/2016\/08\/Caricatura-Kusczman.jpg?resize=132%2C220&amp;ssl=1 132w, https:\/\/i0.wp.com\/www.manquepierda.com\/historiarealbetis\/files\/2016\/08\/Caricatura-Kusczman.jpg?resize=361%2C600&amp;ssl=1 361w, https:\/\/i0.wp.com\/www.manquepierda.com\/historiarealbetis\/files\/2016\/08\/Caricatura-Kusczman.jpg?w=385&amp;ssl=1 385w\" sizes=\"auto, (max-width: 132px) 100vw, 132px\" \/><\/p>\n<p style=\"text-align: center\">Caricatura pintada a mano cortes\u00eda de Joaqu\u00edn Real Rodr\u00edguez.<\/p>\n<p style=\"text-align: justify\"><strong>9-Centro delantero-Ariete.-Janos KUSZMAN Erwin.-<span style=\"color: #008000\"><em>\u00abAntes de finalizar el primer tiempo, Janos pudo conseguir el 0-2 a trav\u00e9s de un ch\u00fa con Caldentey batido, y que Marigil sac\u00f3 el esf\u00e9rico en casi la misma raya del gol\u00bb.-Marcador final del primer tiempo 0-1.<\/em><\/span><\/strong><\/p>\n<p style=\"text-align: center\"><img data-recalc-dims=\"1\" loading=\"lazy\" decoding=\"async\" class=\"aligncenter size-thumbnail wp-image-51866\" src=\"https:\/\/i0.wp.com\/www.manquepierda.com\/historiarealbetis\/files\/2016\/08\/Jorge-VILA-Soler.jpg?resize=124%2C220&#038;ssl=1\" alt=\"Jorge VILA Soler\" width=\"124\" height=\"220\" srcset=\"https:\/\/i0.wp.com\/www.manquepierda.com\/historiarealbetis\/files\/2016\/08\/Jorge-VILA-Soler.jpg?resize=124%2C220&amp;ssl=1 124w, https:\/\/i0.wp.com\/www.manquepierda.com\/historiarealbetis\/files\/2016\/08\/Jorge-VILA-Soler.jpg?resize=339%2C600&amp;ssl=1 339w, https:\/\/i0.wp.com\/www.manquepierda.com\/historiarealbetis\/files\/2016\/08\/Jorge-VILA-Soler.jpg?w=369&amp;ssl=1 369w\" sizes=\"auto, (max-width: 124px) 100vw, 124px\" \/><\/p>\n<p style=\"text-align: center\"><strong>10-Interior Zurdo.-Jorge VILA Soler.<\/strong><\/p>\n<p style=\"text-align: center\"><img data-recalc-dims=\"1\" loading=\"lazy\" decoding=\"async\" class=\"aligncenter size-thumbnail wp-image-51867\" src=\"https:\/\/i0.wp.com\/www.manquepierda.com\/historiarealbetis\/files\/2016\/08\/Le%C3%B3nLASAm%C3%BAjica.jpg?resize=138%2C220&#038;ssl=1\" alt=\"Le\u00f3nLASAm\u00fajica\" width=\"138\" height=\"220\" srcset=\"https:\/\/i0.wp.com\/www.manquepierda.com\/historiarealbetis\/files\/2016\/08\/Le%C3%B3nLASAm%C3%BAjica.jpg?resize=138%2C220&amp;ssl=1 138w, https:\/\/i0.wp.com\/www.manquepierda.com\/historiarealbetis\/files\/2016\/08\/Le%C3%B3nLASAm%C3%BAjica.jpg?resize=377%2C600&amp;ssl=1 377w, https:\/\/i0.wp.com\/www.manquepierda.com\/historiarealbetis\/files\/2016\/08\/Le%C3%B3nLASAm%C3%BAjica.jpg?resize=768%2C1223&amp;ssl=1 768w, https:\/\/i0.wp.com\/www.manquepierda.com\/historiarealbetis\/files\/2016\/08\/Le%C3%B3nLASAm%C3%BAjica.jpg?resize=440%2C700&amp;ssl=1 440w, https:\/\/i0.wp.com\/www.manquepierda.com\/historiarealbetis\/files\/2016\/08\/Le%C3%B3nLASAm%C3%BAjica.jpg?w=1926&amp;ssl=1 1926w\" sizes=\"auto, (max-width: 138px) 100vw, 138px\" \/><\/p>\n<p style=\"text-align: center\"><strong> [45 minutos: Le\u00f3n LASA M\u00fajica]<\/strong><\/p>\n<p style=\"text-align: center\"><img data-recalc-dims=\"1\" loading=\"lazy\" decoding=\"async\" class=\"aligncenter size-full wp-image-51868\" src=\"https:\/\/i0.wp.com\/www.manquepierda.com\/historiarealbetis\/files\/2016\/08\/Luis-Del-Sol-Casajares.jpg?resize=132%2C162&#038;ssl=1\" alt=\"Luis Del Sol Casajares\" width=\"132\" height=\"162\" \/><\/p>\n<p style=\"text-align: center\"><strong>11-Extremo Zurdo (Capit\u00e1n).-Lu\u00eds DEL SOL Cascajares.<\/strong><\/p>\n<figure id=\"attachment_51869\" aria-describedby=\"caption-attachment-51869\" style=\"width: 300px\" class=\"wp-caption aligncenter\"><img data-recalc-dims=\"1\" loading=\"lazy\" decoding=\"async\" class=\"size-full wp-image-51869\" src=\"https:\/\/i0.wp.com\/www.manquepierda.com\/historiarealbetis\/files\/2016\/08\/Entrega-Trofeo-NMP-La-Voz-de-Galicia-2-9-1958-300x213.jpg?resize=300%2C213&#038;ssl=1\" alt=\"V TROFEO CONCEPCI\u00d3N ARENAL.-Fuente La Voz de Galicia, martes 02-IX-1958.\" width=\"300\" height=\"213\" srcset=\"https:\/\/i0.wp.com\/www.manquepierda.com\/historiarealbetis\/files\/2016\/08\/Entrega-Trofeo-NMP-La-Voz-de-Galicia-2-9-1958-300x213.jpg?resize=300%2C213&amp;ssl=1 300w, https:\/\/i0.wp.com\/www.manquepierda.com\/historiarealbetis\/files\/2016\/08\/Entrega-Trofeo-NMP-La-Voz-de-Galicia-2-9-1958-300x213.jpg?resize=220%2C156&amp;ssl=1 220w\" sizes=\"auto, (max-width: 300px) 100vw, 300px\" \/><figcaption id=\"caption-attachment-51869\" class=\"wp-caption-text\">V TROFEO CONCEPCI\u00d3N ARENAL.-Fuente La Voz de Galicia, martes 02-IX-1958.<\/figcaption><\/figure>\n<p style=\"text-align: justify\"><span style=\"color: #008000\">\u00abAl finalizar el encuentro el capit\u00e1n del Real Betis, Lu\u00eds Del Sol, recibi\u00f3 el \u00abV TROFEO CONCEPCI\u00d3N ARENAL\u00bb, magn\u00edfica copa en plata de ley con incrustaciones de oro, de manos del alcalde El Ferrol 1958, don Francisco Depico Gonz\u00e1lez\u00bb.<\/span><\/p>\n<p style=\"text-align: center\">Vs.<\/p>\n<p style=\"text-align: center\"><img data-recalc-dims=\"1\" loading=\"lazy\" decoding=\"async\" class=\"size-full wp-image-51854 alignright\" src=\"https:\/\/i0.wp.com\/www.manquepierda.com\/historiarealbetis\/files\/2016\/08\/Silvela.jpg?resize=85%2C118&#038;ssl=1\" alt=\"Silvela\" width=\"85\" height=\"118\" \/><\/p>\n<p style=\"text-align: right\">Junio 1954-Marzo 1961.-Presidente don Francisco SILVELA L\u00f3pez.<\/p>\n<p style=\"text-align: justify\"><strong><img data-recalc-dims=\"1\" loading=\"lazy\" decoding=\"async\" class=\"alignleft size-full wp-image-51855\" src=\"https:\/\/i0.wp.com\/www.manquepierda.com\/historiarealbetis\/files\/2016\/08\/APA.jpg?resize=105%2C159&#038;ssl=1\" alt=\"APA\" width=\"105\" height=\"159\" \/><\/strong>Desde el lunes 8-VII-1957 hasta el s\u00e1bado 30-IV-1959.-Abel PICABEA Allero (52 a\u00f1os+2 meses+11 d\u00edas)-Natural de Buenos Aires (Argentina), mi\u00e9rcoles 20 de Junio de 1906.<\/p>\n<p style=\"text-align: center\"><img data-recalc-dims=\"1\" loading=\"lazy\" decoding=\"async\" class=\"aligncenter size-thumbnail wp-image-51853\" src=\"https:\/\/i0.wp.com\/www.manquepierda.com\/historiarealbetis\/files\/2016\/08\/Real-Oviedo.jpg?resize=121%2C220&#038;ssl=1\" alt=\"Real Oviedo\" width=\"121\" height=\"220\" srcset=\"https:\/\/i0.wp.com\/www.manquepierda.com\/historiarealbetis\/files\/2016\/08\/Real-Oviedo.jpg?resize=121%2C220&amp;ssl=1 121w, https:\/\/i0.wp.com\/www.manquepierda.com\/historiarealbetis\/files\/2016\/08\/Real-Oviedo.jpg?resize=331%2C600&amp;ssl=1 331w, https:\/\/i0.wp.com\/www.manquepierda.com\/historiarealbetis\/files\/2016\/08\/Real-Oviedo.jpg?w=379&amp;ssl=1 379w\" sizes=\"auto, (max-width: 121px) 100vw, 121px\" \/><\/p>\n<p style=\"text-align: center\">1958-1959 Primera Divisi\u00f3n.-REAL OVIEDO CF-0 Tantos.<\/p>\n<p style=\"text-align: center\"><img data-recalc-dims=\"1\" loading=\"lazy\" decoding=\"async\" class=\"aligncenter size-thumbnail wp-image-51856\" src=\"https:\/\/i0.wp.com\/www.manquepierda.com\/historiarealbetis\/files\/2016\/08\/Caldentey.jpg?resize=148%2C220&#038;ssl=1\" alt=\"Caldentey\" width=\"148\" height=\"220\" srcset=\"https:\/\/i0.wp.com\/www.manquepierda.com\/historiarealbetis\/files\/2016\/08\/Caldentey.jpg?resize=148%2C220&amp;ssl=1 148w, https:\/\/i0.wp.com\/www.manquepierda.com\/historiarealbetis\/files\/2016\/08\/Caldentey.jpg?w=172&amp;ssl=1 172w\" sizes=\"auto, (max-width: 148px) 100vw, 148px\" \/><\/p>\n<p style=\"text-align: justify\"><strong>1-[2 goles encajados].-Pedro CALDENTEY Bauz\u00e1 (29 a\u00f1os+11 meses+28 d\u00edas)-Natural de Sant Lloren\u00e7 des Cardassar (Baleares), lunes 3 de Septiembre de 1928.<\/strong><\/p>\n<p style=\"text-align: justify\"><strong>2-(Capit\u00e1n).-Antonio Cuervo Fern\u00e1ndez (a) \u00abTONI\u00bb.-5-Esteban ALARC\u00d3N S\u00e1nchez.-3-Julio MARIGIL Merino; 4-Manuel S\u00c1NCHEZ Mart\u00edn.-6-David CASAMITJANA Cabestany; 7-Fernando CUERVO Fern\u00e1ndez.-8-Miguel XIRAU Borrel.-9-Francisco Javier ARTABE Erezcano [80 minutos se retir\u00f3 lesionado].-10-Eduardo G\u00f3mez Garc\u00eda-Barb\u00f3n (a) \u00abLALO\u00bb.-11-Florencio AMARILLA Lacasa [89 minutos tambi\u00e9n lesionado].<\/strong><\/p>\n<p>&nbsp;<\/p>\n<p>&nbsp;<\/p>\n<p>&nbsp;<\/p>\n","protected":false},"excerpt":{"rendered":"<p>TORNEO DESDE 1953 ORGANIZADO POR EL AYUNTAMIENTO DE FERROL SIENDO SU ALCALDE 1950-1953: DON JOS\u00c9 MANUEL ALC\u00c1NTARA ROCAFORT Y SU CONCEJAL DE DEPORTES DON MANUEL SEIJAS BREA. EN HOMENAJE PERIODISTA, ESCRITORA Y ACTIVISTA SOCIAL ESPA\u00d1OLA CONCEPCI\u00d3N ARENAL PONTE.-Natural del Ferrol (A Coru\u00f1a), lunes 31 de Enero de 1820.-Obituario en\u00a0 Vigo (Pontevedra), s\u00e1bado 4 de Febrero&#8230;<\/p>\n","protected":false},"author":48,"featured_media":51847,"comment_status":"open","ping_status":"open","sticky":false,"template":"","format":"standard","meta":{"_kad_post_transparent":"","_kad_post_title":"","_kad_post_layout":"","_kad_post_sidebar_id":"","_kad_post_content_style":"","_kad_post_vertical_padding":"","_kad_post_feature":"","_kad_post_feature_position":"","_kad_post_header":false,"_kad_post_footer":false,"_kad_post_classname":"","_jetpack_memberships_contains_paid_content":false,"footnotes":"","jetpack_publicize_message":"","jetpack_publicize_feature_enabled":true,"jetpack_social_post_already_shared":true,"jetpack_social_options":{"image_generator_settings":{"template":"highway","default_image_id":0,"font":"","enabled":false},"version":2}},"categories":[901,1,2064],"tags":[1237,2248,14171,2246],"class_list":["post-51838","post","type-post","status-publish","format-standard","has-post-thumbnail","hentry","category-1950-1959","category-portada","category-trofeos-de-verano","tag-1237","tag-1958-59","tag-real-oviedo-cf","tag-trofeo-concepcion-arenal"],"jetpack_publicize_connections":[],"jetpack_featured_media_url":"https:\/\/i0.wp.com\/www.manquepierda.com\/historiarealbetis\/files\/2016\/08\/Oviedo-Betis-Concepci%C3%B3n-Arenal-1958-Fuente-Fundaci%C3%B3n-Racing-de-Ferrol.jpg?fit=640%2C394&ssl=1","jetpack_sharing_enabled":true,"jetpack_shortlink":"https:\/\/wp.me\/p1ij08-du6","jetpack-related-posts":[],"_links":{"self":[{"href":"https:\/\/www.manquepierda.com\/historiarealbetis\/wp-json\/wp\/v2\/posts\/51838","targetHints":{"allow":["GET"]}}],"collection":[{"href":"https:\/\/www.manquepierda.com\/historiarealbetis\/wp-json\/wp\/v2\/posts"}],"about":[{"href":"https:\/\/www.manquepierda.com\/historiarealbetis\/wp-json\/wp\/v2\/types\/post"}],"author":[{"embeddable":true,"href":"https:\/\/www.manquepierda.com\/historiarealbetis\/wp-json\/wp\/v2\/users\/48"}],"replies":[{"embeddable":true,"href":"https:\/\/www.manquepierda.com\/historiarealbetis\/wp-json\/wp\/v2\/comments?post=51838"}],"version-history":[{"count":1,"href":"https:\/\/www.manquepierda.com\/historiarealbetis\/wp-json\/wp\/v2\/posts\/51838\/revisions"}],"predecessor-version":[{"id":95660,"href":"https:\/\/www.manquepierda.com\/historiarealbetis\/wp-json\/wp\/v2\/posts\/51838\/revisions\/95660"}],"wp:featuredmedia":[{"embeddable":true,"href":"https:\/\/www.manquepierda.com\/historiarealbetis\/wp-json\/wp\/v2\/media\/51847"}],"wp:attachment":[{"href":"https:\/\/www.manquepierda.com\/historiarealbetis\/wp-json\/wp\/v2\/media?parent=51838"}],"wp:term":[{"taxonomy":"category","embeddable":true,"href":"https:\/\/www.manquepierda.com\/historiarealbetis\/wp-json\/wp\/v2\/categories?post=51838"},{"taxonomy":"post_tag","embeddable":true,"href":"https:\/\/www.manquepierda.com\/historiarealbetis\/wp-json\/wp\/v2\/tags?post=51838"}],"curies":[{"name":"wp","href":"https:\/\/api.w.org\/{rel}","templated":true}]}}