{"id":51971,"date":"2020-09-14T10:30:48","date_gmt":"2020-09-14T08:30:48","guid":{"rendered":"http:\/\/www.manquepierda.com\/historiarealbetis\/?p=51971"},"modified":"2024-08-14T17:30:52","modified_gmt":"2024-08-14T15:30:52","slug":"hoy-68-anos","status":"publish","type":"post","link":"https:\/\/www.manquepierda.com\/historiarealbetis\/hoy-68-anos\/","title":{"rendered":"Hoy hace 68 a\u00f1os. Debut oficial de Jos\u00e9 Pe\u00f1afuerte."},"content":{"rendered":"<p><a href=\"https:\/\/i0.wp.com\/www.manquepierda.com\/historiarealbetis\/files\/2016\/09\/14-1952-Debut-de-Jos%C3%A9-Pe%C3%B1afuerte.jpg?ssl=1\"><img data-recalc-dims=\"1\" loading=\"lazy\" decoding=\"async\" class=\"alignleft wp-image-51973\" src=\"https:\/\/i0.wp.com\/www.manquepierda.com\/historiarealbetis\/files\/2016\/09\/14-1952-Debut-de-Jos%C3%A9-Pe%C3%B1afuerte.jpg?resize=316%2C366&#038;ssl=1\" alt=\"14 1952 Debut de Jos\u00e9 Pe\u00f1afuerte\" width=\"316\" height=\"366\" srcset=\"https:\/\/i0.wp.com\/www.manquepierda.com\/historiarealbetis\/files\/2016\/09\/14-1952-Debut-de-Jos%C3%A9-Pe%C3%B1afuerte.jpg?w=427&amp;ssl=1 427w, https:\/\/i0.wp.com\/www.manquepierda.com\/historiarealbetis\/files\/2016\/09\/14-1952-Debut-de-Jos%C3%A9-Pe%C3%B1afuerte.jpg?resize=190%2C220&amp;ssl=1 190w\" sizes=\"auto, (max-width: 316px) 100vw, 316px\" \/><\/a><\/p>\n<p>&nbsp;<\/p>\n<p><span style=\"color: #008000\">El 14 de septiembre de 1952 debuta oficialmente con el Real Betis Balompi\u00e9 Jos\u00e9 Pe\u00f1afuerte . Lo hace en el partido de Liga de Tercera Divisi\u00f3n jugado en Ubeda contra el equipo local y en el que el Betis se impone por 4 goles a 3.<\/span><\/p>\n<p>&nbsp;<\/p>\n<p><span style=\"color: #008000\">Jos\u00e9 Pe\u00f1afuerte ten\u00eda 20 a\u00f1os cuando debut\u00f3 y proced\u00eda del Juventud Balompi\u00e9, el filial b\u00e9tico de la \u00e9poca.<\/span><\/p>\n","protected":false},"excerpt":{"rendered":"<p>&nbsp; El 14 de septiembre de 1952 debuta oficialmente con el Real Betis Balompi\u00e9 Jos\u00e9 Pe\u00f1afuerte . Lo hace en el partido de Liga de Tercera Divisi\u00f3n jugado en Ubeda contra el equipo local y en el que el Betis se impone por 4 goles a 3. &nbsp; Jos\u00e9 Pe\u00f1afuerte ten\u00eda 20 a\u00f1os cuando debut\u00f3&#8230;<\/p>\n","protected":false},"author":5,"featured_media":51973,"comment_status":"open","ping_status":"open","sticky":false,"template":"","format":"standard","meta":{"_kad_post_transparent":"","_kad_post_title":"","_kad_post_layout":"","_kad_post_sidebar_id":"","_kad_post_content_style":"","_kad_post_vertical_padding":"","_kad_post_feature":"","_kad_post_feature_position":"","_kad_post_header":false,"_kad_post_footer":false,"_kad_post_classname":"","_jetpack_memberships_contains_paid_content":false,"footnotes":"","jetpack_publicize_message":"","jetpack_publicize_feature_enabled":true,"jetpack_social_post_already_shared":true,"jetpack_social_options":{"image_generator_settings":{"template":"highway","default_image_id":0,"font":"","enabled":false},"version":2}},"categories":[901,14583,1],"tags":[4664,2581,17887],"class_list":["post-51971","post","type-post","status-publish","format-standard","has-post-thumbnail","hentry","category-1950-1959","category-efemerides","category-portada","tag-4664","tag-jose-penafuerte","tag-liga-tercera-1951-52"],"jetpack_publicize_connections":[],"jetpack_featured_media_url":"https:\/\/i0.wp.com\/www.manquepierda.com\/historiarealbetis\/files\/2016\/09\/14-1952-Debut-de-Jos%C3%A9-Pe%C3%B1afuerte.jpg?fit=427%2C494&ssl=1","jetpack_sharing_enabled":true,"jetpack_shortlink":"https:\/\/wp.me\/p1ij08-dwf","jetpack-related-posts":[],"_links":{"self":[{"href":"https:\/\/www.manquepierda.com\/historiarealbetis\/wp-json\/wp\/v2\/posts\/51971","targetHints":{"allow":["GET"]}}],"collection":[{"href":"https:\/\/www.manquepierda.com\/historiarealbetis\/wp-json\/wp\/v2\/posts"}],"about":[{"href":"https:\/\/www.manquepierda.com\/historiarealbetis\/wp-json\/wp\/v2\/types\/post"}],"author":[{"embeddable":true,"href":"https:\/\/www.manquepierda.com\/historiarealbetis\/wp-json\/wp\/v2\/users\/5"}],"replies":[{"embeddable":true,"href":"https:\/\/www.manquepierda.com\/historiarealbetis\/wp-json\/wp\/v2\/comments?post=51971"}],"version-history":[{"count":1,"href":"https:\/\/www.manquepierda.com\/historiarealbetis\/wp-json\/wp\/v2\/posts\/51971\/revisions"}],"predecessor-version":[{"id":96822,"href":"https:\/\/www.manquepierda.com\/historiarealbetis\/wp-json\/wp\/v2\/posts\/51971\/revisions\/96822"}],"wp:featuredmedia":[{"embeddable":true,"href":"https:\/\/www.manquepierda.com\/historiarealbetis\/wp-json\/wp\/v2\/media\/51973"}],"wp:attachment":[{"href":"https:\/\/www.manquepierda.com\/historiarealbetis\/wp-json\/wp\/v2\/media?parent=51971"}],"wp:term":[{"taxonomy":"category","embeddable":true,"href":"https:\/\/www.manquepierda.com\/historiarealbetis\/wp-json\/wp\/v2\/categories?post=51971"},{"taxonomy":"post_tag","embeddable":true,"href":"https:\/\/www.manquepierda.com\/historiarealbetis\/wp-json\/wp\/v2\/tags?post=51971"}],"curies":[{"name":"wp","href":"https:\/\/api.w.org\/{rel}","templated":true}]}}