{"id":52120,"date":"2022-09-15T11:00:00","date_gmt":"2022-09-15T09:00:00","guid":{"rendered":"http:\/\/www.manquepierda.com\/historiarealbetis\/?p=52120"},"modified":"2025-08-19T20:58:47","modified_gmt":"2025-08-19T18:58:47","slug":"hoya-37-anos","status":"publish","type":"post","link":"https:\/\/www.manquepierda.com\/historiarealbetis\/hoya-37-anos\/","title":{"rendered":"Hoy hace 40 a\u00f1os. Benfica 2 Betis 1 y debut en la Copa de la Uefa."},"content":{"rendered":"<p><a href=\"https:\/\/i0.wp.com\/www.manquepierda.com\/historiarealbetis\/files\/2016\/09\/15-1982-Benfica-Betis.jpg?ssl=1\"><img data-recalc-dims=\"1\" loading=\"lazy\" decoding=\"async\" class=\"aligncenter size-medium wp-image-52121\" src=\"https:\/\/i0.wp.com\/www.manquepierda.com\/historiarealbetis\/files\/2016\/09\/15-1982-Benfica-Betis.jpg?resize=680%2C315&#038;ssl=1\" alt=\"15 1982 Benfica-Betis\" width=\"680\" height=\"315\" srcset=\"https:\/\/i0.wp.com\/www.manquepierda.com\/historiarealbetis\/files\/2016\/09\/15-1982-Benfica-Betis.jpg?resize=680%2C315&amp;ssl=1 680w, https:\/\/i0.wp.com\/www.manquepierda.com\/historiarealbetis\/files\/2016\/09\/15-1982-Benfica-Betis.jpg?resize=220%2C102&amp;ssl=1 220w, https:\/\/i0.wp.com\/www.manquepierda.com\/historiarealbetis\/files\/2016\/09\/15-1982-Benfica-Betis.jpg?w=729&amp;ssl=1 729w\" sizes=\"auto, (max-width: 680px) 100vw, 680px\" \/><\/a><\/p>\n<p><span style=\"color: #008000\">El 15 de septiembre de 1982 el Real Betis Balompi\u00e9 debuta en la Copa de la Uefa. Lo hace en el Estadio Da Luz de Lisboa en partido de ida de los treintadosavos \u00a0de final frente al Benfica. Esta competici\u00f3n se inici\u00f3 en la temporada 1971-72 y sustituy\u00f3 a la Copa de Ferias, en la que el Betis s\u00ed hab\u00eda participado.<\/span><\/p>\n<p><span style=\"color: #008000\">El Benfica se impuso 2-1 con goles de Nen\u00e9 en el 44 y Padinha en el 74, mientras que Diarte marc\u00f3 para el Betis en el minuto 76.<\/span><\/p>\n<p><span style=\"color: #008000\">El Benfica, entrenado por Sven Eriksson, jug\u00f3 con Bento; Pietra, Humberto, Bastos, Veloso; Carlos Manuel (75, C\u00e9sar), Alves, Sheu; Nen\u00e9, Filipovic y Diamantino (62, Padinha).\u00a0<\/span><\/p>\n<p><span style=\"color: #008000\">El Betis, dirigido por Antal Dunai, form\u00f3 con Esnaola; Diego, Carmelo, Alex, Gordillo; Ortega, Parra, Casado, Carde\u00f1osa (75, Biosca); Diarte y Rinc\u00f3n (62, Barnes).<\/span><\/p>\n<p><span style=\"color: #008000\">En este partido debutaron en competici\u00f3n oficial con el Betis Diego Rodr\u00edguez y Peter Barnes.\u00a0<\/span><\/p>\n","protected":false},"excerpt":{"rendered":"<p>El 15 de septiembre de 1982 el Real Betis Balompi\u00e9 debuta en la Copa de la Uefa. Lo hace en el Estadio Da Luz de Lisboa en partido de ida de los treintadosavos \u00a0de final frente al Benfica. Esta competici\u00f3n se inici\u00f3 en la temporada 1971-72 y sustituy\u00f3 a la Copa de Ferias, en la&#8230;<\/p>\n","protected":false},"author":5,"featured_media":52121,"comment_status":"open","ping_status":"open","sticky":false,"template":"","format":"standard","meta":{"_kad_post_transparent":"","_kad_post_title":"","_kad_post_layout":"","_kad_post_sidebar_id":"","_kad_post_content_style":"","_kad_post_vertical_padding":"","_kad_post_feature":"","_kad_post_feature_position":"","_kad_post_header":false,"_kad_post_footer":false,"_kad_post_classname":"","_jetpack_memberships_contains_paid_content":false,"footnotes":"","jetpack_publicize_message":"","jetpack_publicize_feature_enabled":true,"jetpack_social_post_already_shared":true,"jetpack_social_options":{"image_generator_settings":{"template":"highway","default_image_id":0,"font":"","enabled":false},"version":2}},"categories":[904,14583,1],"tags":[1218,18025,1476,3576,4168],"class_list":["post-52120","post","type-post","status-publish","format-standard","has-post-thumbnail","hentry","category-1980-1989","category-efemerides","category-portada","tag-1218","tag-copa-uefa-1982-83","tag-diego-rodriguez","tag-peter-barnes","tag-sport-lisboa-e-benfica"],"jetpack_publicize_connections":[],"jetpack_featured_media_url":"https:\/\/i0.wp.com\/www.manquepierda.com\/historiarealbetis\/files\/2016\/09\/15-1982-Benfica-Betis.jpg?fit=729%2C338&ssl=1","jetpack_sharing_enabled":true,"jetpack_shortlink":"https:\/\/wp.me\/p1ij08-dyE","jetpack-related-posts":[],"_links":{"self":[{"href":"https:\/\/www.manquepierda.com\/historiarealbetis\/wp-json\/wp\/v2\/posts\/52120","targetHints":{"allow":["GET"]}}],"collection":[{"href":"https:\/\/www.manquepierda.com\/historiarealbetis\/wp-json\/wp\/v2\/posts"}],"about":[{"href":"https:\/\/www.manquepierda.com\/historiarealbetis\/wp-json\/wp\/v2\/types\/post"}],"author":[{"embeddable":true,"href":"https:\/\/www.manquepierda.com\/historiarealbetis\/wp-json\/wp\/v2\/users\/5"}],"replies":[{"embeddable":true,"href":"https:\/\/www.manquepierda.com\/historiarealbetis\/wp-json\/wp\/v2\/comments?post=52120"}],"version-history":[{"count":4,"href":"https:\/\/www.manquepierda.com\/historiarealbetis\/wp-json\/wp\/v2\/posts\/52120\/revisions"}],"predecessor-version":[{"id":104460,"href":"https:\/\/www.manquepierda.com\/historiarealbetis\/wp-json\/wp\/v2\/posts\/52120\/revisions\/104460"}],"wp:featuredmedia":[{"embeddable":true,"href":"https:\/\/www.manquepierda.com\/historiarealbetis\/wp-json\/wp\/v2\/media\/52121"}],"wp:attachment":[{"href":"https:\/\/www.manquepierda.com\/historiarealbetis\/wp-json\/wp\/v2\/media?parent=52120"}],"wp:term":[{"taxonomy":"category","embeddable":true,"href":"https:\/\/www.manquepierda.com\/historiarealbetis\/wp-json\/wp\/v2\/categories?post=52120"},{"taxonomy":"post_tag","embeddable":true,"href":"https:\/\/www.manquepierda.com\/historiarealbetis\/wp-json\/wp\/v2\/tags?post=52120"}],"curies":[{"name":"wp","href":"https:\/\/api.w.org\/{rel}","templated":true}]}}