{"id":52244,"date":"2016-09-10T18:55:56","date_gmt":"2016-09-10T16:55:56","guid":{"rendered":"http:\/\/www.manquepierda.com\/historiarealbetis\/?p=52244"},"modified":"2024-08-23T18:13:15","modified_gmt":"2024-08-23T16:13:15","slug":"1944-septiembre-10-peral-real-betis-balompie-3-rmurcia-0-72aniversario","status":"publish","type":"post","link":"https:\/\/www.manquepierda.com\/historiarealbetis\/1944-septiembre-10-peral-real-betis-balompie-3-rmurcia-0-72aniversario\/","title":{"rendered":"1944-Septiembre 10-PERAL.-Real Betis Balompi\u00e9-3 RMurcia-0.-72Aniversario."},"content":{"rendered":"<p style=\"text-align: center\"><strong>RECORTES DE PRENSA.-ABC-Sevilla: 8 (viernes); 10 (s\u00e1bado).<\/strong><\/p>\n<p style=\"text-align: center\">\u00abLos grandes alicientes del partido homenaje a \u00abPERAL\u00bb:<\/p>\n<p style=\"text-align: justify\">&#8211;Cr\u00e9ame usted que tengo verdadera necesidad porque llegue la tarde del domingo.<\/p>\n<p style=\"text-align: justify\"><em>&#8211;No lo dudo, porque es la aspiraci\u00f3n de todos los aficionados sevillanos. Esper\u00e1bamos que se produjera un gran ambiente, pera la verdad que nuestras previsiones van a ser rebasadas por la realidad. Ya a estas horas el entusiasmo es desbordante.<\/em><\/p>\n<p style=\"text-align: justify\">&#8211;Justo es que as\u00ed se presente la jornada: porque \u00abPERAL\u00bb es acreedor a ella. Pero, adem\u00e1s, el partido tiene grandes alicientes. Ese Murcia&#8230;<\/p>\n<p style=\"text-align: justify\"><em>&#8211;Ese Murcia viene al completo y \u00abpegando\u00bb. El domingo ha jugado contra el H\u00e9rcules y lo ha vencido netamente por 3-1. La afici\u00f3n murciana est\u00e1 muy bien impresionada de su equipo. Ellos se la prometen muy felices en la pr\u00f3xima temporada; Portilla, el gran goleador, ha hecho un excelente partido. Y Besc\u00f3s, Mariages y Telech\u00eda&#8230;<\/em><\/p>\n<p style=\"text-align: justify\">&#8211;Hombre, esos ni que decir tiene que se esforzar\u00e1n por da el \u00abdo\u00bb de pecho en \u00abHeli\u00f3polis\u00bb&#8230;<\/p>\n<p style=\"text-align: justify\"><em>&#8211;Hay tambi\u00e9n de ver grandes deseos de ver al Coria y al Calavera.<\/em><\/p>\n<p style=\"text-align: justify\">&#8211;Son dos conjuntos muy buenos y, en cierto modo \u00abrivales\u00bb. El Calavera quiere desquitarse de su tropiezo final en el torneo de la Pe\u00f1a Sevillista, cuyo tropiezo le llev\u00f3 a una defectuosa alineaci\u00f3n. Y el Coria es la primera vez que juega en el amplio terreno de \u00abHeli\u00f3polis\u00bb,<\/p>\n<p style=\"text-align: justify\"><em>&#8211;\u00bfEs cierto que el Coria fletar\u00e1 un barco para este partido?<\/em><\/p>\n<p style=\"text-align: justify\">&#8211;Muy cierto. Se ha contratado un barco con 500 plazas, para trasladar a Sevilla a los aficionados corianos. Y los dem\u00e1s que vengan en tranv\u00eda. Ya le digo que la animaci\u00f3n es algo que se sube de lo normal. \u00bfVencer\u00e1 el Coria o el Calavera?<\/p>\n<p style=\"text-align: justify\"><em>&#8211;Eso sobre el terreno de juego se ver\u00e1. No olvidemos que el Coria es un equipo fuerte y muy avezado ya a jugar fuera de casa. Claro que el Calavera saldr\u00e1 convenientemente reforzado.<\/em><\/p>\n<p style=\"text-align: justify\">&#8211;Sobre todo hay un inter\u00e9s viv\u00edsimo por ver al Real Betis alineado con sus mejores elementos.<\/p>\n<p style=\"text-align: justify\"><em>&#8211;Pues as\u00ed saldr\u00e1, al completo. Con el mismo equipo que ha de jugar en Alicante la primera jornada de Liga. Y tal vez con alguna sorpresa de \u00faltima hora. Ya hablaremos de eso en el momento oportuno.<\/em><\/p>\n<p style=\"text-align: justify\"><span style=\"color: #008000\"><em><strong>&#8211;La concesi\u00f3n a \u00abPERAL\u00bb por la Federaci\u00f3n Sur de la Medalla al M\u00e9rito Deportivo, ha venido a colmar todos los alicientes.<\/strong><\/em><\/span><\/p>\n<p style=\"text-align: justify\">&#8211;Exacto. Ha sido un acuerdo federativo de innegable justicia. <span style=\"color: #008000\"><strong>Esa Medalla le ser\u00e1 impuesta a \u00abPERAL\u00bb en \u00abHeli\u00f3polis\u00bb, aprovechando la solemnidad de la jornada.<\/strong><\/span><\/p>\n<p style=\"text-align: justify\"><em>&#8211;Entonces&#8230;<\/em><\/p>\n<p style=\"text-align: justify\">&#8211;Ni una palabra m\u00e1s, Calavera, Coria, Murcia, Real Betis, la Medalla al M\u00e9rito Deportivo&#8230; Ni una palabra m\u00e1s, hombre; \u00a1\u00a1 Ni una palabra m\u00e1s \u00a1\u00a1<\/p>\n<hr \/>\n<p style=\"text-align: center\">\u00abGran animaci\u00f3n para el Homenaje a Peral\u00bb:<\/p>\n<p style=\"text-align: justify\">\u00abExiste gran animaci\u00f3n por el encuentro que esta tarde , en \u00abHeli\u00f3polis\u00bb, <strong>se jugar\u00e1 en jugar\u00e1 en homenaje al veterano jugador b\u00e9tico \u00abPeral\u00bb.<\/strong><\/p>\n<p style=\"text-align: justify\">Anoche en la Secretar\u00eda del Real Betis Balompi\u00e9, el movimiento era extraordinario, atendi\u00e9ndose a la gran demanda de localidades.<\/p>\n<p style=\"text-align: justify\">Entidades oficiales, organismos deportivos, clubes de todas las categor\u00edas y muchos aficionados han respondido con creces a la mayor brillantez del acontecimiento\u00bb.<\/p>\n<p style=\"text-align: center\">\u00abLa llegada del Murcia\u00bb:<\/p>\n<p style=\"text-align: justify\">\u00abEn la ma\u00f1ana del s\u00e1bado 9, en autob\u00fas, lleg\u00f3 a nuestra ciudad el flamante \u00abprimera divisi\u00f3n\u00bb Real Murcia. La v\u00edspera obtuvo una merecida victoria en C\u00f3rdoba sobre el titular.<\/p>\n<p style=\"text-align: justify\">En el hotel en donde se hospedan los murcianos fueron cumplimentado por un delegado del Real Betis Balompi\u00e9.<\/p>\n<p style=\"text-align: justify\">Los jugadores vienen animad\u00edsimos, confiados en triunfar en \u00abHeli\u00f3polis\u00bb y muy gustosos de prestar su colaboraci\u00f3n en este homenaje a \u00abPeral\u00bb.<\/p>\n<p style=\"text-align: justify\">El equipo que esta tarde alinear\u00e1 el Murcia ser\u00e1 el siguiente: Tr\u00edas; Telech\u00eda-Sierra; Torr\u00e9ns-Mariages-Castro; Andreu-Besc\u00f3s-Portilla-Morera-Tito\u00bb.<\/p>\n<p style=\"text-align: center\"><strong>\u00abLa formaci\u00f3n del Betis Balompi\u00e9\u00bb:<\/strong><\/p>\n<p style=\"text-align: justify\"><strong>\u00abEl equipo verdiblanco se alinear\u00e1 as\u00ed: Greus; Isidro-Pulido; \u00abPeral\u00bb en el primer tiempo y despu\u00e9s \u00abMorita\u00bb-Ant\u00fanez-Coll; \u00abSaro\u00bb-Montalvo-\u00abCampanal I\u00bb-Pineda-Valent\u00edn.<\/strong><\/p>\n<p style=\"text-align: justify\">El partido Betis-Murcia comenzar\u00e1 a las seis y media. <strong>Antes del encuentro, se impondr\u00e1 a \u00abPeral\u00bb la medalla del M\u00e9rito Deportivo y se har\u00e1 entrega de varios obsequios.<\/strong><\/p>\n<hr \/>\n<p style=\"text-align: center\">Alineaciones del Coria y del Calavera\u00bb:<\/p>\n<p style=\"text-align: center\">Coria CF-5 goles.<\/p>\n<p style=\"text-align: justify\">Cruzado (2 tantos encajado).-Tejado-Cabello; Jap\u00f3n-Vela-Guerrero; Gonz\u00e1lez-D\u00edaz-\u00abLuiqui\u00bb-Le\u00f3n-Men\u00e9ndez.<\/p>\n<p style=\"text-align: center\">Calavera Cf-2 tantos.<\/p>\n<p style=\"text-align: justify\">Santos (5 goles encajados).-Galindo-Pulido II; Calilo-Julio-Reyes; Pe\u00f1a-Castrillo-\u00abManol\u00edn\u00bb-Dom\u00ednguez-Parrilla.<\/p>\n<p style=\"text-align: justify\">\u00abLos \u00e1rbitros\u00bb: Calavera-Coria ser\u00e1 dirigido por el se\u00f1or Valiente.-Real Betis-Real Murcia por el se\u00f1or Peral, auxiliado por Colegiados del Sur\u00bb.<\/p>\n<hr \/>\n<p style=\"text-align: justify\"><span style=\"color: #008000\"><em>\u00abTINO Y GODOY EN SEVILLA\u00bb.-En la noche del lunes 11, llegaron procedente de Las Palmas de Gran Canaria, los jugadores TINO y GODOY, guardameta y centro delantero, respectivamente de la \u00abUni\u00f3n Marina\u00bb de Gran Canaria.-Dichos futbolistas han sido gestionados por el Real Betis Balompi\u00e9\u00bb.<\/em><\/span><\/p>\n<hr \/>\n<figure id=\"attachment_52248\" aria-describedby=\"caption-attachment-52248\" style=\"width: 680px\" class=\"wp-caption aligncenter\"><img data-recalc-dims=\"1\" loading=\"lazy\" decoding=\"async\" class=\"size-full wp-image-52248\" src=\"https:\/\/i0.wp.com\/www.manquepierda.com\/historiarealbetis\/files\/2016\/09\/Alineaci%C3%B3n-Betis-Murcia-Homenaje-Peral-NMP.-Marca-12-9-1944.jpg?resize=680%2C338&#038;ssl=1\" alt=\"Fuente-MARCA-Madrid 19440912-Martes.\" width=\"680\" height=\"338\" srcset=\"https:\/\/i0.wp.com\/www.manquepierda.com\/historiarealbetis\/files\/2016\/09\/Alineaci%C3%B3n-Betis-Murcia-Homenaje-Peral-NMP.-Marca-12-9-1944.jpg?w=680&amp;ssl=1 680w, https:\/\/i0.wp.com\/www.manquepierda.com\/historiarealbetis\/files\/2016\/09\/Alineaci%C3%B3n-Betis-Murcia-Homenaje-Peral-NMP.-Marca-12-9-1944.jpg?resize=220%2C109&amp;ssl=1 220w, https:\/\/i0.wp.com\/www.manquepierda.com\/historiarealbetis\/files\/2016\/09\/Alineaci%C3%B3n-Betis-Murcia-Homenaje-Peral-NMP.-Marca-12-9-1944.jpg?resize=400%2C200&amp;ssl=1 400w\" sizes=\"auto, (max-width: 680px) 100vw, 680px\" \/><figcaption id=\"caption-attachment-52248\" class=\"wp-caption-text\">Fuente-MARCA-Madrid 19440912-Martes.<span style=\"color: #008000\"><em><strong><br \/><\/strong><\/em><\/span><\/figcaption><\/figure>\n<p style=\"text-align: center\"><span style=\"color: #008000\"><em><strong>De pie de izquierda a derecha: <\/strong><\/em><\/span><\/p>\n<p style=\"text-align: justify\"><span style=\"color: #008000\"><em><strong>Francisco ANT\u00daNEZ Espada-Antonio Mora \u00c1lvarez (a) \u00abMORITA\u00bb (sustituy\u00f3 a \u00abPeral\u00bb en segundo tiempo)-\u00c1ngel Mart\u00edn Rodr\u00edguez (a) \u00abSARO\u00bb-Jos\u00e9 Su\u00e1rez Gonz\u00e1lez (a) \u00abPERAL\u00bb-Guillermo Gonz\u00e1lez del R\u00edo Garc\u00eda (a) \u00abCAMPANAL I\u00bb-Lu\u00eds Garc\u00eda PULIDO (a) \u00abCABEZA\u00bb y Alfredo GREUS Lozano (Imbatido).<br \/>\n<\/strong><\/em><\/span><\/p>\n<p style=\"text-align: center\"><span style=\"color: #008000\"><em><strong>Mismo orden agachados:<\/strong><\/em><\/span><\/p>\n<p style=\"text-align: justify\"><span style=\"color: #008000\"><em><strong>Jos\u00e9 MONTALVO Barrag\u00e1n-ISIDRO REGUERA Sivianes-VALENT\u00cdN Garc\u00eda Mart\u00ednez-Jos\u00e9 PINED<span style=\"color: #008000\">A \u00c1lvarez y Guillermo COLL Munar.<\/span><\/strong><\/em><\/span><\/p>\n<hr \/>\n<figure id=\"attachment_52252\" aria-describedby=\"caption-attachment-52252\" style=\"width: 1936px\" class=\"wp-caption aligncenter\"><img data-recalc-dims=\"1\" loading=\"lazy\" decoding=\"async\" class=\"size-full wp-image-52252\" src=\"https:\/\/i0.wp.com\/www.manquepierda.com\/historiarealbetis\/files\/2016\/09\/117.jpg?resize=1290%2C960&#038;ssl=1\" alt=\"Fondo Manuel Sim\u00f3 Mateos.\" width=\"1290\" height=\"960\" srcset=\"https:\/\/i0.wp.com\/www.manquepierda.com\/historiarealbetis\/files\/2016\/09\/117.jpg?w=1936&amp;ssl=1 1936w, https:\/\/i0.wp.com\/www.manquepierda.com\/historiarealbetis\/files\/2016\/09\/117.jpg?resize=220%2C164&amp;ssl=1 220w, https:\/\/i0.wp.com\/www.manquepierda.com\/historiarealbetis\/files\/2016\/09\/117.jpg?resize=680%2C506&amp;ssl=1 680w, https:\/\/i0.wp.com\/www.manquepierda.com\/historiarealbetis\/files\/2016\/09\/117.jpg?resize=768%2C571&amp;ssl=1 768w, https:\/\/i0.wp.com\/www.manquepierda.com\/historiarealbetis\/files\/2016\/09\/117.jpg?resize=941%2C700&amp;ssl=1 941w\" sizes=\"auto, (max-width: 1290px) 100vw, 1290px\" \/><figcaption id=\"caption-attachment-52252\" class=\"wp-caption-text\">Fondo Manuel Sim\u00f3 Mateos.-<strong>\u00abCAMPANAL I\u00bb-\u00abPERAL\u00bb-\u00abSARO\u00bb.<br \/><\/strong><\/figcaption><\/figure>\n<hr \/>\n<p style=\"text-align: justify\"><span style=\"color: #008000\"><strong>Don Eduardo BENJUMEA V\u00e1zquez-Armero, abogado (42 a\u00f1os+10 meses menos 17 d\u00edas)-<img data-recalc-dims=\"1\" loading=\"lazy\" decoding=\"async\" class=\"alignright size-thumbnail wp-image-52254\" src=\"https:\/\/i0.wp.com\/www.manquepierda.com\/historiarealbetis\/files\/2016\/09\/Eduardo-BENJUMEA-V%C3%A1zquez-Armero.jpg?resize=109%2C220&#038;ssl=1\" alt=\"eduardo-benjumea-vazquez-armero\" width=\"109\" height=\"220\" srcset=\"https:\/\/i0.wp.com\/www.manquepierda.com\/historiarealbetis\/files\/2016\/09\/Eduardo-BENJUMEA-V%C3%A1zquez-Armero.jpg?resize=109%2C220&amp;ssl=1 109w, https:\/\/i0.wp.com\/www.manquepierda.com\/historiarealbetis\/files\/2016\/09\/Eduardo-BENJUMEA-V%C3%A1zquez-Armero.jpg?resize=296%2C600&amp;ssl=1 296w, https:\/\/i0.wp.com\/www.manquepierda.com\/historiarealbetis\/files\/2016\/09\/Eduardo-BENJUMEA-V%C3%A1zquez-Armero.jpg?resize=346%2C700&amp;ssl=1 346w, https:\/\/i0.wp.com\/www.manquepierda.com\/historiarealbetis\/files\/2016\/09\/Eduardo-BENJUMEA-V%C3%A1zquez-Armero.jpg?w=640&amp;ssl=1 640w\" sizes=\"auto, (max-width: 109px) 100vw, 109px\" \/>Natural de Sevilla, mi\u00e9rcoles 27 de Noviembre de 1901.-Obituario en el balneario de Zestoa (Guip\u00fazcoa), domingo 30 de Julio de 1961 (59 A\u00f1os+8 meses+3 d\u00edas) D. E. P. Presidente Real Betis Balompi\u00e9 1944-1945.<\/strong><\/span><\/p>\n<p style=\"text-align: justify\"><strong><span style=\"color: #333333\"><img data-recalc-dims=\"1\" loading=\"lazy\" decoding=\"async\" class=\"alignleft size-thumbnail wp-image-52255\" src=\"https:\/\/i0.wp.com\/www.manquepierda.com\/historiarealbetis\/files\/2016\/09\/Pedro-Sol%C3%A9-Junoy.jpg?resize=150%2C220&#038;ssl=1\" alt=\"pedro-sole-junoy\" width=\"150\" height=\"220\" \/>Entrenador Pere SOL\u00c9 Junoy (39 a\u00f1os+6 meses+3 d\u00edas)-Natural de Barcelona, martes 7 de Marzo de 1905.-\u00cddem, jueves 25 de Febrero de 1982 (76 A\u00f1os+11 meses+18 d\u00edas) D. E. P.<\/span><\/strong><\/p>\n<p style=\"text-align: center\"><img data-recalc-dims=\"1\" loading=\"lazy\" decoding=\"async\" class=\"aligncenter size-thumbnail wp-image-52257\" src=\"https:\/\/i0.wp.com\/www.manquepierda.com\/historiarealbetis\/files\/2016\/09\/1931-RBB-coronado-1.jpg?resize=220%2C193&#038;ssl=1\" alt=\"1931-rbb-coronado\" width=\"220\" height=\"193\" srcset=\"https:\/\/i0.wp.com\/www.manquepierda.com\/historiarealbetis\/files\/2016\/09\/1931-RBB-coronado-1.jpg?resize=220%2C193&amp;ssl=1 220w, https:\/\/i0.wp.com\/www.manquepierda.com\/historiarealbetis\/files\/2016\/09\/1931-RBB-coronado-1.jpg?w=360&amp;ssl=1 360w\" sizes=\"auto, (max-width: 220px) 100vw, 220px\" \/><\/p>\n<p style=\"text-align: center\"><span style=\"color: #008000\"><strong>1944-1945.-Segunda Divisi\u00f3n.-REAL BETIS BALOMPI\u00c9-3 Goles.<\/strong><\/span><\/p>\n<p style=\"text-align: center\"><img data-recalc-dims=\"1\" loading=\"lazy\" decoding=\"async\" class=\"aligncenter size-thumbnail wp-image-52258\" src=\"https:\/\/i0.wp.com\/www.manquepierda.com\/historiarealbetis\/files\/2016\/09\/Jos%C3%A9-PINEDA-%C3%81lvarez.jpg?resize=148%2C220&#038;ssl=1\" alt=\"jose-pineda-alvarez\" width=\"148\" height=\"220\" srcset=\"https:\/\/i0.wp.com\/www.manquepierda.com\/historiarealbetis\/files\/2016\/09\/Jos%C3%A9-PINEDA-%C3%81lvarez.jpg?resize=148%2C220&amp;ssl=1 148w, https:\/\/i0.wp.com\/www.manquepierda.com\/historiarealbetis\/files\/2016\/09\/Jos%C3%A9-PINEDA-%C3%81lvarez.jpg?w=200&amp;ssl=1 200w\" sizes=\"auto, (max-width: 148px) 100vw, 148px\" \/><\/p>\n<p style=\"text-align: left\"><span style=\"color: #008000\"><strong>1-0.-Primer tiempo.-Jos\u00e9 PINEDA \u00c1lvarez (20 a\u00f1os+4 meses menos 17 d\u00edas)-Natural de Alcal\u00e1 de Guadaira (Sevilla), martes 27 de Mayo de 1924.-Obituario, jueves 22 de Junio de 2000 (76 A\u00f1os+1 mes menos 5 d\u00edas) D. E. P.<\/strong><\/span><\/p>\n<figure id=\"attachment_52260\" aria-describedby=\"caption-attachment-52260\" style=\"width: 220px\" class=\"wp-caption aligncenter\"><img data-recalc-dims=\"1\" loading=\"lazy\" decoding=\"async\" class=\"size-thumbnail wp-image-52260\" src=\"https:\/\/i0.wp.com\/www.manquepierda.com\/historiarealbetis\/files\/2016\/09\/Homenaje-Peral-Marca-12-9-1944-2-NMP.jpg?resize=220%2C194&#038;ssl=1\" alt=\"Fuente-MARCA-Madrid 19440912-Martes.\" width=\"220\" height=\"194\" srcset=\"https:\/\/i0.wp.com\/www.manquepierda.com\/historiarealbetis\/files\/2016\/09\/Homenaje-Peral-Marca-12-9-1944-2-NMP.jpg?resize=220%2C194&amp;ssl=1 220w, https:\/\/i0.wp.com\/www.manquepierda.com\/historiarealbetis\/files\/2016\/09\/Homenaje-Peral-Marca-12-9-1944-2-NMP.jpg?w=443&amp;ssl=1 443w\" sizes=\"auto, (max-width: 220px) 100vw, 220px\" \/><figcaption id=\"caption-attachment-52260\" class=\"wp-caption-text\">Fuente-MARCA-Madrid 19440912-Martes.<\/figcaption><\/figure>\n<p style=\"text-align: justify\"><strong><span style=\"color: #333333\">2-0+3-0.-Tras el descanso reglamentario: Guillermo Gonz\u00e1lez del R\u00edo Garc\u00eda (a) \u00abCAMPANAL I\u00bb (32 a\u00f1os+7 meses+1 d\u00eda)-Natural de Avil\u00e9s (Asturias), viernes 9 de Febrero de 1912.<\/span><\/strong><\/p>\n<p style=\"text-align: justify\"><em><strong><span style=\"color: #008000\">\u00abEn la previa del partido homenaje, el presidente de la Federaci\u00f3n Regional Sur-don Antonio Calder\u00f3n Hern\u00e1ndez impuso la Medalla al M\u00e9rito Deportivo a Jos\u00e9 Su\u00e1rez Gonz\u00e1lez\u00bb.<\/span><\/strong><\/em><\/p>\n<figure id=\"attachment_52249\" aria-describedby=\"caption-attachment-52249\" style=\"width: 409px\" class=\"wp-caption aligncenter\"><img data-recalc-dims=\"1\" loading=\"lazy\" decoding=\"async\" class=\"size-full wp-image-52249\" src=\"https:\/\/i0.wp.com\/www.manquepierda.com\/historiarealbetis\/files\/2016\/09\/Homenaje-Peral-Marca-12-9-1944-1NMP.jpg?resize=409%2C195&#038;ssl=1\" alt=\"Fuente MARCA-Madrid 19440912-Martes.\" width=\"409\" height=\"195\" srcset=\"https:\/\/i0.wp.com\/www.manquepierda.com\/historiarealbetis\/files\/2016\/09\/Homenaje-Peral-Marca-12-9-1944-1NMP.jpg?w=409&amp;ssl=1 409w, https:\/\/i0.wp.com\/www.manquepierda.com\/historiarealbetis\/files\/2016\/09\/Homenaje-Peral-Marca-12-9-1944-1NMP.jpg?resize=220%2C105&amp;ssl=1 220w\" sizes=\"auto, (max-width: 409px) 100vw, 409px\" \/><figcaption id=\"caption-attachment-52249\" class=\"wp-caption-text\">Fuente MARCA-Madrid 19440912-Martes.<\/figcaption><\/figure>\n<p style=\"text-align: justify\"><strong>1944-SEPTIEMBRE 10-DOMINGO \u00abCIUDAD DEL SOL\u00bb-18&#8217;30 HORAS-ESTADIO MUNICIPAL \u00abHELI\u00d3POLIS\u00bb.-Arbitr\u00f3 Higinio Antonio Peral Borrero.-Buena labor.<\/strong><\/p>\n<figure id=\"attachment_52251\" aria-describedby=\"caption-attachment-52251\" style=\"width: 505px\" class=\"wp-caption aligncenter\"><img data-recalc-dims=\"1\" loading=\"lazy\" decoding=\"async\" class=\"size-full wp-image-52251\" src=\"https:\/\/i0.wp.com\/www.manquepierda.com\/historiarealbetis\/files\/2016\/09\/Homenaje-Peral-Marca-12-9-1944-3.jpg?resize=505%2C285&#038;ssl=1\" alt=\"Fuente-MARCA-MADRID 19440912-Martes.\" width=\"505\" height=\"285\" srcset=\"https:\/\/i0.wp.com\/www.manquepierda.com\/historiarealbetis\/files\/2016\/09\/Homenaje-Peral-Marca-12-9-1944-3.jpg?w=505&amp;ssl=1 505w, https:\/\/i0.wp.com\/www.manquepierda.com\/historiarealbetis\/files\/2016\/09\/Homenaje-Peral-Marca-12-9-1944-3.jpg?resize=220%2C124&amp;ssl=1 220w\" sizes=\"auto, (max-width: 505px) 100vw, 505px\" \/><figcaption id=\"caption-attachment-52251\" class=\"wp-caption-text\">Fuente-MARCA-MADRID 19440912-Martes.<\/figcaption><\/figure>\n<p style=\"text-align: center\"><em><strong><span style=\"color: #008000\">\u00abEl tr\u00edo arbitral Colegio del Sur y los capitanes del Real Betis Balompi\u00e9 y Real Murcia Cf\u00bb.<\/span><\/strong><\/em><\/p>\n<p style=\"text-align: center\">VS.<\/p>\n<p style=\"text-align: center\"><img data-recalc-dims=\"1\" loading=\"lazy\" decoding=\"async\" class=\"aligncenter size-thumbnail wp-image-52266\" src=\"https:\/\/i0.wp.com\/www.manquepierda.com\/historiarealbetis\/files\/2016\/09\/Directores_de_la_Academia._Agustin_Virgili_Quintanilla_web.jpg?resize=136%2C220&#038;ssl=1\" alt=\"directores_de_la_academia-_agustin_virgili_quintanilla_web\" width=\"136\" height=\"220\" srcset=\"https:\/\/i0.wp.com\/www.manquepierda.com\/historiarealbetis\/files\/2016\/09\/Directores_de_la_Academia._Agustin_Virgili_Quintanilla_web.jpg?resize=136%2C220&amp;ssl=1 136w, https:\/\/i0.wp.com\/www.manquepierda.com\/historiarealbetis\/files\/2016\/09\/Directores_de_la_Academia._Agustin_Virgili_Quintanilla_web.jpg?w=185&amp;ssl=1 185w\" sizes=\"auto, (max-width: 136px) 100vw, 136px\" \/><\/p>\n<p style=\"text-align: center\">1943-1952.-Presidente don Agust\u00edn VIRGILI Quintanilla.<\/p>\n<p style=\"text-align: center\"><img data-recalc-dims=\"1\" loading=\"lazy\" decoding=\"async\" class=\"aligncenter size-full wp-image-52267\" src=\"https:\/\/i0.wp.com\/www.manquepierda.com\/historiarealbetis\/files\/2016\/09\/ABS.jpg?resize=142%2C197&#038;ssl=1\" alt=\"abs\" width=\"142\" height=\"197\" \/><\/p>\n<p style=\"text-align: center\">1944-1945.-Entrenador Antonio BONET Silvestre.<\/p>\n<p style=\"text-align: center\"><img data-recalc-dims=\"1\" loading=\"lazy\" decoding=\"async\" class=\"aligncenter size-thumbnail wp-image-52261\" src=\"https:\/\/i0.wp.com\/www.manquepierda.com\/historiarealbetis\/files\/2016\/09\/Real-Murcia-Cf.jpg?resize=163%2C220&#038;ssl=1\" alt=\"real-murcia-cf\" width=\"163\" height=\"220\" srcset=\"https:\/\/i0.wp.com\/www.manquepierda.com\/historiarealbetis\/files\/2016\/09\/Real-Murcia-Cf.jpg?resize=163%2C220&amp;ssl=1 163w, https:\/\/i0.wp.com\/www.manquepierda.com\/historiarealbetis\/files\/2016\/09\/Real-Murcia-Cf.jpg?w=368&amp;ssl=1 368w\" sizes=\"auto, (max-width: 163px) 100vw, 163px\" \/><\/p>\n<p style=\"text-align: center\">1944-1945.-Primera Divisi\u00f3n.-REAL MURCIA Cf-0 Tantos.<\/p>\n<p style=\"text-align: center\">PORTEROS:<\/p>\n<p style=\"text-align: center\"><img data-recalc-dims=\"1\" loading=\"lazy\" decoding=\"async\" class=\"aligncenter size-thumbnail wp-image-52262\" src=\"https:\/\/i0.wp.com\/www.manquepierda.com\/historiarealbetis\/files\/2016\/09\/TR%C3%8DAS.jpg?resize=141%2C220&#038;ssl=1\" alt=\"trias\" width=\"141\" height=\"220\" srcset=\"https:\/\/i0.wp.com\/www.manquepierda.com\/historiarealbetis\/files\/2016\/09\/TR%C3%8DAS.jpg?resize=141%2C220&amp;ssl=1 141w, https:\/\/i0.wp.com\/www.manquepierda.com\/historiarealbetis\/files\/2016\/09\/TR%C3%8DAS.jpg?w=209&amp;ssl=1 209w\" sizes=\"auto, (max-width: 141px) 100vw, 141px\" \/><\/p>\n<p style=\"text-align: center\">Jos\u00e9 TR\u00cdAS Soler <strong>(1 gol encajado)*<\/strong>-lesionado en el segundo tiempo por \u00abCampanal I\u00bb, le sustituy\u00f3:<\/p>\n<p style=\"text-align: center\"><img data-recalc-dims=\"1\" loading=\"lazy\" decoding=\"async\" class=\"aligncenter size-full wp-image-52263\" src=\"https:\/\/i0.wp.com\/www.manquepierda.com\/historiarealbetis\/files\/2016\/09\/MAR%C3%8DN.jpg?resize=86%2C103&#038;ssl=1\" alt=\"marin\" width=\"86\" height=\"103\" \/><\/p>\n<p style=\"text-align: center\">Jos\u00e9 MAR\u00cdN Aznar <strong>(2 goles encajados)*<\/strong><\/p>\n<p style=\"text-align: center\">DEFENSAS:<\/p>\n<p style=\"text-align: center\">2-Jos\u00e9 NOVO Rodr\u00edguez.<\/p>\n<p style=\"text-align: center\">3-Jos\u00e9 Valdor SIERRA.<\/p>\n<p style=\"text-align: center\">MEDIOS:<\/p>\n<p style=\"text-align: center\">4-Joaqu\u00edn TORRENS Dalmau.<\/p>\n<p style=\"text-align: center\"><img data-recalc-dims=\"1\" loading=\"lazy\" decoding=\"async\" class=\"aligncenter size-thumbnail wp-image-52264\" src=\"https:\/\/i0.wp.com\/www.manquepierda.com\/historiarealbetis\/files\/2016\/09\/MARIAGES.jpg?resize=117%2C220&#038;ssl=1\" alt=\"mariages\" width=\"117\" height=\"220\" srcset=\"https:\/\/i0.wp.com\/www.manquepierda.com\/historiarealbetis\/files\/2016\/09\/MARIAGES.jpg?resize=117%2C220&amp;ssl=1 117w, https:\/\/i0.wp.com\/www.manquepierda.com\/historiarealbetis\/files\/2016\/09\/MARIAGES.jpg?w=196&amp;ssl=1 196w\" sizes=\"auto, (max-width: 117px) 100vw, 117px\" \/><\/p>\n<p style=\"text-align: center\">5-<strong>Jos\u00e9 Mar\u00eda MARIAGES Torres.<\/strong><\/p>\n<p style=\"text-align: center\">6-Antonio Echevert CASTRO.<\/p>\n<p style=\"text-align: center\">DELANTEROS:<\/p>\n<p style=\"text-align: center\">7-Jaime DOM\u00c9NECH Roca.<\/p>\n<p style=\"text-align: center\">8-Francisco URIBE Mart\u00edn.<\/p>\n<p style=\"text-align: center\">9-\u00c1ngel PORTILLA Carrera.<\/p>\n<p style=\"text-align: center\"><img data-recalc-dims=\"1\" loading=\"lazy\" decoding=\"async\" class=\"aligncenter size-full wp-image-52265\" src=\"https:\/\/i0.wp.com\/www.manquepierda.com\/historiarealbetis\/files\/2016\/09\/BESC%C3%93S.jpg?resize=145%2C202&#038;ssl=1\" alt=\"bescos\" width=\"145\" height=\"202\" \/><\/p>\n<p style=\"text-align: center\">10-<strong>Enrique BESC\u00d3S Mambrona.<\/strong><\/p>\n<p style=\"text-align: center\">11-Manuel Sabuco Esteban (a) \u00abTITO\u00bb.<\/p>\n<p>&nbsp;<\/p>\n<p>&nbsp;<\/p>\n","protected":false},"excerpt":{"rendered":"<p>RECORTES DE PRENSA.-ABC-Sevilla: 8 (viernes); 10 (s\u00e1bado). \u00abLos grandes alicientes del partido homenaje a \u00abPERAL\u00bb: &#8211;Cr\u00e9ame usted que tengo verdadera necesidad porque llegue la tarde del domingo. &#8211;No lo dudo, porque es la aspiraci\u00f3n de todos los aficionados sevillanos. Esper\u00e1bamos que se produjera un gran ambiente, pera la verdad que nuestras previsiones van a ser&#8230;<\/p>\n","protected":false},"author":48,"featured_media":52248,"comment_status":"open","ping_status":"open","sticky":false,"template":"","format":"standard","meta":{"_kad_post_transparent":"","_kad_post_title":"","_kad_post_layout":"","_kad_post_sidebar_id":"","_kad_post_content_style":"","_kad_post_vertical_padding":"","_kad_post_feature":"","_kad_post_feature_position":"","_kad_post_header":false,"_kad_post_footer":false,"_kad_post_classname":"","_jetpack_memberships_contains_paid_content":false,"footnotes":"","jetpack_publicize_message":"","jetpack_publicize_feature_enabled":true,"jetpack_social_post_already_shared":true,"jetpack_social_options":{"image_generator_settings":{"template":"highway","default_image_id":0,"font":"","enabled":false},"version":2}},"categories":[900,1],"tags":[1203,2626,1289,16574],"class_list":["post-52244","post","type-post","status-publish","format-standard","has-post-thumbnail","hentry","category-1940-1949","category-portada","tag-1203","tag-1944-45","tag-homenaje-peral","tag-real-murcia-cf"],"jetpack_publicize_connections":[],"jetpack_featured_media_url":"https:\/\/i0.wp.com\/www.manquepierda.com\/historiarealbetis\/files\/2016\/09\/Alineaci%C3%B3n-Betis-Murcia-Homenaje-Peral-NMP.-Marca-12-9-1944.jpg?fit=680%2C338&ssl=1","jetpack_sharing_enabled":true,"jetpack_shortlink":"https:\/\/wp.me\/p1ij08-dAE","jetpack-related-posts":[],"_links":{"self":[{"href":"https:\/\/www.manquepierda.com\/historiarealbetis\/wp-json\/wp\/v2\/posts\/52244","targetHints":{"allow":["GET"]}}],"collection":[{"href":"https:\/\/www.manquepierda.com\/historiarealbetis\/wp-json\/wp\/v2\/posts"}],"about":[{"href":"https:\/\/www.manquepierda.com\/historiarealbetis\/wp-json\/wp\/v2\/types\/post"}],"author":[{"embeddable":true,"href":"https:\/\/www.manquepierda.com\/historiarealbetis\/wp-json\/wp\/v2\/users\/48"}],"replies":[{"embeddable":true,"href":"https:\/\/www.manquepierda.com\/historiarealbetis\/wp-json\/wp\/v2\/comments?post=52244"}],"version-history":[{"count":1,"href":"https:\/\/www.manquepierda.com\/historiarealbetis\/wp-json\/wp\/v2\/posts\/52244\/revisions"}],"predecessor-version":[{"id":97729,"href":"https:\/\/www.manquepierda.com\/historiarealbetis\/wp-json\/wp\/v2\/posts\/52244\/revisions\/97729"}],"wp:featuredmedia":[{"embeddable":true,"href":"https:\/\/www.manquepierda.com\/historiarealbetis\/wp-json\/wp\/v2\/media\/52248"}],"wp:attachment":[{"href":"https:\/\/www.manquepierda.com\/historiarealbetis\/wp-json\/wp\/v2\/media?parent=52244"}],"wp:term":[{"taxonomy":"category","embeddable":true,"href":"https:\/\/www.manquepierda.com\/historiarealbetis\/wp-json\/wp\/v2\/categories?post=52244"},{"taxonomy":"post_tag","embeddable":true,"href":"https:\/\/www.manquepierda.com\/historiarealbetis\/wp-json\/wp\/v2\/tags?post=52244"}],"curies":[{"name":"wp","href":"https:\/\/api.w.org\/{rel}","templated":true}]}}