{"id":52533,"date":"2016-09-21T07:28:01","date_gmt":"2016-09-21T05:28:01","guid":{"rendered":"http:\/\/www.manquepierda.com\/historiarealbetis\/?p=52533"},"modified":"2024-05-19T10:51:08","modified_gmt":"2024-05-19T08:51:08","slug":"luis-marquez","status":"publish","type":"post","link":"https:\/\/www.manquepierda.com\/historiarealbetis\/luis-marquez\/","title":{"rendered":"Luis M\u00e1rquez"},"content":{"rendered":"<p><a href=\"https:\/\/i0.wp.com\/www.manquepierda.com\/historiarealbetis\/files\/2016\/09\/M%C3%A1rquez-1.jpg?ssl=1\"><img data-recalc-dims=\"1\" loading=\"lazy\" decoding=\"async\" class=\"aligncenter size-full wp-image-52534\" src=\"https:\/\/i0.wp.com\/www.manquepierda.com\/historiarealbetis\/files\/2016\/09\/M%C3%A1rquez-1.jpg?resize=300%2C432&#038;ssl=1\" alt=\"marquez-1\" width=\"300\" height=\"432\" srcset=\"https:\/\/i0.wp.com\/www.manquepierda.com\/historiarealbetis\/files\/2016\/09\/M%C3%A1rquez-1.jpg?w=300&amp;ssl=1 300w, https:\/\/i0.wp.com\/www.manquepierda.com\/historiarealbetis\/files\/2016\/09\/M%C3%A1rquez-1.jpg?resize=153%2C220&amp;ssl=1 153w\" sizes=\"auto, (max-width: 300px) 100vw, 300px\" \/><\/a><\/p>\n<p><strong>Luis M\u00e1rquez Mart\u00edn<\/strong>, nacido en Sevilla el 1 de noviembre de 1971 y fallecido en Sevilla el 17 de abril de 2023.<\/p>\n<p>Centrocampista.<\/p>\n<p style=\"text-align: justify\">Empez\u00f3 a jugar en la cantera b\u00e9tica desde la categor\u00eda infantil, con la que consigui\u00f3 el Campeonato de Espa\u00f1a en la temporada 1986-87, y era conocido como \u00abSchuster\u00bb, dada su similitud f\u00edsica y de juego con el centrocampista alem\u00e1n. Ya de juvenil en 1990 obtuvo la Copa del Rey en Albacete en 1990 contra el FC Barcelona.<\/p>\n<p style=\"text-align: justify\">Formando parte del equipo filial debut\u00f3 en un amistoso con el primer equipo el 22 de febrero de 1990 en el Villamar\u00edn contra la selecci\u00f3n de Corea del Sur. Tres d\u00edas despu\u00e9s debutaba en partido oficial contra el Palam\u00f3s, en la localidad catalana.<\/p>\n<p style=\"text-align: justify\">Pero ser\u00e1 en la temporada 1991-92 cuando entra a formar parte plenamente del primer equipo, en el que se juega con bastante asiduidad durante 4 temporadas seguidas. En las 4 siguientes, de 1996 a 1999, su participaci\u00f3n en el primer conjunto fue decayendo, por lo que a final de la temporada 1998-99 fich\u00f3 por el Real Valladolid, donde jug\u00f3 3 temporadas m\u00e1s, para finalizar su carrera deportiva tras pasar por el Pontevedra y el Real Ja\u00e9n.<\/p>\n<p>Historial<\/p>\n<table width=\"256\">\n<tbody>\n<tr>\n<td width=\"80\">1988-89<\/td>\n<td width=\"80\">Betis Dpvo.<\/td>\n<td width=\"96\">Segunda B<\/td>\n<\/tr>\n<tr>\n<td>1989-90<\/td>\n<td>Betis<\/td>\n<td>Segunda<\/td>\n<\/tr>\n<tr>\n<td width=\"80\">1990-91<\/td>\n<td>Betis B<\/td>\n<td>Segunda B<\/td>\n<\/tr>\n<tr>\n<td>1990-91<\/td>\n<td>Betis<\/td>\n<td>Segunda<\/td>\n<\/tr>\n<tr>\n<td>1991-92<\/td>\n<td>Betis<\/td>\n<td>Segunda<\/td>\n<\/tr>\n<tr>\n<td>1992-93<\/td>\n<td>Betis<\/td>\n<td>Segunda<\/td>\n<\/tr>\n<tr>\n<td>1993-94<\/td>\n<td>Betis<\/td>\n<td>Segunda<\/td>\n<\/tr>\n<tr>\n<td>1994-95<\/td>\n<td>Betis<\/td>\n<td>Primera<\/td>\n<\/tr>\n<tr>\n<td>1995-96<\/td>\n<td>Betis<\/td>\n<td>Primera<\/td>\n<\/tr>\n<tr>\n<td>1996-97<\/td>\n<td>Betis<\/td>\n<td>Primera<\/td>\n<\/tr>\n<tr>\n<td>1997-98<\/td>\n<td>Betis<\/td>\n<td>Primera<\/td>\n<\/tr>\n<tr>\n<td>1998-99<\/td>\n<td>Betis<\/td>\n<td>Primera<\/td>\n<\/tr>\n<tr>\n<td>1999-00<\/td>\n<td>Valladolid<\/td>\n<td>Primera<\/td>\n<\/tr>\n<tr>\n<td>2000-01<\/td>\n<td>Valladolid<\/td>\n<td>Primera<\/td>\n<\/tr>\n<tr>\n<td>2001-02<\/td>\n<td>Valladolid<\/td>\n<td>Primera<\/td>\n<\/tr>\n<tr>\n<td width=\"80\">2002-03<\/td>\n<td>Pontevedra<\/td>\n<td>Segunda B<\/td>\n<\/tr>\n<tr>\n<td width=\"80\">2003-04<\/td>\n<td>Ja\u00e9n<\/td>\n<td>Segunda B<\/td>\n<\/tr>\n<tr>\n<td width=\"80\">2004-05<\/td>\n<td>Ja\u00e9n<\/td>\n<td>Segunda B<\/td>\n<\/tr>\n<\/tbody>\n<\/table>\n<p style=\"text-align: justify\">En sus 10 temporadas en el Betis Luis M\u00e1rquez jug\u00f3 166 partidos de Liga, marcando 11 goles, 32 de Copa, en los que hizo 4 tantos, 2 de la Copa de la Uefa, 2 de la Recopa y 85 amistosos, donde consigui\u00f3 12 goles.<\/p>\n","protected":false},"excerpt":{"rendered":"<p>Luis M\u00e1rquez Mart\u00edn, nacido en Sevilla el 1 de noviembre de 1971 y fallecido en Sevilla el 17 de abril de 2023. Centrocampista. Empez\u00f3 a jugar en la cantera b\u00e9tica desde la categor\u00eda infantil, con la que consigui\u00f3 el Campeonato de Espa\u00f1a en la temporada 1986-87, y era conocido como \u00abSchuster\u00bb, dada su similitud f\u00edsica&#8230;<\/p>\n","protected":false},"author":5,"featured_media":52534,"comment_status":"open","ping_status":"open","sticky":false,"template":"","format":"standard","meta":{"_kad_post_transparent":"","_kad_post_title":"","_kad_post_layout":"","_kad_post_sidebar_id":"","_kad_post_content_style":"","_kad_post_vertical_padding":"","_kad_post_feature":"","_kad_post_feature_position":"","_kad_post_header":false,"_kad_post_footer":false,"_kad_post_classname":"","_jetpack_memberships_contains_paid_content":false,"footnotes":"","jetpack_publicize_message":"","jetpack_publicize_feature_enabled":true,"jetpack_social_post_already_shared":true,"jetpack_social_options":{"image_generator_settings":{"template":"highway","default_image_id":0,"font":"","enabled":false},"version":2}},"categories":[893,1],"tags":[1369],"class_list":["post-52533","post","type-post","status-publish","format-standard","has-post-thumbnail","hentry","category-jugadores-temas","category-portada","tag-luis-marquez"],"jetpack_publicize_connections":[],"jetpack_featured_media_url":"https:\/\/i0.wp.com\/www.manquepierda.com\/historiarealbetis\/files\/2016\/09\/M%C3%A1rquez-1.jpg?fit=300%2C432&ssl=1","jetpack_sharing_enabled":true,"jetpack_shortlink":"https:\/\/wp.me\/p1ij08-dFj","jetpack-related-posts":[],"_links":{"self":[{"href":"https:\/\/www.manquepierda.com\/historiarealbetis\/wp-json\/wp\/v2\/posts\/52533","targetHints":{"allow":["GET"]}}],"collection":[{"href":"https:\/\/www.manquepierda.com\/historiarealbetis\/wp-json\/wp\/v2\/posts"}],"about":[{"href":"https:\/\/www.manquepierda.com\/historiarealbetis\/wp-json\/wp\/v2\/types\/post"}],"author":[{"embeddable":true,"href":"https:\/\/www.manquepierda.com\/historiarealbetis\/wp-json\/wp\/v2\/users\/5"}],"replies":[{"embeddable":true,"href":"https:\/\/www.manquepierda.com\/historiarealbetis\/wp-json\/wp\/v2\/comments?post=52533"}],"version-history":[{"count":7,"href":"https:\/\/www.manquepierda.com\/historiarealbetis\/wp-json\/wp\/v2\/posts\/52533\/revisions"}],"predecessor-version":[{"id":94075,"href":"https:\/\/www.manquepierda.com\/historiarealbetis\/wp-json\/wp\/v2\/posts\/52533\/revisions\/94075"}],"wp:featuredmedia":[{"embeddable":true,"href":"https:\/\/www.manquepierda.com\/historiarealbetis\/wp-json\/wp\/v2\/media\/52534"}],"wp:attachment":[{"href":"https:\/\/www.manquepierda.com\/historiarealbetis\/wp-json\/wp\/v2\/media?parent=52533"}],"wp:term":[{"taxonomy":"category","embeddable":true,"href":"https:\/\/www.manquepierda.com\/historiarealbetis\/wp-json\/wp\/v2\/categories?post=52533"},{"taxonomy":"post_tag","embeddable":true,"href":"https:\/\/www.manquepierda.com\/historiarealbetis\/wp-json\/wp\/v2\/tags?post=52533"}],"curies":[{"name":"wp","href":"https:\/\/api.w.org\/{rel}","templated":true}]}}