{"id":52743,"date":"2016-10-01T08:12:31","date_gmt":"2016-10-01T06:12:31","guid":{"rendered":"http:\/\/www.manquepierda.com\/historiarealbetis\/?p=52743"},"modified":"2024-08-31T00:02:39","modified_gmt":"2024-08-30T22:02:39","slug":"concentracion-oromana-1967","status":"publish","type":"post","link":"https:\/\/www.manquepierda.com\/historiarealbetis\/concentracion-oromana-1967\/","title":{"rendered":"Concentraci\u00f3n en Oromana 1967"},"content":{"rendered":"<p><a href=\"https:\/\/i0.wp.com\/www.manquepierda.com\/historiarealbetis\/files\/2016\/09\/Concentraci%C3%B3n-en-Oromana-1966-67.jpg?ssl=1\"><img data-recalc-dims=\"1\" loading=\"lazy\" decoding=\"async\" class=\"aligncenter size-medium wp-image-52744\" src=\"https:\/\/i0.wp.com\/www.manquepierda.com\/historiarealbetis\/files\/2016\/09\/Concentraci%C3%B3n-en-Oromana-1966-67.jpg?resize=680%2C423&#038;ssl=1\" alt=\"concentracion-en-oromana-1966-67\" width=\"680\" height=\"423\" srcset=\"https:\/\/i0.wp.com\/www.manquepierda.com\/historiarealbetis\/files\/2016\/09\/Concentraci%C3%B3n-en-Oromana-1966-67.jpg?resize=680%2C423&amp;ssl=1 680w, https:\/\/i0.wp.com\/www.manquepierda.com\/historiarealbetis\/files\/2016\/09\/Concentraci%C3%B3n-en-Oromana-1966-67.jpg?resize=220%2C137&amp;ssl=1 220w, https:\/\/i0.wp.com\/www.manquepierda.com\/historiarealbetis\/files\/2016\/09\/Concentraci%C3%B3n-en-Oromana-1966-67.jpg?resize=400%2C250&amp;ssl=1 400w, https:\/\/i0.wp.com\/www.manquepierda.com\/historiarealbetis\/files\/2016\/09\/Concentraci%C3%B3n-en-Oromana-1966-67.jpg?w=708&amp;ssl=1 708w\" sizes=\"auto, (max-width: 680px) 100vw, 680px\" \/><\/a><\/p>\n<p>22 de junio de 1967 en el Hotel Oromana, en Alcal\u00e1 de Guadaira, el Betis se concentra de cara a disputar el partido de vuelta de la Promoci\u00f3n de Ascenso a Primera Divisi\u00f3n en Los C\u00e1rmenes frente al Granada.<\/p>\n<p>Cuatro d\u00edas hab\u00eda vencido en el Villamar\u00edn 2-0 con tantos de Rogelio y Quino, pero a\u00fan quedaban 90 minutos por delante en un\u00a0terreno dif\u00edcil.<\/p>\n<p>En la imagen arriba Quino, Campillo, Gonz\u00e1lez, R\u00edos, Aparicio, Telech\u00eda, Vega y Pallar\u00e9s; abajo Frasco, Rogelio, Macario, Grau, Ant\u00f3n, Azc\u00e1rate y Demetrio.<\/p>\n<p>Tres d\u00edas despu\u00e9s el Betis volvi\u00f3 a vencer al Granada, como ya vimos <a href=\"https:\/\/www.manquepierda.com\/historiarealbetis\/10409-alineacion-granada-betis-promocion-1967\/\"><strong>aqu\u00ed.<\/strong><\/a><\/p>\n","protected":false},"excerpt":{"rendered":"<p>22 de junio de 1967 en el Hotel Oromana, en Alcal\u00e1 de Guadaira, el Betis se concentra de cara a disputar el partido de vuelta de la Promoci\u00f3n de Ascenso a Primera Divisi\u00f3n en Los C\u00e1rmenes frente al Granada. Cuatro d\u00edas hab\u00eda vencido en el Villamar\u00edn 2-0 con tantos de Rogelio y Quino, pero a\u00fan&#8230;<\/p>\n","protected":false},"author":5,"featured_media":52744,"comment_status":"open","ping_status":"open","sticky":false,"template":"","format":"standard","meta":{"_kad_post_transparent":"","_kad_post_title":"","_kad_post_layout":"","_kad_post_sidebar_id":"","_kad_post_content_style":"","_kad_post_vertical_padding":"","_kad_post_feature":"","_kad_post_feature_position":"","_kad_post_header":false,"_kad_post_footer":false,"_kad_post_classname":"","_jetpack_memberships_contains_paid_content":false,"footnotes":"","jetpack_publicize_message":"","jetpack_publicize_feature_enabled":true,"jetpack_social_post_already_shared":true,"jetpack_social_options":{"image_generator_settings":{"template":"highway","default_image_id":0,"font":"","enabled":false},"version":2}},"categories":[902,1],"tags":[2224,1247,1617,3159,2311,1212,1616,1615,1010,2086,3783,1621,1594,17874,1619,1622,1618,1040,1396],"class_list":["post-52743","post","type-post","status-publish","format-standard","has-post-thumbnail","hentry","category-1960-1969","category-portada","tag-1966-67","tag-1247","tag-antonio-martinez-anton","tag-antonio-pallares","tag-demetrio-oliver","tag-eusebio-rios","tag-francisco-aparicio","tag-francisco-grau","tag-francisco-ortiz-frasco","tag-francisco-telechia","tag-hotel-oromana-alcala-de-guadaira","tag-joaquin-sierra-quino","tag-jose-campillo","tag-liga-segunda-1966-67","tag-manuel-perez-macario","tag-manuel-vega","tag-miguel-azcarate","tag-pepe-gonzalez","tag-rogelio-sosa"],"jetpack_publicize_connections":[],"jetpack_featured_media_url":"https:\/\/i0.wp.com\/www.manquepierda.com\/historiarealbetis\/files\/2016\/09\/Concentraci%C3%B3n-en-Oromana-1966-67.jpg?fit=708%2C440&ssl=1","jetpack_sharing_enabled":true,"jetpack_shortlink":"https:\/\/wp.me\/p1ij08-dIH","jetpack-related-posts":[],"_links":{"self":[{"href":"https:\/\/www.manquepierda.com\/historiarealbetis\/wp-json\/wp\/v2\/posts\/52743","targetHints":{"allow":["GET"]}}],"collection":[{"href":"https:\/\/www.manquepierda.com\/historiarealbetis\/wp-json\/wp\/v2\/posts"}],"about":[{"href":"https:\/\/www.manquepierda.com\/historiarealbetis\/wp-json\/wp\/v2\/types\/post"}],"author":[{"embeddable":true,"href":"https:\/\/www.manquepierda.com\/historiarealbetis\/wp-json\/wp\/v2\/users\/5"}],"replies":[{"embeddable":true,"href":"https:\/\/www.manquepierda.com\/historiarealbetis\/wp-json\/wp\/v2\/comments?post=52743"}],"version-history":[{"count":1,"href":"https:\/\/www.manquepierda.com\/historiarealbetis\/wp-json\/wp\/v2\/posts\/52743\/revisions"}],"predecessor-version":[{"id":98268,"href":"https:\/\/www.manquepierda.com\/historiarealbetis\/wp-json\/wp\/v2\/posts\/52743\/revisions\/98268"}],"wp:featuredmedia":[{"embeddable":true,"href":"https:\/\/www.manquepierda.com\/historiarealbetis\/wp-json\/wp\/v2\/media\/52744"}],"wp:attachment":[{"href":"https:\/\/www.manquepierda.com\/historiarealbetis\/wp-json\/wp\/v2\/media?parent=52743"}],"wp:term":[{"taxonomy":"category","embeddable":true,"href":"https:\/\/www.manquepierda.com\/historiarealbetis\/wp-json\/wp\/v2\/categories?post=52743"},{"taxonomy":"post_tag","embeddable":true,"href":"https:\/\/www.manquepierda.com\/historiarealbetis\/wp-json\/wp\/v2\/tags?post=52743"}],"curies":[{"name":"wp","href":"https:\/\/api.w.org\/{rel}","templated":true}]}}