{"id":52808,"date":"2022-10-06T11:00:00","date_gmt":"2022-10-06T09:00:00","guid":{"rendered":"http:\/\/www.manquepierda.com\/historiarealbetis\/?p=52808"},"modified":"2024-08-23T11:39:52","modified_gmt":"2024-08-23T09:39:52","slug":"hoy-31-anos","status":"publish","type":"post","link":"https:\/\/www.manquepierda.com\/historiarealbetis\/hoy-31-anos\/","title":{"rendered":"Hoy hace 37 a\u00f1os. La salmonella suspende el Betis-Valencia."},"content":{"rendered":"<p>&nbsp;<\/p>\n<p><a href=\"https:\/\/i0.wp.com\/www.manquepierda.com\/historiarealbetis\/files\/2016\/09\/Sin-t%C3%ADtulo-1.jpg?ssl=1\"><img data-recalc-dims=\"1\" loading=\"lazy\" decoding=\"async\" class=\"aligncenter size-medium wp-image-52810\" src=\"https:\/\/i0.wp.com\/www.manquepierda.com\/historiarealbetis\/files\/2016\/09\/Sin-t%C3%ADtulo-1.jpg?resize=680%2C242&#038;ssl=1\" alt=\"sin-titulo\" width=\"680\" height=\"242\" srcset=\"https:\/\/i0.wp.com\/www.manquepierda.com\/historiarealbetis\/files\/2016\/09\/Sin-t%C3%ADtulo-1.jpg?resize=680%2C242&amp;ssl=1 680w, https:\/\/i0.wp.com\/www.manquepierda.com\/historiarealbetis\/files\/2016\/09\/Sin-t%C3%ADtulo-1.jpg?resize=220%2C78&amp;ssl=1 220w, https:\/\/i0.wp.com\/www.manquepierda.com\/historiarealbetis\/files\/2016\/09\/Sin-t%C3%ADtulo-1.jpg?resize=768%2C273&amp;ssl=1 768w, https:\/\/i0.wp.com\/www.manquepierda.com\/historiarealbetis\/files\/2016\/09\/Sin-t%C3%ADtulo-1.jpg?resize=960%2C342&amp;ssl=1 960w, https:\/\/i0.wp.com\/www.manquepierda.com\/historiarealbetis\/files\/2016\/09\/Sin-t%C3%ADtulo-1.jpg?w=1082&amp;ssl=1 1082w\" sizes=\"auto, (max-width: 680px) 100vw, 680px\" \/><\/a><span style=\"color: #008000\">El partido de Liga de Primera Divisi\u00f3n que ten\u00eda que enfrentar en el Villamar\u00edn al Betis con el Valencia el 6 de octubre de 1985 tuvo que ser suspendido ante la masiva infecci\u00f3n por salmonellosis que afectaba a 9 jugadores de la plantilla verdiblanca: Salva, Calder\u00f3n, Valdo, Rinc\u00f3n, Cervantes, Hadzibegic, Quico, Diego, Gabino, e incluso al entrenador Luis Carriega.<\/span><\/p>\n<p><span style=\"color: #008000\">La infecci\u00f3n proced\u00eda de haber consumido alimentos en mal estado durante la estancia la semana anterior en un hotel de Las Palmas.<\/span><\/p>\n<p><span style=\"color: #008000\">El partido se jug\u00f3 el 7 de noviembre de 1985 y concluy\u00f3 con empate a 0<\/span>.<\/p>\n","protected":false},"excerpt":{"rendered":"<p>&nbsp; El partido de Liga de Primera Divisi\u00f3n que ten\u00eda que enfrentar en el Villamar\u00edn al Betis con el Valencia el 6 de octubre de 1985 tuvo que ser suspendido ante la masiva infecci\u00f3n por salmonellosis que afectaba a 9 jugadores de la plantilla verdiblanca: Salva, Calder\u00f3n, Valdo, Rinc\u00f3n, Cervantes, Hadzibegic, Quico, Diego, Gabino, e&#8230;<\/p>\n","protected":false},"author":5,"featured_media":52810,"comment_status":"open","ping_status":"open","sticky":false,"template":"","format":"standard","meta":{"_kad_post_transparent":"","_kad_post_title":"","_kad_post_layout":"","_kad_post_sidebar_id":"","_kad_post_content_style":"","_kad_post_vertical_padding":"","_kad_post_feature":"","_kad_post_feature_position":"","_kad_post_header":false,"_kad_post_footer":false,"_kad_post_classname":"","_jetpack_memberships_contains_paid_content":false,"footnotes":"","jetpack_publicize_message":"","jetpack_publicize_feature_enabled":true,"jetpack_social_post_already_shared":true,"jetpack_social_options":{"image_generator_settings":{"template":"highway","default_image_id":0,"font":"","enabled":false},"version":2}},"categories":[904,14583,1],"tags":[1539,17893,2285],"class_list":["post-52808","post","type-post","status-publish","format-standard","has-post-thumbnail","hentry","category-1980-1989","category-efemerides","category-portada","tag-1539","tag-liga-primera-1985-86","tag-valencia-cf"],"jetpack_publicize_connections":[],"jetpack_featured_media_url":"https:\/\/i0.wp.com\/www.manquepierda.com\/historiarealbetis\/files\/2016\/09\/Sin-t%C3%ADtulo-1.jpg?fit=1082%2C385&ssl=1","jetpack_sharing_enabled":true,"jetpack_shortlink":"https:\/\/wp.me\/p1ij08-dJK","jetpack-related-posts":[],"_links":{"self":[{"href":"https:\/\/www.manquepierda.com\/historiarealbetis\/wp-json\/wp\/v2\/posts\/52808","targetHints":{"allow":["GET"]}}],"collection":[{"href":"https:\/\/www.manquepierda.com\/historiarealbetis\/wp-json\/wp\/v2\/posts"}],"about":[{"href":"https:\/\/www.manquepierda.com\/historiarealbetis\/wp-json\/wp\/v2\/types\/post"}],"author":[{"embeddable":true,"href":"https:\/\/www.manquepierda.com\/historiarealbetis\/wp-json\/wp\/v2\/users\/5"}],"replies":[{"embeddable":true,"href":"https:\/\/www.manquepierda.com\/historiarealbetis\/wp-json\/wp\/v2\/comments?post=52808"}],"version-history":[{"count":1,"href":"https:\/\/www.manquepierda.com\/historiarealbetis\/wp-json\/wp\/v2\/posts\/52808\/revisions"}],"predecessor-version":[{"id":86124,"href":"https:\/\/www.manquepierda.com\/historiarealbetis\/wp-json\/wp\/v2\/posts\/52808\/revisions\/86124"}],"wp:featuredmedia":[{"embeddable":true,"href":"https:\/\/www.manquepierda.com\/historiarealbetis\/wp-json\/wp\/v2\/media\/52810"}],"wp:attachment":[{"href":"https:\/\/www.manquepierda.com\/historiarealbetis\/wp-json\/wp\/v2\/media?parent=52808"}],"wp:term":[{"taxonomy":"category","embeddable":true,"href":"https:\/\/www.manquepierda.com\/historiarealbetis\/wp-json\/wp\/v2\/categories?post=52808"},{"taxonomy":"post_tag","embeddable":true,"href":"https:\/\/www.manquepierda.com\/historiarealbetis\/wp-json\/wp\/v2\/tags?post=52808"}],"curies":[{"name":"wp","href":"https:\/\/api.w.org\/{rel}","templated":true}]}}