{"id":52907,"date":"2016-10-07T07:10:03","date_gmt":"2016-10-07T05:10:03","guid":{"rendered":"http:\/\/www.manquepierda.com\/historiarealbetis\/?p=52907"},"modified":"2016-10-02T11:22:09","modified_gmt":"2016-10-02T09:22:09","slug":"fichajes-la-temporada-1973-74","status":"publish","type":"post","link":"https:\/\/www.manquepierda.com\/historiarealbetis\/fichajes-la-temporada-1973-74\/","title":{"rendered":"Fichajes de la temporada 1973-74"},"content":{"rendered":"<p><a href=\"https:\/\/i0.wp.com\/www.manquepierda.com\/historiarealbetis\/files\/2016\/10\/Fichajes-de-la-73-74-ByN-4-5-1974.jpg?ssl=1\"><img data-recalc-dims=\"1\" loading=\"lazy\" decoding=\"async\" class=\"aligncenter size-full wp-image-52908\" src=\"https:\/\/i0.wp.com\/www.manquepierda.com\/historiarealbetis\/files\/2016\/10\/Fichajes-de-la-73-74-ByN-4-5-1974.jpg?resize=417%2C441&#038;ssl=1\" alt=\"fichajes-de-la-73-74-byn-4-5-1974\" width=\"417\" height=\"441\" srcset=\"https:\/\/i0.wp.com\/www.manquepierda.com\/historiarealbetis\/files\/2016\/10\/Fichajes-de-la-73-74-ByN-4-5-1974.jpg?w=417&amp;ssl=1 417w, https:\/\/i0.wp.com\/www.manquepierda.com\/historiarealbetis\/files\/2016\/10\/Fichajes-de-la-73-74-ByN-4-5-1974.jpg?resize=208%2C220&amp;ssl=1 208w\" sizes=\"auto, (max-width: 417px) 100vw, 417px\" \/><\/a><\/p>\n<p>En la imagen los fichajes realizados por el Betis en la temporada 1973-74: Jos\u00e9 Ram\u00f3n Esnaola, que lleg\u00f3 procedente de la Real Sociedad, Julio Iglesias, quien vino del Atl\u00e9tico de Madrid, Jaume Sabat\u00e9, que lleg\u00f3 desde el Mallorca, Eduardo Garc\u00eda Fern\u00e1ndez, desde el Logro\u00f1\u00e9s, Jorge Olmedo, procedente del Deportivo Cali, Juan Carlos Mameli, del Nacional de Montevideo, y Eduardo Anzarda, quien lleg\u00f3 desde el Real Madrid.<\/p>\n","protected":false},"excerpt":{"rendered":"<p>En la imagen los fichajes realizados por el Betis en la temporada 1973-74: Jos\u00e9 Ram\u00f3n Esnaola, que lleg\u00f3 procedente de la Real Sociedad, Julio Iglesias, quien vino del Atl\u00e9tico de Madrid, Jaume Sabat\u00e9, que lleg\u00f3 desde el Mallorca, Eduardo Garc\u00eda Fern\u00e1ndez, desde el Logro\u00f1\u00e9s, Jorge Olmedo, procedente del Deportivo Cali, Juan Carlos Mameli, del Nacional&#8230;<\/p>\n","protected":false},"author":5,"featured_media":52908,"comment_status":"open","ping_status":"open","sticky":false,"template":"","format":"standard","meta":{"_kad_post_transparent":"","_kad_post_title":"","_kad_post_layout":"","_kad_post_sidebar_id":"","_kad_post_content_style":"","_kad_post_vertical_padding":"","_kad_post_feature":"","_kad_post_feature_position":"","_kad_post_header":false,"_kad_post_footer":false,"_kad_post_classname":"","_jetpack_memberships_contains_paid_content":false,"footnotes":"","jetpack_publicize_message":"","jetpack_publicize_feature_enabled":true,"jetpack_social_post_already_shared":true,"jetpack_social_options":{"image_generator_settings":{"template":"highway","default_image_id":0,"font":"","enabled":false},"version":2}},"categories":[903,1],"tags":[2226,1179,1567,1304,3098,1302,12770,3862],"class_list":["post-52907","post","type-post","status-publish","format-standard","has-post-thumbnail","hentry","category-1970-1979","category-portada","tag-1973-74","tag-eduardo-anzarda","tag-eduardo-garcia-fernandez","tag-jaume-sabate","tag-jorge-olmedo","tag-jose-ramon-esnaola","tag-juan-carlos-mameli","tag-julio-iglesias"],"jetpack_publicize_connections":[],"jetpack_featured_media_url":"https:\/\/i0.wp.com\/www.manquepierda.com\/historiarealbetis\/files\/2016\/10\/Fichajes-de-la-73-74-ByN-4-5-1974.jpg?fit=417%2C441&ssl=1","jetpack_sharing_enabled":true,"jetpack_shortlink":"https:\/\/wp.me\/p1ij08-dLl","jetpack-related-posts":[],"_links":{"self":[{"href":"https:\/\/www.manquepierda.com\/historiarealbetis\/wp-json\/wp\/v2\/posts\/52907","targetHints":{"allow":["GET"]}}],"collection":[{"href":"https:\/\/www.manquepierda.com\/historiarealbetis\/wp-json\/wp\/v2\/posts"}],"about":[{"href":"https:\/\/www.manquepierda.com\/historiarealbetis\/wp-json\/wp\/v2\/types\/post"}],"author":[{"embeddable":true,"href":"https:\/\/www.manquepierda.com\/historiarealbetis\/wp-json\/wp\/v2\/users\/5"}],"replies":[{"embeddable":true,"href":"https:\/\/www.manquepierda.com\/historiarealbetis\/wp-json\/wp\/v2\/comments?post=52907"}],"version-history":[{"count":0,"href":"https:\/\/www.manquepierda.com\/historiarealbetis\/wp-json\/wp\/v2\/posts\/52907\/revisions"}],"wp:featuredmedia":[{"embeddable":true,"href":"https:\/\/www.manquepierda.com\/historiarealbetis\/wp-json\/wp\/v2\/media\/52908"}],"wp:attachment":[{"href":"https:\/\/www.manquepierda.com\/historiarealbetis\/wp-json\/wp\/v2\/media?parent=52907"}],"wp:term":[{"taxonomy":"category","embeddable":true,"href":"https:\/\/www.manquepierda.com\/historiarealbetis\/wp-json\/wp\/v2\/categories?post=52907"},{"taxonomy":"post_tag","embeddable":true,"href":"https:\/\/www.manquepierda.com\/historiarealbetis\/wp-json\/wp\/v2\/tags?post=52907"}],"curies":[{"name":"wp","href":"https:\/\/api.w.org\/{rel}","templated":true}]}}