{"id":52948,"date":"2016-10-04T18:38:35","date_gmt":"2016-10-04T16:38:35","guid":{"rendered":"http:\/\/www.manquepierda.com\/historiarealbetis\/?p=52948"},"modified":"2024-09-02T18:39:36","modified_gmt":"2024-09-02T16:39:36","slug":"1964-octubre-4-1division-real-betis-balompie-1-levante-ud-0-52aniversario","status":"publish","type":"post","link":"https:\/\/www.manquepierda.com\/historiarealbetis\/1964-octubre-4-1division-real-betis-balompie-1-levante-ud-0-52aniversario\/","title":{"rendered":"1964-Octubre 4-1Divisi\u00f3n.-Real Betis Balompi\u00e9-1 Levante UD-0.-52Aniversario."},"content":{"rendered":"<p style=\"text-align: justify\">XXXIV EDICI\u00d3N-CAMPEONATO NACIONAL LIGA PRIMERA DIVISI\u00d3N-TEMPORADA 1964-1965 DESDE DOMINGO 13 SEPTIEMBRE 1964 HASTA DOMINGO 18 ABRIL 1965; AMBAS FECHAS INCLUSIVE.<\/p>\n<figure id=\"attachment_52949\" aria-describedby=\"caption-attachment-52949\" style=\"width: 2162px\" class=\"wp-caption alignnone\"><img data-recalc-dims=\"1\" loading=\"lazy\" decoding=\"async\" class=\"size-full wp-image-52949\" src=\"https:\/\/i0.wp.com\/www.manquepierda.com\/historiarealbetis\/files\/2016\/10\/19641006SERRANO.jpg?resize=1290%2C576&#038;ssl=1\" alt=\"MMMM\" width=\"1290\" height=\"576\" srcset=\"https:\/\/i0.wp.com\/www.manquepierda.com\/historiarealbetis\/files\/2016\/10\/19641006SERRANO.jpg?w=2162&amp;ssl=1 2162w, https:\/\/i0.wp.com\/www.manquepierda.com\/historiarealbetis\/files\/2016\/10\/19641006SERRANO.jpg?resize=220%2C98&amp;ssl=1 220w, https:\/\/i0.wp.com\/www.manquepierda.com\/historiarealbetis\/files\/2016\/10\/19641006SERRANO.jpg?resize=680%2C304&amp;ssl=1 680w, https:\/\/i0.wp.com\/www.manquepierda.com\/historiarealbetis\/files\/2016\/10\/19641006SERRANO.jpg?resize=768%2C343&amp;ssl=1 768w, https:\/\/i0.wp.com\/www.manquepierda.com\/historiarealbetis\/files\/2016\/10\/19641006SERRANO.jpg?resize=960%2C428&amp;ssl=1 960w\" sizes=\"auto, (max-width: 1290px) 100vw, 1290px\" \/><figcaption id=\"caption-attachment-52949\" class=\"wp-caption-text\"><em><strong>\u00abOTRO GOL DE ANSOLA.-El Betis sigue sumando puntos porque su delantero centro contin\u00faa marcando goles. El triunfo sobre el Levante fue materializado por el eficaz ariete. Los verdiblancos hicieron un mal encuentro, pero su victoria les permite colocarse en cuarta posici\u00f3n\u00bb.-<\/strong><\/em>Fotograf\u00eda SERRANO-ABC-SE-19641006-Martes.<\/figcaption><\/figure>\n<p style=\"text-align: justify\"><strong>1964-OCTUBRE 4-DOMINGO EN LA \u00abCIUDAD DEL SOL\u00bb-17&#8217;30 HORAS-ESTADIO \u00abBENITO VILLAMAR\u00cdN\u00bb-SEGUNDO PARTIDO DE ABONO-CLAVE MARCADOR SIMULT\u00c1NEO \u00abDARDO\u00bb: <em>\u00abTRINCHERA***TRES ESTRELLAS\u00bb.-<\/em>CUARTA JORNADA.<br \/>\n<\/strong><\/p>\n<p style=\"text-align: center\"><em>\u00abLos dos equipos fueron recibidos con aplausos\u00bb.<\/em><\/p>\n<p style=\"text-align: justify\"><img data-recalc-dims=\"1\" loading=\"lazy\" decoding=\"async\" class=\"alignleft size-full wp-image-52950\" src=\"https:\/\/i0.wp.com\/www.manquepierda.com\/historiarealbetis\/files\/2016\/10\/06-JUAN-GARDEAZABAL-2.jpg?resize=138%2C218&#038;ssl=1\" alt=\"06-juan-gardeazabal-2\" width=\"138\" height=\"218\" \/>Arbitr\u00f3 Juan GARDEAZABAL Garay (40 a\u00f1os+11 meses menos 23 d\u00edas)-Natural de Bilbao (Vizcaya), martes 27 de Noviembre de 1923.<\/p>\n<p style=\"text-align: justify\"><em>\u00abEl se\u00f1or Gardeazabal, aunque a veces le chillaron los espectadores, hizo un arbitraje imparcial y demostr\u00f3 en qu\u00e9 consiste en aplicar la ley de la ventaja. <\/em><\/p>\n<p style=\"text-align: justify\"><em>Su labor no influy\u00f3 en el resultado. Tambi\u00e9n es justo reconocer que los dos equipos lucharon noblemente\u00bb<\/em><\/p>\n<p style=\"text-align: justify\">IGARFE-Hoja del Lunes, Sevilla 05-X-1964.<\/p>\n<p style=\"text-align: center\">ALINEACIONES AMBAS ESCUADRAS:<\/p>\n<p style=\"text-align: justify\"><img data-recalc-dims=\"1\" loading=\"lazy\" decoding=\"async\" class=\"alignleft size-thumbnail wp-image-52953\" src=\"https:\/\/i0.wp.com\/www.manquepierda.com\/historiarealbetis\/files\/2016\/10\/Benito-VILLAMAR%C3%8DN-PRIETO-VYB1962N%C2%BA17-18.jpg?resize=173%2C220&#038;ssl=1\" alt=\"benito-villamarin-prieto-vyb1962no17-18\" width=\"173\" height=\"220\" srcset=\"https:\/\/i0.wp.com\/www.manquepierda.com\/historiarealbetis\/files\/2016\/10\/Benito-VILLAMAR%C3%8DN-PRIETO-VYB1962N%C2%BA17-18.jpg?resize=173%2C220&amp;ssl=1 173w, https:\/\/i0.wp.com\/www.manquepierda.com\/historiarealbetis\/files\/2016\/10\/Benito-VILLAMAR%C3%8DN-PRIETO-VYB1962N%C2%BA17-18.jpg?resize=472%2C600&amp;ssl=1 472w, https:\/\/i0.wp.com\/www.manquepierda.com\/historiarealbetis\/files\/2016\/10\/Benito-VILLAMAR%C3%8DN-PRIETO-VYB1962N%C2%BA17-18.jpg?resize=768%2C976&amp;ssl=1 768w, https:\/\/i0.wp.com\/www.manquepierda.com\/historiarealbetis\/files\/2016\/10\/Benito-VILLAMAR%C3%8DN-PRIETO-VYB1962N%C2%BA17-18.jpg?resize=551%2C700&amp;ssl=1 551w, https:\/\/i0.wp.com\/www.manquepierda.com\/historiarealbetis\/files\/2016\/10\/Benito-VILLAMAR%C3%8DN-PRIETO-VYB1962N%C2%BA17-18.jpg?w=1956&amp;ssl=1 1956w\" sizes=\"auto, (max-width: 173px) 100vw, 173px\" \/><em><strong><span style=\"color: #008000\">Desde s\u00e1bado 21 de Mayo de 1955 hasta martes 7 de Diciembre de 1965, presidente <img data-recalc-dims=\"1\" loading=\"lazy\" decoding=\"async\" class=\"alignright size-thumbnail wp-image-52951\" src=\"https:\/\/i0.wp.com\/www.manquepierda.com\/historiarealbetis\/files\/2016\/10\/Benito-VILLAMAR%C3%8DN-PRIETO-19660815DEP.jpg?resize=165%2C220&#038;ssl=1\" alt=\"benito-villamarin-prieto-19660815dep\" width=\"165\" height=\"220\" srcset=\"https:\/\/i0.wp.com\/www.manquepierda.com\/historiarealbetis\/files\/2016\/10\/Benito-VILLAMAR%C3%8DN-PRIETO-19660815DEP.jpg?resize=165%2C220&amp;ssl=1 165w, https:\/\/i0.wp.com\/www.manquepierda.com\/historiarealbetis\/files\/2016\/10\/Benito-VILLAMAR%C3%8DN-PRIETO-19660815DEP.jpg?w=314&amp;ssl=1 314w\" sizes=\"auto, (max-width: 165px) 100vw, 165px\" \/>Real Betis Balompi\u00e9, industrial, don Benito VILLAMAR\u00cdN PRIETO (48 a\u00f1os+2 meses menos 17 d\u00edas)-Natural de Puga-To\u00e9n (Ourense), lunes 21 de Agosto de 1916.<br \/>\n<\/span><\/strong><\/em><\/p>\n<p style=\"text-align: center\"><span style=\"color: #008000\"><em><strong>*CENTENARIO DOMINGO 21 DE AGOSTO DE 2016*<\/strong><\/em><\/span><\/p>\n<p style=\"text-align: justify\"><span style=\"color: #008000\"><em><strong>Obituario en Sevilla, lunes 15 de Agosto de 1966 (50 A\u00f1os menos 7 d\u00edas) D. E. P.<\/strong><\/em><\/span><\/p>\n<p style=\"text-align: center\"><span style=\"color: #008000\"><em><strong> *50\u00ba Aniversario: domingo 14 de Agosto de 2016*<\/strong><\/em><\/span><\/p>\n<p style=\"text-align: center\"><span style=\"color: #008000\"><em><strong>Primer Presidente Perpetuo y \u00fanico elegido democr\u00e1ticamente por la fiel infanter\u00eda verdiblanca.<\/strong><\/em><\/span><\/p>\n<p style=\"text-align: justify\"><span style=\"color: #008000\"><strong>1\/4 Entrenador-Temporada 1964-1965, Louis HON Antonin (40 a\u00f1os+1 mes menos 7 d\u00edas)-Natural de Couches-les-Mines (Francia), jueves 11 de Septiembre de 1924.-Obituario en Saint-Raphel (Francia), s\u00e1bado 5 de Enero de 2008 (83 A\u00f1os+4 meses menos 6 d\u00edas) D. E. P.<\/strong><\/span><\/p>\n<p style=\"text-align: justify\">OPINAN LOS ENTRENADORES POR \u00abBORBUJO\u00bb.-\u00abHOJA DEL LUNES\u00bb-SEVILLA 05-10-1964: <span style=\"color: #008000\"><em>\u00abEl Betis domin\u00f3 m\u00e1s y tuvo desgracia en el remate\u00bb.<\/em><\/span><\/p>\n<p style=\"text-align: center\"><img data-recalc-dims=\"1\" loading=\"lazy\" decoding=\"async\" class=\"aligncenter size-full wp-image-52954\" src=\"https:\/\/i0.wp.com\/www.manquepierda.com\/historiarealbetis\/files\/2016\/10\/Louis-Hon-BORMUJO.jpg?resize=771%2C881&#038;ssl=1\" alt=\"louis-hon-bormujo\" width=\"771\" height=\"881\" srcset=\"https:\/\/i0.wp.com\/www.manquepierda.com\/historiarealbetis\/files\/2016\/10\/Louis-Hon-BORMUJO.jpg?w=771&amp;ssl=1 771w, https:\/\/i0.wp.com\/www.manquepierda.com\/historiarealbetis\/files\/2016\/10\/Louis-Hon-BORMUJO.jpg?resize=193%2C220&amp;ssl=1 193w, https:\/\/i0.wp.com\/www.manquepierda.com\/historiarealbetis\/files\/2016\/10\/Louis-Hon-BORMUJO.jpg?resize=525%2C600&amp;ssl=1 525w, https:\/\/i0.wp.com\/www.manquepierda.com\/historiarealbetis\/files\/2016\/10\/Louis-Hon-BORMUJO.jpg?resize=768%2C878&amp;ssl=1 768w, https:\/\/i0.wp.com\/www.manquepierda.com\/historiarealbetis\/files\/2016\/10\/Louis-Hon-BORMUJO.jpg?resize=613%2C700&amp;ssl=1 613w\" sizes=\"auto, (max-width: 771px) 100vw, 771px\" \/><\/p>\n<p style=\"text-align: justify\"><span style=\"color: #333333\"><strong>CUARTO CLASIFICADO CON 5 PUNTOS+1 POSITIVO (2-GANADOS+1-EMPATADO+1-PERDIDO) 7-GOLES A FAVOR Y 3 TANTOS EN CONTRA.<\/strong><\/span><\/p>\n<p style=\"text-align: center\"><img data-recalc-dims=\"1\" loading=\"lazy\" decoding=\"async\" class=\"aligncenter size-thumbnail wp-image-52955\" src=\"https:\/\/i0.wp.com\/www.manquepierda.com\/historiarealbetis\/files\/2016\/10\/EscudoRBB1962.jpg?resize=220%2C131&#038;ssl=1\" alt=\"escudorbb1962\" width=\"220\" height=\"131\" srcset=\"https:\/\/i0.wp.com\/www.manquepierda.com\/historiarealbetis\/files\/2016\/10\/EscudoRBB1962.jpg?resize=220%2C131&amp;ssl=1 220w, https:\/\/i0.wp.com\/www.manquepierda.com\/historiarealbetis\/files\/2016\/10\/EscudoRBB1962.jpg?resize=680%2C405&amp;ssl=1 680w, https:\/\/i0.wp.com\/www.manquepierda.com\/historiarealbetis\/files\/2016\/10\/EscudoRBB1962.jpg?resize=768%2C457&amp;ssl=1 768w, https:\/\/i0.wp.com\/www.manquepierda.com\/historiarealbetis\/files\/2016\/10\/EscudoRBB1962.jpg?resize=960%2C571&amp;ssl=1 960w, https:\/\/i0.wp.com\/www.manquepierda.com\/historiarealbetis\/files\/2016\/10\/EscudoRBB1962.jpg?w=1173&amp;ssl=1 1173w\" sizes=\"auto, (max-width: 220px) 100vw, 220px\" \/><\/p>\n<p style=\"text-align: center\"><strong>REAL BETIS BALOMPI\u00c9-1 GOL.<\/strong><\/p>\n<p style=\"text-align: center\">Guardameta:<\/p>\n<p style=\"text-align: center\"><img data-recalc-dims=\"1\" loading=\"lazy\" decoding=\"async\" class=\"aligncenter size-thumbnail wp-image-52961\" src=\"https:\/\/i0.wp.com\/www.manquepierda.com\/historiarealbetis\/files\/2016\/10\/2-1960-Debut-de-Pep%C3%ADn-404x600.jpg?resize=148%2C220&#038;ssl=1\" alt=\"2-1960-debut-de-pepin-404x600\" width=\"148\" height=\"220\" srcset=\"https:\/\/i0.wp.com\/www.manquepierda.com\/historiarealbetis\/files\/2016\/10\/2-1960-Debut-de-Pep%C3%ADn-404x600.jpg?resize=148%2C220&amp;ssl=1 148w, https:\/\/i0.wp.com\/www.manquepierda.com\/historiarealbetis\/files\/2016\/10\/2-1960-Debut-de-Pep%C3%ADn-404x600.jpg?resize=404%2C600&amp;ssl=1 404w\" sizes=\"auto, (max-width: 148px) 100vw, 148px\" \/><\/p>\n<p style=\"text-align: justify\"><strong>1-[Imbatido].-Jos\u00e9 Casas Gris (a) \u00abPEP\u00cdN\u00bb (32 a\u00f1os+11 meses menos 12 d\u00edas)-Natural de Valencia, lunes 16 de Noviembre de 1931.-Obituario en Las Palmas de Gran Canaria, martes 12 de Octubre de 2010 (78 A\u00f1os+11 meses menos 4 d\u00edas) D. E. P.<\/strong><\/p>\n<p style=\"text-align: center\">Zagueros:<\/p>\n<p style=\"text-align: center\"><img data-recalc-dims=\"1\" loading=\"lazy\" decoding=\"async\" class=\"aligncenter size-thumbnail wp-image-52962\" src=\"https:\/\/i0.wp.com\/www.manquepierda.com\/historiarealbetis\/files\/2016\/10\/Francisco-GRAU-Pla.png?resize=188%2C220&#038;ssl=1\" alt=\"francisco-grau-pla\" width=\"188\" height=\"220\" \/><\/p>\n<p style=\"text-align: center\"><strong>2-Lateral Diestro.-Francisco GRAU Pla.<\/strong><\/p>\n<p style=\"text-align: center\"><img data-recalc-dims=\"1\" loading=\"lazy\" decoding=\"async\" class=\"aligncenter size-thumbnail wp-image-52963\" src=\"https:\/\/i0.wp.com\/www.manquepierda.com\/historiarealbetis\/files\/2016\/10\/Eusebio-R%C3%8DOS-Fern%C3%A1ndez-FS096.jpg?resize=140%2C220&#038;ssl=1\" alt=\"eusebio-rios-fernandez-fs096\" width=\"140\" height=\"220\" srcset=\"https:\/\/i0.wp.com\/www.manquepierda.com\/historiarealbetis\/files\/2016\/10\/Eusebio-R%C3%8DOS-Fern%C3%A1ndez-FS096.jpg?resize=140%2C220&amp;ssl=1 140w, https:\/\/i0.wp.com\/www.manquepierda.com\/historiarealbetis\/files\/2016\/10\/Eusebio-R%C3%8DOS-Fern%C3%A1ndez-FS096.jpg?resize=381%2C600&amp;ssl=1 381w, https:\/\/i0.wp.com\/www.manquepierda.com\/historiarealbetis\/files\/2016\/10\/Eusebio-R%C3%8DOS-Fern%C3%A1ndez-FS096.jpg?resize=768%2C1210&amp;ssl=1 768w, https:\/\/i0.wp.com\/www.manquepierda.com\/historiarealbetis\/files\/2016\/10\/Eusebio-R%C3%8DOS-Fern%C3%A1ndez-FS096.jpg?resize=444%2C700&amp;ssl=1 444w, https:\/\/i0.wp.com\/www.manquepierda.com\/historiarealbetis\/files\/2016\/10\/Eusebio-R%C3%8DOS-Fern%C3%A1ndez-FS096.jpg?w=1028&amp;ssl=1 1028w\" sizes=\"auto, (max-width: 140px) 100vw, 140px\" \/><\/p>\n<p style=\"text-align: center\"><strong>5-Central.-Eusebio R\u00cdOS Fern\u00e1ndez.<\/strong><\/p>\n<p style=\"text-align: center\"><img data-recalc-dims=\"1\" loading=\"lazy\" decoding=\"async\" class=\"aligncenter size-thumbnail wp-image-52964\" src=\"https:\/\/i0.wp.com\/www.manquepierda.com\/historiarealbetis\/files\/2016\/10\/Francisco-APARICIO-Rambal-1.jpg?resize=163%2C220&#038;ssl=1\" alt=\"francisco-aparicio-rambal-1\" width=\"163\" height=\"220\" \/><\/p>\n<p style=\"text-align: center\"><strong>3-Lateral Zurdo.-Francisco APARICIO Rambal.<\/strong><\/p>\n<p style=\"text-align: center\">Medios:<\/p>\n<p style=\"text-align: center\"><img data-recalc-dims=\"1\" loading=\"lazy\" decoding=\"async\" class=\"aligncenter size-thumbnail wp-image-52966\" src=\"https:\/\/i0.wp.com\/www.manquepierda.com\/historiarealbetis\/files\/2016\/10\/Jos%C3%A9-L%C3%B3pez-Hidalgo-19641122.jpg?resize=123%2C220&#038;ssl=1\" alt=\"jose-lopez-hidalgo-19641122\" width=\"123\" height=\"220\" srcset=\"https:\/\/i0.wp.com\/www.manquepierda.com\/historiarealbetis\/files\/2016\/10\/Jos%C3%A9-L%C3%B3pez-Hidalgo-19641122.jpg?resize=123%2C220&amp;ssl=1 123w, https:\/\/i0.wp.com\/www.manquepierda.com\/historiarealbetis\/files\/2016\/10\/Jos%C3%A9-L%C3%B3pez-Hidalgo-19641122.jpg?resize=335%2C600&amp;ssl=1 335w, https:\/\/i0.wp.com\/www.manquepierda.com\/historiarealbetis\/files\/2016\/10\/Jos%C3%A9-L%C3%B3pez-Hidalgo-19641122.jpg?w=342&amp;ssl=1 342w\" sizes=\"auto, (max-width: 123px) 100vw, 123px\" \/><\/p>\n<p style=\"text-align: center\"><strong>4-Diestro.-Jos\u00e9 L\u00d3PEZ Hidalgo.<\/strong><\/p>\n<p style=\"text-align: center\"><img data-recalc-dims=\"1\" loading=\"lazy\" decoding=\"async\" class=\"aligncenter size-thumbnail wp-image-52967\" src=\"https:\/\/i0.wp.com\/www.manquepierda.com\/historiarealbetis\/files\/2016\/10\/Andr%C3%A9s-BOSCH-Pujol-FS094.jpg?resize=137%2C220&#038;ssl=1\" alt=\"andres-bosch-pujol-fs094\" width=\"137\" height=\"220\" srcset=\"https:\/\/i0.wp.com\/www.manquepierda.com\/historiarealbetis\/files\/2016\/10\/Andr%C3%A9s-BOSCH-Pujol-FS094.jpg?resize=137%2C220&amp;ssl=1 137w, https:\/\/i0.wp.com\/www.manquepierda.com\/historiarealbetis\/files\/2016\/10\/Andr%C3%A9s-BOSCH-Pujol-FS094.jpg?resize=373%2C600&amp;ssl=1 373w, https:\/\/i0.wp.com\/www.manquepierda.com\/historiarealbetis\/files\/2016\/10\/Andr%C3%A9s-BOSCH-Pujol-FS094.jpg?resize=768%2C1237&amp;ssl=1 768w, https:\/\/i0.wp.com\/www.manquepierda.com\/historiarealbetis\/files\/2016\/10\/Andr%C3%A9s-BOSCH-Pujol-FS094.jpg?resize=435%2C700&amp;ssl=1 435w, https:\/\/i0.wp.com\/www.manquepierda.com\/historiarealbetis\/files\/2016\/10\/Andr%C3%A9s-BOSCH-Pujol-FS094.jpg?w=996&amp;ssl=1 996w\" sizes=\"auto, (max-width: 137px) 100vw, 137px\" \/><\/p>\n<p style=\"text-align: center\"><strong>6-Zurdo.-Andr\u00e9s BOSCH Pujol.<\/strong><\/p>\n<p style=\"text-align: center\">Delanteros:<\/p>\n<p style=\"text-align: center\"><img data-recalc-dims=\"1\" loading=\"lazy\" decoding=\"async\" class=\"aligncenter size-thumbnail wp-image-52968\" src=\"https:\/\/i0.wp.com\/www.manquepierda.com\/historiarealbetis\/files\/2016\/10\/Jos%C3%A9-BREVAL-Cala.jpg?resize=154%2C220&#038;ssl=1\" alt=\"jose-breval-cala\" width=\"154\" height=\"220\" srcset=\"https:\/\/i0.wp.com\/www.manquepierda.com\/historiarealbetis\/files\/2016\/10\/Jos%C3%A9-BREVAL-Cala.jpg?resize=154%2C220&amp;ssl=1 154w, https:\/\/i0.wp.com\/www.manquepierda.com\/historiarealbetis\/files\/2016\/10\/Jos%C3%A9-BREVAL-Cala.jpg?w=180&amp;ssl=1 180w\" sizes=\"auto, (max-width: 154px) 100vw, 154px\" \/><\/p>\n<p style=\"text-align: center\"><strong>7-Extremo Diestro.-Jos\u00e9 BREVAL Cala.<\/strong><\/p>\n<p style=\"text-align: center\"><img data-recalc-dims=\"1\" loading=\"lazy\" decoding=\"async\" class=\"aligncenter size-thumbnail wp-image-52969\" src=\"https:\/\/i0.wp.com\/www.manquepierda.com\/historiarealbetis\/files\/2016\/10\/Antonio-PALLAR%C3%89S-Huertas-VYB196105.jpg?resize=149%2C220&#038;ssl=1\" alt=\"antonio-pallares-huertas-vyb196105\" width=\"149\" height=\"220\" srcset=\"https:\/\/i0.wp.com\/www.manquepierda.com\/historiarealbetis\/files\/2016\/10\/Antonio-PALLAR%C3%89S-Huertas-VYB196105.jpg?resize=149%2C220&amp;ssl=1 149w, https:\/\/i0.wp.com\/www.manquepierda.com\/historiarealbetis\/files\/2016\/10\/Antonio-PALLAR%C3%89S-Huertas-VYB196105.jpg?resize=406%2C600&amp;ssl=1 406w, https:\/\/i0.wp.com\/www.manquepierda.com\/historiarealbetis\/files\/2016\/10\/Antonio-PALLAR%C3%89S-Huertas-VYB196105.jpg?resize=474%2C700&amp;ssl=1 474w, https:\/\/i0.wp.com\/www.manquepierda.com\/historiarealbetis\/files\/2016\/10\/Antonio-PALLAR%C3%89S-Huertas-VYB196105.jpg?w=625&amp;ssl=1 625w\" sizes=\"auto, (max-width: 149px) 100vw, 149px\" \/><\/p>\n<p style=\"text-align: center\"><strong>8-Interior Diestro.-Antonio PALLAR\u00c9S Huertas.<\/strong><\/p>\n<p style=\"text-align: justify\"><span style=\"color: #008000\"><em><strong>*1-0.-33 minutos.-\u00abLa jugada la inicia Bosch sobre Breval, que centra con efecto, y Fernando cabecea el bal\u00f3n que llega a las mallas pasando entre el pu\u00f1o de Jos\u00e9 Antonio Fern\u00e1ndez y el travesa\u00f1o\u00bb.<\/strong><\/em><\/span><\/p>\n<p style=\"text-align: center\"><img data-recalc-dims=\"1\" loading=\"lazy\" decoding=\"async\" class=\"aligncenter size-thumbnail wp-image-52970\" src=\"https:\/\/i0.wp.com\/www.manquepierda.com\/historiarealbetis\/files\/2016\/10\/Fernando-ANSOLA-Sanmart%C3%ADb-Carranza1964.jpg?resize=170%2C220&#038;ssl=1\" alt=\"fernando-ansola-sanmartib-carranza1964\" width=\"170\" height=\"220\" \/><\/p>\n<p style=\"text-align: justify\"><strong>9-Delantero centro-Ariete.-Fernando ANSOLA Sanmart\u00edn (24 a\u00f1os+9 meses menos 23 d\u00edas)-Natural de Elgoibar (Guip\u00fazcoa), s\u00e1bado 27 de Enero de 1940.-\u00cddem, lunes 30 de Junio de 1986 (46 A\u00f1os+5 meses+3 d\u00edas) D. E. P.<\/strong><\/p>\n<p style=\"text-align: center\"><img data-recalc-dims=\"1\" loading=\"lazy\" decoding=\"async\" class=\"aligncenter size-thumbnail wp-image-52971\" src=\"https:\/\/i0.wp.com\/www.manquepierda.com\/historiarealbetis\/files\/2016\/10\/FRASCO-Francisco-Ort%C3%ADz-V%C3%A1zquez-VYB1962N%C2%BA21.jpg?resize=174%2C220&#038;ssl=1\" alt=\"frasco-francisco-ortiz-vazquez-vyb1962no21\" width=\"174\" height=\"220\" srcset=\"https:\/\/i0.wp.com\/www.manquepierda.com\/historiarealbetis\/files\/2016\/10\/FRASCO-Francisco-Ort%C3%ADz-V%C3%A1zquez-VYB1962N%C2%BA21.jpg?resize=174%2C220&amp;ssl=1 174w, https:\/\/i0.wp.com\/www.manquepierda.com\/historiarealbetis\/files\/2016\/10\/FRASCO-Francisco-Ort%C3%ADz-V%C3%A1zquez-VYB1962N%C2%BA21.jpg?resize=475%2C600&amp;ssl=1 475w, https:\/\/i0.wp.com\/www.manquepierda.com\/historiarealbetis\/files\/2016\/10\/FRASCO-Francisco-Ort%C3%ADz-V%C3%A1zquez-VYB1962N%C2%BA21.jpg?resize=554%2C700&amp;ssl=1 554w, https:\/\/i0.wp.com\/www.manquepierda.com\/historiarealbetis\/files\/2016\/10\/FRASCO-Francisco-Ort%C3%ADz-V%C3%A1zquez-VYB1962N%C2%BA21.jpg?w=634&amp;ssl=1 634w\" sizes=\"auto, (max-width: 174px) 100vw, 174px\" \/><\/p>\n<p style=\"text-align: center\"><strong>10-Interior Zurdo.-Francisco Ort\u00edz V\u00e1zquez (a) \u00abFRASCO\u00bb.<\/strong><\/p>\n<p style=\"text-align: center\"><img data-recalc-dims=\"1\" loading=\"lazy\" decoding=\"async\" class=\"aligncenter size-thumbnail wp-image-52972\" src=\"https:\/\/i0.wp.com\/www.manquepierda.com\/historiarealbetis\/files\/2016\/10\/Andr%C3%A9sMOLINASoler.jpg?resize=100%2C220&#038;ssl=1\" alt=\"andresmolinasoler\" width=\"100\" height=\"220\" srcset=\"https:\/\/i0.wp.com\/www.manquepierda.com\/historiarealbetis\/files\/2016\/10\/Andr%C3%A9sMOLINASoler.jpg?resize=100%2C220&amp;ssl=1 100w, https:\/\/i0.wp.com\/www.manquepierda.com\/historiarealbetis\/files\/2016\/10\/Andr%C3%A9sMOLINASoler.jpg?resize=272%2C600&amp;ssl=1 272w, https:\/\/i0.wp.com\/www.manquepierda.com\/historiarealbetis\/files\/2016\/10\/Andr%C3%A9sMOLINASoler.jpg?resize=318%2C700&amp;ssl=1 318w, https:\/\/i0.wp.com\/www.manquepierda.com\/historiarealbetis\/files\/2016\/10\/Andr%C3%A9sMOLINASoler.jpg?w=344&amp;ssl=1 344w\" sizes=\"auto, (max-width: 100px) 100vw, 100px\" \/><\/p>\n<p style=\"text-align: center\"><strong>11-Extremo Zurdo.-Andr\u00e9s MOLINA Soler.<\/strong><\/p>\n<p style=\"text-align: center\">Vs.<\/p>\n<p style=\"text-align: center\">1962-1966.-Presidente don Eduardo CLERIGUES Andreu.<\/p>\n<p style=\"text-align: center\">OPINAN LOS ENTRENADORES POR \u00abBORBUJO\u00bb-HOJA DEL LUNES-SEVILLA 05-X-1964:<\/p>\n<p style=\"text-align: justify\"><em>Enrique ORIZAOLA Vel\u00e1zquez (42 a\u00f1os+7 meses menos 22 d\u00edas)-Natural de Santander (Cantabria), domingo 26 de Marzo de 1922: <strong>\u00abEl Levante fue superior y jug\u00f3 mejor\u00bb.<\/strong><\/em><\/p>\n<p style=\"text-align: center\"><img data-recalc-dims=\"1\" loading=\"lazy\" decoding=\"async\" class=\"aligncenter size-large wp-image-52956\" src=\"https:\/\/i0.wp.com\/www.manquepierda.com\/historiarealbetis\/files\/2016\/10\/ODRIZAOLA-BORMUJO1.jpg?resize=513%2C700&#038;ssl=1\" alt=\"odrizaola-bormujo1\" width=\"513\" height=\"700\" srcset=\"https:\/\/i0.wp.com\/www.manquepierda.com\/historiarealbetis\/files\/2016\/10\/ODRIZAOLA-BORMUJO1.jpg?resize=513%2C700&amp;ssl=1 513w, https:\/\/i0.wp.com\/www.manquepierda.com\/historiarealbetis\/files\/2016\/10\/ODRIZAOLA-BORMUJO1.jpg?resize=161%2C220&amp;ssl=1 161w, https:\/\/i0.wp.com\/www.manquepierda.com\/historiarealbetis\/files\/2016\/10\/ODRIZAOLA-BORMUJO1.jpg?resize=440%2C600&amp;ssl=1 440w, https:\/\/i0.wp.com\/www.manquepierda.com\/historiarealbetis\/files\/2016\/10\/ODRIZAOLA-BORMUJO1.jpg?resize=768%2C1047&amp;ssl=1 768w, https:\/\/i0.wp.com\/www.manquepierda.com\/historiarealbetis\/files\/2016\/10\/ODRIZAOLA-BORMUJO1.jpg?w=773&amp;ssl=1 773w\" sizes=\"auto, (max-width: 513px) 100vw, 513px\" \/><\/p>\n<p style=\"text-align: center\"><img data-recalc-dims=\"1\" loading=\"lazy\" decoding=\"async\" class=\"aligncenter size-full wp-image-52957\" src=\"https:\/\/i0.wp.com\/www.manquepierda.com\/historiarealbetis\/files\/2016\/10\/ODRIZAOLA-BORMUJO2.jpg?resize=768%2C171&#038;ssl=1\" alt=\"odrizaola-bormujo2\" width=\"768\" height=\"171\" srcset=\"https:\/\/i0.wp.com\/www.manquepierda.com\/historiarealbetis\/files\/2016\/10\/ODRIZAOLA-BORMUJO2.jpg?w=768&amp;ssl=1 768w, https:\/\/i0.wp.com\/www.manquepierda.com\/historiarealbetis\/files\/2016\/10\/ODRIZAOLA-BORMUJO2.jpg?resize=220%2C49&amp;ssl=1 220w, https:\/\/i0.wp.com\/www.manquepierda.com\/historiarealbetis\/files\/2016\/10\/ODRIZAOLA-BORMUJO2.jpg?resize=680%2C151&amp;ssl=1 680w\" sizes=\"auto, (max-width: 768px) 100vw, 768px\" \/><\/p>\n<p style=\"text-align: justify\">15\u00ba CLASIFICADO CON 1 PUNTO Y MENOS 3 NEGATIVOS (0ganado+1empatado+3perdidos) 0-4 Tantos Favor-Contra.<\/p>\n<p style=\"text-align: center\"><img data-recalc-dims=\"1\" loading=\"lazy\" decoding=\"async\" class=\"aligncenter size-thumbnail wp-image-52958\" src=\"https:\/\/i0.wp.com\/www.manquepierda.com\/historiarealbetis\/files\/2016\/10\/LEVANTE.jpg?resize=220%2C220&#038;ssl=1\" alt=\"levante\" width=\"220\" height=\"220\" srcset=\"https:\/\/i0.wp.com\/www.manquepierda.com\/historiarealbetis\/files\/2016\/10\/LEVANTE.jpg?resize=220%2C220&amp;ssl=1 220w, https:\/\/i0.wp.com\/www.manquepierda.com\/historiarealbetis\/files\/2016\/10\/LEVANTE.jpg?w=307&amp;ssl=1 307w\" sizes=\"auto, (max-width: 220px) 100vw, 220px\" \/><\/p>\n<p style=\"text-align: center\">UNI\u00d3N DEPORTIVA LEVANTE-0 Tantos.<\/p>\n<p style=\"text-align: center\"><img data-recalc-dims=\"1\" loading=\"lazy\" decoding=\"async\" class=\"aligncenter size-full wp-image-52959\" src=\"https:\/\/i0.wp.com\/www.manquepierda.com\/historiarealbetis\/files\/2016\/10\/Fern%C3%A1ndez.jpg?resize=131%2C196&#038;ssl=1\" alt=\"fernandez\" width=\"131\" height=\"196\" \/><\/p>\n<p style=\"text-align: center\">1-Jos\u00e9 Antonio FERN\u00c1NDEZ Blanco <strong>(1 gol encajado).<\/strong><\/p>\n<p style=\"text-align: justify\">2-Jos\u00e9 Antonio P\u00e9rez Bacallado (a) \u00abVICTORIERO\u00bb.-5-Gerardo GATELL Valls.-3-Antonio CALPE Hern\u00e1ndez; 4-Adolfo P\u00e9rez MARA\u00d1\u00d3N.-6-CARLOS Garc\u00eda S\u00e1iz; 7-Jos\u00e9 S\u00e1nchez Ben\u00edtez (a) \u00abPEP\u00cdN\u00bb.-8-WANDERLEY Machado da Silva.-9-Ernesto DOM\u00cdNGUEZ Hern\u00e1ndez.-11-Jos\u00e9 PONS Garc\u00eda.<\/p>\n","protected":false},"excerpt":{"rendered":"<p>XXXIV EDICI\u00d3N-CAMPEONATO NACIONAL LIGA PRIMERA DIVISI\u00d3N-TEMPORADA 1964-1965 DESDE DOMINGO 13 SEPTIEMBRE 1964 HASTA DOMINGO 18 ABRIL 1965; AMBAS FECHAS INCLUSIVE. 1964-OCTUBRE 4-DOMINGO EN LA \u00abCIUDAD DEL SOL\u00bb-17&#8217;30 HORAS-ESTADIO \u00abBENITO VILLAMAR\u00cdN\u00bb-SEGUNDO PARTIDO DE ABONO-CLAVE MARCADOR SIMULT\u00c1NEO \u00abDARDO\u00bb: \u00abTRINCHERA***TRES ESTRELLAS\u00bb.-CUARTA JORNADA. \u00abLos dos equipos fueron recibidos con aplausos\u00bb. Arbitr\u00f3 Juan GARDEAZABAL Garay (40 a\u00f1os+11 meses menos 23&#8230;<\/p>\n","protected":false},"author":48,"featured_media":52949,"comment_status":"open","ping_status":"open","sticky":false,"template":"","format":"standard","meta":{"_kad_post_transparent":"","_kad_post_title":"","_kad_post_layout":"","_kad_post_sidebar_id":"","_kad_post_content_style":"","_kad_post_vertical_padding":"","_kad_post_feature":"","_kad_post_feature_position":"","_kad_post_header":false,"_kad_post_footer":false,"_kad_post_classname":"","_jetpack_memberships_contains_paid_content":false,"footnotes":"","jetpack_publicize_message":"","jetpack_publicize_feature_enabled":true,"jetpack_social_post_already_shared":true,"jetpack_social_options":{"image_generator_settings":{"template":"highway","default_image_id":0,"font":"","enabled":false},"version":2}},"categories":[902,1],"tags":[4033,2900,9616,17903],"class_list":["post-52948","post","type-post","status-publish","format-standard","has-post-thumbnail","hentry","category-1960-1969","category-portada","tag-4033","tag-1964-65","tag-levante-ud","tag-liga-primera-1964-65"],"jetpack_publicize_connections":[],"jetpack_featured_media_url":"https:\/\/i0.wp.com\/www.manquepierda.com\/historiarealbetis\/files\/2016\/10\/19641006SERRANO.jpg?fit=2162%2C965&ssl=1","jetpack_sharing_enabled":true,"jetpack_shortlink":"https:\/\/wp.me\/p1ij08-dM0","jetpack-related-posts":[],"_links":{"self":[{"href":"https:\/\/www.manquepierda.com\/historiarealbetis\/wp-json\/wp\/v2\/posts\/52948","targetHints":{"allow":["GET"]}}],"collection":[{"href":"https:\/\/www.manquepierda.com\/historiarealbetis\/wp-json\/wp\/v2\/posts"}],"about":[{"href":"https:\/\/www.manquepierda.com\/historiarealbetis\/wp-json\/wp\/v2\/types\/post"}],"author":[{"embeddable":true,"href":"https:\/\/www.manquepierda.com\/historiarealbetis\/wp-json\/wp\/v2\/users\/48"}],"replies":[{"embeddable":true,"href":"https:\/\/www.manquepierda.com\/historiarealbetis\/wp-json\/wp\/v2\/comments?post=52948"}],"version-history":[{"count":1,"href":"https:\/\/www.manquepierda.com\/historiarealbetis\/wp-json\/wp\/v2\/posts\/52948\/revisions"}],"predecessor-version":[{"id":98422,"href":"https:\/\/www.manquepierda.com\/historiarealbetis\/wp-json\/wp\/v2\/posts\/52948\/revisions\/98422"}],"wp:featuredmedia":[{"embeddable":true,"href":"https:\/\/www.manquepierda.com\/historiarealbetis\/wp-json\/wp\/v2\/media\/52949"}],"wp:attachment":[{"href":"https:\/\/www.manquepierda.com\/historiarealbetis\/wp-json\/wp\/v2\/media?parent=52948"}],"wp:term":[{"taxonomy":"category","embeddable":true,"href":"https:\/\/www.manquepierda.com\/historiarealbetis\/wp-json\/wp\/v2\/categories?post=52948"},{"taxonomy":"post_tag","embeddable":true,"href":"https:\/\/www.manquepierda.com\/historiarealbetis\/wp-json\/wp\/v2\/tags?post=52948"}],"curies":[{"name":"wp","href":"https:\/\/api.w.org\/{rel}","templated":true}]}}