{"id":53010,"date":"2016-10-06T10:46:35","date_gmt":"2016-10-06T08:46:35","guid":{"rendered":"http:\/\/www.manquepierda.com\/historiarealbetis\/?p=53010"},"modified":"2024-08-22T12:04:24","modified_gmt":"2024-08-22T10:04:24","slug":"1935-octubre-6-superregional-betis-balompie-2-xerez-fbc-2-81aniversario","status":"publish","type":"post","link":"https:\/\/www.manquepierda.com\/historiarealbetis\/1935-octubre-6-superregional-betis-balompie-2-xerez-fbc-2-81aniversario\/","title":{"rendered":"1935-Octubre 6-Superregional.-Betis Balompi\u00e9-2 Xerez FbC-2.-81Aniversario."},"content":{"rendered":"<p style=\"text-align: justify\">CAMPEONATO SUPERREGIONAL-SUR-TEMPORADA 1935-1936.-SEGUNDA VUELTA-SEIS CLUBES PARTICIPANTES: MIRANDILLA-JEREZ-RECREATIVO GRANADA-MALACITANO-SEVILLA-BETIS BALOMPI\u00c9.<\/p>\n<figure id=\"attachment_53017\" aria-describedby=\"caption-attachment-53017\" style=\"width: 1698px\" class=\"wp-caption aligncenter\"><img data-recalc-dims=\"1\" loading=\"lazy\" decoding=\"async\" class=\"size-full wp-image-53017\" src=\"https:\/\/i0.wp.com\/www.manquepierda.com\/historiarealbetis\/files\/2016\/10\/19351006FERN%C3%81NDEZ.jpg?resize=1290%2C793&#038;ssl=1\" alt=\"mmmmm\" width=\"1290\" height=\"793\" srcset=\"https:\/\/i0.wp.com\/www.manquepierda.com\/historiarealbetis\/files\/2016\/10\/19351006FERN%C3%81NDEZ.jpg?w=1698&amp;ssl=1 1698w, https:\/\/i0.wp.com\/www.manquepierda.com\/historiarealbetis\/files\/2016\/10\/19351006FERN%C3%81NDEZ.jpg?resize=220%2C135&amp;ssl=1 220w, https:\/\/i0.wp.com\/www.manquepierda.com\/historiarealbetis\/files\/2016\/10\/19351006FERN%C3%81NDEZ.jpg?resize=680%2C418&amp;ssl=1 680w, https:\/\/i0.wp.com\/www.manquepierda.com\/historiarealbetis\/files\/2016\/10\/19351006FERN%C3%81NDEZ.jpg?resize=768%2C472&amp;ssl=1 768w, https:\/\/i0.wp.com\/www.manquepierda.com\/historiarealbetis\/files\/2016\/10\/19351006FERN%C3%81NDEZ.jpg?resize=960%2C590&amp;ssl=1 960w\" sizes=\"auto, (max-width: 1290px) 100vw, 1290px\" \/><figcaption id=\"caption-attachment-53017\" class=\"wp-caption-text\"><em><strong>\u00abEste pudo ser el tanto&#8230;que le diera la victoria al Betis. Caballero iba a rematar, cuando&#8230;el portero jerezano le coge el bal\u00f3n de la mism\u00edsima cabeza\u00bb.-<\/strong><\/em>Fot\u00f3grafo Fern\u00e1ndez-AS Madrid-lunes 7 de Octubre de 1935.<\/figcaption><\/figure>\n<p style=\"text-align: justify\"><strong>1935-OCTUBRE 6-DOMINGO-BARRIO EL PORVENIR-CAMPO MUNICIPAL DEPORTES \u00abPATRONATO OBRERO\u00bbSEXTA JORNADA.<\/strong><\/p>\n<p style=\"text-align: justify\">El Colegio Sur ha designado para actuar hoy en \u00abEl Porvenir\u00bb, al se\u00f1or Guti\u00e9rrez, <em><strong>\u00abcon pocos aciertos su arbitraje\u00bb.<\/strong><\/em><\/p>\n<p style=\"text-align: center\">ALINEACIONES:<\/p>\n<figure id=\"attachment_53018\" aria-describedby=\"caption-attachment-53018\" style=\"width: 220px\" class=\"wp-caption aligncenter\"><img data-recalc-dims=\"1\" loading=\"lazy\" decoding=\"async\" class=\"size-thumbnail wp-image-53018\" src=\"https:\/\/i0.wp.com\/www.manquepierda.com\/historiarealbetis\/files\/2016\/10\/Francisco-NAVARRO-L%C3%93PEZ-02.jpg?resize=220%2C171&#038;ssl=1\" alt=\"A su izquierda, Secretario Antonio GONZ\u00c1LEZ y Gonz\u00e1lez De Nicol\u00e1s.\" width=\"220\" height=\"171\"><figcaption id=\"caption-attachment-53018\" class=\"wp-caption-text\">A su izquierda, Secretario Antonio GONZ\u00c1LEZ y Gonz\u00e1lez De Nicol\u00e1s.<\/figcaption><\/figure>\n<p style=\"text-align: justify\"><span style=\"color: #008000\"><em><strong>Desde el martes 13 de Agosto de 1935, XXVI presidente Real Betis Balompi\u00e9-Temporada 1935-1936, doctor don Francisco NAVARRO L\u00d3PEZ, m\u00e9dico (43 a\u00f1os)-Natural de Osuna (Sevilla)-1892.-Obituario, se ignora fecha y ciudad.<\/strong><\/em><\/span><\/p>\n<p style=\"text-align: justify\"><span style=\"color: #008000\"><em><strong>Al dimitir antes de terminar la temporada: presidente accidental, don Manuel Alonso Cueli, vicepresidente primero.<br \/>\n<\/strong><\/em><\/span><\/p>\n<p style=\"text-align: justify\"><strong><span style=\"color: #008000\"><img data-recalc-dims=\"1\" loading=\"lazy\" decoding=\"async\" class=\"alignleft size-thumbnail wp-image-53019\" src=\"https:\/\/i0.wp.com\/www.manquepierda.com\/historiarealbetis\/files\/2016\/10\/Andr%C3%A9s-ARANDA-Guti%C3%A9rrez-01.jpg?resize=220%2C153&#038;ssl=1\" alt=\"andres-aranda-gutierrez-01\" width=\"220\" height=\"153\" srcset=\"https:\/\/i0.wp.com\/www.manquepierda.com\/historiarealbetis\/files\/2016\/10\/Andr%C3%A9s-ARANDA-Guti%C3%A9rrez-01.jpg?resize=220%2C153&amp;ssl=1 220w, https:\/\/i0.wp.com\/www.manquepierda.com\/historiarealbetis\/files\/2016\/10\/Andr%C3%A9s-ARANDA-Guti%C3%A9rrez-01.jpg?w=300&amp;ssl=1 300w\" sizes=\"auto, (max-width: 220px) 100vw, 220px\" \/>Entrenador Andr\u00e9s ARANDA Guti\u00e9rrez (30 a\u00f1os+2 meses menos 19 d\u00edas)-Natural de Lora del R\u00edo (Sevilla), domingo 27 de Agosto de 1905.-Obituario en Aracena (Huelva)-concentraci\u00f3n primera plantilla-mi\u00e9rcoles 10 de Marzo de 1965 (59 A\u00f1os+7 meses menos 17 d\u00edas) D. E. P.<\/span><\/strong><\/p>\n<p style=\"text-align: justify\"><strong>TERCER CLASIFICADO CON 5 PUNTOS (1-GANADO+3-EMPATADOS+2-PERDIDOS) 9-GOLES A FAVOR Y 9-TANTOS EN CONTRA.<\/strong><\/p>\n<p style=\"text-align: center\"><img data-recalc-dims=\"1\" loading=\"lazy\" decoding=\"async\" class=\"aligncenter size-full wp-image-53020\" src=\"https:\/\/i0.wp.com\/www.manquepierda.com\/historiarealbetis\/files\/2016\/10\/1932-RBB1.jpg?resize=154%2C154&#038;ssl=1\" alt=\"1932-rbb1\" width=\"154\" height=\"154\"><\/p>\n<p style=\"text-align: center\"><strong>1935-1936 PRIMERA DIVISI\u00d3N.-BETIS BALOMPI\u00c9-2 Goles.<\/strong><\/p>\n<p style=\"text-align: center\">Guardameta:<\/p>\n<p style=\"text-align: center\"><img data-recalc-dims=\"1\" loading=\"lazy\" decoding=\"async\" class=\"aligncenter size-thumbnail wp-image-53033\" src=\"https:\/\/i0.wp.com\/www.manquepierda.com\/historiarealbetis\/files\/2016\/10\/JES%C3%9AS-Bern%C3%A1ldez-Moreno-AS193308028.jpg?resize=133%2C220&#038;ssl=1\" alt=\"jesus-bernaldez-moreno-as193308028\" width=\"133\" height=\"220\" srcset=\"https:\/\/i0.wp.com\/www.manquepierda.com\/historiarealbetis\/files\/2016\/10\/JES%C3%9AS-Bern%C3%A1ldez-Moreno-AS193308028.jpg?resize=133%2C220&amp;ssl=1 133w, https:\/\/i0.wp.com\/www.manquepierda.com\/historiarealbetis\/files\/2016\/10\/JES%C3%9AS-Bern%C3%A1ldez-Moreno-AS193308028.jpg?resize=362%2C600&amp;ssl=1 362w, https:\/\/i0.wp.com\/www.manquepierda.com\/historiarealbetis\/files\/2016\/10\/JES%C3%9AS-Bern%C3%A1ldez-Moreno-AS193308028.jpg?resize=423%2C700&amp;ssl=1 423w, https:\/\/i0.wp.com\/www.manquepierda.com\/historiarealbetis\/files\/2016\/10\/JES%C3%9AS-Bern%C3%A1ldez-Moreno-AS193308028.jpg?w=540&amp;ssl=1 540w\" sizes=\"auto, (max-width: 133px) 100vw, 133px\" \/><\/p>\n<p style=\"text-align: justify\"><span style=\"color: #333333\"><strong>1-[2 tantos encajados].-JES\u00daS Bern\u00e1ldez Moreno (a) \u00abMANOS DURAS\u00bb (32 a\u00f1os+2 meses menos 13 d\u00edas)-Natural de Villanueva del Ariscal (Sevilla), mi\u00e9rcoles 19 de Agosto de 1903.-Obituario en Sevilla, viernes 6 de Junio de 1941 (37 A\u00f1os+10 meses menos 13 d\u00edas) D. E. P.<br \/>\n<\/strong><\/span><\/p>\n<p style=\"text-align: center\">Zagueros:<\/p>\n<p style=\"text-align: center\"><img data-recalc-dims=\"1\" loading=\"lazy\" decoding=\"async\" class=\"aligncenter size-thumbnail wp-image-53021\" src=\"https:\/\/i0.wp.com\/www.manquepierda.com\/historiarealbetis\/files\/2016\/10\/CAPESTO-Modesto-Gonz%C3%A1lez-Blanco.jpg?resize=161%2C220&#038;ssl=1\" alt=\"capesto-modesto-gonzalez-blanco\" width=\"161\" height=\"220\" srcset=\"https:\/\/i0.wp.com\/www.manquepierda.com\/historiarealbetis\/files\/2016\/10\/CAPESTO-Modesto-Gonz%C3%A1lez-Blanco.jpg?resize=161%2C220&amp;ssl=1 161w, https:\/\/i0.wp.com\/www.manquepierda.com\/historiarealbetis\/files\/2016\/10\/CAPESTO-Modesto-Gonz%C3%A1lez-Blanco.jpg?w=175&amp;ssl=1 175w\" sizes=\"auto, (max-width: 161px) 100vw, 161px\" \/><\/p>\n<p style=\"text-align: center\"><span style=\"color: #333333\"><strong>2-Lateral Diestro.-Modesto Gonz\u00e1lez Blanco (a) \u00abCAPESTO\u00bb.<\/strong><\/span><\/p>\n<p style=\"text-align: center\"><strong>3-Lateral Zurdo.-Juan TORRES Arriaza (Betis Balompi\u00e9 Amateur).<br \/>\n<\/strong><\/p>\n<p style=\"text-align: center\">Medios:<\/p>\n<p style=\"text-align: center\"><img data-recalc-dims=\"1\" loading=\"lazy\" decoding=\"async\" class=\"aligncenter size-thumbnail wp-image-53034\" src=\"https:\/\/i0.wp.com\/www.manquepierda.com\/historiarealbetis\/files\/2016\/10\/PERAL-Jos%C3%A9-Su%C3%A1rez-Gonz%C3%A1lez1929.jpg?resize=167%2C220&#038;ssl=1\" alt=\"peral-jose-suarez-gonzalez1929\" width=\"167\" height=\"220\" srcset=\"https:\/\/i0.wp.com\/www.manquepierda.com\/historiarealbetis\/files\/2016\/10\/PERAL-Jos%C3%A9-Su%C3%A1rez-Gonz%C3%A1lez1929.jpg?resize=167%2C220&amp;ssl=1 167w, https:\/\/i0.wp.com\/www.manquepierda.com\/historiarealbetis\/files\/2016\/10\/PERAL-Jos%C3%A9-Su%C3%A1rez-Gonz%C3%A1lez1929.jpg?resize=457%2C600&amp;ssl=1 457w, https:\/\/i0.wp.com\/www.manquepierda.com\/historiarealbetis\/files\/2016\/10\/PERAL-Jos%C3%A9-Su%C3%A1rez-Gonz%C3%A1lez1929.jpg?w=472&amp;ssl=1 472w\" sizes=\"auto, (max-width: 167px) 100vw, 167px\" \/><\/p>\n<p style=\"text-align: center\"><span style=\"color: #008000\"><em><strong>*2-2.-89 minutos.-Fusil\u00f3 al cancerbero Larios*<\/strong><\/em><\/span><\/p>\n<p style=\"text-align: justify\"><strong>4-Diestro.-Jos\u00e9 Su\u00e1rez Gonz\u00e1lez (a) \u00abPERAL\u00bb (24 a\u00f1os+6 meses menos 4 d\u00edas)-Natural de Sevilla, lunes 10 de Abril de 1911.-\u00cddem, domingo 28 de Mayo de 1967 (56 A\u00f1os+1 mes+18 d\u00edas) D. E. P.<br \/>\n<\/strong><\/p>\n<p style=\"text-align: center\"><img data-recalc-dims=\"1\" loading=\"lazy\" decoding=\"async\" class=\"aligncenter size-thumbnail wp-image-53035\" src=\"https:\/\/i0.wp.com\/www.manquepierda.com\/historiarealbetis\/files\/2016\/10\/Francisco-G%C3%93MEZ-Vicente.jpg?resize=167%2C220&#038;ssl=1\" alt=\"francisco-gomez-vicente\" width=\"167\" height=\"220\" srcset=\"https:\/\/i0.wp.com\/www.manquepierda.com\/historiarealbetis\/files\/2016\/10\/Francisco-G%C3%93MEZ-Vicente.jpg?resize=167%2C220&amp;ssl=1 167w, https:\/\/i0.wp.com\/www.manquepierda.com\/historiarealbetis\/files\/2016\/10\/Francisco-G%C3%93MEZ-Vicente.jpg?resize=455%2C600&amp;ssl=1 455w, https:\/\/i0.wp.com\/www.manquepierda.com\/historiarealbetis\/files\/2016\/10\/Francisco-G%C3%93MEZ-Vicente.jpg?resize=768%2C1013&amp;ssl=1 768w, https:\/\/i0.wp.com\/www.manquepierda.com\/historiarealbetis\/files\/2016\/10\/Francisco-G%C3%93MEZ-Vicente.jpg?resize=531%2C700&amp;ssl=1 531w, https:\/\/i0.wp.com\/www.manquepierda.com\/historiarealbetis\/files\/2016\/10\/Francisco-G%C3%93MEZ-Vicente.jpg?w=1274&amp;ssl=1 1274w\" sizes=\"auto, (max-width: 167px) 100vw, 167px\" \/><\/p>\n<p style=\"text-align: center\"><strong>5-Centro.-Francisco G\u00d3MEZ Vicente.<\/strong><\/p>\n<p style=\"text-align: center\"><img data-recalc-dims=\"1\" loading=\"lazy\" decoding=\"async\" class=\"aligncenter size-thumbnail wp-image-53036\" src=\"https:\/\/i0.wp.com\/www.manquepierda.com\/historiarealbetis\/files\/2016\/10\/Jos%C3%A9-RANCEL-Toledo-1.jpg?resize=138%2C220&#038;ssl=1\" alt=\"jose-rancel-toledo-1\" width=\"138\" height=\"220\" srcset=\"https:\/\/i0.wp.com\/www.manquepierda.com\/historiarealbetis\/files\/2016\/10\/Jos%C3%A9-RANCEL-Toledo-1.jpg?resize=138%2C220&amp;ssl=1 138w, https:\/\/i0.wp.com\/www.manquepierda.com\/historiarealbetis\/files\/2016\/10\/Jos%C3%A9-RANCEL-Toledo-1.jpg?resize=375%2C600&amp;ssl=1 375w, https:\/\/i0.wp.com\/www.manquepierda.com\/historiarealbetis\/files\/2016\/10\/Jos%C3%A9-RANCEL-Toledo-1.jpg?w=388&amp;ssl=1 388w\" sizes=\"auto, (max-width: 138px) 100vw, 138px\" \/><\/p>\n<p style=\"text-align: center\"><strong>6-Zurdo.-Jos\u00e9 RANCEL Toledo.<\/strong><\/p>\n<p style=\"text-align: center\">Delanteros:<\/p>\n<p style=\"text-align: center\"><img data-recalc-dims=\"1\" loading=\"lazy\" decoding=\"async\" class=\"aligncenter size-thumbnail wp-image-53037\" src=\"https:\/\/i0.wp.com\/www.manquepierda.com\/historiarealbetis\/files\/2016\/10\/SARO-%C3%81ngel-Mart%C3%ADn-Rodr%C3%ADguez-02.jpg?resize=149%2C220&#038;ssl=1\" alt=\"saro-angel-martin-rodriguez-02\" width=\"149\" height=\"220\" srcset=\"https:\/\/i0.wp.com\/www.manquepierda.com\/historiarealbetis\/files\/2016\/10\/SARO-%C3%81ngel-Mart%C3%ADn-Rodr%C3%ADguez-02.jpg?resize=149%2C220&amp;ssl=1 149w, https:\/\/i0.wp.com\/www.manquepierda.com\/historiarealbetis\/files\/2016\/10\/SARO-%C3%81ngel-Mart%C3%ADn-Rodr%C3%ADguez-02.jpg?resize=408%2C600&amp;ssl=1 408w, https:\/\/i0.wp.com\/www.manquepierda.com\/historiarealbetis\/files\/2016\/10\/SARO-%C3%81ngel-Mart%C3%ADn-Rodr%C3%ADguez-02.jpg?w=468&amp;ssl=1 468w\" sizes=\"auto, (max-width: 149px) 100vw, 149px\" \/><\/p>\n<p style=\"text-align: center\"><strong>7-Extremo Diestro.-\u00c1ngel Mart\u00edn Rodr\u00edguez (a) \u00abSARO\u00bb.<\/strong><\/p>\n<p style=\"text-align: center\"><img data-recalc-dims=\"1\" loading=\"lazy\" decoding=\"async\" class=\"aligncenter size-thumbnail wp-image-53038\" src=\"https:\/\/i0.wp.com\/www.manquepierda.com\/historiarealbetis\/files\/2016\/10\/Ferm%C3%ADn-REJ%C3%93N-Landa.jpg?resize=161%2C220&#038;ssl=1\" alt=\"fermin-rejon-landa\" width=\"161\" height=\"220\" srcset=\"https:\/\/i0.wp.com\/www.manquepierda.com\/historiarealbetis\/files\/2016\/10\/Ferm%C3%ADn-REJ%C3%93N-Landa.jpg?resize=161%2C220&amp;ssl=1 161w, https:\/\/i0.wp.com\/www.manquepierda.com\/historiarealbetis\/files\/2016\/10\/Ferm%C3%ADn-REJ%C3%93N-Landa.jpg?w=197&amp;ssl=1 197w\" sizes=\"auto, (max-width: 161px) 100vw, 161px\" \/><\/p>\n<p style=\"text-align: center\"><strong>8-Interior Diestro.-Ferm\u00edn REJ\u00d3N Landa.<\/strong><\/p>\n<p style=\"text-align: center\"><img data-recalc-dims=\"1\" loading=\"lazy\" decoding=\"async\" class=\"aligncenter size-thumbnail wp-image-53039\" src=\"https:\/\/i0.wp.com\/www.manquepierda.com\/historiarealbetis\/files\/2016\/10\/ADOLFO-II-Adolfo-Mart%C3%ADn-Gonz%C3%A1lez1930.jpg?resize=171%2C220&#038;ssl=1\" alt=\"adolfo-ii-adolfo-martin-gonzalez1930\" width=\"171\" height=\"220\" srcset=\"https:\/\/i0.wp.com\/www.manquepierda.com\/historiarealbetis\/files\/2016\/10\/ADOLFO-II-Adolfo-Mart%C3%ADn-Gonz%C3%A1lez1930.jpg?resize=171%2C220&amp;ssl=1 171w, https:\/\/i0.wp.com\/www.manquepierda.com\/historiarealbetis\/files\/2016\/10\/ADOLFO-II-Adolfo-Mart%C3%ADn-Gonz%C3%A1lez1930.jpg?resize=467%2C600&amp;ssl=1 467w, https:\/\/i0.wp.com\/www.manquepierda.com\/historiarealbetis\/files\/2016\/10\/ADOLFO-II-Adolfo-Mart%C3%ADn-Gonz%C3%A1lez1930.jpg?w=481&amp;ssl=1 481w\" sizes=\"auto, (max-width: 171px) 100vw, 171px\" \/><\/p>\n<p style=\"text-align: center\"><span style=\"color: #008000\"><em><strong>*1-0.-Primer tiempo, a los pocos minutos de haber fallado una pena m\u00e1xima ante Larios*<\/strong><\/em><\/span><\/p>\n<p style=\"text-align: justify\"><strong>9-Centro Delantero-Ariete.-ADOLFO Mart\u00edn Gonz\u00e1lez (a) \u00abADOLFO II\u00bb (21 a\u00f1os+10 meses menos 3 d\u00edas)-Natural de San Crist\u00f3bal de la Laguna (Tenerife), martes 9 de Diciembre de 1913.-Obituario, viernes 5 de Septiembre de 1975 (61 A\u00f1os+9 meses menos 4 d\u00edas) D. E. P.<br \/>\n<\/strong><\/p>\n<p style=\"text-align: center\"><img data-recalc-dims=\"1\" loading=\"lazy\" decoding=\"async\" class=\"aligncenter size-thumbnail wp-image-53040\" src=\"https:\/\/i0.wp.com\/www.manquepierda.com\/historiarealbetis\/files\/2016\/10\/Jos%C3%A9-Gonz%C3%A1lez-CABALLERO-1.jpg?resize=124%2C220&#038;ssl=1\" alt=\"jose-gonzalez-caballero\" width=\"124\" height=\"220\" srcset=\"https:\/\/i0.wp.com\/www.manquepierda.com\/historiarealbetis\/files\/2016\/10\/Jos%C3%A9-Gonz%C3%A1lez-CABALLERO-1.jpg?resize=124%2C220&amp;ssl=1 124w, https:\/\/i0.wp.com\/www.manquepierda.com\/historiarealbetis\/files\/2016\/10\/Jos%C3%A9-Gonz%C3%A1lez-CABALLERO-1.jpg?w=228&amp;ssl=1 228w\" sizes=\"auto, (max-width: 124px) 100vw, 124px\" \/><\/p>\n<p style=\"text-align: center\"><strong>10-Interior Zurdo.-Jos\u00e9 Gonz\u00e1lez CABALLERO.<\/strong><\/p>\n<p style=\"text-align: center\"><img data-recalc-dims=\"1\" loading=\"lazy\" decoding=\"async\" class=\"aligncenter size-thumbnail wp-image-53041\" src=\"https:\/\/i0.wp.com\/www.manquepierda.com\/historiarealbetis\/files\/2016\/10\/Jos%C3%A9-VALERA-Nocera-01.jpg?resize=140%2C220&#038;ssl=1\" alt=\"jose-valera-nocera-01\" width=\"140\" height=\"220\"><\/p>\n<p style=\"text-align: center\"><strong>11-Extremo Zurdo.-Jos\u00e9 VALERA Nocera.<\/strong><\/p>\n<p style=\"text-align: center\">Vs.<\/p>\n<p style=\"text-align: center\"><strong>Presidente don Manuel Domecq.<\/strong><\/p>\n<p style=\"text-align: center\"><img data-recalc-dims=\"1\" loading=\"lazy\" decoding=\"async\" class=\"aligncenter size-thumbnail wp-image-53023\" src=\"https:\/\/i0.wp.com\/www.manquepierda.com\/historiarealbetis\/files\/2016\/10\/MANOL%C3%8DN.jpg?resize=131%2C220&#038;ssl=1\" alt=\"manolin\" width=\"131\" height=\"220\" srcset=\"https:\/\/i0.wp.com\/www.manquepierda.com\/historiarealbetis\/files\/2016\/10\/MANOL%C3%8DN.jpg?resize=131%2C220&amp;ssl=1 131w, https:\/\/i0.wp.com\/www.manquepierda.com\/historiarealbetis\/files\/2016\/10\/MANOL%C3%8DN.jpg?w=162&amp;ssl=1 162w\" sizes=\"auto, (max-width: 131px) 100vw, 131px\" \/><\/p>\n<p style=\"text-align: center\"><strong>Entrenador Manuel Nogueras Carretero (a) \u00abMANOL\u00cdN\u00bb.<\/strong><\/p>\n<figure id=\"attachment_53024\" aria-describedby=\"caption-attachment-53024\" style=\"width: 220px\" class=\"wp-caption aligncenter\"><img data-recalc-dims=\"1\" loading=\"lazy\" decoding=\"async\" class=\"size-thumbnail wp-image-53024\" src=\"https:\/\/i0.wp.com\/www.manquepierda.com\/historiarealbetis\/files\/2016\/10\/XEREZ-fc1935-1936.jpg?resize=220%2C155&#038;ssl=1\" alt=\"19351021ASMadrid.\" width=\"220\" height=\"155\" srcset=\"https:\/\/i0.wp.com\/www.manquepierda.com\/historiarealbetis\/files\/2016\/10\/XEREZ-fc1935-1936.jpg?resize=220%2C155&amp;ssl=1 220w, https:\/\/i0.wp.com\/www.manquepierda.com\/historiarealbetis\/files\/2016\/10\/XEREZ-fc1935-1936.jpg?resize=680%2C478&amp;ssl=1 680w, https:\/\/i0.wp.com\/www.manquepierda.com\/historiarealbetis\/files\/2016\/10\/XEREZ-fc1935-1936.jpg?resize=768%2C540&amp;ssl=1 768w, https:\/\/i0.wp.com\/www.manquepierda.com\/historiarealbetis\/files\/2016\/10\/XEREZ-fc1935-1936.jpg?resize=960%2C675&amp;ssl=1 960w, https:\/\/i0.wp.com\/www.manquepierda.com\/historiarealbetis\/files\/2016\/10\/XEREZ-fc1935-1936.jpg?w=1168&amp;ssl=1 1168w\" sizes=\"auto, (max-width: 220px) 100vw, 220px\" \/><figcaption id=\"caption-attachment-53024\" class=\"wp-caption-text\">19351021ASMadrid.<\/figcaption><\/figure>\n<p style=\"text-align: center\">SEGUNDO CLASIFICADO CON 7 PUNTOS (3ganados+1empatado+2perdidos) 12-7 Tantos Favor-Contra.<\/p>\n<p style=\"text-align: center\"><strong>1935-1936.-SEGUNDA DIVISI\u00d3N-GRUPO III.<\/strong><\/p>\n<figure id=\"attachment_53025\" aria-describedby=\"caption-attachment-53025\" style=\"width: 72px\" class=\"wp-caption aligncenter\"><img data-recalc-dims=\"1\" loading=\"lazy\" decoding=\"async\" class=\"size-full wp-image-53025\" src=\"https:\/\/i0.wp.com\/www.manquepierda.com\/historiarealbetis\/files\/2016\/10\/XEREZ-FC.jpeg?resize=72%2C97&#038;ssl=1\" alt=\"XEREZ FC-2 TANTOS.\" width=\"72\" height=\"97\"><figcaption id=\"caption-attachment-53025\" class=\"wp-caption-text\">XEREZ FC-2 TANTOS.<\/figcaption><\/figure>\n<p style=\"text-align: center\">1-LARIOS.-2-JIM\u00c9NEZ.-3-SORRIBAS.<\/p>\n<figure id=\"attachment_53022\" aria-describedby=\"caption-attachment-53022\" style=\"width: 192px\" class=\"wp-caption aligncenter\"><img data-recalc-dims=\"1\" loading=\"lazy\" decoding=\"async\" class=\"size-thumbnail wp-image-53022\" src=\"https:\/\/i0.wp.com\/www.manquepierda.com\/historiarealbetis\/files\/2016\/10\/19351006JFCtr%C3%ADodefensivo.jpg?resize=192%2C220&#038;ssl=1\" alt=\"&quot;El tr\u00edo defensivo del Xerez lo forman estos 3 mozos: Jim\u00e9nez-Larios-Somorribas.-Fuente AS-Madrid19351021.\" width=\"192\" height=\"220\" srcset=\"https:\/\/i0.wp.com\/www.manquepierda.com\/historiarealbetis\/files\/2016\/10\/19351006JFCtr%C3%ADodefensivo.jpg?resize=192%2C220&amp;ssl=1 192w, https:\/\/i0.wp.com\/www.manquepierda.com\/historiarealbetis\/files\/2016\/10\/19351006JFCtr%C3%ADodefensivo.jpg?resize=523%2C600&amp;ssl=1 523w, https:\/\/i0.wp.com\/www.manquepierda.com\/historiarealbetis\/files\/2016\/10\/19351006JFCtr%C3%ADodefensivo.jpg?resize=768%2C881&amp;ssl=1 768w, https:\/\/i0.wp.com\/www.manquepierda.com\/historiarealbetis\/files\/2016\/10\/19351006JFCtr%C3%ADodefensivo.jpg?resize=610%2C700&amp;ssl=1 610w, https:\/\/i0.wp.com\/www.manquepierda.com\/historiarealbetis\/files\/2016\/10\/19351006JFCtr%C3%ADodefensivo.jpg?w=1178&amp;ssl=1 1178w\" sizes=\"auto, (max-width: 192px) 100vw, 192px\" \/><figcaption id=\"caption-attachment-53022\" class=\"wp-caption-text\">\u00abEl tr\u00edo defensivo del Xerez lo forman estos 3 mozos: Jim\u00e9nez-Larios-Sorribas.-Fuente AS-Madrid19351021.<\/figcaption><\/figure>\n<p style=\"text-align: center\">4-MART\u00cdN.<\/p>\n<p style=\"text-align: center\"><img data-recalc-dims=\"1\" loading=\"lazy\" decoding=\"async\" class=\"aligncenter size-thumbnail wp-image-53026\" src=\"https:\/\/i0.wp.com\/www.manquepierda.com\/historiarealbetis\/files\/2016\/10\/OJANGUREN.jpg?resize=132%2C220&#038;ssl=1\" alt=\"ojanguren\" width=\"132\" height=\"220\" srcset=\"https:\/\/i0.wp.com\/www.manquepierda.com\/historiarealbetis\/files\/2016\/10\/OJANGUREN.jpg?resize=132%2C220&amp;ssl=1 132w, https:\/\/i0.wp.com\/www.manquepierda.com\/historiarealbetis\/files\/2016\/10\/OJANGUREN.jpg?resize=360%2C600&amp;ssl=1 360w, https:\/\/i0.wp.com\/www.manquepierda.com\/historiarealbetis\/files\/2016\/10\/OJANGUREN.jpg?w=379&amp;ssl=1 379w\" sizes=\"auto, (max-width: 132px) 100vw, 132px\" \/><\/p>\n<p style=\"text-align: center\">5-Jos\u00e9 Antonio Gonz\u00e1lez OJANGUREN:<\/p>\n<p style=\"text-align: justify\"><em><strong>\u00abEs un notable extremo derecha que en el partido contra el Betis Balompi\u00e9, se revel\u00f3 como un magn\u00edfico medio centro, al tener que ocupar incidentalmente tan importante puesto\u00bb.<\/strong><\/em><\/p>\n<p style=\"text-align: center\">6-PAULINO.<\/p>\n<p style=\"text-align: center\">7-ROMERO <strong>(1-2.-55 minutos)*<\/strong><\/p>\n<p style=\"text-align: center\"><img data-recalc-dims=\"1\" loading=\"lazy\" decoding=\"async\" class=\"aligncenter size-thumbnail wp-image-53027\" src=\"https:\/\/i0.wp.com\/www.manquepierda.com\/historiarealbetis\/files\/2016\/10\/ABLA%C3%91A.jpg?resize=146%2C220&#038;ssl=1\" alt=\"ablana\" width=\"146\" height=\"220\" srcset=\"https:\/\/i0.wp.com\/www.manquepierda.com\/historiarealbetis\/files\/2016\/10\/ABLA%C3%91A.jpg?resize=146%2C220&amp;ssl=1 146w, https:\/\/i0.wp.com\/www.manquepierda.com\/historiarealbetis\/files\/2016\/10\/ABLA%C3%91A.jpg?w=350&amp;ssl=1 350w\" sizes=\"auto, (max-width: 146px) 100vw, 146px\" \/><\/p>\n<p style=\"text-align: center\">8-ABLA\u00d1A<em> (una de las nuevas adquisiciones; interior derecha procedente del Racing de Mieres).<br \/>\n<\/em><\/p>\n<p style=\"text-align: center\">9-TAVILO <strong>(1-1.-Primer Tiempo)*<\/strong><\/p>\n<p style=\"text-align: center\">10-BEN\u00cdTEZ.<\/p>\n<p style=\"text-align: center\"><img data-recalc-dims=\"1\" loading=\"lazy\" decoding=\"async\" class=\"aligncenter size-thumbnail wp-image-53028\" src=\"https:\/\/i0.wp.com\/www.manquepierda.com\/historiarealbetis\/files\/2016\/10\/Manuel-GABELLA-Gallego.jpg?resize=139%2C220&#038;ssl=1\" alt=\"manuel-gabella-gallego\" width=\"139\" height=\"220\" srcset=\"https:\/\/i0.wp.com\/www.manquepierda.com\/historiarealbetis\/files\/2016\/10\/Manuel-GABELLA-Gallego.jpg?resize=139%2C220&amp;ssl=1 139w, https:\/\/i0.wp.com\/www.manquepierda.com\/historiarealbetis\/files\/2016\/10\/Manuel-GABELLA-Gallego.jpg?w=347&amp;ssl=1 347w\" sizes=\"auto, (max-width: 139px) 100vw, 139px\" \/><\/p>\n<p style=\"text-align: center\">11-<strong>Manuel GABELLA Gallego (ex-jugador Betis Balompi\u00e9-Temporadas: 1931-1932 y 1932-1933.<\/strong><\/p>\n<p style=\"text-align: center\"><img data-recalc-dims=\"1\" loading=\"lazy\" decoding=\"async\" class=\"aligncenter size-large wp-image-53029\" src=\"https:\/\/i0.wp.com\/www.manquepierda.com\/historiarealbetis\/files\/2016\/10\/19351006ABC-SERRANO.jpg?resize=305%2C700&#038;ssl=1\" alt=\"19351006abc-serrano\" width=\"305\" height=\"700\" srcset=\"https:\/\/i0.wp.com\/www.manquepierda.com\/historiarealbetis\/files\/2016\/10\/19351006ABC-SERRANO.jpg?resize=305%2C700&amp;ssl=1 305w, https:\/\/i0.wp.com\/www.manquepierda.com\/historiarealbetis\/files\/2016\/10\/19351006ABC-SERRANO.jpg?resize=96%2C220&amp;ssl=1 96w, https:\/\/i0.wp.com\/www.manquepierda.com\/historiarealbetis\/files\/2016\/10\/19351006ABC-SERRANO.jpg?resize=262%2C600&amp;ssl=1 262w, https:\/\/i0.wp.com\/www.manquepierda.com\/historiarealbetis\/files\/2016\/10\/19351006ABC-SERRANO.jpg?resize=768%2C1762&amp;ssl=1 768w, https:\/\/i0.wp.com\/www.manquepierda.com\/historiarealbetis\/files\/2016\/10\/19351006ABC-SERRANO.jpg?w=868&amp;ssl=1 868w\" sizes=\"auto, (max-width: 305px) 100vw, 305px\" \/><\/p>\n<p style=\"text-align: center\">ABC-MADRID-19351008-Martes.-Foto Serrano.<\/p>\n","protected":false},"excerpt":{"rendered":"<p>CAMPEONATO SUPERREGIONAL-SUR-TEMPORADA 1935-1936.-SEGUNDA VUELTA-SEIS CLUBES PARTICIPANTES: MIRANDILLA-JEREZ-RECREATIVO GRANADA-MALACITANO-SEVILLA-BETIS BALOMPI\u00c9. 1935-OCTUBRE 6-DOMINGO-BARRIO EL PORVENIR-CAMPO MUNICIPAL DEPORTES \u00abPATRONATO OBRERO\u00bbSEXTA JORNADA. El Colegio Sur ha designado para actuar hoy en \u00abEl Porvenir\u00bb, al se\u00f1or Guti\u00e9rrez, \u00abcon pocos aciertos su arbitraje\u00bb. ALINEACIONES: Desde el martes 13 de Agosto de 1935, XXVI presidente Real Betis Balompi\u00e9-Temporada 1935-1936, doctor don Francisco&#8230;<\/p>\n","protected":false},"author":48,"featured_media":53017,"comment_status":"open","ping_status":"open","sticky":false,"template":"","format":"standard","meta":{"_kad_post_transparent":"","_kad_post_title":"","_kad_post_layout":"","_kad_post_sidebar_id":"","_kad_post_content_style":"","_kad_post_vertical_padding":"","_kad_post_feature":"","_kad_post_feature_position":"","_kad_post_header":false,"_kad_post_footer":false,"_kad_post_classname":"","_jetpack_memberships_contains_paid_content":false,"footnotes":"","jetpack_publicize_message":"","jetpack_publicize_feature_enabled":true,"jetpack_social_post_already_shared":true,"jetpack_social_options":{"image_generator_settings":{"template":"highway","default_image_id":0,"font":"","enabled":false},"version":2}},"categories":[899,1],"tags":[45,3710,18012,859],"class_list":["post-53010","post","type-post","status-publish","format-standard","has-post-thumbnail","hentry","category-1930-1939","category-portada","tag-45","tag-1935-36","tag-campeonato-de-andalucia-1935-36","tag-xerez-fc"],"jetpack_publicize_connections":[],"jetpack_featured_media_url":"https:\/\/i0.wp.com\/www.manquepierda.com\/historiarealbetis\/files\/2016\/10\/19351006FERN%C3%81NDEZ.jpg?fit=1698%2C1044&ssl=1","jetpack_sharing_enabled":true,"jetpack_shortlink":"https:\/\/wp.me\/p1ij08-dN0","jetpack-related-posts":[],"_links":{"self":[{"href":"https:\/\/www.manquepierda.com\/historiarealbetis\/wp-json\/wp\/v2\/posts\/53010","targetHints":{"allow":["GET"]}}],"collection":[{"href":"https:\/\/www.manquepierda.com\/historiarealbetis\/wp-json\/wp\/v2\/posts"}],"about":[{"href":"https:\/\/www.manquepierda.com\/historiarealbetis\/wp-json\/wp\/v2\/types\/post"}],"author":[{"embeddable":true,"href":"https:\/\/www.manquepierda.com\/historiarealbetis\/wp-json\/wp\/v2\/users\/48"}],"replies":[{"embeddable":true,"href":"https:\/\/www.manquepierda.com\/historiarealbetis\/wp-json\/wp\/v2\/comments?post=53010"}],"version-history":[{"count":1,"href":"https:\/\/www.manquepierda.com\/historiarealbetis\/wp-json\/wp\/v2\/posts\/53010\/revisions"}],"predecessor-version":[{"id":90125,"href":"https:\/\/www.manquepierda.com\/historiarealbetis\/wp-json\/wp\/v2\/posts\/53010\/revisions\/90125"}],"wp:featuredmedia":[{"embeddable":true,"href":"https:\/\/www.manquepierda.com\/historiarealbetis\/wp-json\/wp\/v2\/media\/53017"}],"wp:attachment":[{"href":"https:\/\/www.manquepierda.com\/historiarealbetis\/wp-json\/wp\/v2\/media?parent=53010"}],"wp:term":[{"taxonomy":"category","embeddable":true,"href":"https:\/\/www.manquepierda.com\/historiarealbetis\/wp-json\/wp\/v2\/categories?post=53010"},{"taxonomy":"post_tag","embeddable":true,"href":"https:\/\/www.manquepierda.com\/historiarealbetis\/wp-json\/wp\/v2\/tags?post=53010"}],"curies":[{"name":"wp","href":"https:\/\/api.w.org\/{rel}","templated":true}]}}