{"id":53120,"date":"2016-10-14T07:33:29","date_gmt":"2016-10-14T05:33:29","guid":{"rendered":"http:\/\/www.manquepierda.com\/historiarealbetis\/?p=53120"},"modified":"2024-08-09T11:20:32","modified_gmt":"2024-08-09T09:20:32","slug":"alineacion-betis-real-madrid-liga-1958","status":"publish","type":"post","link":"https:\/\/www.manquepierda.com\/historiarealbetis\/alineacion-betis-real-madrid-liga-1958\/","title":{"rendered":"Alineaci\u00f3n Betis Real Madrid Liga 1958"},"content":{"rendered":"<p><a href=\"https:\/\/i0.wp.com\/www.manquepierda.com\/historiarealbetis\/files\/2016\/10\/Alineaci%C3%B3n-Betis-Real-Madrid-Liga-1958.jpg?ssl=1\"><img data-recalc-dims=\"1\" loading=\"lazy\" decoding=\"async\" class=\"aligncenter size-medium wp-image-53121\" src=\"https:\/\/i0.wp.com\/www.manquepierda.com\/historiarealbetis\/files\/2016\/10\/Alineaci%C3%B3n-Betis-Real-Madrid-Liga-1958.jpg?resize=680%2C468&#038;ssl=1\" alt=\"alineacion-betis-real-madrid-liga-1958\" width=\"680\" height=\"468\" srcset=\"https:\/\/i0.wp.com\/www.manquepierda.com\/historiarealbetis\/files\/2016\/10\/Alineaci%C3%B3n-Betis-Real-Madrid-Liga-1958.jpg?resize=680%2C468&amp;ssl=1 680w, https:\/\/i0.wp.com\/www.manquepierda.com\/historiarealbetis\/files\/2016\/10\/Alineaci%C3%B3n-Betis-Real-Madrid-Liga-1958.jpg?resize=220%2C151&amp;ssl=1 220w, https:\/\/i0.wp.com\/www.manquepierda.com\/historiarealbetis\/files\/2016\/10\/Alineaci%C3%B3n-Betis-Real-Madrid-Liga-1958.jpg?resize=768%2C528&amp;ssl=1 768w, https:\/\/i0.wp.com\/www.manquepierda.com\/historiarealbetis\/files\/2016\/10\/Alineaci%C3%B3n-Betis-Real-Madrid-Liga-1958.jpg?resize=75%2C52&amp;ssl=1 75w, https:\/\/i0.wp.com\/www.manquepierda.com\/historiarealbetis\/files\/2016\/10\/Alineaci%C3%B3n-Betis-Real-Madrid-Liga-1958.jpg?w=906&amp;ssl=1 906w\" sizes=\"auto, (max-width: 680px) 100vw, 680px\" \/><\/a><\/p>\n<p>12 de octubre de 1958 en Heli\u00f3polis \u00a0 Betis 2 \u00a0Real Madrid 3; jornada 5 del Campeonato de Liga de Primera Divisi\u00f3n.<\/p>\n<p>En la imagen arriba Otero, R\u00edos, Valderas, Areta, Isidro y Portu; abajo Casta\u00f1o, Kuszman, Vila, Moreira y Del Sol.<\/p>\n<p>Los jugadores portan brazaletes negros por la muerte del Papa P\u00edo XII, acaecida el 9 de octubre, tal y como orden\u00f3 la Delegaci\u00f3n Nacional de Deportes para todos los actos deportivos de ese fin de semana.<\/p>\n<p>Antonio Barrios entrenaba al Betis y Luis Carniglia al Real Madrid.<\/p>\n","protected":false},"excerpt":{"rendered":"<p>12 de octubre de 1958 en Heli\u00f3polis \u00a0 Betis 2 \u00a0Real Madrid 3; jornada 5 del Campeonato de Liga de Primera Divisi\u00f3n. En la imagen arriba Otero, R\u00edos, Valderas, Areta, Isidro y Portu; abajo Casta\u00f1o, Kuszman, Vila, Moreira y Del Sol. Los jugadores portan brazaletes negros por la muerte del Papa P\u00edo XII, acaecida el&#8230;<\/p>\n","protected":false},"author":5,"featured_media":53121,"comment_status":"open","ping_status":"open","sticky":false,"template":"","format":"standard","meta":{"_kad_post_transparent":"","_kad_post_title":"","_kad_post_layout":"","_kad_post_sidebar_id":"","_kad_post_content_style":"","_kad_post_vertical_padding":"","_kad_post_feature":"","_kad_post_feature_position":"","_kad_post_header":false,"_kad_post_footer":false,"_kad_post_classname":"","_jetpack_memberships_contains_paid_content":false,"footnotes":"","jetpack_publicize_message":"","jetpack_publicize_feature_enabled":true,"jetpack_social_post_already_shared":true,"jetpack_social_options":{"image_generator_settings":{"template":"highway","default_image_id":0,"font":"","enabled":false},"version":2}},"categories":[901,1],"tags":[1237,2248,1317,1212,1342,1599,3508,1318,2579,1388,1468,17789,541,1600],"class_list":["post-53120","post","type-post","status-publish","format-standard","has-post-thumbnail","hentry","category-1950-1959","category-portada","tag-1237","tag-1958-59","tag-esteban-areta","tag-eusebio-rios","tag-heliodoro-castano","tag-isidro-sanchez","tag-janos-kuszmann","tag-jorge-vila","tag-jose-besteiro-portu","tag-jose-valderas","tag-juan-ignacio-otero","tag-liga-primera-1958-59","tag-luis-del-sol","tag-wilson-moreira"],"jetpack_publicize_connections":[],"jetpack_featured_media_url":"https:\/\/i0.wp.com\/www.manquepierda.com\/historiarealbetis\/files\/2016\/10\/Alineaci%C3%B3n-Betis-Real-Madrid-Liga-1958.jpg?fit=906%2C623&ssl=1","jetpack_sharing_enabled":true,"jetpack_shortlink":"https:\/\/wp.me\/p1ij08-dOM","jetpack-related-posts":[],"_links":{"self":[{"href":"https:\/\/www.manquepierda.com\/historiarealbetis\/wp-json\/wp\/v2\/posts\/53120","targetHints":{"allow":["GET"]}}],"collection":[{"href":"https:\/\/www.manquepierda.com\/historiarealbetis\/wp-json\/wp\/v2\/posts"}],"about":[{"href":"https:\/\/www.manquepierda.com\/historiarealbetis\/wp-json\/wp\/v2\/types\/post"}],"author":[{"embeddable":true,"href":"https:\/\/www.manquepierda.com\/historiarealbetis\/wp-json\/wp\/v2\/users\/5"}],"replies":[{"embeddable":true,"href":"https:\/\/www.manquepierda.com\/historiarealbetis\/wp-json\/wp\/v2\/comments?post=53120"}],"version-history":[{"count":1,"href":"https:\/\/www.manquepierda.com\/historiarealbetis\/wp-json\/wp\/v2\/posts\/53120\/revisions"}],"predecessor-version":[{"id":95659,"href":"https:\/\/www.manquepierda.com\/historiarealbetis\/wp-json\/wp\/v2\/posts\/53120\/revisions\/95659"}],"wp:featuredmedia":[{"embeddable":true,"href":"https:\/\/www.manquepierda.com\/historiarealbetis\/wp-json\/wp\/v2\/media\/53121"}],"wp:attachment":[{"href":"https:\/\/www.manquepierda.com\/historiarealbetis\/wp-json\/wp\/v2\/media?parent=53120"}],"wp:term":[{"taxonomy":"category","embeddable":true,"href":"https:\/\/www.manquepierda.com\/historiarealbetis\/wp-json\/wp\/v2\/categories?post=53120"},{"taxonomy":"post_tag","embeddable":true,"href":"https:\/\/www.manquepierda.com\/historiarealbetis\/wp-json\/wp\/v2\/tags?post=53120"}],"curies":[{"name":"wp","href":"https:\/\/api.w.org\/{rel}","templated":true}]}}