{"id":53282,"date":"2016-10-18T07:26:43","date_gmt":"2016-10-18T05:26:43","guid":{"rendered":"http:\/\/www.manquepierda.com\/historiarealbetis\/?p=53282"},"modified":"2024-09-07T16:59:12","modified_gmt":"2024-09-07T14:59:12","slug":"banquillo-del-betis-santa-isabel-1991","status":"publish","type":"post","link":"https:\/\/www.manquepierda.com\/historiarealbetis\/banquillo-del-betis-santa-isabel-1991\/","title":{"rendered":"Banquillo del Betis en Santa Isabel 1991"},"content":{"rendered":"<p><a href=\"https:\/\/i0.wp.com\/www.manquepierda.com\/historiarealbetis\/files\/2016\/10\/Banquillo-del-Betis-en-Santa-Isabel-1991.jpg?ssl=1\"><img data-recalc-dims=\"1\" loading=\"lazy\" decoding=\"async\" class=\"aligncenter size-medium wp-image-53283\" src=\"https:\/\/i0.wp.com\/www.manquepierda.com\/historiarealbetis\/files\/2016\/10\/Banquillo-del-Betis-en-Santa-Isabel-1991.jpg?resize=680%2C497&#038;ssl=1\" alt=\"banquillo-del-betis-en-santa-isabel-1991\" width=\"680\" height=\"497\" srcset=\"https:\/\/i0.wp.com\/www.manquepierda.com\/historiarealbetis\/files\/2016\/10\/Banquillo-del-Betis-en-Santa-Isabel-1991.jpg?resize=680%2C497&amp;ssl=1 680w, https:\/\/i0.wp.com\/www.manquepierda.com\/historiarealbetis\/files\/2016\/10\/Banquillo-del-Betis-en-Santa-Isabel-1991.jpg?resize=220%2C161&amp;ssl=1 220w, https:\/\/i0.wp.com\/www.manquepierda.com\/historiarealbetis\/files\/2016\/10\/Banquillo-del-Betis-en-Santa-Isabel-1991.jpg?resize=768%2C562&amp;ssl=1 768w, https:\/\/i0.wp.com\/www.manquepierda.com\/historiarealbetis\/files\/2016\/10\/Banquillo-del-Betis-en-Santa-Isabel-1991.jpg?w=800&amp;ssl=1 800w\" sizes=\"auto, (max-width: 680px) 100vw, 680px\" \/><\/a><\/p>\n<p>Imagen del banquillo b\u00e9tico en el estadio de Santa Isabel del 12 de octubre de 1991: \u00a0Mel, Trujillo, Antonio Fernando, Zafra, el directivo Francisco Lucena y el entrenador Josef Jarabinsky.<\/p>\n<p>Ese d\u00eda Compostela y Betis empataron a 0 en partido de la s\u00e9ptima jornada de Liga del campeonato de Segunda Divisi\u00f3n. De los integrantes del banquillo particip\u00f3 s\u00f3lo Francisco Javier Zafra que en el minuto 85 supli\u00f3 a Monsalvete.<\/p>\n","protected":false},"excerpt":{"rendered":"<p>Imagen del banquillo b\u00e9tico en el estadio de Santa Isabel del 12 de octubre de 1991: \u00a0Mel, Trujillo, Antonio Fernando, Zafra, el directivo Francisco Lucena y el entrenador Josef Jarabinsky. Ese d\u00eda Compostela y Betis empataron a 0 en partido de la s\u00e9ptima jornada de Liga del campeonato de Segunda Divisi\u00f3n. De los integrantes del&#8230;<\/p>\n","protected":false},"author":5,"featured_media":53283,"comment_status":"open","ping_status":"open","sticky":false,"template":"","format":"standard","meta":{"_kad_post_transparent":"","_kad_post_title":"","_kad_post_layout":"","_kad_post_sidebar_id":"","_kad_post_content_style":"","_kad_post_vertical_padding":"","_kad_post_feature":"","_kad_post_feature_position":"","_kad_post_header":false,"_kad_post_footer":false,"_kad_post_classname":"","_jetpack_memberships_contains_paid_content":false,"footnotes":"","jetpack_publicize_message":"","jetpack_publicize_feature_enabled":true,"jetpack_social_post_already_shared":true,"jetpack_social_options":{"image_generator_settings":{"template":"highway","default_image_id":0,"font":"","enabled":false},"version":2}},"categories":[905,1],"tags":[4649,4650,9803,1438,3656,14330,17901,655,15040,9316],"class_list":["post-53282","post","type-post","status-publish","format-standard","has-post-thumbnail","hentry","category-1990-1999","category-portada","tag-4649","tag-1991-92","tag-antonio-fernando-diaz","tag-carmelo-trujillo","tag-francisco-lucena-crespo","tag-josef-jarabinsky","tag-liga-segunda-1991-92","tag-pepe-mel","tag-santa-isabel","tag-sd-compostela"],"jetpack_publicize_connections":[],"jetpack_featured_media_url":"https:\/\/i0.wp.com\/www.manquepierda.com\/historiarealbetis\/files\/2016\/10\/Banquillo-del-Betis-en-Santa-Isabel-1991.jpg?fit=800%2C585&ssl=1","jetpack_sharing_enabled":true,"jetpack_shortlink":"https:\/\/wp.me\/p1ij08-dRo","jetpack-related-posts":[],"_links":{"self":[{"href":"https:\/\/www.manquepierda.com\/historiarealbetis\/wp-json\/wp\/v2\/posts\/53282","targetHints":{"allow":["GET"]}}],"collection":[{"href":"https:\/\/www.manquepierda.com\/historiarealbetis\/wp-json\/wp\/v2\/posts"}],"about":[{"href":"https:\/\/www.manquepierda.com\/historiarealbetis\/wp-json\/wp\/v2\/types\/post"}],"author":[{"embeddable":true,"href":"https:\/\/www.manquepierda.com\/historiarealbetis\/wp-json\/wp\/v2\/users\/5"}],"replies":[{"embeddable":true,"href":"https:\/\/www.manquepierda.com\/historiarealbetis\/wp-json\/wp\/v2\/comments?post=53282"}],"version-history":[{"count":1,"href":"https:\/\/www.manquepierda.com\/historiarealbetis\/wp-json\/wp\/v2\/posts\/53282\/revisions"}],"predecessor-version":[{"id":98830,"href":"https:\/\/www.manquepierda.com\/historiarealbetis\/wp-json\/wp\/v2\/posts\/53282\/revisions\/98830"}],"wp:featuredmedia":[{"embeddable":true,"href":"https:\/\/www.manquepierda.com\/historiarealbetis\/wp-json\/wp\/v2\/media\/53283"}],"wp:attachment":[{"href":"https:\/\/www.manquepierda.com\/historiarealbetis\/wp-json\/wp\/v2\/media?parent=53282"}],"wp:term":[{"taxonomy":"category","embeddable":true,"href":"https:\/\/www.manquepierda.com\/historiarealbetis\/wp-json\/wp\/v2\/categories?post=53282"},{"taxonomy":"post_tag","embeddable":true,"href":"https:\/\/www.manquepierda.com\/historiarealbetis\/wp-json\/wp\/v2\/tags?post=53282"}],"curies":[{"name":"wp","href":"https:\/\/api.w.org\/{rel}","templated":true}]}}