{"id":53359,"date":"2016-10-20T07:24:49","date_gmt":"2016-10-20T05:24:49","guid":{"rendered":"http:\/\/www.manquepierda.com\/historiarealbetis\/?p=53359"},"modified":"2024-08-21T18:07:28","modified_gmt":"2024-08-21T16:07:28","slug":"osasuna-betis-liga-2004","status":"publish","type":"post","link":"https:\/\/www.manquepierda.com\/historiarealbetis\/osasuna-betis-liga-2004\/","title":{"rendered":"Osasuna-Betis Liga 2004"},"content":{"rendered":"<p><a href=\"https:\/\/i0.wp.com\/www.manquepierda.com\/historiarealbetis\/files\/2016\/10\/Osasuna-Betis-Liga-2004-Cu%C3%A9llar-y-Oliveira-EMD-19-09-2004.jpg?ssl=1\"><img data-recalc-dims=\"1\" loading=\"lazy\" decoding=\"async\" class=\"aligncenter size-medium wp-image-53360\" src=\"https:\/\/i0.wp.com\/www.manquepierda.com\/historiarealbetis\/files\/2016\/10\/Osasuna-Betis-Liga-2004-Cu%C3%A9llar-y-Oliveira-EMD-19-09-2004.jpg?resize=370%2C600&#038;ssl=1\" alt=\"osasuna-betis-liga-2004-cuellar-y-oliveira-emd-19-09-2004\" width=\"370\" height=\"600\" srcset=\"https:\/\/i0.wp.com\/www.manquepierda.com\/historiarealbetis\/files\/2016\/10\/Osasuna-Betis-Liga-2004-Cu%C3%A9llar-y-Oliveira-EMD-19-09-2004.jpg?resize=370%2C600&amp;ssl=1 370w, https:\/\/i0.wp.com\/www.manquepierda.com\/historiarealbetis\/files\/2016\/10\/Osasuna-Betis-Liga-2004-Cu%C3%A9llar-y-Oliveira-EMD-19-09-2004.jpg?resize=136%2C220&amp;ssl=1 136w, https:\/\/i0.wp.com\/www.manquepierda.com\/historiarealbetis\/files\/2016\/10\/Osasuna-Betis-Liga-2004-Cu%C3%A9llar-y-Oliveira-EMD-19-09-2004.jpg?w=385&amp;ssl=1 385w\" sizes=\"auto, (max-width: 370px) 100vw, 370px\" \/><\/a><\/p>\n<p>18 de septiembre de 2004 en El Sadar Osasuna 3 Betis 2; jornada 3 del Campeonato de Liga de Primera Divisi\u00f3n.<\/p>\n<p>En la imagen el defensa osasunista Carlos Cu\u00e9llar disputa un bal\u00f3n con el delantero b\u00e9tico Ricardo Oliveira.<\/p>\n<p>En un intenso y disputado partido el conjunto rojillo se impuso al Betis. Milosevic y Aloisi y Melli en propia puerta marcaron para el Osasuna, mientras que Ed\u00fa y Melli lo hicieron para el Betis.<\/p>\n<p>Javier Aguirre entrenaba al Osasuna y Lorenzo Serra al Betis.<\/p>\n","protected":false},"excerpt":{"rendered":"<p>18 de septiembre de 2004 en El Sadar Osasuna 3 Betis 2; jornada 3 del Campeonato de Liga de Primera Divisi\u00f3n. En la imagen el defensa osasunista Carlos Cu\u00e9llar disputa un bal\u00f3n con el delantero b\u00e9tico Ricardo Oliveira. En un intenso y disputado partido el conjunto rojillo se impuso al Betis. Milosevic y Aloisi y&#8230;<\/p>\n","protected":false},"author":5,"featured_media":53360,"comment_status":"open","ping_status":"open","sticky":false,"template":"","format":"standard","meta":{"_kad_post_transparent":"","_kad_post_title":"","_kad_post_layout":"","_kad_post_sidebar_id":"","_kad_post_content_style":"","_kad_post_vertical_padding":"","_kad_post_feature":"","_kad_post_feature_position":"","_kad_post_header":false,"_kad_post_footer":false,"_kad_post_classname":"","_jetpack_memberships_contains_paid_content":false,"footnotes":"","jetpack_publicize_message":"","jetpack_publicize_feature_enabled":true,"jetpack_social_post_already_shared":true,"jetpack_social_options":{"image_generator_settings":{"template":"highway","default_image_id":0,"font":"","enabled":false},"version":2}},"categories":[4823,1],"tags":[6013,5910,9867,17906,1046],"class_list":["post-53359","post","type-post","status-publish","format-standard","has-post-thumbnail","hentry","category-2000-2009","category-portada","tag-6013","tag-2004-05","tag-club-atletico-osasuna","tag-liga-primera-2004-05","tag-ricardo-oliveira"],"jetpack_publicize_connections":[],"jetpack_featured_media_url":"https:\/\/i0.wp.com\/www.manquepierda.com\/historiarealbetis\/files\/2016\/10\/Osasuna-Betis-Liga-2004-Cu%C3%A9llar-y-Oliveira-EMD-19-09-2004.jpg?fit=385%2C625&ssl=1","jetpack_sharing_enabled":true,"jetpack_shortlink":"https:\/\/wp.me\/p1ij08-dSD","jetpack-related-posts":[],"_links":{"self":[{"href":"https:\/\/www.manquepierda.com\/historiarealbetis\/wp-json\/wp\/v2\/posts\/53359","targetHints":{"allow":["GET"]}}],"collection":[{"href":"https:\/\/www.manquepierda.com\/historiarealbetis\/wp-json\/wp\/v2\/posts"}],"about":[{"href":"https:\/\/www.manquepierda.com\/historiarealbetis\/wp-json\/wp\/v2\/types\/post"}],"author":[{"embeddable":true,"href":"https:\/\/www.manquepierda.com\/historiarealbetis\/wp-json\/wp\/v2\/users\/5"}],"replies":[{"embeddable":true,"href":"https:\/\/www.manquepierda.com\/historiarealbetis\/wp-json\/wp\/v2\/comments?post=53359"}],"version-history":[{"count":1,"href":"https:\/\/www.manquepierda.com\/historiarealbetis\/wp-json\/wp\/v2\/posts\/53359\/revisions"}],"predecessor-version":[{"id":97475,"href":"https:\/\/www.manquepierda.com\/historiarealbetis\/wp-json\/wp\/v2\/posts\/53359\/revisions\/97475"}],"wp:featuredmedia":[{"embeddable":true,"href":"https:\/\/www.manquepierda.com\/historiarealbetis\/wp-json\/wp\/v2\/media\/53360"}],"wp:attachment":[{"href":"https:\/\/www.manquepierda.com\/historiarealbetis\/wp-json\/wp\/v2\/media?parent=53359"}],"wp:term":[{"taxonomy":"category","embeddable":true,"href":"https:\/\/www.manquepierda.com\/historiarealbetis\/wp-json\/wp\/v2\/categories?post=53359"},{"taxonomy":"post_tag","embeddable":true,"href":"https:\/\/www.manquepierda.com\/historiarealbetis\/wp-json\/wp\/v2\/tags?post=53359"}],"curies":[{"name":"wp","href":"https:\/\/api.w.org\/{rel}","templated":true}]}}