{"id":53368,"date":"2016-10-14T17:34:43","date_gmt":"2016-10-14T15:34:43","guid":{"rendered":"http:\/\/www.manquepierda.com\/historiarealbetis\/?p=53368"},"modified":"2024-08-10T20:13:19","modified_gmt":"2024-08-10T18:13:19","slug":"1962-octubre-14-1division-real-betis-balompie-2-real-valladolid-deportivo-2-54aniversario","status":"publish","type":"post","link":"https:\/\/www.manquepierda.com\/historiarealbetis\/1962-octubre-14-1division-real-betis-balompie-2-real-valladolid-deportivo-2-54aniversario\/","title":{"rendered":"1962-Octubre 14.-1Divisi\u00f3n.-Real Betis Balompi\u00e9-2 Real Valladolid Deportivo-2.-54Aniversario."},"content":{"rendered":"<p style=\"text-align: justify\">XXXII EDICI\u00d3N-CAMPEONATO NACIONAL LIGA PRIMERA DIVISI\u00d3N-TEMPORADA 1962-1963 DESDE DOMINGO 16 SEPTIEMBRE 1962 HASTA DOMINGO 21 ABRIL 1963-AMBAS FECHAS INCLUSIVE.<\/p>\n<figure id=\"attachment_53369\" aria-describedby=\"caption-attachment-53369\" style=\"width: 2188px\" class=\"wp-caption aligncenter\"><img data-recalc-dims=\"1\" loading=\"lazy\" decoding=\"async\" class=\"size-full wp-image-53369\" src=\"https:\/\/i0.wp.com\/www.manquepierda.com\/historiarealbetis\/files\/2016\/10\/19621014Jda05-RBB2VALL2-VYB1962N%C2%BA24.1.jpg?resize=1290%2C1671&#038;ssl=1\" alt=\"Revista Afici\u00f3n B\u00e9tica VERDE Y BLANCO.\" width=\"1290\" height=\"1671\" srcset=\"https:\/\/i0.wp.com\/www.manquepierda.com\/historiarealbetis\/files\/2016\/10\/19621014Jda05-RBB2VALL2-VYB1962N%C2%BA24.1.jpg?w=2188&amp;ssl=1 2188w, https:\/\/i0.wp.com\/www.manquepierda.com\/historiarealbetis\/files\/2016\/10\/19621014Jda05-RBB2VALL2-VYB1962N%C2%BA24.1.jpg?resize=170%2C220&amp;ssl=1 170w, https:\/\/i0.wp.com\/www.manquepierda.com\/historiarealbetis\/files\/2016\/10\/19621014Jda05-RBB2VALL2-VYB1962N%C2%BA24.1.jpg?resize=463%2C600&amp;ssl=1 463w, https:\/\/i0.wp.com\/www.manquepierda.com\/historiarealbetis\/files\/2016\/10\/19621014Jda05-RBB2VALL2-VYB1962N%C2%BA24.1.jpg?resize=768%2C995&amp;ssl=1 768w, https:\/\/i0.wp.com\/www.manquepierda.com\/historiarealbetis\/files\/2016\/10\/19621014Jda05-RBB2VALL2-VYB1962N%C2%BA24.1.jpg?resize=540%2C700&amp;ssl=1 540w\" sizes=\"auto, (max-width: 1290px) 100vw, 1290px\" \/><figcaption id=\"caption-attachment-53369\" class=\"wp-caption-text\">Revista Afici\u00f3n B\u00e9tica VERDE Y BLANCO.<\/figcaption><\/figure>\n<p style=\"text-align: justify\"><strong>1962-OCTUBRE 14-DOMINGO-TERCER PARTIDO DE ABONO-17&#8217;00 HORAS \u00abESTADIO BENITO VILLAMAR\u00cdN\u00bb-QUINTA JORNADA.-CLAVE MARCADOR SIMULT\u00c1NEO \u00abDARDO\u00bb: <em>\u00abreloj RADIANT\u00bb.<\/em><\/strong><\/p>\n<p style=\"text-align: center\"><em><img data-recalc-dims=\"1\" loading=\"lazy\" decoding=\"async\" class=\"alignleft size-thumbnail wp-image-53370\" src=\"https:\/\/i0.wp.com\/www.manquepierda.com\/historiarealbetis\/files\/2016\/10\/LSO.jpg?resize=136%2C220&#038;ssl=1\" alt=\"lso\" width=\"136\" height=\"220\" srcset=\"https:\/\/i0.wp.com\/www.manquepierda.com\/historiarealbetis\/files\/2016\/10\/LSO.jpg?resize=136%2C220&amp;ssl=1 136w, https:\/\/i0.wp.com\/www.manquepierda.com\/historiarealbetis\/files\/2016\/10\/LSO.jpg?w=157&amp;ssl=1 157w\" sizes=\"auto, (max-width: 136px) 100vw, 136px\" \/><\/em>Arbitr\u00f3 el colegiado Lucas SAZ Olmedo (46 a\u00f1os)-Natural de Barcelona-1916.<\/p>\n<p style=\"text-align: justify\"><em>\u00abNo convenci\u00f3 a nadie. Fue muy casero, pero con un error que pudo costarle caro al Real Betis: se\u00f1alar penalti contra Real Valladolid cuando ya el bal\u00f3n hab\u00eda llegado a las mallas, rematado por el extremo Portilla. Tambi\u00e9n hubo errores en sus compa\u00f1ero de l\u00ednea. Un mal arbitraje, que los visitantes protestaron ostensiblemente y con motivos\u00bb.<\/em><\/p>\n<p style=\"text-align: center\"><span style=\"color: #333333\"><strong><em>\u00abHubo aplausos a los dos conjuntos y al gesto de Ramallets de ir a saludar a Daucik\u00bb<\/em><\/strong><\/span><\/p>\n<p style=\"text-align: center\">AMBAS ESCUADRAS SE CONFORMARON DE LA MANERA SIGUIENTE:<\/p>\n<p style=\"text-align: justify\"><strong><span style=\"color: #008000\"><em><img data-recalc-dims=\"1\" loading=\"lazy\" decoding=\"async\" class=\"alignleft size-thumbnail wp-image-53372\" src=\"https:\/\/i0.wp.com\/www.manquepierda.com\/historiarealbetis\/files\/2016\/10\/Benito-VILLAMAR%C3%8DN-PRIETO-Oiga1958.jpg?resize=220%2C165&#038;ssl=1\" alt=\"benito-villamarin-prieto-oiga1958\" width=\"220\" height=\"165\" srcset=\"https:\/\/i0.wp.com\/www.manquepierda.com\/historiarealbetis\/files\/2016\/10\/Benito-VILLAMAR%C3%8DN-PRIETO-Oiga1958.jpg?resize=220%2C165&amp;ssl=1 220w, https:\/\/i0.wp.com\/www.manquepierda.com\/historiarealbetis\/files\/2016\/10\/Benito-VILLAMAR%C3%8DN-PRIETO-Oiga1958.jpg?w=300&amp;ssl=1 300w\" sizes=\"auto, (max-width: 220px) 100vw, 220px\" \/>Desde el s\u00e1bado 21 de Mayo de 1955 hasta el martes 7 de Diciembre de 1965 (escrito emocionant\u00edsimo de dimisi\u00f3n contra su voluntad ya que padec\u00eda grav\u00edsima enfermedad de c\u00e1ncer de pulm\u00f3n) Presidente Real Betis Balompi\u00e9, industrial, don Benito VILLAMAR\u00cdN PRIETO (46 a\u00f1os+2 meses menos 7 d\u00edas)-Natural de Puga-To\u00e9n (Ourense), lunes 21 de Agosto de 1916.<\/em><\/span><\/strong><\/p>\n<p style=\"text-align: center\"><strong><span style=\"color: #008000\"><em> [Centenario pr\u00f3ximo pasado domingo 21 Agosto].<\/em><\/span><\/strong><\/p>\n<p style=\"text-align: center\"><img data-recalc-dims=\"1\" loading=\"lazy\" decoding=\"async\" class=\"aligncenter size-thumbnail wp-image-53371\" src=\"https:\/\/i0.wp.com\/www.manquepierda.com\/historiarealbetis\/files\/2016\/10\/Benito-VILLAMAR%C3%8DN-PRIETO-04.jpg?resize=139%2C220&#038;ssl=1\" alt=\"benito-villamarin-prieto-04\" width=\"139\" height=\"220\" srcset=\"https:\/\/i0.wp.com\/www.manquepierda.com\/historiarealbetis\/files\/2016\/10\/Benito-VILLAMAR%C3%8DN-PRIETO-04.jpg?resize=139%2C220&amp;ssl=1 139w, https:\/\/i0.wp.com\/www.manquepierda.com\/historiarealbetis\/files\/2016\/10\/Benito-VILLAMAR%C3%8DN-PRIETO-04.jpg?w=201&amp;ssl=1 201w\" sizes=\"auto, (max-width: 139px) 100vw, 139px\" \/><\/p>\n<p style=\"text-align: justify\"><span style=\"color: #008000\"><em><strong>Obituario en Sevilla, lunes 15 de Agosto de 1966 (50 A\u00f1os menos 6 d\u00edas) L ANIVERSARIO pr\u00f3ximo pasado lunes 15 de Agosto. <\/strong><\/em><\/span><\/p>\n<p style=\"text-align: center\"><span style=\"color: #008000\"><em><strong>1er. Presidente Perpetuo y \u00fanico elegido democr\u00e1ticamente por la fiel infanter\u00eda Verdiblanca.<\/strong><\/em><\/span><\/p>\n<p style=\"text-align: justify\"><span style=\"color: #008000\"><strong>1-2 Entrenador 1962-1963 (01-10 Jornadas).-Ferdinand DAUCIK Fonfer (52 a\u00f1os+5 meses menos 16 d\u00edas)-Natural de \u015cahy (Eslovaquia), lunes 30 de Mayo de 1910.-Obituario en Alcal\u00e1 de Henares (Madrid), viernes 14 de Noviembre de 1986 (76 A\u00f1os+6 meses menos 16 d\u00edas) D. E. P.<\/strong><\/span><\/p>\n<p style=\"text-align: center\"><span style=\"color: #333333\">\u00abOPINAN LOS ENTRENADORES\u00bb POR \u00abBORMUJO\u00bb-HOJA DEL LUNES-SEVILLA 15-10-1962: <\/span><\/p>\n<p style=\"text-align: center\"><span style=\"color: #333333\"><em><strong>\u00abHace falta introducir en el equipo hombres con m\u00e1s experiencia\u00bb:<\/strong><\/em><\/span><\/p>\n<p style=\"text-align: center\"><img data-recalc-dims=\"1\" loading=\"lazy\" decoding=\"async\" class=\"aligncenter size-large wp-image-53373\" src=\"https:\/\/i0.wp.com\/www.manquepierda.com\/historiarealbetis\/files\/2016\/10\/19621015BORMUJO-DAUCIK.jpg?resize=310%2C700&#038;ssl=1\" alt=\"19621015bormujo-daucik\" width=\"310\" height=\"700\" srcset=\"https:\/\/i0.wp.com\/www.manquepierda.com\/historiarealbetis\/files\/2016\/10\/19621015BORMUJO-DAUCIK.jpg?resize=310%2C700&amp;ssl=1 310w, https:\/\/i0.wp.com\/www.manquepierda.com\/historiarealbetis\/files\/2016\/10\/19621015BORMUJO-DAUCIK.jpg?resize=97%2C220&amp;ssl=1 97w, https:\/\/i0.wp.com\/www.manquepierda.com\/historiarealbetis\/files\/2016\/10\/19621015BORMUJO-DAUCIK.jpg?resize=266%2C600&amp;ssl=1 266w, https:\/\/i0.wp.com\/www.manquepierda.com\/historiarealbetis\/files\/2016\/10\/19621015BORMUJO-DAUCIK.jpg?resize=768%2C1735&amp;ssl=1 768w, https:\/\/i0.wp.com\/www.manquepierda.com\/historiarealbetis\/files\/2016\/10\/19621015BORMUJO-DAUCIK.jpg?w=769&amp;ssl=1 769w\" sizes=\"auto, (max-width: 310px) 100vw, 310px\" \/><\/p>\n<p style=\"text-align: justify\"><strong>13\u00ba CLASIFICADO CON 3 PUNTOS Y 3 NEGATIVOS (1-GANADO+1-EMPATADO+3-PERDIDOS) 7-GOLES A FAVOR Y 9-TANTOS EN CONTRA.<\/strong><\/p>\n<figure id=\"attachment_53374\" aria-describedby=\"caption-attachment-53374\" style=\"width: 220px\" class=\"wp-caption aligncenter\"><img data-recalc-dims=\"1\" loading=\"lazy\" decoding=\"async\" class=\"size-thumbnail wp-image-53374\" src=\"https:\/\/i0.wp.com\/www.manquepierda.com\/historiarealbetis\/files\/2016\/10\/ESCUDO-1958.gif?resize=220%2C189&#038;ssl=1\" alt=\"REAL BETIS BALOMPI\u00c9-2 GOLES.\" width=\"220\" height=\"189\" srcset=\"https:\/\/i0.wp.com\/www.manquepierda.com\/historiarealbetis\/files\/2016\/10\/ESCUDO-1958.gif?resize=220%2C189&amp;ssl=1 220w, https:\/\/i0.wp.com\/www.manquepierda.com\/historiarealbetis\/files\/2016\/10\/ESCUDO-1958.gif?resize=680%2C583&amp;ssl=1 680w\" sizes=\"auto, (max-width: 220px) 100vw, 220px\" \/><figcaption id=\"caption-attachment-53374\" class=\"wp-caption-text\">REAL BETIS BALOMPI\u00c9-2 GOLES.<\/figcaption><\/figure>\n<p style=\"text-align: center\"><em>\u00bfQUI\u00c9N ESTUVO C\u00d3MO NUNCA? AYER, EN EL ESTADIO BENITO VILLAMAR\u00cdN:<\/em><\/p>\n<p style=\"text-align: justify\"><em>\u00abLo mejor del Equipo Local\u00bb.-Su reacci\u00f3n del segundo tiempo, que le permiti\u00f3 acortar distancia primero, gracias al penalti, alcanzando la igualada que salvaba un punto.<\/em><\/p>\n<p style=\"text-align: justify\"><em><strong>\u00abLa mejor Jugada\u00bb.-La del minuto 9, de Lu\u00eds, pasando el bal\u00f3n ante Calvo sin que Rogelio llegara a tiempo al remate.<\/strong><\/em><\/p>\n<p style=\"text-align: center\">Guardameta:<\/p>\n<p style=\"text-align: center\"><img data-recalc-dims=\"1\" loading=\"lazy\" decoding=\"async\" class=\"aligncenter size-thumbnail wp-image-53387\" src=\"https:\/\/i0.wp.com\/www.manquepierda.com\/historiarealbetis\/files\/2016\/10\/Jos%C3%A9-Mar%C3%ADa-CORRAL-Cort%C3%A9s-VYB1961N%C2%BA15.1.jpg?resize=151%2C220&#038;ssl=1\" alt=\"jose-maria-corral-cortes-vyb1961no15-1\" width=\"151\" height=\"220\" srcset=\"https:\/\/i0.wp.com\/www.manquepierda.com\/historiarealbetis\/files\/2016\/10\/Jos%C3%A9-Mar%C3%ADa-CORRAL-Cort%C3%A9s-VYB1961N%C2%BA15.1.jpg?resize=151%2C220&amp;ssl=1 151w, https:\/\/i0.wp.com\/www.manquepierda.com\/historiarealbetis\/files\/2016\/10\/Jos%C3%A9-Mar%C3%ADa-CORRAL-Cort%C3%A9s-VYB1961N%C2%BA15.1.jpg?resize=411%2C600&amp;ssl=1 411w, https:\/\/i0.wp.com\/www.manquepierda.com\/historiarealbetis\/files\/2016\/10\/Jos%C3%A9-Mar%C3%ADa-CORRAL-Cort%C3%A9s-VYB1961N%C2%BA15.1.jpg?resize=480%2C700&amp;ssl=1 480w, https:\/\/i0.wp.com\/www.manquepierda.com\/historiarealbetis\/files\/2016\/10\/Jos%C3%A9-Mar%C3%ADa-CORRAL-Cort%C3%A9s-VYB1961N%C2%BA15.1.jpg?w=621&amp;ssl=1 621w\" sizes=\"auto, (max-width: 151px) 100vw, 151px\" \/><\/p>\n<p style=\"text-align: justify\"><strong>1-(2 tantos encajados).-Jos\u00e9 Mar\u00eda CORRAL Cort\u00e9s (23 a\u00f1os+5 meses+11 d\u00edas)-Natural de Segovia, mi\u00e9rcoles 3 de Mayo de 1939.-Obituario en Las Palmas de Gran Canaria, lunes 23 de Julio de 2013 (74 A\u00f1os+2 meses +20 d\u00edas) D. E. P.<br \/>\n<\/strong><\/p>\n<p style=\"text-align: center\">Zagueros:<\/p>\n<p style=\"text-align: justify\"><strong>2-Lateral Diestro.-Julio Santaella Ben\u00edtez (a) \u00abCOLO\u00bb (23 a\u00f1os+10 meses menos 8 d\u00edas)-Natural de Santa Cruz (Tenerife), jueves 22 de Diciembre de 1938.<br \/>\n<\/strong><\/p>\n<p style=\"text-align: center\"><img data-recalc-dims=\"1\" loading=\"lazy\" decoding=\"async\" class=\"aligncenter size-thumbnail wp-image-53375\" src=\"https:\/\/i0.wp.com\/www.manquepierda.com\/historiarealbetis\/files\/2016\/10\/COLO-Julio-Santaella-Ben%C3%ADtez-VYB1962N%C2%BA20.1.jpg?resize=173%2C220&#038;ssl=1\" alt=\"colo-julio-santaella-benitez-vyb1962no20-1\" width=\"173\" height=\"220\" srcset=\"https:\/\/i0.wp.com\/www.manquepierda.com\/historiarealbetis\/files\/2016\/10\/COLO-Julio-Santaella-Ben%C3%ADtez-VYB1962N%C2%BA20.1.jpg?resize=173%2C220&amp;ssl=1 173w, https:\/\/i0.wp.com\/www.manquepierda.com\/historiarealbetis\/files\/2016\/10\/COLO-Julio-Santaella-Ben%C3%ADtez-VYB1962N%C2%BA20.1.jpg?resize=471%2C600&amp;ssl=1 471w, https:\/\/i0.wp.com\/www.manquepierda.com\/historiarealbetis\/files\/2016\/10\/COLO-Julio-Santaella-Ben%C3%ADtez-VYB1962N%C2%BA20.1.jpg?resize=768%2C979&amp;ssl=1 768w, https:\/\/i0.wp.com\/www.manquepierda.com\/historiarealbetis\/files\/2016\/10\/COLO-Julio-Santaella-Ben%C3%ADtez-VYB1962N%C2%BA20.1.jpg?resize=549%2C700&amp;ssl=1 549w, https:\/\/i0.wp.com\/www.manquepierda.com\/historiarealbetis\/files\/2016\/10\/COLO-Julio-Santaella-Ben%C3%ADtez-VYB1962N%C2%BA20.1.jpg?w=1796&amp;ssl=1 1796w\" sizes=\"auto, (max-width: 173px) 100vw, 173px\" \/><\/p>\n<p style=\"text-align: justify\"><em><strong>\u00abEl zaguero lateral derecho estuvo toda la tarde \u00e1gil, r\u00e1pido en la disputa del bal\u00f3n y efectuando buenos avances. Hizo la competencia al co\u00f1ac Fundador, que est\u00e1 \u00a1\u00a1como nunca\u00a1\u00a1<\/strong><\/em><\/p>\n<p style=\"text-align: center\"><img data-recalc-dims=\"1\" loading=\"lazy\" decoding=\"async\" class=\"aligncenter size-thumbnail wp-image-53388\" src=\"https:\/\/i0.wp.com\/www.manquepierda.com\/historiarealbetis\/files\/2016\/10\/Eusebio-R%C3%8DOS-Fern%C3%A1ndez-VYB1962N%C2%BA23.jpg?resize=188%2C220&#038;ssl=1\" alt=\"eusebio-rios-fernandez-vyb1962no23\" width=\"188\" height=\"220\" srcset=\"https:\/\/i0.wp.com\/www.manquepierda.com\/historiarealbetis\/files\/2016\/10\/Eusebio-R%C3%8DOS-Fern%C3%A1ndez-VYB1962N%C2%BA23.jpg?resize=188%2C220&amp;ssl=1 188w, https:\/\/i0.wp.com\/www.manquepierda.com\/historiarealbetis\/files\/2016\/10\/Eusebio-R%C3%8DOS-Fern%C3%A1ndez-VYB1962N%C2%BA23.jpg?resize=512%2C600&amp;ssl=1 512w, https:\/\/i0.wp.com\/www.manquepierda.com\/historiarealbetis\/files\/2016\/10\/Eusebio-R%C3%8DOS-Fern%C3%A1ndez-VYB1962N%C2%BA23.jpg?resize=598%2C700&amp;ssl=1 598w, https:\/\/i0.wp.com\/www.manquepierda.com\/historiarealbetis\/files\/2016\/10\/Eusebio-R%C3%8DOS-Fern%C3%A1ndez-VYB1962N%C2%BA23.jpg?w=748&amp;ssl=1 748w\" sizes=\"auto, (max-width: 188px) 100vw, 188px\" \/><\/p>\n<p style=\"text-align: center\"><strong>5-Central.-Eusebio R\u00cdOS Fern\u00e1ndez.<\/strong><\/p>\n<p style=\"text-align: center\"><img data-recalc-dims=\"1\" loading=\"lazy\" decoding=\"async\" class=\"aligncenter size-thumbnail wp-image-53389\" src=\"https:\/\/i0.wp.com\/www.manquepierda.com\/historiarealbetis\/files\/2016\/10\/Le%C3%B3n-LASA-M%C3%BAjica-FS110.jpg?resize=140%2C220&#038;ssl=1\" alt=\"leon-lasa-mujica-fs110\" width=\"140\" height=\"220\" srcset=\"https:\/\/i0.wp.com\/www.manquepierda.com\/historiarealbetis\/files\/2016\/10\/Le%C3%B3n-LASA-M%C3%BAjica-FS110.jpg?resize=140%2C220&amp;ssl=1 140w, https:\/\/i0.wp.com\/www.manquepierda.com\/historiarealbetis\/files\/2016\/10\/Le%C3%B3n-LASA-M%C3%BAjica-FS110.jpg?resize=382%2C600&amp;ssl=1 382w, https:\/\/i0.wp.com\/www.manquepierda.com\/historiarealbetis\/files\/2016\/10\/Le%C3%B3n-LASA-M%C3%BAjica-FS110.jpg?resize=768%2C1208&amp;ssl=1 768w, https:\/\/i0.wp.com\/www.manquepierda.com\/historiarealbetis\/files\/2016\/10\/Le%C3%B3n-LASA-M%C3%BAjica-FS110.jpg?resize=445%2C700&amp;ssl=1 445w, https:\/\/i0.wp.com\/www.manquepierda.com\/historiarealbetis\/files\/2016\/10\/Le%C3%B3n-LASA-M%C3%BAjica-FS110.jpg?w=1020&amp;ssl=1 1020w\" sizes=\"auto, (max-width: 140px) 100vw, 140px\" \/><\/p>\n<p style=\"text-align: center\"><strong>3-Lateral Zurdo.-Le\u00f3n LASA M\u00fajica.<\/strong><\/p>\n<p style=\"text-align: center\">Medios:<\/p>\n<p style=\"text-align: center\"><img data-recalc-dims=\"1\" loading=\"lazy\" decoding=\"async\" class=\"aligncenter size-thumbnail wp-image-53390\" src=\"https:\/\/i0.wp.com\/www.manquepierda.com\/historiarealbetis\/files\/2016\/10\/Jos%C3%A9-Miguel-MART%C3%8DNEZ-Febrer-VYB1962N%C2%BA21.jpg?resize=167%2C220&#038;ssl=1\" alt=\"jose-miguel-martinez-febrer-vyb1962no21\" width=\"167\" height=\"220\" srcset=\"https:\/\/i0.wp.com\/www.manquepierda.com\/historiarealbetis\/files\/2016\/10\/Jos%C3%A9-Miguel-MART%C3%8DNEZ-Febrer-VYB1962N%C2%BA21.jpg?resize=167%2C220&amp;ssl=1 167w, https:\/\/i0.wp.com\/www.manquepierda.com\/historiarealbetis\/files\/2016\/10\/Jos%C3%A9-Miguel-MART%C3%8DNEZ-Febrer-VYB1962N%C2%BA21.jpg?resize=455%2C600&amp;ssl=1 455w, https:\/\/i0.wp.com\/www.manquepierda.com\/historiarealbetis\/files\/2016\/10\/Jos%C3%A9-Miguel-MART%C3%8DNEZ-Febrer-VYB1962N%C2%BA21.jpg?resize=530%2C700&amp;ssl=1 530w, https:\/\/i0.wp.com\/www.manquepierda.com\/historiarealbetis\/files\/2016\/10\/Jos%C3%A9-Miguel-MART%C3%8DNEZ-Febrer-VYB1962N%C2%BA21.jpg?w=603&amp;ssl=1 603w\" sizes=\"auto, (max-width: 167px) 100vw, 167px\" \/><\/p>\n<p style=\"text-align: center\"><strong>4-Diestro.-Jos\u00e9 Miguel MART\u00cdNEZ Febrer.<\/strong><\/p>\n<p style=\"text-align: center\"><img data-recalc-dims=\"1\" loading=\"lazy\" decoding=\"async\" class=\"aligncenter size-thumbnail wp-image-53391\" src=\"https:\/\/i0.wp.com\/www.manquepierda.com\/historiarealbetis\/files\/2016\/10\/Andr%C3%A9s-BOSCH-Pujol-FS094-1.jpg?resize=137%2C220&#038;ssl=1\" alt=\"andres-bosch-pujol-fs094\" width=\"137\" height=\"220\" srcset=\"https:\/\/i0.wp.com\/www.manquepierda.com\/historiarealbetis\/files\/2016\/10\/Andr%C3%A9s-BOSCH-Pujol-FS094-1.jpg?resize=137%2C220&amp;ssl=1 137w, https:\/\/i0.wp.com\/www.manquepierda.com\/historiarealbetis\/files\/2016\/10\/Andr%C3%A9s-BOSCH-Pujol-FS094-1.jpg?resize=373%2C600&amp;ssl=1 373w, https:\/\/i0.wp.com\/www.manquepierda.com\/historiarealbetis\/files\/2016\/10\/Andr%C3%A9s-BOSCH-Pujol-FS094-1.jpg?resize=768%2C1237&amp;ssl=1 768w, https:\/\/i0.wp.com\/www.manquepierda.com\/historiarealbetis\/files\/2016\/10\/Andr%C3%A9s-BOSCH-Pujol-FS094-1.jpg?resize=435%2C700&amp;ssl=1 435w, https:\/\/i0.wp.com\/www.manquepierda.com\/historiarealbetis\/files\/2016\/10\/Andr%C3%A9s-BOSCH-Pujol-FS094-1.jpg?w=996&amp;ssl=1 996w\" sizes=\"auto, (max-width: 137px) 100vw, 137px\" \/><\/p>\n<p style=\"text-align: center\"><strong>6-Zurdo.-Andr\u00e9s BOSCH Pujol.<\/strong><\/p>\n<p style=\"text-align: center\">Delanteros:<\/p>\n<p style=\"text-align: center\"><img data-recalc-dims=\"1\" loading=\"lazy\" decoding=\"async\" class=\"aligncenter size-thumbnail wp-image-53392\" src=\"https:\/\/i0.wp.com\/www.manquepierda.com\/historiarealbetis\/files\/2016\/10\/Juan-Cruz-PORTILLA-Sa%C3%B1udo.png?resize=188%2C220&#038;ssl=1\" alt=\"juan-cruz-portilla-sanudo\" width=\"188\" height=\"220\" srcset=\"https:\/\/i0.wp.com\/www.manquepierda.com\/historiarealbetis\/files\/2016\/10\/Juan-Cruz-PORTILLA-Sa%C3%B1udo.png?resize=188%2C220&amp;ssl=1 188w, https:\/\/i0.wp.com\/www.manquepierda.com\/historiarealbetis\/files\/2016\/10\/Juan-Cruz-PORTILLA-Sa%C3%B1udo.png?w=191&amp;ssl=1 191w\" sizes=\"auto, (max-width: 188px) 100vw, 188px\" \/><\/p>\n<p style=\"text-align: center\"><strong>7-Extremo Diestro.-Juan Cruz PORTILLA Sa\u00f1udo.<\/strong><\/p>\n<p style=\"text-align: center\"><img data-recalc-dims=\"1\" loading=\"lazy\" decoding=\"async\" class=\"aligncenter size-thumbnail wp-image-53393\" src=\"https:\/\/i0.wp.com\/www.manquepierda.com\/historiarealbetis\/files\/2016\/10\/Jos%C3%A9-LU%C3%8DS-Aragon%C3%A9s-Su%C3%A1rez-Mart%C3%ADnez-03.jpeg?resize=220%2C183&#038;ssl=1\" alt=\"jose-luis-aragones-suarez-martinez-03\" width=\"220\" height=\"183\" srcset=\"https:\/\/i0.wp.com\/www.manquepierda.com\/historiarealbetis\/files\/2016\/10\/Jos%C3%A9-LU%C3%8DS-Aragon%C3%A9s-Su%C3%A1rez-Mart%C3%ADnez-03.jpeg?resize=220%2C183&amp;ssl=1 220w, https:\/\/i0.wp.com\/www.manquepierda.com\/historiarealbetis\/files\/2016\/10\/Jos%C3%A9-LU%C3%8DS-Aragon%C3%A9s-Su%C3%A1rez-Mart%C3%ADnez-03.jpeg?w=240&amp;ssl=1 240w\" sizes=\"auto, (max-width: 220px) 100vw, 220px\" \/><\/p>\n<p style=\"text-align: justify\"><span style=\"color: #008000\"><em><strong>*1-2.-65 minutos.-En un barullo, Portilla, emparedado, marca, pero el se\u00f1or Saz se\u00f1ala pena m\u00e1xima. Hay protestas, y LU\u00cdS lanza el penalti fusilando al meta ma\u00f1o Pedro Calvo*<\/strong><\/em><\/span><\/p>\n<p style=\"text-align: center\"><em><strong>\u00abEl p\u00fablico que ha estado fr\u00edo, reacciona, y el Real Betis domina\u00bb.<\/strong><\/em><\/p>\n<p style=\"text-align: justify\"><strong>8-Interior Diestro.-Jos\u00e9-LU\u00cdS-Aragon\u00e9s Su\u00e1rez-Mart\u00ednez (24 a\u00f1os+3 meses menos 14 d\u00edas)-Natural de Hortaleza (Madrid), jueves 28 de Julio de 1938.-Obituario en Madrid, madrugada del s\u00e1bado 1\u00ba de Febrero de 2014 (75 A\u00f1os+7 meses menos 27 d\u00edas) D. E. P.<br \/>\n<\/strong><\/p>\n<p style=\"text-align: center\"><img data-recalc-dims=\"1\" loading=\"lazy\" decoding=\"async\" class=\"aligncenter size-thumbnail wp-image-53394\" src=\"https:\/\/i0.wp.com\/www.manquepierda.com\/historiarealbetis\/files\/2016\/10\/Antonio-PALLAR%C3%89S-Huertas-VYB196105-1.jpg?resize=149%2C220&#038;ssl=1\" alt=\"antonio-pallares-huertas-vyb196105\" width=\"149\" height=\"220\" srcset=\"https:\/\/i0.wp.com\/www.manquepierda.com\/historiarealbetis\/files\/2016\/10\/Antonio-PALLAR%C3%89S-Huertas-VYB196105-1.jpg?resize=149%2C220&amp;ssl=1 149w, https:\/\/i0.wp.com\/www.manquepierda.com\/historiarealbetis\/files\/2016\/10\/Antonio-PALLAR%C3%89S-Huertas-VYB196105-1.jpg?resize=406%2C600&amp;ssl=1 406w, https:\/\/i0.wp.com\/www.manquepierda.com\/historiarealbetis\/files\/2016\/10\/Antonio-PALLAR%C3%89S-Huertas-VYB196105-1.jpg?resize=474%2C700&amp;ssl=1 474w, https:\/\/i0.wp.com\/www.manquepierda.com\/historiarealbetis\/files\/2016\/10\/Antonio-PALLAR%C3%89S-Huertas-VYB196105-1.jpg?w=625&amp;ssl=1 625w\" sizes=\"auto, (max-width: 149px) 100vw, 149px\" \/><\/p>\n<p style=\"text-align: center\"><strong>9-Centro Delantero-Ariete.-Antonio PALLAR\u00c9S Huertas.<\/strong><\/p>\n<p style=\"text-align: center\"><img data-recalc-dims=\"1\" loading=\"lazy\" decoding=\"async\" class=\"aligncenter size-thumbnail wp-image-53395\" src=\"https:\/\/i0.wp.com\/www.manquepierda.com\/historiarealbetis\/files\/2016\/10\/Helmut-SENEKOWITSCH-VYB196108.jpg?resize=170%2C220&#038;ssl=1\" alt=\"helmut-senekowitsch-vyb196108\" width=\"170\" height=\"220\" srcset=\"https:\/\/i0.wp.com\/www.manquepierda.com\/historiarealbetis\/files\/2016\/10\/Helmut-SENEKOWITSCH-VYB196108.jpg?resize=170%2C220&amp;ssl=1 170w, https:\/\/i0.wp.com\/www.manquepierda.com\/historiarealbetis\/files\/2016\/10\/Helmut-SENEKOWITSCH-VYB196108.jpg?resize=464%2C600&amp;ssl=1 464w, https:\/\/i0.wp.com\/www.manquepierda.com\/historiarealbetis\/files\/2016\/10\/Helmut-SENEKOWITSCH-VYB196108.jpg?resize=768%2C993&amp;ssl=1 768w, https:\/\/i0.wp.com\/www.manquepierda.com\/historiarealbetis\/files\/2016\/10\/Helmut-SENEKOWITSCH-VYB196108.jpg?resize=542%2C700&amp;ssl=1 542w, https:\/\/i0.wp.com\/www.manquepierda.com\/historiarealbetis\/files\/2016\/10\/Helmut-SENEKOWITSCH-VYB196108.jpg?w=1754&amp;ssl=1 1754w\" sizes=\"auto, (max-width: 170px) 100vw, 170px\" \/><\/p>\n<p style=\"text-align: justify\"><span style=\"color: #008000\"><em><strong>*2-2.-84 minutos.-Por fin llega el empate. El Betis Balompi\u00e9 est\u00e1 volcado, Lu\u00eds cabecea el cuero, y Helmut chuta el bal\u00f3n batiendo a Pedro Calvo, logrando el marcador final. Reclaman \u00abfuera de la jugada\u00bb los vallisoletanos, y el trencilla de marras Lucas Saz Olmedo se\u00f1ala gol*<\/strong><\/em><\/span><\/p>\n<p style=\"text-align: justify\"><strong>10-Interior Zurdo.-Helmut SENEKOWISTCH (29 a\u00f1os menos 8 d\u00edas)-Natural de Graz (Austria), domingo 22 de Octubre de 1933.-Obituario en KLOSTERNEUBURG (Wien-Umgebung Distrito-Baja Austria), domingo 9 de Septiembre de 2007 (73 A\u00f1os+11 meses menos 13 d\u00edas) D. E. P.<br \/>\n<\/strong><\/p>\n<p style=\"text-align: center\"><img data-recalc-dims=\"1\" loading=\"lazy\" decoding=\"async\" class=\"aligncenter size-thumbnail wp-image-53396\" src=\"https:\/\/i0.wp.com\/www.manquepierda.com\/historiarealbetis\/files\/2016\/10\/ROGELIO-Sosa-Ram%C3%ADrez-01.jpg?resize=128%2C220&#038;ssl=1\" alt=\"rogelio-sosa-ramirez-01\" width=\"128\" height=\"220\" \/><\/p>\n<p style=\"text-align: center\"><strong>11-Extremo Zurdo.-ROGELIO Sosa Ram\u00edrez.<\/strong><\/p>\n<p style=\"text-align: center\">VS.<\/p>\n<p style=\"text-align: center\">\u00a01961-1965.-Presidente don Jos\u00e9 Miguel ARRATE Ayestar\u00e1n.<\/p>\n<p style=\"text-align: justify\">1962-1963.-Entrenador Antonio RAMALLETS Sim\u00f3n (38 a\u00f1os+3 meses+10 d\u00edas)-Natural de Barcelona, viernes 4 de Julio de 1924.<\/p>\n<p style=\"text-align: justify\"><strong>\u00abOPINAN LOS ENTRENADORES\u00bb POR BORMUJO.-\u00abHOJA DEL LUNES\u00bb-SEVILLA 15-10-1962.-<em>\u00abRamallets elogia al Betis\u00bb:<\/em><\/strong><\/p>\n<p style=\"text-align: center\"><img data-recalc-dims=\"1\" loading=\"lazy\" decoding=\"async\" class=\"aligncenter size-medium wp-image-53378\" src=\"https:\/\/i0.wp.com\/www.manquepierda.com\/historiarealbetis\/files\/2016\/10\/BORMUJO-RAMALLETS1.jpg?resize=474%2C600&#038;ssl=1\" alt=\"bormujo-ramallets1\" width=\"474\" height=\"600\" srcset=\"https:\/\/i0.wp.com\/www.manquepierda.com\/historiarealbetis\/files\/2016\/10\/BORMUJO-RAMALLETS1.jpg?resize=474%2C600&amp;ssl=1 474w, https:\/\/i0.wp.com\/www.manquepierda.com\/historiarealbetis\/files\/2016\/10\/BORMUJO-RAMALLETS1.jpg?resize=174%2C220&amp;ssl=1 174w, https:\/\/i0.wp.com\/www.manquepierda.com\/historiarealbetis\/files\/2016\/10\/BORMUJO-RAMALLETS1.jpg?resize=768%2C973&amp;ssl=1 768w, https:\/\/i0.wp.com\/www.manquepierda.com\/historiarealbetis\/files\/2016\/10\/BORMUJO-RAMALLETS1.jpg?resize=552%2C700&amp;ssl=1 552w, https:\/\/i0.wp.com\/www.manquepierda.com\/historiarealbetis\/files\/2016\/10\/BORMUJO-RAMALLETS1.jpg?w=790&amp;ssl=1 790w\" sizes=\"auto, (max-width: 474px) 100vw, 474px\" \/><\/p>\n<p style=\"text-align: center\"><img data-recalc-dims=\"1\" loading=\"lazy\" decoding=\"async\" class=\"aligncenter size-medium wp-image-53379\" src=\"https:\/\/i0.wp.com\/www.manquepierda.com\/historiarealbetis\/files\/2016\/10\/BORMUJO-RAMALLETS2.jpg?resize=565%2C600&#038;ssl=1\" alt=\"bormujo-ramallets2\" width=\"565\" height=\"600\" srcset=\"https:\/\/i0.wp.com\/www.manquepierda.com\/historiarealbetis\/files\/2016\/10\/BORMUJO-RAMALLETS2.jpg?resize=565%2C600&amp;ssl=1 565w, https:\/\/i0.wp.com\/www.manquepierda.com\/historiarealbetis\/files\/2016\/10\/BORMUJO-RAMALLETS2.jpg?resize=207%2C220&amp;ssl=1 207w, https:\/\/i0.wp.com\/www.manquepierda.com\/historiarealbetis\/files\/2016\/10\/BORMUJO-RAMALLETS2.jpg?resize=768%2C816&amp;ssl=1 768w, https:\/\/i0.wp.com\/www.manquepierda.com\/historiarealbetis\/files\/2016\/10\/BORMUJO-RAMALLETS2.jpg?resize=659%2C700&amp;ssl=1 659w, https:\/\/i0.wp.com\/www.manquepierda.com\/historiarealbetis\/files\/2016\/10\/BORMUJO-RAMALLETS2.jpg?w=780&amp;ssl=1 780w\" sizes=\"auto, (max-width: 565px) 100vw, 565px\" \/><\/p>\n<p style=\"text-align: justify\"><strong>CUARTO CLASIFICADO CON 6 PUNTOS+2 POSITIVOS (2ganados+2empatados+1perdido) 6-5 Tantos Favor-Contra.<\/strong><\/p>\n<p style=\"text-align: center\"><em>\u00abEl once visitante visti\u00f3 el\u00e1stica violeta con cuello y pu\u00f1os blancos, y calz\u00f3n azul\u00bb:<\/em><\/p>\n<figure id=\"attachment_53380\" aria-describedby=\"caption-attachment-53380\" style=\"width: 209px\" class=\"wp-caption aligncenter\"><img data-recalc-dims=\"1\" loading=\"lazy\" decoding=\"async\" class=\"size-thumbnail wp-image-53380\" src=\"https:\/\/i0.wp.com\/www.manquepierda.com\/historiarealbetis\/files\/2016\/10\/RV1962.jpeg?resize=209%2C220&#038;ssl=1\" alt=\"REAL VALLADOLID DEPORTIVO-2 TANTOS.\" width=\"209\" height=\"220\" srcset=\"https:\/\/i0.wp.com\/www.manquepierda.com\/historiarealbetis\/files\/2016\/10\/RV1962.jpeg?resize=209%2C220&amp;ssl=1 209w, https:\/\/i0.wp.com\/www.manquepierda.com\/historiarealbetis\/files\/2016\/10\/RV1962.jpeg?w=219&amp;ssl=1 219w\" sizes=\"auto, (max-width: 209px) 100vw, 209px\" \/><figcaption id=\"caption-attachment-53380\" class=\"wp-caption-text\">REAL VALLADOLID DEPORTIVO-2 TANTOS.<\/figcaption><\/figure>\n<p style=\"text-align: center\"><em>\u00bfQUIEN ESTUVO COMO NUNCA? AYER, EN EL \u00abESTADIO BENITO VILLAMAR\u00cdN\u00bb:<\/em><\/p>\n<p style=\"text-align: justify\">\u00abLo mejor del Equipo Visitante\u00bb.-Su f\u00fatbol de conjunto, la velocidad de sus avances y la habilidad en el desmarque, practicando un juego de contraataque desde atr\u00e1s muy bien planteado.<\/p>\n<p style=\"text-align: justify\"><em>\u00abEl mejor Gol\u00bb.-El m\u00e1s espectacular, el segundo visitante, por la jugada y remate de Aramendi, por un \u00e1ngulo inveros\u00edmil.<\/em><\/p>\n<p style=\"text-align: center\"><img data-recalc-dims=\"1\" loading=\"lazy\" decoding=\"async\" class=\"aligncenter size-full wp-image-53381\" src=\"https:\/\/i0.wp.com\/www.manquepierda.com\/historiarealbetis\/files\/2016\/10\/calvo1.jpg?resize=142%2C171&#038;ssl=1\" alt=\"calvo1\" width=\"142\" height=\"171\" \/><\/p>\n<p style=\"text-align: justify\">1-<strong>(2 goles encajados).-<\/strong>Pedro CALVO Ib\u00e1\u00f1ez (25 a\u00f1os+2 meses+5 d\u00edas)-Natural de Balmaseda (Vizcaya), lunes 9 de Agosto de 1937.<\/p>\n<p style=\"text-align: center\">2-Francisco Javier GARC\u00cdA-VERDUGO Garrido.<\/p>\n<p style=\"text-align: center\">5-Mario Rolando PINI Stagi.-3-Jos\u00e9 PINTO Rosas.<\/p>\n<p style=\"text-align: center\">4-Carlos RAM\u00cdREZ Zancas.-6-Manuel S\u00c1NCHIZ Mart\u00ednez.<\/p>\n<p style=\"text-align: center\"><img data-recalc-dims=\"1\" loading=\"lazy\" decoding=\"async\" class=\"aligncenter size-thumbnail wp-image-53382\" src=\"https:\/\/i0.wp.com\/www.manquepierda.com\/historiarealbetis\/files\/2016\/10\/ARAMENDI.jpg?resize=142%2C220&#038;ssl=1\" alt=\"aramendi\" width=\"142\" height=\"220\" srcset=\"https:\/\/i0.wp.com\/www.manquepierda.com\/historiarealbetis\/files\/2016\/10\/ARAMENDI.jpg?resize=142%2C220&amp;ssl=1 142w, https:\/\/i0.wp.com\/www.manquepierda.com\/historiarealbetis\/files\/2016\/10\/ARAMENDI.jpg?w=183&amp;ssl=1 183w\" sizes=\"auto, (max-width: 142px) 100vw, 142px\" \/><\/p>\n<p style=\"text-align: justify\"><span style=\"color: #800080\"><em><strong>*0-2.-50 minutos.-H\u00e9ctor Ricardo hace una jugada extraordinaria por la izquierda, burlando a Eusebio R\u00edos, chuta por elevaci\u00f3n cuando sal\u00eda Corral, y el esf\u00e9rico llega a las redes b\u00e9ticas por la escuadra contraria*<\/strong><\/em><\/span><\/p>\n<p style=\"text-align: justify\">7-H\u00e9ctor Ricardo ARAMENDI Rueda (25 a\u00f1os+7 meses menos 13 d\u00edas)-Natural de Buenos Aires (Argentina), s\u00e1bado 27 de Marzo de 1937.<\/p>\n<p style=\"text-align: center\">8-Eduardo Bibiano END\u00c9RIZ Artajona.<\/p>\n<p style=\"text-align: center\"><img data-recalc-dims=\"1\" loading=\"lazy\" decoding=\"async\" class=\"aligncenter size-thumbnail wp-image-53383\" src=\"https:\/\/i0.wp.com\/www.manquepierda.com\/historiarealbetis\/files\/2016\/10\/MOROLL%C3%93N.jpg?resize=143%2C220&#038;ssl=1\" alt=\"morollon\" width=\"143\" height=\"220\" srcset=\"https:\/\/i0.wp.com\/www.manquepierda.com\/historiarealbetis\/files\/2016\/10\/MOROLL%C3%93N.jpg?resize=143%2C220&amp;ssl=1 143w, https:\/\/i0.wp.com\/www.manquepierda.com\/historiarealbetis\/files\/2016\/10\/MOROLL%C3%93N.jpg?w=192&amp;ssl=1 192w\" sizes=\"auto, (max-width: 143px) 100vw, 143px\" \/><\/p>\n<p style=\"text-align: justify\"><em><strong><span style=\"color: #800080\">*0-1.-38 minutos.-Mientras R\u00edos es atendido en la banda de un golpe en la ceja, Aramendi efect\u00faa un veloz contraataque, y Emilio desde lejos, lanza un tiro que env\u00eda el bal\u00f3n al fondo de las mallas defendidas por Corral*<\/span><\/strong><\/em><\/p>\n<p style=\"text-align: left\">9-Emilio MOROLL\u00d3N Est\u00e9banez (25 a\u00f1os+3 meses menos 9 d\u00edas)-Natural de Madrid, viernes 23 de Julio de 1937.<\/p>\n<p style=\"text-align: center\">10-Jos\u00e9 Mar\u00eda S\u00e1nchez RODILLA.<\/p>\n<p style=\"text-align: center\"><img data-recalc-dims=\"1\" loading=\"lazy\" decoding=\"async\" class=\"aligncenter size-thumbnail wp-image-53384\" src=\"https:\/\/i0.wp.com\/www.manquepierda.com\/historiarealbetis\/files\/2016\/10\/MOLINA.jpg?resize=149%2C220&#038;ssl=1\" alt=\"molina\" width=\"149\" height=\"220\" srcset=\"https:\/\/i0.wp.com\/www.manquepierda.com\/historiarealbetis\/files\/2016\/10\/MOLINA.jpg?resize=149%2C220&amp;ssl=1 149w, https:\/\/i0.wp.com\/www.manquepierda.com\/historiarealbetis\/files\/2016\/10\/MOLINA.jpg?w=201&amp;ssl=1 201w\" sizes=\"auto, (max-width: 149px) 100vw, 149px\" \/><\/p>\n<p style=\"text-align: center\">11-Andr\u00e9s MOLINA Soler.<\/p>\n<figure id=\"attachment_53385\" aria-describedby=\"caption-attachment-53385\" style=\"width: 376px\" class=\"wp-caption aligncenter\"><img data-recalc-dims=\"1\" loading=\"lazy\" decoding=\"async\" class=\"size-large wp-image-53385\" src=\"https:\/\/i0.wp.com\/www.manquepierda.com\/historiarealbetis\/files\/2016\/10\/Vi%C3%B1etaVICENTE-FLORES.jpg?resize=376%2C700&#038;ssl=1\" alt=\"HOJA DEL LUNES-SEVILLA 15-10-1962 Vi\u00f1eta VICENTE FLORES.\" width=\"376\" height=\"700\" srcset=\"https:\/\/i0.wp.com\/www.manquepierda.com\/historiarealbetis\/files\/2016\/10\/Vi%C3%B1etaVICENTE-FLORES.jpg?resize=376%2C700&amp;ssl=1 376w, https:\/\/i0.wp.com\/www.manquepierda.com\/historiarealbetis\/files\/2016\/10\/Vi%C3%B1etaVICENTE-FLORES.jpg?resize=118%2C220&amp;ssl=1 118w, https:\/\/i0.wp.com\/www.manquepierda.com\/historiarealbetis\/files\/2016\/10\/Vi%C3%B1etaVICENTE-FLORES.jpg?resize=322%2C600&amp;ssl=1 322w, https:\/\/i0.wp.com\/www.manquepierda.com\/historiarealbetis\/files\/2016\/10\/Vi%C3%B1etaVICENTE-FLORES.jpg?resize=768%2C1431&amp;ssl=1 768w, https:\/\/i0.wp.com\/www.manquepierda.com\/historiarealbetis\/files\/2016\/10\/Vi%C3%B1etaVICENTE-FLORES.jpg?w=775&amp;ssl=1 775w\" sizes=\"auto, (max-width: 376px) 100vw, 376px\" \/><figcaption id=\"caption-attachment-53385\" class=\"wp-caption-text\">HOJA DEL LUNES-SEVILLA 15-10-1962 Vi\u00f1eta VICENTE FLORES.<\/figcaption><\/figure>\n","protected":false},"excerpt":{"rendered":"<p>XXXII EDICI\u00d3N-CAMPEONATO NACIONAL LIGA PRIMERA DIVISI\u00d3N-TEMPORADA 1962-1963 DESDE DOMINGO 16 SEPTIEMBRE 1962 HASTA DOMINGO 21 ABRIL 1963-AMBAS FECHAS INCLUSIVE. 1962-OCTUBRE 14-DOMINGO-TERCER PARTIDO DE ABONO-17&#8217;00 HORAS \u00abESTADIO BENITO VILLAMAR\u00cdN\u00bb-QUINTA JORNADA.-CLAVE MARCADOR SIMULT\u00c1NEO \u00abDARDO\u00bb: \u00abreloj RADIANT\u00bb. Arbitr\u00f3 el colegiado Lucas SAZ Olmedo (46 a\u00f1os)-Natural de Barcelona-1916. \u00abNo convenci\u00f3 a nadie. Fue muy casero, pero con un error&#8230;<\/p>\n","protected":false},"author":48,"featured_media":53369,"comment_status":"open","ping_status":"open","sticky":false,"template":"","format":"standard","meta":{"_kad_post_transparent":"","_kad_post_title":"","_kad_post_layout":"","_kad_post_sidebar_id":"","_kad_post_content_style":"","_kad_post_vertical_padding":"","_kad_post_feature":"","_kad_post_feature_position":"","_kad_post_header":false,"_kad_post_footer":false,"_kad_post_classname":"","_jetpack_memberships_contains_paid_content":false,"footnotes":"","jetpack_publicize_message":"","jetpack_publicize_feature_enabled":true,"jetpack_social_post_already_shared":true,"jetpack_social_options":{"image_generator_settings":{"template":"highway","default_image_id":0,"font":"","enabled":false},"version":2}},"categories":[902,1],"tags":[5369,4280,17839,1359],"class_list":["post-53368","post","type-post","status-publish","format-standard","has-post-thumbnail","hentry","category-1960-1969","category-portada","tag-5369","tag-1962-63","tag-liga-primera-1962-63","tag-real-valladolid"],"jetpack_publicize_connections":[],"jetpack_featured_media_url":"https:\/\/i0.wp.com\/www.manquepierda.com\/historiarealbetis\/files\/2016\/10\/19621014Jda05-RBB2VALL2-VYB1962N%C2%BA24.1.jpg?fit=2188%2C2835&ssl=1","jetpack_sharing_enabled":true,"jetpack_shortlink":"https:\/\/wp.me\/p1ij08-dSM","jetpack-related-posts":[],"_links":{"self":[{"href":"https:\/\/www.manquepierda.com\/historiarealbetis\/wp-json\/wp\/v2\/posts\/53368","targetHints":{"allow":["GET"]}}],"collection":[{"href":"https:\/\/www.manquepierda.com\/historiarealbetis\/wp-json\/wp\/v2\/posts"}],"about":[{"href":"https:\/\/www.manquepierda.com\/historiarealbetis\/wp-json\/wp\/v2\/types\/post"}],"author":[{"embeddable":true,"href":"https:\/\/www.manquepierda.com\/historiarealbetis\/wp-json\/wp\/v2\/users\/48"}],"replies":[{"embeddable":true,"href":"https:\/\/www.manquepierda.com\/historiarealbetis\/wp-json\/wp\/v2\/comments?post=53368"}],"version-history":[{"count":1,"href":"https:\/\/www.manquepierda.com\/historiarealbetis\/wp-json\/wp\/v2\/posts\/53368\/revisions"}],"predecessor-version":[{"id":95902,"href":"https:\/\/www.manquepierda.com\/historiarealbetis\/wp-json\/wp\/v2\/posts\/53368\/revisions\/95902"}],"wp:featuredmedia":[{"embeddable":true,"href":"https:\/\/www.manquepierda.com\/historiarealbetis\/wp-json\/wp\/v2\/media\/53369"}],"wp:attachment":[{"href":"https:\/\/www.manquepierda.com\/historiarealbetis\/wp-json\/wp\/v2\/media?parent=53368"}],"wp:term":[{"taxonomy":"category","embeddable":true,"href":"https:\/\/www.manquepierda.com\/historiarealbetis\/wp-json\/wp\/v2\/categories?post=53368"},{"taxonomy":"post_tag","embeddable":true,"href":"https:\/\/www.manquepierda.com\/historiarealbetis\/wp-json\/wp\/v2\/tags?post=53368"}],"curies":[{"name":"wp","href":"https:\/\/api.w.org\/{rel}","templated":true}]}}