{"id":53439,"date":"2016-10-19T08:30:10","date_gmt":"2016-10-19T06:30:10","guid":{"rendered":"http:\/\/www.manquepierda.com\/historiarealbetis\/?p=53439"},"modified":"2016-10-17T00:23:07","modified_gmt":"2016-10-16T22:23:07","slug":"exposicion-la-leyenda-las-trece-barras","status":"publish","type":"post","link":"https:\/\/www.manquepierda.com\/historiarealbetis\/exposicion-la-leyenda-las-trece-barras\/","title":{"rendered":"Exposici\u00f3n La Leyenda de Las Trece Barras"},"content":{"rendered":"<p><a href=\"https:\/\/i0.wp.com\/www.manquepierda.com\/historiarealbetis\/files\/2016\/10\/Exposici%C3%B3n-Ayuntamiento.jpg?ssl=1\"><img data-recalc-dims=\"1\" loading=\"lazy\" decoding=\"async\" class=\"aligncenter size-medium wp-image-53440\" src=\"https:\/\/i0.wp.com\/www.manquepierda.com\/historiarealbetis\/files\/2016\/10\/Exposici%C3%B3n-Ayuntamiento.jpg?resize=424%2C600&#038;ssl=1\" alt=\"exposicion-ayuntamiento\" width=\"424\" height=\"600\" srcset=\"https:\/\/i0.wp.com\/www.manquepierda.com\/historiarealbetis\/files\/2016\/10\/Exposici%C3%B3n-Ayuntamiento.jpg?resize=424%2C600&amp;ssl=1 424w, https:\/\/i0.wp.com\/www.manquepierda.com\/historiarealbetis\/files\/2016\/10\/Exposici%C3%B3n-Ayuntamiento.jpg?resize=156%2C220&amp;ssl=1 156w, https:\/\/i0.wp.com\/www.manquepierda.com\/historiarealbetis\/files\/2016\/10\/Exposici%C3%B3n-Ayuntamiento.jpg?resize=495%2C700&amp;ssl=1 495w, https:\/\/i0.wp.com\/www.manquepierda.com\/historiarealbetis\/files\/2016\/10\/Exposici%C3%B3n-Ayuntamiento.jpg?w=679&amp;ssl=1 679w\" sizes=\"auto, (max-width: 424px) 100vw, 424px\" \/><\/a><\/p>\n<p>Desde ma\u00f1ana jueves 20 de octubre a las 17 horas y hasta el pr\u00f3ximo mi\u00e9rcoles 26 estar\u00e1 abierta al p\u00fablico en el Patio Mayor del Ayuntamiento de Sevilla la exposici\u00f3n \u00abLa Leyenda de las Trece Barras\u00bb.<\/p>\n<p>Un acontecimiento que tiene como principal motivo colaborar con la Fundaci\u00f3n Vencer el C\u00e1ncer (https:\/\/vencerelcancer.org\/). La entrada a la exposici\u00f3n es libre, pero los asistentes est\u00e1n invitados a colaborar con su donativo a los proyectos de investigaci\u00f3n que esta Fundaci\u00f3n desarrolla.<\/p>\n<p>Javier Maldonado es posiblemente el mayor coleccionista relacionado con la Historia del Real Betis Balompi\u00e9, y en esta ocasi\u00f3n va a exponer m\u00e1s de 300 piezas, entre entradas, carteles, fotograf\u00edas, balones, botas. documentos, etc<\/p>\n<p>Entre esta selecci\u00f3n que ha realizado para exponer, pues su colecci\u00f3n es much\u00edsmo m\u00e1s amplia, destacan algunos objetos de forma especial, como pueden ser:<\/p>\n<ul>\n<li>El Reglamento de enero de 1909 del Sevilla Balompi\u00e9, que es la primera documentaci\u00f3n conocida de nuestro club<\/li>\n<li>Una entrada del primer partido que, ya con la denominaci\u00f3n de Real Betis Balompi\u00e9, se jug\u00f3 en el Hip\u00f3dromo de Tablada \u00a0el 27 de diciembre de 1914 frente al Recreativo de Huelva<\/li>\n<li>Una camiseta original perteneciente al jugador Lorenzo Tondo, quien jug\u00f3 con el Betis entre 1929 y 1931, y que es la camiseta m\u00e1s antigua conservada<\/li>\n<li>Documentos originales de la \u00e9poca de Benito Villamar\u00edn, presidente b\u00e9tico de quien celebramos el Centenario de su nacimiento<\/li>\n<li>Unas botas de nuestro jugador Rub\u00e9n Castro, con las que se proclam\u00f3 el m\u00e1ximo goleador de nuestra historia<\/li>\n<\/ul>\n<p>Es, por lo tanto, una oportunidad \u00fanica para conocer diversos objetos de la historia del Real Betis Balompi\u00e9 y a la vez colaborar con una noble causa.<\/p>\n<p>&nbsp;<\/p>\n<p>Horarios de apertura de la exposici\u00f3n al p\u00fablico:<br \/>\n\u2022 Jueves 20 de octubre: de 17.00 a 20.00 horas<br \/>\n\u2022 Viernes 21 de octubre: de 10.00 a 13.30 y de 17.00 a 20.00 horas<br \/>\n\u2022 S\u00e1bado 22 de octubre: de 10.00 a 13.30 horas<br \/>\n\u2022 Domingo 23 de octubre: cerrado.<\/p>\n<p>\u2022 Lunes 24 de octubre: de 10.00 a 13.30 y de 17.00 a 20.00 horas<\/p>\n<p>\u2022 Martes 25 de octubre: de 10.00 a 13.30 y de 17.00 a 20.00 horas<\/p>\n<p>\u2022 Mi\u00e9rcoles 26 de octubre: de 10.00 a 13.30 y de 17.00 a 20.00 horas<\/p>\n<p>&nbsp;<\/p>\n","protected":false},"excerpt":{"rendered":"<p>Desde ma\u00f1ana jueves 20 de octubre a las 17 horas y hasta el pr\u00f3ximo mi\u00e9rcoles 26 estar\u00e1 abierta al p\u00fablico en el Patio Mayor del Ayuntamiento de Sevilla la exposici\u00f3n \u00abLa Leyenda de las Trece Barras\u00bb. Un acontecimiento que tiene como principal motivo colaborar con la Fundaci\u00f3n Vencer el C\u00e1ncer (https:\/\/vencerelcancer.org\/). La entrada a la&#8230;<\/p>\n","protected":false},"author":5,"featured_media":53440,"comment_status":"open","ping_status":"open","sticky":false,"template":"","format":"standard","meta":{"_kad_post_transparent":"","_kad_post_title":"","_kad_post_layout":"","_kad_post_sidebar_id":"","_kad_post_content_style":"","_kad_post_vertical_padding":"","_kad_post_feature":"","_kad_post_feature_position":"","_kad_post_header":false,"_kad_post_footer":false,"_kad_post_classname":"","_jetpack_memberships_contains_paid_content":false,"footnotes":"","jetpack_publicize_message":"","jetpack_publicize_feature_enabled":true,"jetpack_social_post_already_shared":true,"jetpack_social_options":{"image_generator_settings":{"template":"highway","default_image_id":0,"font":"","enabled":false},"version":2}},"categories":[3,1],"tags":[15071],"class_list":["post-53439","post","type-post","status-publish","format-standard","has-post-thumbnail","hentry","category-actualidad","category-portada","tag-exposicion-la-leyenda-de-las-trece-barras"],"jetpack_publicize_connections":[],"jetpack_featured_media_url":"https:\/\/i0.wp.com\/www.manquepierda.com\/historiarealbetis\/files\/2016\/10\/Exposici%C3%B3n-Ayuntamiento.jpg?fit=679%2C960&ssl=1","jetpack_sharing_enabled":true,"jetpack_shortlink":"https:\/\/wp.me\/p1ij08-dTV","jetpack-related-posts":[],"_links":{"self":[{"href":"https:\/\/www.manquepierda.com\/historiarealbetis\/wp-json\/wp\/v2\/posts\/53439","targetHints":{"allow":["GET"]}}],"collection":[{"href":"https:\/\/www.manquepierda.com\/historiarealbetis\/wp-json\/wp\/v2\/posts"}],"about":[{"href":"https:\/\/www.manquepierda.com\/historiarealbetis\/wp-json\/wp\/v2\/types\/post"}],"author":[{"embeddable":true,"href":"https:\/\/www.manquepierda.com\/historiarealbetis\/wp-json\/wp\/v2\/users\/5"}],"replies":[{"embeddable":true,"href":"https:\/\/www.manquepierda.com\/historiarealbetis\/wp-json\/wp\/v2\/comments?post=53439"}],"version-history":[{"count":0,"href":"https:\/\/www.manquepierda.com\/historiarealbetis\/wp-json\/wp\/v2\/posts\/53439\/revisions"}],"wp:featuredmedia":[{"embeddable":true,"href":"https:\/\/www.manquepierda.com\/historiarealbetis\/wp-json\/wp\/v2\/media\/53440"}],"wp:attachment":[{"href":"https:\/\/www.manquepierda.com\/historiarealbetis\/wp-json\/wp\/v2\/media?parent=53439"}],"wp:term":[{"taxonomy":"category","embeddable":true,"href":"https:\/\/www.manquepierda.com\/historiarealbetis\/wp-json\/wp\/v2\/categories?post=53439"},{"taxonomy":"post_tag","embeddable":true,"href":"https:\/\/www.manquepierda.com\/historiarealbetis\/wp-json\/wp\/v2\/tags?post=53439"}],"curies":[{"name":"wp","href":"https:\/\/api.w.org\/{rel}","templated":true}]}}