{"id":53453,"date":"2016-10-17T19:46:20","date_gmt":"2016-10-17T17:46:20","guid":{"rendered":"http:\/\/www.manquepierda.com\/historiarealbetis\/?p=53453"},"modified":"2024-08-09T18:32:42","modified_gmt":"2024-08-09T16:32:42","slug":"1943-octubre-17-segunda-division-real-betis-balompie-6-valladolid-deportivo-1-73aniversario","status":"publish","type":"post","link":"https:\/\/www.manquepierda.com\/historiarealbetis\/1943-octubre-17-segunda-division-real-betis-balompie-6-valladolid-deportivo-1-73aniversario\/","title":{"rendered":"1943-Octubre 17-Segunda Divisi\u00f3n.-Real Betis Balompi\u00e9-6 Valladolid Deportivo-1.-73Aniversario."},"content":{"rendered":"<p style=\"text-align: justify\">XIII EDICI\u00d3N-CAMPEONATO NACIONAL LIGA SEGUNDA DIVISI\u00d3N-TEMPORADA 1943-1944 DESDE DOMINGO 26 SEPTIEMBRE 1943 HASTA DOMINGO 9 ABRIL 1944-AMBAS FECHAS INCLUSIVE.<\/p>\n<figure id=\"attachment_53454\" aria-describedby=\"caption-attachment-53454\" style=\"width: 704px\" class=\"wp-caption aligncenter\"><img data-recalc-dims=\"1\" loading=\"lazy\" decoding=\"async\" class=\"size-full wp-image-53454\" src=\"https:\/\/i0.wp.com\/www.manquepierda.com\/historiarealbetis\/files\/2016\/10\/19431017ABCse.jpg?resize=704%2C1415&#038;ssl=1\" alt=\"Fuente ABC-SE-19431017-DEPORTIVAS.\" width=\"704\" height=\"1415\" srcset=\"https:\/\/i0.wp.com\/www.manquepierda.com\/historiarealbetis\/files\/2016\/10\/19431017ABCse.jpg?w=704&amp;ssl=1 704w, https:\/\/i0.wp.com\/www.manquepierda.com\/historiarealbetis\/files\/2016\/10\/19431017ABCse.jpg?resize=109%2C220&amp;ssl=1 109w, https:\/\/i0.wp.com\/www.manquepierda.com\/historiarealbetis\/files\/2016\/10\/19431017ABCse.jpg?resize=299%2C600&amp;ssl=1 299w, https:\/\/i0.wp.com\/www.manquepierda.com\/historiarealbetis\/files\/2016\/10\/19431017ABCse.jpg?resize=348%2C700&amp;ssl=1 348w\" sizes=\"auto, (max-width: 704px) 100vw, 704px\" \/><figcaption id=\"caption-attachment-53454\" class=\"wp-caption-text\">Fuente ABC-SE-19431017-DEPORTIVAS.<\/figcaption><\/figure>\n<p style=\"text-align: justify\"><strong>1943-OCTUBRE 17-DOMINGO-ESTADIO MUNICIPAL \u00abHELI\u00d3POLIS\u00bb-CUARTA JORNADA.-\u00c1RBITR\u00d3 COLEGIADO DE VALENCIA, SE\u00d1OR MIGUEL.<\/strong><\/p>\n<p style=\"text-align: center\">AMBAS ESCUADRAS SE ALINEARON DE LA MANERA SIGUIENTE:<\/p>\n<p style=\"text-align: center\"><img data-recalc-dims=\"1\" loading=\"lazy\" decoding=\"async\" class=\"aligncenter size-full wp-image-53455\" src=\"https:\/\/i0.wp.com\/www.manquepierda.com\/historiarealbetis\/files\/2016\/10\/Alineaci%C3%B3n-Betis-Valladolid-Liga-1943-680x429.jpg?resize=680%2C429&#038;ssl=1\" alt=\"alineacion-betis-valladolid-liga-1943-680x429\" width=\"680\" height=\"429\" srcset=\"https:\/\/i0.wp.com\/www.manquepierda.com\/historiarealbetis\/files\/2016\/10\/Alineaci%C3%B3n-Betis-Valladolid-Liga-1943-680x429.jpg?resize=680%2C429&amp;ssl=1 680w, https:\/\/i0.wp.com\/www.manquepierda.com\/historiarealbetis\/files\/2016\/10\/Alineaci%C3%B3n-Betis-Valladolid-Liga-1943-680x429.jpg?resize=220%2C139&amp;ssl=1 220w\" sizes=\"auto, (max-width: 680px) 100vw, 680px\" \/><\/p>\n<p style=\"text-align: justify\"><span style=\"color: #008000\"><strong>DE PIE DE IZQUIERDA A DERECHA.-ANT\u00daNEZ-\u00abPITILO\u00bb-BUENO-BESC\u00d3S-\u00abSARO\u00bb-MARIAGES Y GUILLAM\u00d3N.-AGACHADOS MISMO ORDEN: PINEDA-\u00abCABEZA\u00bb-\u00abEL POLLITO ROLD\u00c1N2 Y COLL.<\/strong><\/span><\/p>\n<p style=\"text-align: justify\"><span style=\"color: #008000\"><em><strong>XXXI Presidente Real Betis Balompi\u00e9 1943-1944, don Francisco CANTALAPIEDRA Y FERN\u00c1NDEZ DE<img data-recalc-dims=\"1\" loading=\"lazy\" decoding=\"async\" class=\"alignright size-thumbnail wp-image-53456\" src=\"https:\/\/i0.wp.com\/www.manquepierda.com\/historiarealbetis\/files\/2016\/10\/Francisco-CANTALAPIEDRA-FDEZDETOLEDO-1992ABC.jpg?resize=159%2C220&#038;ssl=1\" alt=\"francisco-cantalapiedra-fdezdetoledo-1992abc\" width=\"159\" height=\"220\" srcset=\"https:\/\/i0.wp.com\/www.manquepierda.com\/historiarealbetis\/files\/2016\/10\/Francisco-CANTALAPIEDRA-FDEZDETOLEDO-1992ABC.jpg?resize=159%2C220&amp;ssl=1 159w, https:\/\/i0.wp.com\/www.manquepierda.com\/historiarealbetis\/files\/2016\/10\/Francisco-CANTALAPIEDRA-FDEZDETOLEDO-1992ABC.jpg?resize=433%2C600&amp;ssl=1 433w, https:\/\/i0.wp.com\/www.manquepierda.com\/historiarealbetis\/files\/2016\/10\/Francisco-CANTALAPIEDRA-FDEZDETOLEDO-1992ABC.jpg?resize=505%2C700&amp;ssl=1 505w, https:\/\/i0.wp.com\/www.manquepierda.com\/historiarealbetis\/files\/2016\/10\/Francisco-CANTALAPIEDRA-FDEZDETOLEDO-1992ABC.jpg?w=675&amp;ssl=1 675w\" sizes=\"auto, (max-width: 159px) 100vw, 159px\" \/> TOLEDO (46 a\u00f1os)-Natural de Qabala (Cuba)-1897.-Con domicilio en calle Brasil n\u00ba 7, industrias: J. Cantalapiedra Sociedad Limitada y Consorcio Reaseguros Sociedad An\u00f3nima.<\/strong><\/em><\/span><\/p>\n<p style=\"text-align: right\"><span style=\"color: #008000\"><em><strong>Obituario en Sevilla, lunes 27 de Mayo de 1946 (49 A\u00f1os) D. E. P.<\/strong><\/em><\/span><\/p>\n<p style=\"text-align: justify\"><img data-recalc-dims=\"1\" loading=\"lazy\" decoding=\"async\" class=\"alignleft size-thumbnail wp-image-53457\" src=\"https:\/\/i0.wp.com\/www.manquepierda.com\/historiarealbetis\/files\/2016\/10\/Andr%C3%A9s-ARANDA-Guti%C3%A9rrez-03.jpg?resize=151%2C220&#038;ssl=1\" alt=\"andres-aranda-gutierrez-03\" width=\"151\" height=\"220\" srcset=\"https:\/\/i0.wp.com\/www.manquepierda.com\/historiarealbetis\/files\/2016\/10\/Andr%C3%A9s-ARANDA-Guti%C3%A9rrez-03.jpg?resize=151%2C220&amp;ssl=1 151w, https:\/\/i0.wp.com\/www.manquepierda.com\/historiarealbetis\/files\/2016\/10\/Andr%C3%A9s-ARANDA-Guti%C3%A9rrez-03.jpg?w=233&amp;ssl=1 233w\" sizes=\"auto, (max-width: 151px) 100vw, 151px\" \/><span style=\"color: #008000\"><strong>Entrenador Andr\u00e9s ARANDA Guti\u00e9rrez (38 a\u00f1os+2 meses menos 10 d\u00edas)-Natural de Lora del R\u00edo (Sevilla), domingo 27 de Agosto de 1905.-Obituario en Aracena (Huelva)-concentraci\u00f3n primera plantilla verdiblanca-mi\u00e9rcoles 10 de Marzo de 1965 (59 A\u00f1os+7 meses menos 17 d\u00edas) D. E. P.<\/strong><\/span><\/p>\n<figure id=\"attachment_53458\" aria-describedby=\"caption-attachment-53458\" style=\"width: 220px\" class=\"wp-caption aligncenter\"><img data-recalc-dims=\"1\" loading=\"lazy\" decoding=\"async\" class=\"size-thumbnail wp-image-53458\" src=\"https:\/\/i0.wp.com\/www.manquepierda.com\/historiarealbetis\/files\/2016\/10\/1931-RBB-coronado.jpg?resize=220%2C193&#038;ssl=1\" alt=\"REAL BETIS BALOMPI\u00c9-6 GOLES.\" width=\"220\" height=\"193\" srcset=\"https:\/\/i0.wp.com\/www.manquepierda.com\/historiarealbetis\/files\/2016\/10\/1931-RBB-coronado.jpg?resize=220%2C193&amp;ssl=1 220w, https:\/\/i0.wp.com\/www.manquepierda.com\/historiarealbetis\/files\/2016\/10\/1931-RBB-coronado.jpg?w=360&amp;ssl=1 360w\" sizes=\"auto, (max-width: 220px) 100vw, 220px\" \/><figcaption id=\"caption-attachment-53458\" class=\"wp-caption-text\">REAL BETIS BALOMPI\u00c9-6 GOLES.<\/figcaption><\/figure>\n<p style=\"text-align: justify\"><strong><span style=\"color: #333333\">NOVENO CLASIFICADO CON 4 PUNTOS (2-GANADOS+0-EMPATADO+2-PERDIDOS) 11-GOLES A FAVOR Y 6-TANTOS EN CONTRA.<\/span><\/strong><\/p>\n<p style=\"text-align: center\">Guardameta:<\/p>\n<p style=\"text-align: center\"><img data-recalc-dims=\"1\" loading=\"lazy\" decoding=\"async\" class=\"aligncenter size-full wp-image-53459\" src=\"https:\/\/i0.wp.com\/www.manquepierda.com\/historiarealbetis\/files\/2016\/10\/Manuel-BUENO-Fern%C3%A1ndez.jpg?resize=148%2C215&#038;ssl=1\" alt=\"manuel-bueno-fernandez\" width=\"148\" height=\"215\" \/><\/p>\n<p style=\"text-align: justify\"><strong>1-(1 tanto encajado).-Manuel BUENO Fern\u00e1ndez (33 a\u00f1os+9 meses menos 3 d\u00edas)-Natural de Alcal\u00e1 de Guadaira (Sevilla), jueves 20 de Enero de 1910.-Obituario en C\u00e1diz, jueves 10 de Diciembre de 1970 (60 A\u00f1os+11 meses menos 10 d\u00edas) D. E. P.<\/strong><\/p>\n<p style=\"text-align: center\">Zagueros:<\/p>\n<p style=\"text-align: center\"><strong>2-Lateral Diestro.-Lu\u00eds Garc\u00eda PULIDO (a) \u00abCABEZA\u00bb.-3-Lateral Zurdo.-Francisco ANT\u00daNEZ Espada.<\/strong><\/p>\n<p style=\"text-align: center\">Medios:<\/p>\n<p style=\"text-align: justify\"><strong>4-Diestro.-Joaqu\u00edn GUILLAM\u00d3N Rodr\u00edguez.-5-Centro.-Jos\u00e9 Mar\u00eda MARIAGES Torres.-6-Zurdo.-Guillermo COLL Munar.<\/strong><\/p>\n<p style=\"text-align: center\">Delanteros:<\/p>\n<p style=\"text-align: center\"><img data-recalc-dims=\"1\" loading=\"lazy\" decoding=\"async\" class=\"aligncenter size-thumbnail wp-image-53465\" src=\"https:\/\/i0.wp.com\/www.manquepierda.com\/historiarealbetis\/files\/2016\/10\/SARO-%C3%81ngel-Mart%C3%ADn-Rodr%C3%ADguez-01-1.png?resize=188%2C220&#038;ssl=1\" alt=\"saro-angel-martin-rodriguez-01\" width=\"188\" height=\"220\" \/><\/p>\n<p style=\"text-align: justify\"><span style=\"color: #008000\"><em><strong>*1-0.-Primer Tiempo.-Al rematar de cabeza un centro de \u00abPitilo\u00bb batiendo a Germ\u00e1n Ispizua*<\/strong><\/em><\/span><\/p>\n<p style=\"text-align: justify\"><strong>7-Extremo Diestro.-\u00c1ngel Mart\u00edn Rodr\u00edguez (a) \u00abSARO\u00bb (34 a\u00f1os+7 meses+16 d\u00edas)-Natural de Valladolid, lunes 1\u00ba de Marzo de 1909.-Obituario, lunes 13 de Enero de 1975 (65 A\u00f1os+10 meses+12 d\u00edas) D. E. P.<br \/>\n<\/strong><\/p>\n<p style=\"text-align: center\"><strong>8-Interior Diestro.-Jos\u00e9 PINEDA \u00c1lvarez.<\/strong><\/p>\n<p style=\"text-align: justify\"><span style=\"color: #008000\"><em><strong>*2-1.-Marcador final primer tiempo.-Remate de cabeza tras nuevo centro de \u00abPitilo\u00bb fusilando a Ispizua*<\/strong><\/em><\/span><\/p>\n<p style=\"text-align: justify\"><em><strong><span style=\"color: #008000\">*3-1.-Segundo Tiempo.-Bate al cancerbero Ispizua tras centro de \u00abSaro\u00bb*<\/span><br \/>\n<\/strong><\/em><\/p>\n<p style=\"text-align: justify\"><span style=\"color: #008000\"><em><strong>*4-1.-2\u00ba Tiempo.-Fusila al arquero vallisoletano Germ\u00e1n Ispizua, tras nuevo centro de \u00abSaro\u00bb*<\/strong><\/em><\/span><\/p>\n<p style=\"text-align: justify\"><span style=\"color: #008000\"><em><strong>*5-1.-Segundo Tiempo.-Tras centro de \u00abPitilo\u00bb chuta el esf\u00e9rico batiendo por cuarta vez a Ispizua*<\/strong><\/em><\/span><\/p>\n<p style=\"text-align: center\"><img data-recalc-dims=\"1\" loading=\"lazy\" decoding=\"async\" class=\"aligncenter size-thumbnail wp-image-53466\" src=\"https:\/\/i0.wp.com\/www.manquepierda.com\/historiarealbetis\/files\/2016\/10\/Ram%C3%B3n-Blanco-Jim%C3%A9nez.jpg?resize=155%2C220&#038;ssl=1\" alt=\"ramon-blanco-jimenez\" width=\"155\" height=\"220\" srcset=\"https:\/\/i0.wp.com\/www.manquepierda.com\/historiarealbetis\/files\/2016\/10\/Ram%C3%B3n-Blanco-Jim%C3%A9nez.jpg?resize=155%2C220&amp;ssl=1 155w, https:\/\/i0.wp.com\/www.manquepierda.com\/historiarealbetis\/files\/2016\/10\/Ram%C3%B3n-Blanco-Jim%C3%A9nez.jpg?w=157&amp;ssl=1 157w\" sizes=\"auto, (max-width: 155px) 100vw, 155px\" \/><\/p>\n<p style=\"text-align: justify\"><strong>9-Centro Delantero Ariete-Ram\u00f3n Blanco Jim\u00e9nez (a) \u00abEl pollito ROLD\u00c1N\u00bb (22 a\u00f1os+10 meses menos 6 d\u00edas)-Natural de Puerto Real (C\u00e1diz), viernes 23 de Diciembre de 1921.-Obituario en C\u00e1diz, martes 27 de Julio de 2004 (82 A\u00f1os+7 meses+4 d\u00edas) D. E. P.<br \/>\n<\/strong><\/p>\n<p style=\"text-align: center\"><img data-recalc-dims=\"1\" loading=\"lazy\" decoding=\"async\" class=\"aligncenter size-thumbnail wp-image-53467\" src=\"https:\/\/i0.wp.com\/www.manquepierda.com\/historiarealbetis\/files\/2016\/10\/Enrique-BESC%C3%93S-Mambrona.png?resize=188%2C220&#038;ssl=1\" alt=\"enrique-bescos-mambrona\" width=\"188\" height=\"220\" srcset=\"https:\/\/i0.wp.com\/www.manquepierda.com\/historiarealbetis\/files\/2016\/10\/Enrique-BESC%C3%93S-Mambrona.png?resize=188%2C220&amp;ssl=1 188w, https:\/\/i0.wp.com\/www.manquepierda.com\/historiarealbetis\/files\/2016\/10\/Enrique-BESC%C3%93S-Mambrona.png?w=191&amp;ssl=1 191w\" sizes=\"auto, (max-width: 188px) 100vw, 188px\" \/><\/p>\n<p style=\"text-align: justify\"><span style=\"color: #008000\"><em><strong>*6-1.-Marcador final del encuentro.-\u00abQue al fin hall\u00f3 la compensaci\u00f3n a su entusiasta brega. Rold\u00e1n pas\u00f3 el bal\u00f3n a \u00abSaro\u00bb y \u00e9ste a Enrique, que con archisuperior ca\u00f1onazo fusil\u00f3 al meta Germ\u00e1n Ispizua Uribe*<\/strong><\/em><\/span><\/p>\n<p style=\"text-align: justify\"><strong>10-Interior Zurdo.-Enrique BESC\u00d3S Mambrona (24 a\u00f1os+7 meses menos 11 d\u00edas)-Natural de Madrid, viernes 28 de Marzo de 1919.-Obituario en Barcelona, lunes 22 de Octubre de 2007 (88 A\u00f1os+7 meses menos 6 d\u00edas) D. E. P.<\/strong><\/p>\n<p style=\"text-align: center\"><strong>11-Extremo Zurdo.-\u00c1ngel Dom\u00ednguez Esteban (a) \u00abPITILO\u00bb.<\/strong><\/p>\n<p style=\"text-align: justify\"><em>\u00abEl primer tiempo transcurri\u00f3 con juego muy nivelado, aunque en algunos momentos se puso de manifiesto la presi\u00f3n b\u00e9tica.<\/em><\/p>\n<p style=\"text-align: center\"><em>El Valladolid Deportivo caus\u00f3 buena impresi\u00f3n en el primer tiempo, aunque en el segundo se desmoralizaron.<\/em><\/p>\n<p style=\"text-align: center\"><em><span style=\"color: #008000\"><strong>El Real Betis Balompi\u00e9 realiz\u00f3 un magn\u00edfico juego de conjunto\u00bb.<\/strong><\/span><\/em><\/p>\n<p style=\"text-align: center\">Vs.<\/p>\n<p style=\"text-align: center\"><img data-recalc-dims=\"1\" loading=\"lazy\" decoding=\"async\" class=\"aligncenter size-thumbnail wp-image-53461\" src=\"https:\/\/i0.wp.com\/www.manquepierda.com\/historiarealbetis\/files\/2016\/10\/1-Jos%C3%A9-Cantalapiedra.jpg?resize=159%2C220&#038;ssl=1\" alt=\"1-jose-cantalapiedra\" width=\"159\" height=\"220\" srcset=\"https:\/\/i0.wp.com\/www.manquepierda.com\/historiarealbetis\/files\/2016\/10\/1-Jos%C3%A9-Cantalapiedra.jpg?resize=159%2C220&amp;ssl=1 159w, https:\/\/i0.wp.com\/www.manquepierda.com\/historiarealbetis\/files\/2016\/10\/1-Jos%C3%A9-Cantalapiedra.jpg?w=231&amp;ssl=1 231w\" sizes=\"auto, (max-width: 159px) 100vw, 159px\" \/><\/p>\n<p style=\"text-align: center\">Presidente, don Jos\u00e9 CANTALAPIEDRA De Castro, natural de Pozaldez (Valladolid)-1890.<\/p>\n<p style=\"text-align: center\">6\u00ba Entrenador Alfonso Mart\u00ednez (Deportista).<\/p>\n<p style=\"text-align: center\"><strong>7\u00ba Clasificado con 5 puntos (2ganados+1empatado+1 perdido) 7-10 Tantos Favor-Contra.<\/strong><\/p>\n<figure id=\"attachment_53460\" aria-describedby=\"caption-attachment-53460\" style=\"width: 126px\" class=\"wp-caption aligncenter\"><img data-recalc-dims=\"1\" loading=\"lazy\" decoding=\"async\" class=\"size-thumbnail wp-image-53460\" src=\"https:\/\/i0.wp.com\/www.manquepierda.com\/historiarealbetis\/files\/2016\/10\/Valladolid-Deportivo-1940.jpeg?resize=126%2C220&#038;ssl=1\" alt=\"VALLADOLIDE DEPORTIVO-1 TANTO.\" width=\"126\" height=\"220\" srcset=\"https:\/\/i0.wp.com\/www.manquepierda.com\/historiarealbetis\/files\/2016\/10\/Valladolid-Deportivo-1940.jpeg?resize=126%2C220&amp;ssl=1 126w, https:\/\/i0.wp.com\/www.manquepierda.com\/historiarealbetis\/files\/2016\/10\/Valladolid-Deportivo-1940.jpeg?w=170&amp;ssl=1 170w\" sizes=\"auto, (max-width: 126px) 100vw, 126px\" \/><figcaption id=\"caption-attachment-53460\" class=\"wp-caption-text\">VALLADOLID DEPORTIVO-1 TANTO.<\/figcaption><\/figure>\n<p style=\"text-align: center\"><img data-recalc-dims=\"1\" loading=\"lazy\" decoding=\"async\" class=\"aligncenter size-full wp-image-53462\" src=\"https:\/\/i0.wp.com\/www.manquepierda.com\/historiarealbetis\/files\/2016\/10\/german-izpizua-foto.png?resize=117%2C139&#038;ssl=1\" alt=\"german-izpizua-foto\" width=\"117\" height=\"139\" \/><\/p>\n<p>1-<strong>(6 goles encajados).-Germ\u00e1n ISPIZUA Uribe (37 a\u00f1os+8 meses+8 d\u00edas)-Natural de Bilbao (Vizcaya), viernes 9 de Febrero de 1906.<\/strong><\/p>\n<p style=\"text-align: center\">2-Roque BUSQUET Vergara.<\/p>\n<p style=\"text-align: center\"><img data-recalc-dims=\"1\" loading=\"lazy\" decoding=\"async\" class=\"aligncenter size-thumbnail wp-image-53464\" src=\"https:\/\/i0.wp.com\/www.manquepierda.com\/historiarealbetis\/files\/2016\/10\/RVCF_historia_1942.jpg?resize=123%2C220&#038;ssl=1\" alt=\"rvcf_historia_1942\" width=\"123\" height=\"220\" srcset=\"https:\/\/i0.wp.com\/www.manquepierda.com\/historiarealbetis\/files\/2016\/10\/RVCF_historia_1942.jpg?resize=123%2C220&amp;ssl=1 123w, https:\/\/i0.wp.com\/www.manquepierda.com\/historiarealbetis\/files\/2016\/10\/RVCF_historia_1942.jpg?w=165&amp;ssl=1 165w\" sizes=\"auto, (max-width: 123px) 100vw, 123px\" \/><\/p>\n<p style=\"text-align: center\">3-<strong>Antonio Barrios Seoane. <\/strong><\/p>\n<p style=\"text-align: center\">4-ESTRADA.-5-Berlarmino TORQUEMADA Miguel.-6-Antonio Le\u00f3n Amador (a) \u00abLEONCITO\u00bb.<\/p>\n<figure id=\"attachment_53463\" aria-describedby=\"caption-attachment-53463\" style=\"width: 121px\" class=\"wp-caption aligncenter\"><img data-recalc-dims=\"1\" loading=\"lazy\" decoding=\"async\" class=\"size-full wp-image-53463\" src=\"https:\/\/i0.wp.com\/www.manquepierda.com\/historiarealbetis\/files\/2016\/10\/MSG.jpg?resize=121%2C196&#038;ssl=1\" alt=\"1-1 Primer Tiempo.\" width=\"121\" height=\"196\" \/><figcaption id=\"caption-attachment-53463\" class=\"wp-caption-text\">1-1 1erTpo.-Al embalar con el bal\u00f3n fallado por Pulido y rematar imparablemente.<\/figcaption><\/figure>\n<p style=\"text-align: center\">7-Manuel S\u00c1NCHEZ G\u00f3mez (29 a\u00f1os menos 5 d\u00edas)-Natural de Sevilla, jueves 22 de Octubre de 1914.<\/p>\n<p style=\"text-align: center\">8-DAVID.-9-DEL POZO.-10-Manuel Fern\u00e1ndez De Valderrama TEJEDOR.-11-Miguel QUETGLAS Brotons.<\/p>\n<p style=\"text-align: center\"><img data-recalc-dims=\"1\" loading=\"lazy\" decoding=\"async\" class=\"aligncenter size-full wp-image-53468\" src=\"https:\/\/i0.wp.com\/www.manquepierda.com\/historiarealbetis\/files\/2016\/10\/Vicente-Flores-ABCse19431019.jpg?resize=1290%2C675&#038;ssl=1\" alt=\"vicente-flores-abcse19431019\" width=\"1290\" height=\"675\" srcset=\"https:\/\/i0.wp.com\/www.manquepierda.com\/historiarealbetis\/files\/2016\/10\/Vicente-Flores-ABCse19431019.jpg?w=2033&amp;ssl=1 2033w, https:\/\/i0.wp.com\/www.manquepierda.com\/historiarealbetis\/files\/2016\/10\/Vicente-Flores-ABCse19431019.jpg?resize=220%2C115&amp;ssl=1 220w, https:\/\/i0.wp.com\/www.manquepierda.com\/historiarealbetis\/files\/2016\/10\/Vicente-Flores-ABCse19431019.jpg?resize=680%2C356&amp;ssl=1 680w, https:\/\/i0.wp.com\/www.manquepierda.com\/historiarealbetis\/files\/2016\/10\/Vicente-Flores-ABCse19431019.jpg?resize=768%2C402&amp;ssl=1 768w, https:\/\/i0.wp.com\/www.manquepierda.com\/historiarealbetis\/files\/2016\/10\/Vicente-Flores-ABCse19431019.jpg?resize=960%2C502&amp;ssl=1 960w\" sizes=\"auto, (max-width: 1290px) 100vw, 1290px\" \/><\/p>\n<p style=\"text-align: center\">Fuente.-ABC-Sevilla-Martes 19431019.-COSAS DE LA LIGA, por Vicente Flores.<\/p>\n","protected":false},"excerpt":{"rendered":"<p>XIII EDICI\u00d3N-CAMPEONATO NACIONAL LIGA SEGUNDA DIVISI\u00d3N-TEMPORADA 1943-1944 DESDE DOMINGO 26 SEPTIEMBRE 1943 HASTA DOMINGO 9 ABRIL 1944-AMBAS FECHAS INCLUSIVE. 1943-OCTUBRE 17-DOMINGO-ESTADIO MUNICIPAL \u00abHELI\u00d3POLIS\u00bb-CUARTA JORNADA.-\u00c1RBITR\u00d3 COLEGIADO DE VALENCIA, SE\u00d1OR MIGUEL. AMBAS ESCUADRAS SE ALINEARON DE LA MANERA SIGUIENTE: DE PIE DE IZQUIERDA A DERECHA.-ANT\u00daNEZ-\u00abPITILO\u00bb-BUENO-BESC\u00d3S-\u00abSARO\u00bb-MARIAGES Y GUILLAM\u00d3N.-AGACHADOS MISMO ORDEN: PINEDA-\u00abCABEZA\u00bb-\u00abEL POLLITO ROLD\u00c1N2 Y COLL. XXXI Presidente Real&#8230;<\/p>\n","protected":false},"author":48,"featured_media":53455,"comment_status":"open","ping_status":"open","sticky":false,"template":"","format":"standard","meta":{"_kad_post_transparent":"","_kad_post_title":"","_kad_post_layout":"","_kad_post_sidebar_id":"","_kad_post_content_style":"","_kad_post_vertical_padding":"","_kad_post_feature":"","_kad_post_feature_position":"","_kad_post_header":false,"_kad_post_footer":false,"_kad_post_classname":"","_jetpack_memberships_contains_paid_content":false,"footnotes":"","jetpack_publicize_message":"","jetpack_publicize_feature_enabled":true,"jetpack_social_post_already_shared":true,"jetpack_social_options":{"image_generator_settings":{"template":"highway","default_image_id":0,"font":"","enabled":false},"version":2}},"categories":[900,1],"tags":[51,2481,17832,1359],"class_list":["post-53453","post","type-post","status-publish","format-standard","has-post-thumbnail","hentry","category-1940-1949","category-portada","tag-51","tag-1943-44","tag-liga-segunda-1943-44","tag-real-valladolid"],"jetpack_publicize_connections":[],"jetpack_featured_media_url":"https:\/\/i0.wp.com\/www.manquepierda.com\/historiarealbetis\/files\/2016\/10\/Alineaci%C3%B3n-Betis-Valladolid-Liga-1943-680x429.jpg?fit=680%2C429&ssl=1","jetpack_sharing_enabled":true,"jetpack_shortlink":"https:\/\/wp.me\/p1ij08-dU9","jetpack-related-posts":[],"_links":{"self":[{"href":"https:\/\/www.manquepierda.com\/historiarealbetis\/wp-json\/wp\/v2\/posts\/53453","targetHints":{"allow":["GET"]}}],"collection":[{"href":"https:\/\/www.manquepierda.com\/historiarealbetis\/wp-json\/wp\/v2\/posts"}],"about":[{"href":"https:\/\/www.manquepierda.com\/historiarealbetis\/wp-json\/wp\/v2\/types\/post"}],"author":[{"embeddable":true,"href":"https:\/\/www.manquepierda.com\/historiarealbetis\/wp-json\/wp\/v2\/users\/48"}],"replies":[{"embeddable":true,"href":"https:\/\/www.manquepierda.com\/historiarealbetis\/wp-json\/wp\/v2\/comments?post=53453"}],"version-history":[{"count":1,"href":"https:\/\/www.manquepierda.com\/historiarealbetis\/wp-json\/wp\/v2\/posts\/53453\/revisions"}],"predecessor-version":[{"id":95822,"href":"https:\/\/www.manquepierda.com\/historiarealbetis\/wp-json\/wp\/v2\/posts\/53453\/revisions\/95822"}],"wp:featuredmedia":[{"embeddable":true,"href":"https:\/\/www.manquepierda.com\/historiarealbetis\/wp-json\/wp\/v2\/media\/53455"}],"wp:attachment":[{"href":"https:\/\/www.manquepierda.com\/historiarealbetis\/wp-json\/wp\/v2\/media?parent=53453"}],"wp:term":[{"taxonomy":"category","embeddable":true,"href":"https:\/\/www.manquepierda.com\/historiarealbetis\/wp-json\/wp\/v2\/categories?post=53453"},{"taxonomy":"post_tag","embeddable":true,"href":"https:\/\/www.manquepierda.com\/historiarealbetis\/wp-json\/wp\/v2\/tags?post=53453"}],"curies":[{"name":"wp","href":"https:\/\/api.w.org\/{rel}","templated":true}]}}