{"id":53488,"date":"2016-10-18T18:56:33","date_gmt":"2016-10-18T16:56:33","guid":{"rendered":"http:\/\/www.manquepierda.com\/historiarealbetis\/?p=53488"},"modified":"2024-09-02T18:38:54","modified_gmt":"2024-09-02T16:38:54","slug":"1964-octubre-18-primera-real-betis-balompie-2-sevilla-fc-0-52aniversario","status":"publish","type":"post","link":"https:\/\/www.manquepierda.com\/historiarealbetis\/1964-octubre-18-primera-real-betis-balompie-2-sevilla-fc-0-52aniversario\/","title":{"rendered":"1964-Octubre 18-Primera.-Real Betis Balompi\u00e9-2 Sevilla fc-0.-52Aniversario."},"content":{"rendered":"<p style=\"text-align: justify\">XXXIV EDICI\u00d3N-CAMPEONATO NACIONAL LIGA PRIMERA DIVISI\u00d3N-TEMPORADA 1964-1965 DESDE DOMINGO 13 SEPTIEMBRE 1964 HASTA DOMINGO 18 ABRIL 1965 AMBAS FECHAS INCLUSIVE.<\/p>\n<p style=\"text-align: justify\"><em>\u00abEL PR\u00d3LOGO\u00bb.-Hubo espectacular pr\u00f3logo en este primer encuentro entre los dos Primera Divisi\u00f3n sevillanos. <img data-recalc-dims=\"1\" loading=\"lazy\" decoding=\"async\" class=\"alignright size-medium wp-image-53490\" src=\"https:\/\/i0.wp.com\/www.manquepierda.com\/historiarealbetis\/files\/2016\/10\/19641018TrofeoAmerican-Football-Fans-Ansola.jpg?resize=371%2C600&#038;ssl=1\" alt=\"19641018trofeoamerican-football-fans-ansola\" width=\"371\" height=\"600\" srcset=\"https:\/\/i0.wp.com\/www.manquepierda.com\/historiarealbetis\/files\/2016\/10\/19641018TrofeoAmerican-Football-Fans-Ansola.jpg?resize=371%2C600&amp;ssl=1 371w, https:\/\/i0.wp.com\/www.manquepierda.com\/historiarealbetis\/files\/2016\/10\/19641018TrofeoAmerican-Football-Fans-Ansola.jpg?resize=136%2C220&amp;ssl=1 136w, https:\/\/i0.wp.com\/www.manquepierda.com\/historiarealbetis\/files\/2016\/10\/19641018TrofeoAmerican-Football-Fans-Ansola.jpg?resize=768%2C1243&amp;ssl=1 768w, https:\/\/i0.wp.com\/www.manquepierda.com\/historiarealbetis\/files\/2016\/10\/19641018TrofeoAmerican-Football-Fans-Ansola.jpg?resize=432%2C700&amp;ssl=1 432w, https:\/\/i0.wp.com\/www.manquepierda.com\/historiarealbetis\/files\/2016\/10\/19641018TrofeoAmerican-Football-Fans-Ansola.jpg?w=928&amp;ssl=1 928w\" sizes=\"auto, (max-width: 371px) 100vw, 371px\" \/><\/em><em>Dos equipos de los \u00abTOROS\u00bb dieron la vuelta al campo portando las banderas de Estados Unidos y de Espa\u00f1a, <strong>y un grupo de peque\u00f1as \u00abgirls\u00bb, majorettes con sus chaquetas rojas y faldas azules, <\/strong>tambi\u00e9n se alinearon frente a la tribuna, donde estaba el gobernador civil, don Jos\u00e9 Utrera Molina.<\/em><\/p>\n<p style=\"text-align: justify\"><em>Inmediatamente el coronel Mac Coy, que pronunci\u00f3 unas palabras <strong>acompa\u00f1ado por el presidente del Real Betis, don Benito Villamar\u00edn, entreg\u00f3 al centro delantero b\u00e9tico el trofeo especial de la \u00abAmerican Association Football Fans\u00bb, <\/strong><\/em><em><strong>por estimar dicha asociaci\u00f3n que el centro delantero vasco es el futbolista espa\u00f1ol que mejor responde a las caracter\u00edsticas especiales que definieron nuestro estilo balomp\u00e9dico a partir de la confrontaci\u00f3n mundial de Amberes: la furia, la combatividad, el esfuerzo repetido, la decisi\u00f3n&#8230;<\/strong><\/em><\/p>\n<p style=\"text-align: justify\"><em>Se interpretaron los himnos de Estados Unidos y Espa\u00f1a, y al final del encuentro, los \u00abTOROS\u00bb hicieron una espectacular exhibici\u00f3n de treinta minutos del f\u00fatbol americano, una variante m\u00e1s dura del rugby\u00bb.<\/em><\/p>\n<p style=\"text-align: justify\"><em>En la placa dorada se ha grabado el siguiente texto en ingl\u00e9s:<\/em><\/p>\n<p style=\"text-align: justify\"><span style=\"color: #008000\"><em><strong>\u00abEL AMERICAN FOOTBALL FANS A FERNANDO ANSOLA SANMART\u00cdN, DELANTERO CENTRO DEL CLUB ESPA\u00d1OL REAL BETIS BALOMPI\u00c9, EN RECONOCIMIENTO DE QUE \u00c9L REPRESENTA DE MODO PATENTE LOS M\u00c9RITOS M\u00c1S CARACTER\u00cdSTICOS DEL ESTILO FUTBOL\u00cdSTICO ESPA\u00d1OL: HONOR, BRAVURA, \u00cdMPETU, TEMPERAMENTO Y LEALTAD\u00bb.<\/strong><\/em><\/span><\/p>\n<hr \/>\n<p style=\"text-align: center\"><img data-recalc-dims=\"1\" loading=\"lazy\" decoding=\"async\" class=\"aligncenter size-full wp-image-53491\" src=\"https:\/\/i0.wp.com\/www.manquepierda.com\/historiarealbetis\/files\/2016\/10\/Alineaci%C3%B3n-Betis-Sevilla-Liga-1964-680x412.jpg?resize=680%2C412&#038;ssl=1\" alt=\"alineacion-betis-sevilla-liga-1964-680x412\" width=\"680\" height=\"412\" srcset=\"https:\/\/i0.wp.com\/www.manquepierda.com\/historiarealbetis\/files\/2016\/10\/Alineaci%C3%B3n-Betis-Sevilla-Liga-1964-680x412.jpg?resize=680%2C412&amp;ssl=1 680w, https:\/\/i0.wp.com\/www.manquepierda.com\/historiarealbetis\/files\/2016\/10\/Alineaci%C3%B3n-Betis-Sevilla-Liga-1964-680x412.jpg?resize=220%2C133&amp;ssl=1 220w\" sizes=\"auto, (max-width: 680px) 100vw, 680px\" \/><\/p>\n<p style=\"text-align: justify\"><strong>1964-OCTUBRE 18-DOMINGO-EN LA CIUDAD DEL SOL-16&#8217;30 HORAS \u00abESTADIO BENITO VILLAMAR\u00cdN\u00bb-3\u00ba PARTIDO DE ABONO-SEXTA JORNADA.-CLAVE MARCADOR SIMULT\u00c1NEO \u00abDARDO\u00bb: <em>\u00abTRIN***CHERA TRES ESTRELLAS\u00bb.<\/em><\/strong><\/p>\n<p style=\"text-align: justify\"><em>\u00abLos espectadores, que proporcionaron al estadio \u00abBenito Villamar\u00edn\u00bb el primer lleno de la temporada, pudieron ver como el \u00abonce\u00bb verdiblanco consegu\u00eda una limpia victoria sobre el Sevilla, en un partido interesante, y en el que los dos equipos se batieron a fondo. <\/em><\/p>\n<p style=\"text-align: justify\"><em>Si bien los dos conjuntos reforzaron sus l\u00edneas de cobertura, no hubo juego de r\u00edgido de contenci\u00f3n, sino de gran movilidad en el ataque y en la defensa, por lo que el derbi se desarroll\u00f3 con alternativas y emocionantes situaciones ante una puerta u otra\u00bb.<\/em><\/p>\n<p style=\"text-align: justify\"><img data-recalc-dims=\"1\" loading=\"lazy\" decoding=\"async\" class=\"alignleft size-thumbnail wp-image-53492\" src=\"https:\/\/i0.wp.com\/www.manquepierda.com\/historiarealbetis\/files\/2016\/10\/MGA.jpg?resize=125%2C220&#038;ssl=1\" alt=\"mga\" width=\"125\" height=\"220\" srcset=\"https:\/\/i0.wp.com\/www.manquepierda.com\/historiarealbetis\/files\/2016\/10\/MGA.jpg?resize=125%2C220&amp;ssl=1 125w, https:\/\/i0.wp.com\/www.manquepierda.com\/historiarealbetis\/files\/2016\/10\/MGA.jpg?w=223&amp;ssl=1 223w\" sizes=\"auto, (max-width: 125px) 100vw, 125px\" \/>Arbitr\u00f3 Manuel G\u00d3MEZ ARRIBAS (44 a\u00f1os)-Natural de Bilbao (Vizcaya)-1920.<\/p>\n<p style=\"text-align: justify\"><em>\u00abHizo un arbitraje imparcial, y aunque tuvo algunos errores de apreciaci\u00f3n su labor no influy\u00f3 para nada en el resultado del encuentro. Puede calificarse de acertado en un partido que si bien no tuvo violencia si se desarroll\u00f3 con fuerza y muy disputado\u00bb.<\/em><\/p>\n<p style=\"text-align: justify\"><strong><em>Los equipos fueron recibidos con aplausos y mezcla de silbidos, y quedaron formados as\u00ed:<\/em><\/strong><\/p>\n<p style=\"text-align: center\"><img data-recalc-dims=\"1\" loading=\"lazy\" decoding=\"async\" class=\"aligncenter size-thumbnail wp-image-53493\" src=\"https:\/\/i0.wp.com\/www.manquepierda.com\/historiarealbetis\/files\/2016\/10\/Benito-VILLAMAR%C3%8DN-PRIETO-1992ABC.jpg?resize=165%2C220&#038;ssl=1\" alt=\"benito-villamarin-prieto-1992abc\" width=\"165\" height=\"220\" srcset=\"https:\/\/i0.wp.com\/www.manquepierda.com\/historiarealbetis\/files\/2016\/10\/Benito-VILLAMAR%C3%8DN-PRIETO-1992ABC.jpg?resize=165%2C220&amp;ssl=1 165w, https:\/\/i0.wp.com\/www.manquepierda.com\/historiarealbetis\/files\/2016\/10\/Benito-VILLAMAR%C3%8DN-PRIETO-1992ABC.jpg?resize=450%2C600&amp;ssl=1 450w, https:\/\/i0.wp.com\/www.manquepierda.com\/historiarealbetis\/files\/2016\/10\/Benito-VILLAMAR%C3%8DN-PRIETO-1992ABC.jpg?resize=525%2C700&amp;ssl=1 525w, https:\/\/i0.wp.com\/www.manquepierda.com\/historiarealbetis\/files\/2016\/10\/Benito-VILLAMAR%C3%8DN-PRIETO-1992ABC.jpg?w=688&amp;ssl=1 688w\" sizes=\"auto, (max-width: 165px) 100vw, 165px\" \/><\/p>\n<p style=\"text-align: justify\"><em><strong><span style=\"color: #008000\"><img data-recalc-dims=\"1\" loading=\"lazy\" decoding=\"async\" class=\"alignleft size-thumbnail wp-image-53494\" src=\"https:\/\/i0.wp.com\/www.manquepierda.com\/historiarealbetis\/files\/2016\/10\/Benito-VILLAMAR%C3%8DN-PRIETO-Artistas-Lore%C3%B1os.png?resize=220%2C172&#038;ssl=1\" alt=\"benito-villamarin-prieto-artistas-lorenos\" width=\"220\" height=\"172\" srcset=\"https:\/\/i0.wp.com\/www.manquepierda.com\/historiarealbetis\/files\/2016\/10\/Benito-VILLAMAR%C3%8DN-PRIETO-Artistas-Lore%C3%B1os.png?resize=220%2C172&amp;ssl=1 220w, https:\/\/i0.wp.com\/www.manquepierda.com\/historiarealbetis\/files\/2016\/10\/Benito-VILLAMAR%C3%8DN-PRIETO-Artistas-Lore%C3%B1os.png?w=460&amp;ssl=1 460w\" sizes=\"auto, (max-width: 220px) 100vw, 220px\" \/>Desde s\u00e1bado 21 de Mayo de 1955 hasta martes 7 de Diciembre de 1965, presentaci\u00f3n escrito dimisi\u00f3n por fuerza mayor ajena a su voluntad-c\u00e1ncer de pulm\u00f3n-despidi\u00e9ndose de sus directivos y a trav\u00e9s de ellos de la afici\u00f3n b\u00e9tica-presidente del Real Betis Balompi\u00e9, industrial don Benito VILLAMAR\u00cdN PRIETO (48 a\u00f1os+2 meses menos 3 d\u00edas)-Natural de Puga-To\u00e9n (Ourense), lunes 21 de Agosto de 1916 [Centenario, 21-VIII-MMXVI)*<\/span><\/strong><\/em><\/p>\n<p style=\"text-align: justify\"><span style=\"color: #008000\"><em><strong>Obituario en Sevilla, lunes 15 de Agosto de 1966 (50 A\u00f1os menos 6 d\u00edas) D. E. P. [50\u00ba Aniversario, lunes 15-VIII-MMXVI] Primer Presidente Perpetuo y \u00fanico elegido democr\u00e1ticamente por la fiel infanter\u00eda verdiblanca.<\/strong><\/em><\/span><\/p>\n<p style=\"text-align: justify\"><span style=\"color: #008000\"><strong><img data-recalc-dims=\"1\" loading=\"lazy\" decoding=\"async\" class=\"alignleft size-thumbnail wp-image-53495\" src=\"https:\/\/i0.wp.com\/www.manquepierda.com\/historiarealbetis\/files\/2016\/10\/Louis-HON-Antonin.jpg?resize=148%2C220&#038;ssl=1\" alt=\"louis-hon-antonin\" width=\"148\" height=\"220\" srcset=\"https:\/\/i0.wp.com\/www.manquepierda.com\/historiarealbetis\/files\/2016\/10\/Louis-HON-Antonin.jpg?resize=148%2C220&amp;ssl=1 148w, https:\/\/i0.wp.com\/www.manquepierda.com\/historiarealbetis\/files\/2016\/10\/Louis-HON-Antonin.jpg?w=280&amp;ssl=1 280w\" sizes=\"auto, (max-width: 148px) 100vw, 148px\" \/>1-4 Entrenador Temporada 1964-1965 (01-19 Jornadas, ambas inclusive), Luis HON Antonin (40 a\u00f1os<span style=\"color: #008000\">+1 mes+7 d\u00edas)-Natural de Couche-les-Mines (Francia), jueves 11 de Septiembre de 1924.-Obituario en Saint Raphael (Francia), s\u00e1bado 5 de Enero de 2008 (83 A\u00f1os+4 meses menos 6 d\u00edas) D. E. P.<\/span><\/strong><\/span><\/p>\n<p style=\"text-align: justify\">\u00abOPINAN LOS ENTRENADORES POR BORMUJO\u00bb-HOJA DEL LUNES-SEVILLA19-10-1964: <span style=\"color: #333333\"><em><strong>\u00abFuimos superiores en todos los terrenos\u00bb.-\u00abSatisfecho\u00bb.<\/strong><\/em><\/span><\/p>\n<figure id=\"attachment_53496\" aria-describedby=\"caption-attachment-53496\" style=\"width: 220px\" class=\"wp-caption aligncenter\"><img data-recalc-dims=\"1\" loading=\"lazy\" decoding=\"async\" class=\"size-thumbnail wp-image-53496\" src=\"https:\/\/i0.wp.com\/www.manquepierda.com\/historiarealbetis\/files\/2016\/10\/Escudo-RBB-1960.jpg?resize=220%2C171&#038;ssl=1\" alt=\"REAL BETIS BALOMPI\u00c9-2 GOLES.\" width=\"220\" height=\"171\" srcset=\"https:\/\/i0.wp.com\/www.manquepierda.com\/historiarealbetis\/files\/2016\/10\/Escudo-RBB-1960.jpg?resize=220%2C171&amp;ssl=1 220w, https:\/\/i0.wp.com\/www.manquepierda.com\/historiarealbetis\/files\/2016\/10\/Escudo-RBB-1960.jpg?w=498&amp;ssl=1 498w\" sizes=\"auto, (max-width: 220px) 100vw, 220px\" \/><figcaption id=\"caption-attachment-53496\" class=\"wp-caption-text\">REAL BETIS BALOMPI\u00c9-2 GOLES.<\/figcaption><\/figure>\n<p style=\"text-align: justify\"><strong>5\u00ba CLASIFICADO CON 7 PUNTOS+1 POSITIVO (3-GANADOS+2-EMPATADOS+1-PERDIDO) 9-GOLES A FAVOR Y 4-TANTOS EN CONTRA.<\/strong><\/p>\n<p style=\"text-align: center\">Guardameta:<\/p>\n<p style=\"text-align: center\"><img data-recalc-dims=\"1\" loading=\"lazy\" decoding=\"async\" class=\"aligncenter size-thumbnail wp-image-53501\" src=\"https:\/\/i0.wp.com\/www.manquepierda.com\/historiarealbetis\/files\/2016\/10\/PEP%C3%8DN-Jos%C3%A9-Casas-Gris-01.jpg?resize=143%2C220&#038;ssl=1\" alt=\"pepin-jose-casas-gris-01\" width=\"143\" height=\"220\" srcset=\"https:\/\/i0.wp.com\/www.manquepierda.com\/historiarealbetis\/files\/2016\/10\/PEP%C3%8DN-Jos%C3%A9-Casas-Gris-01.jpg?resize=143%2C220&amp;ssl=1 143w, https:\/\/i0.wp.com\/www.manquepierda.com\/historiarealbetis\/files\/2016\/10\/PEP%C3%8DN-Jos%C3%A9-Casas-Gris-01.jpg?resize=391%2C600&amp;ssl=1 391w, https:\/\/i0.wp.com\/www.manquepierda.com\/historiarealbetis\/files\/2016\/10\/PEP%C3%8DN-Jos%C3%A9-Casas-Gris-01.jpg?resize=456%2C700&amp;ssl=1 456w, https:\/\/i0.wp.com\/www.manquepierda.com\/historiarealbetis\/files\/2016\/10\/PEP%C3%8DN-Jos%C3%A9-Casas-Gris-01.jpg?w=642&amp;ssl=1 642w\" sizes=\"auto, (max-width: 143px) 100vw, 143px\" \/><\/p>\n<p style=\"text-align: justify\"><span style=\"color: #008000\">\u00ab<em><strong>A los 40 minutos, Eusebio R\u00edos derriba a Ag\u00fcero. El castigo lo lanza Rivera, y Jos\u00e9 Casas env\u00eda, oportun\u00edsimo, al tercer saque de esquina. Luego 4\u00ba y 5\u00ba sin consecuencias. Final del primer tiempo\u00bb.<\/strong><\/em><\/span><\/p>\n<p style=\"text-align: justify\"><strong>1-(Imbatido).-Jos\u00e9 Casas Gris (a) \u00abPEP\u00cdN\u00bb (32 a\u00f1os+11 meses+2 d\u00edas)-Natural de Valencia, lunes 16 de Noviembre de 1931.-Obituario en Las Palmas de Gran Canaria, martes 12 de Octubre de 2010 (78 A\u00f1os+11 meses menos 4 d\u00edas) D. E. P.<\/strong><\/p>\n<p style=\"text-align: center\">Zagueros:<\/p>\n<p style=\"text-align: justify\"><strong>2-Lateral Diestro.-Francisco APARICIO Rambal.-5-Central.-Eusebio R\u00cdOS Fern\u00e1ndez.-3-Lateral Zurdo.-Francisco Faleato Ochoantesana (a) \u00abPAQUITO\u00bb.<\/strong><\/p>\n<p style=\"text-align: center\">Medios:<\/p>\n<p style=\"text-align: center\"><strong>4-Diestro.-Jos\u00e9 L\u00d3PEZ Hidalgo.-6-Zurdo.-Andr\u00e9s BOSCH Pujol.<\/strong><\/p>\n<p style=\"text-align: center\">Delanteros:<\/p>\n<p style=\"text-align: center\"><strong>7-Extremo Diestro.-Jos\u00e9 Mar\u00eda Garc\u00eda MONTANER.<\/strong><\/p>\n<p style=\"text-align: center\"><img data-recalc-dims=\"1\" loading=\"lazy\" decoding=\"async\" class=\"aligncenter size-thumbnail wp-image-53502\" src=\"https:\/\/i0.wp.com\/www.manquepierda.com\/historiarealbetis\/files\/2016\/10\/Antonio-PALLAR%C3%89S-Huertas-VYB196105-2.jpg?resize=149%2C220&#038;ssl=1\" alt=\"antonio-pallares-huertas-vyb196105\" width=\"149\" height=\"220\" srcset=\"https:\/\/i0.wp.com\/www.manquepierda.com\/historiarealbetis\/files\/2016\/10\/Antonio-PALLAR%C3%89S-Huertas-VYB196105-2.jpg?resize=149%2C220&amp;ssl=1 149w, https:\/\/i0.wp.com\/www.manquepierda.com\/historiarealbetis\/files\/2016\/10\/Antonio-PALLAR%C3%89S-Huertas-VYB196105-2.jpg?resize=406%2C600&amp;ssl=1 406w, https:\/\/i0.wp.com\/www.manquepierda.com\/historiarealbetis\/files\/2016\/10\/Antonio-PALLAR%C3%89S-Huertas-VYB196105-2.jpg?resize=474%2C700&amp;ssl=1 474w, https:\/\/i0.wp.com\/www.manquepierda.com\/historiarealbetis\/files\/2016\/10\/Antonio-PALLAR%C3%89S-Huertas-VYB196105-2.jpg?w=625&amp;ssl=1 625w\" sizes=\"auto, (max-width: 149px) 100vw, 149px\" \/><\/p>\n<p style=\"text-align: justify\"><span style=\"color: #008000\"><em><strong>*1-0.-35 Minutos.-\u00abRebell\u00f3n hace falta. El castigo lo lanza L\u00f3pez Hidalgo, y Antonio desv\u00eda el bal\u00f3n sobre su izquierda con la cabeza, el esf\u00e9rico da en el poste derecho y llega al fondo de las mallas, mientras Molina sigue con la vista la trayectoria del pelot\u00f3n\u00bb*<\/strong><\/em><\/span><\/p>\n<p style=\"text-align: justify\"><strong>8-Interior Diestro (1 gol).-Antonio PALLAR\u00c9S Huertas (23 a\u00f1os+10 meses+13 d\u00edas)-Natural de Alicante, jueves 5 de Diciembre de 1940.<br \/>\n<\/strong><\/p>\n<p style=\"text-align: justify\"><strong>9-Centro Delantero-Ariete.-Fernando ANSOLA Sanmart\u00edn.-10-Interior Zurdo.-Francisco Ort\u00edz V\u00e1zquez (a) \u00abFRASCO\u00bb.<\/strong><\/p>\n<p style=\"text-align: center\"><img data-recalc-dims=\"1\" loading=\"lazy\" decoding=\"async\" class=\"aligncenter size-thumbnail wp-image-53503\" src=\"https:\/\/i0.wp.com\/www.manquepierda.com\/historiarealbetis\/files\/2016\/10\/Andr%C3%A9s-MOLINA-Soler-1.jpg?resize=100%2C220&#038;ssl=1\" alt=\"andres-molina-soler-1\" width=\"100\" height=\"220\" \/><\/p>\n<p style=\"text-align: justify\"><span style=\"color: #008000\"><em><strong>*2-0.-58 Minutos.-\u00abCombinaci\u00f3n Montaner-Aparicio con centro pasado de \u00e9ste, y Andr\u00e9s cruza con la cabeza el cuero al lado izquierdo del portero sevillista Miguel \u00c1ngel, logrando el marcador final del derbi\u00bb*<\/strong><\/em><\/span><\/p>\n<p style=\"text-align: justify\"><strong>11-Extremo Zurdo.-Andr\u00e9s MOLINA Soler (24 a\u00f1os+7 meses+4 d\u00edas)-Natural de Elche (Alicante), jueves 14 de Marzo de 1940<\/strong><\/p>\n<p style=\"text-align: center\">Vs.<\/p>\n<p style=\"text-align: center\"><img data-recalc-dims=\"1\" loading=\"lazy\" decoding=\"async\" class=\"aligncenter size-full wp-image-53497\" src=\"https:\/\/i0.wp.com\/www.manquepierda.com\/historiarealbetis\/files\/2016\/10\/JuanLopezSanchez.jpg?resize=131%2C175&#038;ssl=1\" alt=\"juanlopezsanchez\" width=\"131\" height=\"175\" \/><\/p>\n<p style=\"text-align: center\">Jueves 19-IX-1963\/mi\u00e9rcoles 4-V-1966.-Presdidente, don Juan L\u00f3pez S\u00e1nchez<\/p>\n<p style=\"text-align: justify\"><em>\u00abOPINAN LOS ENTRENADORES\u00bb POR \u00abBORMUJO\u00bb-\u00abHOJA DEL LUNES\u00bb-SEVILLA 19-OCTUBRE-1964: <strong>\u00abEL BETIS APROVECH\u00d3 MEJOR LAS OPORTUNIDADES\u00bb.<\/strong><\/em><\/p>\n<p style=\"text-align: center\"><img data-recalc-dims=\"1\" loading=\"lazy\" decoding=\"async\" class=\"aligncenter size-large wp-image-53498\" src=\"https:\/\/i0.wp.com\/www.manquepierda.com\/historiarealbetis\/files\/2016\/10\/19641018BORMUJO-Daucik.jpg?resize=332%2C700&#038;ssl=1\" alt=\"19641018bormujo-daucik\" width=\"332\" height=\"700\" srcset=\"https:\/\/i0.wp.com\/www.manquepierda.com\/historiarealbetis\/files\/2016\/10\/19641018BORMUJO-Daucik.jpg?resize=332%2C700&amp;ssl=1 332w, https:\/\/i0.wp.com\/www.manquepierda.com\/historiarealbetis\/files\/2016\/10\/19641018BORMUJO-Daucik.jpg?resize=104%2C220&amp;ssl=1 104w, https:\/\/i0.wp.com\/www.manquepierda.com\/historiarealbetis\/files\/2016\/10\/19641018BORMUJO-Daucik.jpg?resize=285%2C600&amp;ssl=1 285w, https:\/\/i0.wp.com\/www.manquepierda.com\/historiarealbetis\/files\/2016\/10\/19641018BORMUJO-Daucik.jpg?w=764&amp;ssl=1 764w\" sizes=\"auto, (max-width: 332px) 100vw, 332px\" \/><\/p>\n<p style=\"text-align: justify\">9\u00ba CLASIFICADO CON 6 PUNTOS (3ganados+0empatados+3perdidos) 7-10 TANTOS FAVOR-CONTRA.-El\u00e1stica roja, calz\u00f3n azul.<\/p>\n<figure id=\"attachment_53499\" aria-describedby=\"caption-attachment-53499\" style=\"width: 208px\" class=\"wp-caption aligncenter\"><img data-recalc-dims=\"1\" loading=\"lazy\" decoding=\"async\" class=\"size-thumbnail wp-image-53499\" src=\"https:\/\/i0.wp.com\/www.manquepierda.com\/historiarealbetis\/files\/2016\/10\/SFbC1945.jpg?resize=208%2C220&#038;ssl=1\" alt=\"SEVILLA CLUB F\u00daTBOL-0 TANTOS.\" width=\"208\" height=\"220\" srcset=\"https:\/\/i0.wp.com\/www.manquepierda.com\/historiarealbetis\/files\/2016\/10\/SFbC1945.jpg?resize=208%2C220&amp;ssl=1 208w, https:\/\/i0.wp.com\/www.manquepierda.com\/historiarealbetis\/files\/2016\/10\/SFbC1945.jpg?w=320&amp;ssl=1 320w\" sizes=\"auto, (max-width: 208px) 100vw, 208px\" \/><figcaption id=\"caption-attachment-53499\" class=\"wp-caption-text\">SEVILLA CLUB F\u00daTBOL-0 TANTOS.<\/figcaption><\/figure>\n<p style=\"text-align: center\"><img data-recalc-dims=\"1\" loading=\"lazy\" decoding=\"async\" class=\"aligncenter size-thumbnail wp-image-53500\" src=\"https:\/\/i0.wp.com\/www.manquepierda.com\/historiarealbetis\/files\/2016\/10\/MAMP.jpg?resize=135%2C220&#038;ssl=1\" alt=\"mamp\" width=\"135\" height=\"220\" srcset=\"https:\/\/i0.wp.com\/www.manquepierda.com\/historiarealbetis\/files\/2016\/10\/MAMP.jpg?resize=135%2C220&amp;ssl=1 135w, https:\/\/i0.wp.com\/www.manquepierda.com\/historiarealbetis\/files\/2016\/10\/MAMP.jpg?w=152&amp;ssl=1 152w\" sizes=\"auto, (max-width: 135px) 100vw, 135px\" \/><\/p>\n<p style=\"text-align: center\">1-<strong>(2 goles encajados).-MIguel \u00c1ngel MOLINA Pons.<\/strong><\/p>\n<p style=\"text-align: justify\">2-ELOY Fern\u00e1ndez L\u00f3pez-5-Francisco Fern\u00e1ndez Rodr\u00edguez (a) \u00abGALLEGO\u00bb.-3-Antonio DONATO Ib\u00f3s; 4-Ignacio ACH\u00daCARRO Ayala.-6-Casto Jes\u00fas BANCALERO S\u00e1nchez; 7-Juan Bautista AG\u00dcERO S\u00e1nchez.-8-Jos\u00e9 Carlos DI\u00c9GUEZ Bravo.-9-Ces\u00e1rero RIVERA P\u00e9rez.-10-Alfredo REBELL\u00d3N Sainz.-11-Antonio FLORES Pedraza.<\/p>\n<figure id=\"attachment_53504\" aria-describedby=\"caption-attachment-53504\" style=\"width: 2170px\" class=\"wp-caption aligncenter\"><img data-recalc-dims=\"1\" loading=\"lazy\" decoding=\"async\" class=\"size-full wp-image-53504\" src=\"https:\/\/i0.wp.com\/www.manquepierda.com\/historiarealbetis\/files\/2016\/10\/19641020ABCSerrano.jpg?resize=1290%2C1823&#038;ssl=1\" alt=\"Fotos SERRANO ABC-SEVILLA-19641020Martes.\" width=\"1290\" height=\"1823\" srcset=\"https:\/\/i0.wp.com\/www.manquepierda.com\/historiarealbetis\/files\/2016\/10\/19641020ABCSerrano.jpg?w=2170&amp;ssl=1 2170w, https:\/\/i0.wp.com\/www.manquepierda.com\/historiarealbetis\/files\/2016\/10\/19641020ABCSerrano.jpg?resize=156%2C220&amp;ssl=1 156w, https:\/\/i0.wp.com\/www.manquepierda.com\/historiarealbetis\/files\/2016\/10\/19641020ABCSerrano.jpg?resize=425%2C600&amp;ssl=1 425w, https:\/\/i0.wp.com\/www.manquepierda.com\/historiarealbetis\/files\/2016\/10\/19641020ABCSerrano.jpg?resize=768%2C1085&amp;ssl=1 768w, https:\/\/i0.wp.com\/www.manquepierda.com\/historiarealbetis\/files\/2016\/10\/19641020ABCSerrano.jpg?resize=495%2C700&amp;ssl=1 495w\" sizes=\"auto, (max-width: 1290px) 100vw, 1290px\" \/><figcaption id=\"caption-attachment-53504\" class=\"wp-caption-text\">Fotos SERRANO ABC-SEVILLA-19641020Martes.<\/figcaption><\/figure>\n<p style=\"text-align: center\">\n","protected":false},"excerpt":{"rendered":"<p>XXXIV EDICI\u00d3N-CAMPEONATO NACIONAL LIGA PRIMERA DIVISI\u00d3N-TEMPORADA 1964-1965 DESDE DOMINGO 13 SEPTIEMBRE 1964 HASTA DOMINGO 18 ABRIL 1965 AMBAS FECHAS INCLUSIVE. \u00abEL PR\u00d3LOGO\u00bb.-Hubo espectacular pr\u00f3logo en este primer encuentro entre los dos Primera Divisi\u00f3n sevillanos. Dos equipos de los \u00abTOROS\u00bb dieron la vuelta al campo portando las banderas de Estados Unidos y de Espa\u00f1a, y un&#8230;<\/p>\n","protected":false},"author":48,"featured_media":53491,"comment_status":"open","ping_status":"open","sticky":false,"template":"","format":"standard","meta":{"_kad_post_transparent":"","_kad_post_title":"","_kad_post_layout":"","_kad_post_sidebar_id":"","_kad_post_content_style":"","_kad_post_vertical_padding":"","_kad_post_feature":"","_kad_post_feature_position":"","_kad_post_header":false,"_kad_post_footer":false,"_kad_post_classname":"","_jetpack_memberships_contains_paid_content":false,"footnotes":"","jetpack_publicize_message":"","jetpack_publicize_feature_enabled":true,"jetpack_social_post_already_shared":true,"jetpack_social_options":{"image_generator_settings":{"template":"highway","default_image_id":0,"font":"","enabled":false},"version":2}},"categories":[902,1],"tags":[4033,2900,17903,916],"class_list":["post-53488","post","type-post","status-publish","format-standard","has-post-thumbnail","hentry","category-1960-1969","category-portada","tag-4033","tag-1964-65","tag-liga-primera-1964-65","tag-sevilla-fc"],"jetpack_publicize_connections":[],"jetpack_featured_media_url":"https:\/\/i0.wp.com\/www.manquepierda.com\/historiarealbetis\/files\/2016\/10\/Alineaci%C3%B3n-Betis-Sevilla-Liga-1964-680x412.jpg?fit=680%2C412&ssl=1","jetpack_sharing_enabled":true,"jetpack_shortlink":"https:\/\/wp.me\/p1ij08-dUI","jetpack-related-posts":[],"_links":{"self":[{"href":"https:\/\/www.manquepierda.com\/historiarealbetis\/wp-json\/wp\/v2\/posts\/53488","targetHints":{"allow":["GET"]}}],"collection":[{"href":"https:\/\/www.manquepierda.com\/historiarealbetis\/wp-json\/wp\/v2\/posts"}],"about":[{"href":"https:\/\/www.manquepierda.com\/historiarealbetis\/wp-json\/wp\/v2\/types\/post"}],"author":[{"embeddable":true,"href":"https:\/\/www.manquepierda.com\/historiarealbetis\/wp-json\/wp\/v2\/users\/48"}],"replies":[{"embeddable":true,"href":"https:\/\/www.manquepierda.com\/historiarealbetis\/wp-json\/wp\/v2\/comments?post=53488"}],"version-history":[{"count":1,"href":"https:\/\/www.manquepierda.com\/historiarealbetis\/wp-json\/wp\/v2\/posts\/53488\/revisions"}],"predecessor-version":[{"id":98468,"href":"https:\/\/www.manquepierda.com\/historiarealbetis\/wp-json\/wp\/v2\/posts\/53488\/revisions\/98468"}],"wp:featuredmedia":[{"embeddable":true,"href":"https:\/\/www.manquepierda.com\/historiarealbetis\/wp-json\/wp\/v2\/media\/53491"}],"wp:attachment":[{"href":"https:\/\/www.manquepierda.com\/historiarealbetis\/wp-json\/wp\/v2\/media?parent=53488"}],"wp:term":[{"taxonomy":"category","embeddable":true,"href":"https:\/\/www.manquepierda.com\/historiarealbetis\/wp-json\/wp\/v2\/categories?post=53488"},{"taxonomy":"post_tag","embeddable":true,"href":"https:\/\/www.manquepierda.com\/historiarealbetis\/wp-json\/wp\/v2\/tags?post=53488"}],"curies":[{"name":"wp","href":"https:\/\/api.w.org\/{rel}","templated":true}]}}