{"id":53609,"date":"2016-10-23T11:46:08","date_gmt":"2016-10-23T09:46:08","guid":{"rendered":"http:\/\/www.manquepierda.com\/historiarealbetis\/?p=53609"},"modified":"2024-08-12T17:01:35","modified_gmt":"2024-08-12T15:01:35","slug":"1932-octubre-23-mancomunado-centro-sur-betis-balompie-5-valladolid-deportivo-2-84aniversario","status":"publish","type":"post","link":"https:\/\/www.manquepierda.com\/historiarealbetis\/1932-octubre-23-mancomunado-centro-sur-betis-balompie-5-valladolid-deportivo-2-84aniversario\/","title":{"rendered":"1932-Octubre 23.-Mancomunado Centro-Sur.-Betis Balompi\u00e9-5 Valladolid Deportivo-2.-84Aniversario."},"content":{"rendered":"<p style=\"text-align: justify\">PRIMERA EDICI\u00d3N-CAMPEONATO MANCOMUNADO PRIMERA CATEGOR\u00cdA \u00abCENTRO-SUR\u00bb-DESDE DOMINGO 25 SEPTIEMBRE HASTA DOMINGO 20 NOVIEMBRE 1932.-PARTICIPARON LOS SIGUIENTES CLUBES: ATHL\u00c9TIC MADRID-MADRID CF-NACIONAL MADRID-VALLADOLID DEPORTIVO-SEVILLA CF-BETIS BALOMPI\u00c9.<\/p>\n<p style=\"text-align: center\"><img data-recalc-dims=\"1\" loading=\"lazy\" decoding=\"async\" class=\"aligncenter size-full wp-image-53614\" src=\"https:\/\/i0.wp.com\/www.manquepierda.com\/historiarealbetis\/files\/2016\/10\/Vista-a%C3%A9rea-del-Patronato-NMP-La-Uni%C3%B3n-16-11-1928-680x498.jpg?resize=680%2C498&#038;ssl=1\" alt=\"vista-aerea-del-patronato-nmp-la-union-16-11-1928-680x498\" width=\"680\" height=\"498\" srcset=\"https:\/\/i0.wp.com\/www.manquepierda.com\/historiarealbetis\/files\/2016\/10\/Vista-a%C3%A9rea-del-Patronato-NMP-La-Uni%C3%B3n-16-11-1928-680x498.jpg?resize=680%2C498&amp;ssl=1 680w, https:\/\/i0.wp.com\/www.manquepierda.com\/historiarealbetis\/files\/2016\/10\/Vista-a%C3%A9rea-del-Patronato-NMP-La-Uni%C3%B3n-16-11-1928-680x498.jpg?resize=220%2C161&amp;ssl=1 220w\" sizes=\"auto, (max-width: 680px) 100vw, 680px\" \/><\/p>\n<p style=\"text-align: justify\"><strong>1932-OCTUBRE 23-DOMINGO BARRIO \u00abEL PORVENIR\u00bb-DESDE LA AVENIDA DE \u00abSAN SEBASTI\u00c1N\u00bb SE LLEGABA AL CAMPO MUNICIPAL DEPORTES \u00abPATRONATO OBRERO\u00bb POR LAS CALLES \u00abSAN SALVADOR\u00bb-\u00abMONTEVIDEO\u00bb-\u00abBRASIL\u00bb-CRUZANDO \u00abEXPOSICI\u00d3N\u00bb Y PARALELA DE ESTA \u00abDIEGO DE LA BARRERA\u00bb: TRIBUNA DE PREFERENCIA.-SEXTA JORNADA.<\/strong><\/p>\n<p style=\"text-align: center\">RECORTES DE PRENSA:<\/p>\n<p style=\"text-align: justify\"><em>\u00abJUGADORES DE YO-YO\u00bb.-Esos son los equipiers del Valladolid. Juegan al f\u00fatbol con la misma finura que una ni\u00f1a bien maneja el moderno juguete; en algunos casos hasta con cursiler\u00eda. <\/em><em>El bal\u00f3n empujado con tacto cari\u00f1oso va y viene de unos pies a otros, dibujando espirales, tri\u00e1ngulos y todas cuantas tonter\u00edas se hacen con el \u00abyo-yo\u00bb. <\/em><\/p>\n<p style=\"text-align: justify\"><em>La cursiler\u00eda del siglo ha prendido entre los muchachos \u00abmalva\u00bb de la orilla del Pisuerga. Hacen f\u00fatbol de sal\u00f3n para la galer\u00eda, para ese p\u00fablico \u00abfeminista\u00bb que se deleita viendo c\u00f3mo le dan a la bolita con la misma finura que se tira una carambola. <\/em><em>Hoy han dado un curso de \u00abyo-yo\u00bb, tirando de la bolita para un lado, para el otro, describiendo labores bell\u00edsimas sobre el fondo verde de la pista b\u00e9tica. <\/em><\/p>\n<p style=\"text-align: justify\"><em>Llevaron el cuero con soltura, hasta con acierto si se quiere, mas al llegar a las agujas&#8211;le\u00e1se zagueros&#8211;volv\u00edan la espalda <strong>ante las acometidas de Areso y \u00abJesus\u00edn\u00bb; <\/strong>\u00fanicamente en algunas ocasiones sueltas se jugaron el \u00abtup\u00e9\u00bb y entonces se vi\u00f3 comprometida <strong>la meta b\u00e9tica de manera seria. <\/strong><\/em><em>En las restantes ocasiones perd\u00edan el bal\u00f3n, unas veces por indecisi\u00f3n, otras por miedo. <\/em><\/p>\n<p style=\"text-align: justify\"><em>La l\u00ednea media vallisoletana jug\u00f3 un gran partido, empujando constantemente a sus delanteros; Gabilondo, Ros y Murube, constituyeron la mejor l\u00ednea castellana, plet\u00f3rica de juego. Flexible y de empuje hizo noventa minutos de juego excelente; tan pronto ve\u00edamos como ayudada a su defensa, como se lanzaba al ataque, constituyendo sus dos alas dos delanteros m\u00e1s que multiplicaban los avances con ardor\u00bb.-<\/em>Fuente \u00abDEPORTES\u00bb-C\u00f3rdoba, lunes 24-10-1932.-Cr\u00f3nica de J. L. Lozano.<\/p>\n<figure id=\"attachment_53637\" aria-describedby=\"caption-attachment-53637\" style=\"width: 856px\" class=\"wp-caption alignnone\"><img data-recalc-dims=\"1\" loading=\"lazy\" decoding=\"async\" class=\"size-full wp-image-53637\" src=\"https:\/\/i0.wp.com\/www.manquepierda.com\/historiarealbetis\/files\/2016\/10\/19321023MGPando.jpg?resize=856%2C1233&#038;ssl=1\" alt=\"MMMMM\" width=\"856\" height=\"1233\" srcset=\"https:\/\/i0.wp.com\/www.manquepierda.com\/historiarealbetis\/files\/2016\/10\/19321023MGPando.jpg?w=856&amp;ssl=1 856w, https:\/\/i0.wp.com\/www.manquepierda.com\/historiarealbetis\/files\/2016\/10\/19321023MGPando.jpg?resize=153%2C220&amp;ssl=1 153w, https:\/\/i0.wp.com\/www.manquepierda.com\/historiarealbetis\/files\/2016\/10\/19321023MGPando.jpg?resize=417%2C600&amp;ssl=1 417w, https:\/\/i0.wp.com\/www.manquepierda.com\/historiarealbetis\/files\/2016\/10\/19321023MGPando.jpg?resize=768%2C1106&amp;ssl=1 768w, https:\/\/i0.wp.com\/www.manquepierda.com\/historiarealbetis\/files\/2016\/10\/19321023MGPando.jpg?resize=486%2C700&amp;ssl=1 486w\" sizes=\"auto, (max-width: 856px) 100vw, 856px\" \/><figcaption id=\"caption-attachment-53637\" class=\"wp-caption-text\"><em>\u00abEl Betis Balompi\u00e9 que contra el Valladolid consigui\u00f3 una victoria por 5-2, vio cuando concluir el primer tiempo 2-2. Las intervenciones del vallisoletano Irigoyen, que en la foto evita el remate de Adolfo\u00bb.-<\/em>Fuente: Revista Popular Ilustrada \u00abMundo Gr\u00e1fico\u00bb-Madrid 19321026-Mi\u00e9rcoles.<\/figcaption><\/figure>\n<p style=\"text-align: justify\"><img data-recalc-dims=\"1\" loading=\"lazy\" decoding=\"async\" class=\"alignleft size-thumbnail wp-image-53615\" src=\"https:\/\/i0.wp.com\/www.manquepierda.com\/historiarealbetis\/files\/2016\/10\/emr.jpg?resize=134%2C220&#038;ssl=1\" alt=\"emr\" width=\"134\" height=\"220\" srcset=\"https:\/\/i0.wp.com\/www.manquepierda.com\/historiarealbetis\/files\/2016\/10\/emr.jpg?resize=134%2C220&amp;ssl=1 134w, https:\/\/i0.wp.com\/www.manquepierda.com\/historiarealbetis\/files\/2016\/10\/emr.jpg?w=182&amp;ssl=1 182w\" sizes=\"auto, (max-width: 134px) 100vw, 134px\" \/>Arbitr\u00f3 discretamente el colegiado Ezequiel MONTERO Rom\u00e1n (39 a\u00f1os+8 meses+1 d\u00eda)-Natural de Madrid, mi\u00e9rcoles 22 de Febrero de 1893.<\/p>\n<p style=\"text-align: center\">ALINE\u00c1NDOSE AMBAS ESCUADRAS DE LA FORMA SIGUIENTE:<\/p>\n<p style=\"text-align: justify\"><span style=\"color: #008000\"><em><strong>25\u00ba Presidente Betis Balompi\u00e9, don Jos\u00e9 Ignacio MANTEC\u00d3N NAVASAL (30 a\u00f1os+1 mes menos 3 d\u00edas)-Natural de Zaragoza, viernes 26 de Septiembre de 1902.<\/strong><\/em><\/span><\/p>\n<p style=\"text-align: center\"><img data-recalc-dims=\"1\" loading=\"lazy\" decoding=\"async\" class=\"aligncenter size-full wp-image-53638\" src=\"https:\/\/i0.wp.com\/www.manquepierda.com\/historiarealbetis\/files\/2016\/10\/Jos%C3%A9-Ignacio-MANTEC%C3%93N-NAVASAL-1.jpg?resize=161%2C202&#038;ssl=1\" alt=\"jose-ignacio-mantecon-navasal-1\" width=\"161\" height=\"202\" \/>Gabilondo<\/p>\n<p style=\"text-align: justify\"><span style=\"color: #008000\"><em><strong>En septiembre de 1926, siendo Oficial 3\u00ba del Cuerpo Facultativo de Archiveros, Bibliotecarios y Arque\u00f3logos de Espa\u00f1a, es destinado al Archivo General de Indias de Sevilla.-Obituario en M\u00e9xico-Distrito Federal-domingo 20 de Junio de 1982 (79 A\u00f1os+9 meses menos 6 d\u00edas) D. E. P.<\/strong><\/em><\/span><\/p>\n<p style=\"text-align: justify\"><img data-recalc-dims=\"1\" loading=\"lazy\" decoding=\"async\" class=\"alignleft size-thumbnail wp-image-53639\" src=\"https:\/\/i0.wp.com\/www.manquepierda.com\/historiarealbetis\/files\/2016\/10\/Patrick-Joseph-OConnell-1935.jpg?resize=162%2C220&#038;ssl=1\" alt=\"patrick-joseph-oconnell-1935\" width=\"162\" height=\"220\" srcset=\"https:\/\/i0.wp.com\/www.manquepierda.com\/historiarealbetis\/files\/2016\/10\/Patrick-Joseph-OConnell-1935.jpg?resize=162%2C220&amp;ssl=1 162w, https:\/\/i0.wp.com\/www.manquepierda.com\/historiarealbetis\/files\/2016\/10\/Patrick-Joseph-OConnell-1935.jpg?resize=441%2C600&amp;ssl=1 441w, https:\/\/i0.wp.com\/www.manquepierda.com\/historiarealbetis\/files\/2016\/10\/Patrick-Joseph-OConnell-1935.jpg?resize=768%2C1045&amp;ssl=1 768w, https:\/\/i0.wp.com\/www.manquepierda.com\/historiarealbetis\/files\/2016\/10\/Patrick-Joseph-OConnell-1935.jpg?resize=515%2C700&amp;ssl=1 515w, https:\/\/i0.wp.com\/www.manquepierda.com\/historiarealbetis\/files\/2016\/10\/Patrick-Joseph-OConnell-1935.jpg?w=894&amp;ssl=1 894w\" sizes=\"auto, (max-width: 162px) 100vw, 162px\" \/><span style=\"color: #008000\"><strong>Entrenador Mr. Patrick Joseph O&#8217;CONNELL (45 a\u00f1os+3 meses+12 d\u00edas)-Natural de Drucomdra-Dublin (Republic of Ireland), martes 8 de Marzo de 1887.<\/strong><\/span><\/p>\n<p style=\"text-align: justify\"><strong><span style=\"color: #008000\">Obituario en St Pancras-Condado Cavem-Cementery Distrito Kilburn-London (England), viernes 27 de Febrero de 1959 (71 A\u00f1os+11 meses+19 d\u00edas) D. E. P.<\/span><\/strong><\/p>\n<figure id=\"attachment_53640\" aria-describedby=\"caption-attachment-53640\" style=\"width: 154px\" class=\"wp-caption aligncenter\"><img data-recalc-dims=\"1\" loading=\"lazy\" decoding=\"async\" class=\"size-full wp-image-53640\" src=\"https:\/\/i0.wp.com\/www.manquepierda.com\/historiarealbetis\/files\/2016\/10\/1932-RBB1-1.jpg?resize=154%2C154&#038;ssl=1\" alt=\"BETIS BALOMPI\u00c9-5 GOLES.\" width=\"154\" height=\"154\" \/><figcaption id=\"caption-attachment-53640\" class=\"wp-caption-text\">BETIS BALOMPI\u00c9-5 GOLES.<\/figcaption><\/figure>\n<p style=\"text-align: justify\"><strong>CUARTO CLASIFICADO CON SEIS PUNTOS (1-GANADO+4-EMPATADOS+1-PERDIDO) 10-GOLES A FAVOR Y 14-TANTOS EN CONTRA.<\/strong><\/p>\n<p style=\"text-align: center\">Guardameta:<\/p>\n<p style=\"text-align: center\"><img data-recalc-dims=\"1\" loading=\"lazy\" decoding=\"async\" class=\"aligncenter size-thumbnail wp-image-53641\" src=\"https:\/\/i0.wp.com\/www.manquepierda.com\/historiarealbetis\/files\/2016\/10\/Joaqu%C3%ADn-URQUIAGA-Legarburu-01.jpg?resize=114%2C220&#038;ssl=1\" alt=\"joaquin-urquiaga-legarburu-01\" width=\"114\" height=\"220\" srcset=\"https:\/\/i0.wp.com\/www.manquepierda.com\/historiarealbetis\/files\/2016\/10\/Joaqu%C3%ADn-URQUIAGA-Legarburu-01.jpg?resize=114%2C220&amp;ssl=1 114w, https:\/\/i0.wp.com\/www.manquepierda.com\/historiarealbetis\/files\/2016\/10\/Joaqu%C3%ADn-URQUIAGA-Legarburu-01.jpg?resize=311%2C600&amp;ssl=1 311w, https:\/\/i0.wp.com\/www.manquepierda.com\/historiarealbetis\/files\/2016\/10\/Joaqu%C3%ADn-URQUIAGA-Legarburu-01.jpg?w=326&amp;ssl=1 326w\" sizes=\"auto, (max-width: 114px) 100vw, 114px\" \/><\/p>\n<p style=\"text-align: justify\"><strong><span style=\"color: #333333\">1-(2 tantos encajados).-Joaqu\u00edn URQUIAGA Legarburu (22 a\u00f1os+7 meses menos 6 d\u00edas)-Narural de Zorrotza-Bilbao (Vizcaya), martes 29 Marzo de 1910.-Obituario en Bilbao (Vizcaya), domingo 25 Julio de 1965 (55 A\u00f1os+4 meses menos 4 d\u00edas) D. E. P.<\/span><\/strong><\/p>\n<p style=\"text-align: center\">Zagueros:<\/p>\n<p style=\"text-align: center\"><img data-recalc-dims=\"1\" loading=\"lazy\" decoding=\"async\" class=\"aligncenter size-thumbnail wp-image-53642\" src=\"https:\/\/i0.wp.com\/www.manquepierda.com\/historiarealbetis\/files\/2016\/10\/Pedro-Pablo-ARESO-Aramburu-1.jpg?resize=158%2C220&#038;ssl=1\" alt=\"pedro-pablo-areso-aramburu-1\" width=\"158\" height=\"220\" srcset=\"https:\/\/i0.wp.com\/www.manquepierda.com\/historiarealbetis\/files\/2016\/10\/Pedro-Pablo-ARESO-Aramburu-1.jpg?resize=158%2C220&amp;ssl=1 158w, https:\/\/i0.wp.com\/www.manquepierda.com\/historiarealbetis\/files\/2016\/10\/Pedro-Pablo-ARESO-Aramburu-1.jpg?w=265&amp;ssl=1 265w\" sizes=\"auto, (max-width: 158px) 100vw, 158px\" \/><\/p>\n<p style=\"text-align: center\"><strong>2-Lateral Diestro.-Pedro Pablo ARESO Aramburu.<\/strong><\/p>\n<p style=\"text-align: center\"><img data-recalc-dims=\"1\" loading=\"lazy\" decoding=\"async\" class=\"aligncenter size-thumbnail wp-image-53643\" src=\"https:\/\/i0.wp.com\/www.manquepierda.com\/historiarealbetis\/files\/2016\/10\/JESUS%C3%8DN-Jes%C3%BAs-Alberto-Ruiz-Medrano-MMG-1.jpg?resize=137%2C220&#038;ssl=1\" alt=\"jesusin-jesus-alberto-ruiz-medrano-mmg\" width=\"137\" height=\"220\" srcset=\"https:\/\/i0.wp.com\/www.manquepierda.com\/historiarealbetis\/files\/2016\/10\/JESUS%C3%8DN-Jes%C3%BAs-Alberto-Ruiz-Medrano-MMG-1.jpg?resize=137%2C220&amp;ssl=1 137w, https:\/\/i0.wp.com\/www.manquepierda.com\/historiarealbetis\/files\/2016\/10\/JESUS%C3%8DN-Jes%C3%BAs-Alberto-Ruiz-Medrano-MMG-1.jpg?resize=373%2C600&amp;ssl=1 373w, https:\/\/i0.wp.com\/www.manquepierda.com\/historiarealbetis\/files\/2016\/10\/JESUS%C3%8DN-Jes%C3%BAs-Alberto-Ruiz-Medrano-MMG-1.jpg?resize=768%2C1236&amp;ssl=1 768w, https:\/\/i0.wp.com\/www.manquepierda.com\/historiarealbetis\/files\/2016\/10\/JESUS%C3%8DN-Jes%C3%BAs-Alberto-Ruiz-Medrano-MMG-1.jpg?resize=435%2C700&amp;ssl=1 435w, https:\/\/i0.wp.com\/www.manquepierda.com\/historiarealbetis\/files\/2016\/10\/JESUS%C3%8DN-Jes%C3%BAs-Alberto-Ruiz-Medrano-MMG-1.jpg?w=1024&amp;ssl=1 1024w\" sizes=\"auto, (max-width: 137px) 100vw, 137px\" \/><\/p>\n<p style=\"text-align: center\"><strong>3-Lateral Zurdo.-Jes\u00fas Alberto Ruiz Medrano (a) \u00abJESUS\u00cdN\u00bb.<\/strong><\/p>\n<p style=\"text-align: center\">Medios:<\/p>\n<p style=\"text-align: center\"><img data-recalc-dims=\"1\" loading=\"lazy\" decoding=\"async\" class=\"aligncenter size-thumbnail wp-image-53644\" src=\"https:\/\/i0.wp.com\/www.manquepierda.com\/historiarealbetis\/files\/2016\/10\/PERAL-Jos%C3%A9-Su%C3%A1rez-Gonz%C3%A1lez-MMG-2.jpg?resize=138%2C220&#038;ssl=1\" alt=\"peral-jose-suarez-gonzalez-mmg\" width=\"138\" height=\"220\" srcset=\"https:\/\/i0.wp.com\/www.manquepierda.com\/historiarealbetis\/files\/2016\/10\/PERAL-Jos%C3%A9-Su%C3%A1rez-Gonz%C3%A1lez-MMG-2.jpg?resize=138%2C220&amp;ssl=1 138w, https:\/\/i0.wp.com\/www.manquepierda.com\/historiarealbetis\/files\/2016\/10\/PERAL-Jos%C3%A9-Su%C3%A1rez-Gonz%C3%A1lez-MMG-2.jpg?resize=375%2C600&amp;ssl=1 375w, https:\/\/i0.wp.com\/www.manquepierda.com\/historiarealbetis\/files\/2016\/10\/PERAL-Jos%C3%A9-Su%C3%A1rez-Gonz%C3%A1lez-MMG-2.jpg?resize=768%2C1229&amp;ssl=1 768w, https:\/\/i0.wp.com\/www.manquepierda.com\/historiarealbetis\/files\/2016\/10\/PERAL-Jos%C3%A9-Su%C3%A1rez-Gonz%C3%A1lez-MMG-2.jpg?resize=438%2C700&amp;ssl=1 438w, https:\/\/i0.wp.com\/www.manquepierda.com\/historiarealbetis\/files\/2016\/10\/PERAL-Jos%C3%A9-Su%C3%A1rez-Gonz%C3%A1lez-MMG-2.jpg?w=1025&amp;ssl=1 1025w\" sizes=\"auto, (max-width: 138px) 100vw, 138px\" \/><\/p>\n<p style=\"text-align: center\"><strong>4-Diestro.-Jos\u00e9 Su\u00e1rez Gonz\u00e1lez (a) \u00abPERAL\u00bb.<\/strong><\/p>\n<p style=\"text-align: center\"><img data-recalc-dims=\"1\" loading=\"lazy\" decoding=\"async\" class=\"aligncenter size-thumbnail wp-image-53645\" src=\"https:\/\/i0.wp.com\/www.manquepierda.com\/historiarealbetis\/files\/2016\/10\/Enrique-SOLADRERO-Arbide-03.jpg?resize=137%2C220&#038;ssl=1\" alt=\"enrique-soladrero-arbide-03\" width=\"137\" height=\"220\" srcset=\"https:\/\/i0.wp.com\/www.manquepierda.com\/historiarealbetis\/files\/2016\/10\/Enrique-SOLADRERO-Arbide-03.jpg?resize=137%2C220&amp;ssl=1 137w, https:\/\/i0.wp.com\/www.manquepierda.com\/historiarealbetis\/files\/2016\/10\/Enrique-SOLADRERO-Arbide-03.jpg?w=209&amp;ssl=1 209w\" sizes=\"auto, (max-width: 137px) 100vw, 137px\" \/><\/p>\n<p style=\"text-align: center\"><strong>5-Centro.-Enrique SOLADRERO Arbide.<\/strong><\/p>\n<p style=\"text-align: center\"><img data-recalc-dims=\"1\" loading=\"lazy\" decoding=\"async\" class=\"aligncenter size-thumbnail wp-image-53646\" src=\"https:\/\/i0.wp.com\/www.manquepierda.com\/historiarealbetis\/files\/2016\/10\/ROBERTO-Mart%C3%ADn-S%C3%A1ez-1.jpg?resize=126%2C220&#038;ssl=1\" alt=\"roberto-martin-saez-1\" width=\"126\" height=\"220\" srcset=\"https:\/\/i0.wp.com\/www.manquepierda.com\/historiarealbetis\/files\/2016\/10\/ROBERTO-Mart%C3%ADn-S%C3%A1ez-1.jpg?resize=126%2C220&amp;ssl=1 126w, https:\/\/i0.wp.com\/www.manquepierda.com\/historiarealbetis\/files\/2016\/10\/ROBERTO-Mart%C3%ADn-S%C3%A1ez-1.jpg?resize=343%2C600&amp;ssl=1 343w, https:\/\/i0.wp.com\/www.manquepierda.com\/historiarealbetis\/files\/2016\/10\/ROBERTO-Mart%C3%ADn-S%C3%A1ez-1.jpg?w=395&amp;ssl=1 395w\" sizes=\"auto, (max-width: 126px) 100vw, 126px\" \/><\/p>\n<p style=\"text-align: center\"><strong>6-Zurdo.-ROBERTO Mart\u00edn S\u00e1ez.<\/strong><\/p>\n<p style=\"text-align: center\">Delanteros:<\/p>\n<p style=\"text-align: center\"><img data-recalc-dims=\"1\" loading=\"lazy\" decoding=\"async\" class=\"aligncenter size-thumbnail wp-image-53647\" src=\"https:\/\/i0.wp.com\/www.manquepierda.com\/historiarealbetis\/files\/2016\/10\/ENRIQUE-Garrido-Reguera-MMG.jpg?resize=137%2C220&#038;ssl=1\" alt=\"enrique-garrido-reguera-mmg\" width=\"137\" height=\"220\" srcset=\"https:\/\/i0.wp.com\/www.manquepierda.com\/historiarealbetis\/files\/2016\/10\/ENRIQUE-Garrido-Reguera-MMG.jpg?resize=137%2C220&amp;ssl=1 137w, https:\/\/i0.wp.com\/www.manquepierda.com\/historiarealbetis\/files\/2016\/10\/ENRIQUE-Garrido-Reguera-MMG.jpg?resize=375%2C600&amp;ssl=1 375w, https:\/\/i0.wp.com\/www.manquepierda.com\/historiarealbetis\/files\/2016\/10\/ENRIQUE-Garrido-Reguera-MMG.jpg?resize=768%2C1229&amp;ssl=1 768w, https:\/\/i0.wp.com\/www.manquepierda.com\/historiarealbetis\/files\/2016\/10\/ENRIQUE-Garrido-Reguera-MMG.jpg?resize=437%2C700&amp;ssl=1 437w, https:\/\/i0.wp.com\/www.manquepierda.com\/historiarealbetis\/files\/2016\/10\/ENRIQUE-Garrido-Reguera-MMG.jpg?w=1038&amp;ssl=1 1038w\" sizes=\"auto, (max-width: 137px) 100vw, 137px\" \/><\/p>\n<p style=\"text-align: center\"><span style=\"color: #333333\"><strong>7-Extremo Diestro.-ENRIQUE Garrido Reguera.<\/strong><\/span><\/p>\n<p style=\"text-align: center\"><img data-recalc-dims=\"1\" loading=\"lazy\" decoding=\"async\" class=\"aligncenter size-thumbnail wp-image-53648\" src=\"https:\/\/i0.wp.com\/www.manquepierda.com\/historiarealbetis\/files\/2016\/10\/ADOLFO-II-Adolfo-Mart%C3%ADn-Gonz%C3%A1lez1930-3.jpg?resize=171%2C220&#038;ssl=1\" alt=\"adolfo-ii-adolfo-martin-gonzalez1930\" width=\"171\" height=\"220\" srcset=\"https:\/\/i0.wp.com\/www.manquepierda.com\/historiarealbetis\/files\/2016\/10\/ADOLFO-II-Adolfo-Mart%C3%ADn-Gonz%C3%A1lez1930-3.jpg?resize=171%2C220&amp;ssl=1 171w, https:\/\/i0.wp.com\/www.manquepierda.com\/historiarealbetis\/files\/2016\/10\/ADOLFO-II-Adolfo-Mart%C3%ADn-Gonz%C3%A1lez1930-3.jpg?resize=467%2C600&amp;ssl=1 467w, https:\/\/i0.wp.com\/www.manquepierda.com\/historiarealbetis\/files\/2016\/10\/ADOLFO-II-Adolfo-Mart%C3%ADn-Gonz%C3%A1lez1930-3.jpg?w=481&amp;ssl=1 481w\" sizes=\"auto, (max-width: 171px) 100vw, 171px\" \/><\/p>\n<p style=\"text-align: center\"><span style=\"color: #008000\"><em><strong>*3-2+4-2.-Segundo Tiempo*<\/strong><\/em><\/span><\/p>\n<p style=\"text-align: justify\"><strong>8-Interior Diestro.-Adolfo Mart\u00edn Gonz\u00e1lez (a) \u00abADOLFO II\u00bb (21 a\u00f1os+10 meses+14 d\u00edas)-Natural de San Crist\u00f3bal de La Laguna (Tenerife), viernes 9 Diciembre de 1910.-Obituario, viernes 5 Septiembre de 1975 (64 A\u00f1os+9 meses menos 4 d\u00edas) D. E. P.<br \/>\n<\/strong><\/p>\n<p style=\"text-align: center\"><img data-recalc-dims=\"1\" loading=\"lazy\" decoding=\"async\" class=\"aligncenter size-thumbnail wp-image-53649\" src=\"https:\/\/i0.wp.com\/www.manquepierda.com\/historiarealbetis\/files\/2016\/10\/Leopoldo-Ruiz-CAPILLAS-Del-Castillo.jpg?resize=137%2C220&#038;ssl=1\" alt=\"leopoldo-ruiz-capillas-del-castillo\" width=\"137\" height=\"220\" srcset=\"https:\/\/i0.wp.com\/www.manquepierda.com\/historiarealbetis\/files\/2016\/10\/Leopoldo-Ruiz-CAPILLAS-Del-Castillo.jpg?resize=137%2C220&amp;ssl=1 137w, https:\/\/i0.wp.com\/www.manquepierda.com\/historiarealbetis\/files\/2016\/10\/Leopoldo-Ruiz-CAPILLAS-Del-Castillo.jpg?w=299&amp;ssl=1 299w\" sizes=\"auto, (max-width: 137px) 100vw, 137px\" \/><\/p>\n<p style=\"text-align: justify\"><span style=\"color: #008000\"><em><strong>*1-0.-20 minutos.-Al cambiar con el pecho un bal\u00f3n excelentemente batiendo a Irigoyen*<\/strong><\/em><\/span><\/p>\n<p style=\"text-align: justify\"><span style=\"color: #008000\"><em><strong>*2-1.-Primer Tiempo.-Cabezazo fusilando al arquero Irigoyen*<\/strong><\/em><\/span><\/p>\n<p style=\"text-align: justify\"><span style=\"color: #008000\"><em><strong>*5-2.-Segundo Tiempo.-Marcador Final.<br \/>\n<\/strong><\/em><\/span><\/p>\n<p style=\"text-align: justify\"><strong>9-Centro Delantero-Ariete.-Leopoldo Ruiz-CAPILLAS Del Castillo (25 a\u00f1os+7 meses menos 8 d\u00edas)-Natural de San Vicente de la Sonsierra (La Rioja), domingo 31 Marzo de 1907.-Obituario en Madrid-Cuartel de la Monta\u00f1a-lunes 20 Julio de 1936 (29 A\u00f1os+4 meses menos 11 d\u00edas) D. E. P.<\/strong><\/p>\n<p style=\"text-align: center\"><img data-recalc-dims=\"1\" loading=\"lazy\" decoding=\"async\" class=\"aligncenter size-thumbnail wp-image-53650\" src=\"https:\/\/i0.wp.com\/www.manquepierda.com\/historiarealbetis\/files\/2016\/10\/Sim%C3%B3n-LECUE-Andrade-02.jpg?resize=132%2C220&#038;ssl=1\" alt=\"simon-lecue-andrade-02\" width=\"132\" height=\"220\" srcset=\"https:\/\/i0.wp.com\/www.manquepierda.com\/historiarealbetis\/files\/2016\/10\/Sim%C3%B3n-LECUE-Andrade-02.jpg?resize=132%2C220&amp;ssl=1 132w, https:\/\/i0.wp.com\/www.manquepierda.com\/historiarealbetis\/files\/2016\/10\/Sim%C3%B3n-LECUE-Andrade-02.jpg?w=167&amp;ssl=1 167w\" sizes=\"auto, (max-width: 132px) 100vw, 132px\" \/><\/p>\n<p style=\"text-align: center\"><strong>10-Interior Zurdo.-Sim\u00f3n LECUE Andrade.<\/strong><\/p>\n<p style=\"text-align: center\"><img data-recalc-dims=\"1\" loading=\"lazy\" decoding=\"async\" class=\"aligncenter size-thumbnail wp-image-53651\" src=\"https:\/\/i0.wp.com\/www.manquepierda.com\/historiarealbetis\/files\/2016\/10\/Manuel-GABELLA-Gallego-1.jpg?resize=139%2C220&#038;ssl=1\" alt=\"manuel-gabella-gallego\" width=\"139\" height=\"220\" srcset=\"https:\/\/i0.wp.com\/www.manquepierda.com\/historiarealbetis\/files\/2016\/10\/Manuel-GABELLA-Gallego-1.jpg?resize=139%2C220&amp;ssl=1 139w, https:\/\/i0.wp.com\/www.manquepierda.com\/historiarealbetis\/files\/2016\/10\/Manuel-GABELLA-Gallego-1.jpg?w=347&amp;ssl=1 347w\" sizes=\"auto, (max-width: 139px) 100vw, 139px\" \/><\/p>\n<p style=\"text-align: center\"><strong>11-Extremo Zurdo.-Manuel GABELLA Gallego.<\/strong><\/p>\n<hr \/>\n<p style=\"text-align: justify\"><em>\u00abUn primer tiempo ORO DE LEY\u00bb.-\u00a1\u00a1Hermoso espect\u00e1culo. el que nos depararon \u00abmalvas\u00bb y \u00abverdes\u00bb en los primeros 45 minutos\u00a1\u00a1<\/em><\/p>\n<p style=\"text-align: justify\"><em>Juego afiligranado sin durezas, gama maravillosa, representaci\u00f3n genuina de lo que es el f\u00fatbol, veintid\u00f3s hombres dispuestos a conseguir la victoria y una lucha noble y brava, sin enconos, que cre\u00f3 dos empates de excelente factura.<\/em><\/p>\n<p style=\"text-align: justify\"><em>Los buenos aficionados saborearon con deleite el juego de pura solera vallisoletana, salpicado de espectaculares pases, <strong>y el b\u00e9tico a base de balones largos, menos finos, pero m\u00e1s viriles y valientes.<\/strong><\/em><\/p>\n<p style=\"text-align: justify\"><em>Aque shoot de Sa\u00f1udo en el segundo goal, que sprint\u00f3 entre los zagueros y bati\u00f3 a Urquiaga, dej\u00f3 gratos recuerdos entre nosotros.<\/em><\/p>\n<p style=\"text-align: justify\">Se sucedieron varias y diversas jugadas que emocionaron al respetable, y que nos depararon la ocasi\u00f3n de presenciar ese primer tiempo que, como antes digo, fue de oro de la m\u00e1s pura ley. Arbitr\u00f3 discretamente Montero\u00bb.<\/p>\n<p style=\"text-align: justify\">Fuente: Cr\u00f3nica de J. L. LOZANO.-\u00abDEPORTES\u00bb-informaci\u00f3n, cr\u00edtica y art\u00edculos deporttes-N\u00ba 13.-C\u00f3rdoba, lunes 24-10-1932.<\/p>\n<hr \/>\n<p style=\"text-align: center\">Vs.<\/p>\n<figure id=\"attachment_53652\" aria-describedby=\"caption-attachment-53652\" style=\"width: 402px\" class=\"wp-caption aligncenter\"><img data-recalc-dims=\"1\" loading=\"lazy\" decoding=\"async\" class=\"size-large wp-image-53652\" src=\"https:\/\/i0.wp.com\/www.manquepierda.com\/historiarealbetis\/files\/2016\/10\/19321023Gonsanhi.jpg?resize=402%2C700&#038;ssl=1\" alt=\"Fuente.-Revista Gr\u00e1fica ESTAMPA N\u00ba 251-Madrid19321029S\u00e1bado.-Fot\u00f3grafo GONSANHI.\" width=\"402\" height=\"700\" srcset=\"https:\/\/i0.wp.com\/www.manquepierda.com\/historiarealbetis\/files\/2016\/10\/19321023Gonsanhi.jpg?resize=402%2C700&amp;ssl=1 402w, https:\/\/i0.wp.com\/www.manquepierda.com\/historiarealbetis\/files\/2016\/10\/19321023Gonsanhi.jpg?resize=126%2C220&amp;ssl=1 126w, https:\/\/i0.wp.com\/www.manquepierda.com\/historiarealbetis\/files\/2016\/10\/19321023Gonsanhi.jpg?resize=345%2C600&amp;ssl=1 345w, https:\/\/i0.wp.com\/www.manquepierda.com\/historiarealbetis\/files\/2016\/10\/19321023Gonsanhi.jpg?resize=768%2C1337&amp;ssl=1 768w, https:\/\/i0.wp.com\/www.manquepierda.com\/historiarealbetis\/files\/2016\/10\/19321023Gonsanhi.jpg?w=993&amp;ssl=1 993w\" sizes=\"auto, (max-width: 402px) 100vw, 402px\" \/><figcaption id=\"caption-attachment-53652\" class=\"wp-caption-text\">Fuente.-Revista Gr\u00e1fica ESTAMPA N\u00ba 251-Madrid19321029S\u00e1bado.-Fot\u00f3grafo GONSANHI.<\/figcaption><\/figure>\n<p style=\"text-align: right\">1930-1934.-Presidente don Jos\u00e9 CANTALAPIEDRA DE CASTRO.<img data-recalc-dims=\"1\" loading=\"lazy\" decoding=\"async\" class=\"alignright size-full wp-image-53653\" src=\"https:\/\/i0.wp.com\/www.manquepierda.com\/historiarealbetis\/files\/2016\/10\/Jos%C3%A9-Cantalapiedra-158x220.jpg?resize=158%2C220&#038;ssl=1\" alt=\"jose-cantalapiedra-158x220\" width=\"158\" height=\"220\" \/><\/p>\n<p style=\"text-align: justify\"><img data-recalc-dims=\"1\" loading=\"lazy\" decoding=\"async\" class=\"alignleft size-thumbnail wp-image-53654\" src=\"https:\/\/i0.wp.com\/www.manquepierda.com\/historiarealbetis\/files\/2016\/10\/IP.jpg?resize=147%2C220&#038;ssl=1\" alt=\"ip\" width=\"147\" height=\"220\" srcset=\"https:\/\/i0.wp.com\/www.manquepierda.com\/historiarealbetis\/files\/2016\/10\/IP.jpg?resize=147%2C220&amp;ssl=1 147w, https:\/\/i0.wp.com\/www.manquepierda.com\/historiarealbetis\/files\/2016\/10\/IP.jpg?w=188&amp;ssl=1 188w\" sizes=\"auto, (max-width: 147px) 100vw, 147px\" \/>1933-1936.-Entrenador Istv\u00e1n PLATTK\u00d3 (69 A\u00f1os)-Natural de Budapest (Hungr\u00eda)-1893.<\/p>\n<p style=\"text-align: justify\">5\u00ba CLASIFICADO CON 4 PUNTOS (1-ganado+2-empatados+3-perdidos) 7-15 TANTOS FAVOR-CONTRA.<\/p>\n<figure id=\"attachment_53655\" aria-describedby=\"caption-attachment-53655\" style=\"width: 126px\" class=\"wp-caption aligncenter\"><img data-recalc-dims=\"1\" loading=\"lazy\" decoding=\"async\" class=\"size-thumbnail wp-image-53655\" src=\"https:\/\/i0.wp.com\/www.manquepierda.com\/historiarealbetis\/files\/2016\/10\/CDV-126x220-126x220.jpeg?resize=126%2C220&#038;ssl=1\" alt=\"VALLADOLID DEPORTIVO-2 TANTOS.\" width=\"126\" height=\"220\" \/><figcaption id=\"caption-attachment-53655\" class=\"wp-caption-text\">VALLADOLID DEPORTIVO-2 TANTOS.<\/figcaption><\/figure>\n<p style=\"text-align: justify\">1-IRIGOYEN <strong>(5 goles encajados); <\/strong>2-OCHANDIANO.-3-LUIS\u00d3N; 4-GABILONDO.-5-ROS.-6-MURUBE; 7-SAN MIGUEL.-8-SUSAETA.-9-SA\u00d1UDO <strong>(2-2.-36 minutos)<\/strong>.-10-ISASI <strong>(1-1.-22 minutos)<\/strong>.-L\u00d3PEZ.<\/p>\n","protected":false},"excerpt":{"rendered":"<p>PRIMERA EDICI\u00d3N-CAMPEONATO MANCOMUNADO PRIMERA CATEGOR\u00cdA \u00abCENTRO-SUR\u00bb-DESDE DOMINGO 25 SEPTIEMBRE HASTA DOMINGO 20 NOVIEMBRE 1932.-PARTICIPARON LOS SIGUIENTES CLUBES: ATHL\u00c9TIC MADRID-MADRID CF-NACIONAL MADRID-VALLADOLID DEPORTIVO-SEVILLA CF-BETIS BALOMPI\u00c9. 1932-OCTUBRE 23-DOMINGO BARRIO \u00abEL PORVENIR\u00bb-DESDE LA AVENIDA DE \u00abSAN SEBASTI\u00c1N\u00bb SE LLEGABA AL CAMPO MUNICIPAL DEPORTES \u00abPATRONATO OBRERO\u00bb POR LAS CALLES \u00abSAN SALVADOR\u00bb-\u00abMONTEVIDEO\u00bb-\u00abBRASIL\u00bb-CRUZANDO \u00abEXPOSICI\u00d3N\u00bb Y PARALELA DE ESTA \u00abDIEGO DE LA&#8230;<\/p>\n","protected":false},"author":48,"featured_media":53614,"comment_status":"open","ping_status":"open","sticky":false,"template":"","format":"standard","meta":{"_kad_post_transparent":"","_kad_post_title":"","_kad_post_layout":"","_kad_post_sidebar_id":"","_kad_post_content_style":"","_kad_post_vertical_padding":"","_kad_post_feature":"","_kad_post_feature_position":"","_kad_post_header":false,"_kad_post_footer":false,"_kad_post_classname":"","_jetpack_memberships_contains_paid_content":false,"footnotes":"","jetpack_publicize_message":"","jetpack_publicize_feature_enabled":true,"jetpack_social_post_already_shared":true,"jetpack_social_options":{"image_generator_settings":{"template":"highway","default_image_id":0,"font":"","enabled":false},"version":2}},"categories":[899,1],"tags":[44,2575,17939,1359],"class_list":["post-53609","post","type-post","status-publish","format-standard","has-post-thumbnail","hentry","category-1930-1939","category-portada","tag-44","tag-1932-33","tag-campeonato-mancomunado-1932-33","tag-real-valladolid"],"jetpack_publicize_connections":[],"jetpack_featured_media_url":"https:\/\/i0.wp.com\/www.manquepierda.com\/historiarealbetis\/files\/2016\/10\/Vista-a%C3%A9rea-del-Patronato-NMP-La-Uni%C3%B3n-16-11-1928-680x498.jpg?fit=680%2C498&ssl=1","jetpack_sharing_enabled":true,"jetpack_shortlink":"https:\/\/wp.me\/p1ij08-dWF","jetpack-related-posts":[],"_links":{"self":[{"href":"https:\/\/www.manquepierda.com\/historiarealbetis\/wp-json\/wp\/v2\/posts\/53609","targetHints":{"allow":["GET"]}}],"collection":[{"href":"https:\/\/www.manquepierda.com\/historiarealbetis\/wp-json\/wp\/v2\/posts"}],"about":[{"href":"https:\/\/www.manquepierda.com\/historiarealbetis\/wp-json\/wp\/v2\/types\/post"}],"author":[{"embeddable":true,"href":"https:\/\/www.manquepierda.com\/historiarealbetis\/wp-json\/wp\/v2\/users\/48"}],"replies":[{"embeddable":true,"href":"https:\/\/www.manquepierda.com\/historiarealbetis\/wp-json\/wp\/v2\/comments?post=53609"}],"version-history":[{"count":1,"href":"https:\/\/www.manquepierda.com\/historiarealbetis\/wp-json\/wp\/v2\/posts\/53609\/revisions"}],"predecessor-version":[{"id":96339,"href":"https:\/\/www.manquepierda.com\/historiarealbetis\/wp-json\/wp\/v2\/posts\/53609\/revisions\/96339"}],"wp:featuredmedia":[{"embeddable":true,"href":"https:\/\/www.manquepierda.com\/historiarealbetis\/wp-json\/wp\/v2\/media\/53614"}],"wp:attachment":[{"href":"https:\/\/www.manquepierda.com\/historiarealbetis\/wp-json\/wp\/v2\/media?parent=53609"}],"wp:term":[{"taxonomy":"category","embeddable":true,"href":"https:\/\/www.manquepierda.com\/historiarealbetis\/wp-json\/wp\/v2\/categories?post=53609"},{"taxonomy":"post_tag","embeddable":true,"href":"https:\/\/www.manquepierda.com\/historiarealbetis\/wp-json\/wp\/v2\/tags?post=53609"}],"curies":[{"name":"wp","href":"https:\/\/api.w.org\/{rel}","templated":true}]}}