{"id":53739,"date":"2016-10-31T08:48:57","date_gmt":"2016-10-31T07:48:57","guid":{"rendered":"http:\/\/www.manquepierda.com\/historiarealbetis\/?p=53739"},"modified":"2016-10-31T09:18:02","modified_gmt":"2016-10-31T08:18:02","slug":"entrevista-evaristo-perez-cortes-1951","status":"publish","type":"post","link":"https:\/\/www.manquepierda.com\/historiarealbetis\/entrevista-evaristo-perez-cortes-1951\/","title":{"rendered":"Entrevista Evaristo P\u00e9rez Cort\u00e9s 1951"},"content":{"rendered":"<p style=\"text-align: justify\"><a href=\"https:\/\/i0.wp.com\/www.manquepierda.com\/historiarealbetis\/files\/2016\/10\/21-Entrevista-Evaristo-P%C3%A9rez-Cort%C3%A9s-3.jpg?ssl=1\"><img data-recalc-dims=\"1\" loading=\"lazy\" decoding=\"async\" class=\"alignleft size-medium wp-image-53740\" src=\"https:\/\/i0.wp.com\/www.manquepierda.com\/historiarealbetis\/files\/2016\/10\/21-Entrevista-Evaristo-P%C3%A9rez-Cort%C3%A9s-3.jpg?resize=320%2C600&#038;ssl=1\" alt=\"21-entrevista-evaristo-perez-cortes-3\" width=\"320\" height=\"600\" srcset=\"https:\/\/i0.wp.com\/www.manquepierda.com\/historiarealbetis\/files\/2016\/10\/21-Entrevista-Evaristo-P%C3%A9rez-Cort%C3%A9s-3.jpg?resize=320%2C600&amp;ssl=1 320w, https:\/\/i0.wp.com\/www.manquepierda.com\/historiarealbetis\/files\/2016\/10\/21-Entrevista-Evaristo-P%C3%A9rez-Cort%C3%A9s-3.jpg?resize=117%2C220&amp;ssl=1 117w, https:\/\/i0.wp.com\/www.manquepierda.com\/historiarealbetis\/files\/2016\/10\/21-Entrevista-Evaristo-P%C3%A9rez-Cort%C3%A9s-3.jpg?w=361&amp;ssl=1 361w\" sizes=\"auto, (max-width: 320px) 100vw, 320px\" \/><\/a>En septiembre de 1951, y tras la dimisi\u00f3n de Pascual Aparicio como presidente del club el d\u00eda 19, se produjo una reuni\u00f3n entre destacados b\u00e9ticos con el fin de nombrar un presidente que encabezara una junta gestora provisional hasta la celebraci\u00f3n de la preceptiva Asamblea de socios que escogiera un nuevo presidente.<\/p>\n<p style=\"text-align: justify\">La reuni\u00f3n tuvo lugar el 20 de septiembre \u00a0y en ella fue elegido Evaristo P\u00e9rez Cort\u00e9s, un prestigioso odont\u00f3logo que hab\u00eda sido miembro de diversas directivas b\u00e9ticas de los a\u00f1os 40. En ese momento formaba parte del Comit\u00e9 de Competici\u00f3n de la Federaci\u00f3n Andaluza de F\u00fatbol, que presid\u00eda Jos\u00e9 Mar\u00eda Domenech. Otro destacado b\u00e9tico de la \u00e9poca, Antonio Marras, fue el otro candidato que se baraj\u00f3 para presidir la gestora, pero al final P\u00e9rez Cort\u00e9s fue el elegido.<\/p>\n<p style=\"text-align: justify\">Esta entrevista se public\u00f3 en el diario vespertino Sevilla el 21 de septiembre de 1951, al d\u00eda siguiente a la reuni\u00f3n, de forma que el elegido incluso manifiesta que cuando termine la entrevista ha de visitar a diversos b\u00e9ticos para comunicarles que cuenta con ellos para integrar la Directiva. Una decisi\u00f3n que, en esos a\u00f1os, lo primero que supon\u00eda era adelantar, a veces hasta a fondo perdido, cantidades econ\u00f3micas con las que salvar el d\u00e9ficit del club, En la entrevista Evaristo P\u00e9rez es claro al respecto: hay que pagar a plazo corto diversos impuestos, as\u00ed como preparar el desplazamiento a Tetu\u00e1n, pero no se van a pedir m\u00e1s sacrificios econ\u00f3micos a la afici\u00f3n, salvo los dos D\u00edas del Club aprobados en asamblea, y no se va a realizar el traspaso de ning\u00fan jugador, con lo que los numerosos rumores que a lo largo del verano hablaban de la inminente venta del goleador b\u00e9tico Manuel Dom\u00ednguez, quedaban aparcados.<\/p>\n<p style=\"text-align: justify\">Evaristo P\u00e9rez Cort\u00e9s, quien adem\u00e1s de directivo hab\u00eda sido jugador del amateur b\u00e9tico, permaneci\u00f3 en el cargo hasta la Asamblea de socios que el 1 de noviembre eligi\u00f3 a Francisco de la Cerda como presidente de la sociedad. Posteriormente ser\u00eda secretario de la directiva que desde junio de 1952 encabez\u00f3 Manuel Ruiz.<\/p>\n<p>&nbsp;<\/p>\n<p>&nbsp;<\/p>\n<p style=\"text-align: justify\"><em><span style=\"color: #008000\">Anoche, felizmente, fue salvada la crisis verdiblanca. Don Evaristo P\u00e9rez Cort\u00e9s fue designado por la Federaci\u00f3n como presidente de la Junta Gestora, gran sacrificio que hace la Federaci\u00f3n, ya que el se\u00f1or P\u00e9rez Cort\u00e9s ha venido desempe\u00f1ando, con gran acierto, el cargo de presidente del Comit\u00e9 de Competici\u00f3n de la Andaluza.<\/span><\/em><\/p>\n<p style=\"text-align: justify\"><em><span style=\"color: #008000\">Esta ma\u00f1ana, en su domicilio, hemos hablado unos instantes con dicho se\u00f1or. Los aficionados deben congratularse de haber sido don Evaristo quien tome la direcci\u00f3n del Betis en este momento crucial de tan hist\u00f3rico club. El, mejor que nadie, conoce a fondo el Betis. En la directiva del mismo ha desempe\u00f1ado todos los cargos, e incluso ha sido jugador. Llega, pues, a la presidencia del Betis con la obligaci\u00f3n que da el no desconocer en nada los asuntos que afectan al club.<\/span><\/em><\/p>\n<ul>\n<li style=\"text-align: justify\"><em><span style=\"color: #008000\">En momentos dif\u00edciles he de aceptar la presidencia con optimismo . Por diferencias que no es el caso se\u00f1alar ha surgido una desuni\u00f3n<\/span><\/em><\/li>\n<li><em><span style=\"color: #008000\">\u00bfCu\u00e1les son los principales problemas?<\/span><\/em><\/li>\n<li style=\"text-align: justify\"><em><span style=\"color: #008000\">El principal y m\u00e1s peligroso ser\u00e1 el pr\u00f3ximo domingo; la afici\u00f3n, especialmente los socios, divididos, y nos vamos a encontrar ante un Ceuta que querr\u00e1 aprovecharse de esta situaci\u00f3n<\/span><\/em><\/li>\n<li><em><span style=\"color: #008000\">\u00bfCu\u00e1les ser\u00e1n sus primeros pasos?<\/span><\/em><\/li>\n<li style=\"text-align: justify\"><em><span style=\"color: #008000\">Hoy, visitar a diversos se\u00f1ores que quiero formen conmigo la Junta Directiva. Ma\u00f1ana espero quede formada \u00e9sta, y haremos frente a las primeras obligaciones econ\u00f3micas.<\/span><\/em><\/li>\n<li><em><span style=\"color: #008000\">\u00bfCu\u00e1l es la situaci\u00f3n del Betis en este aspecto?<\/span><\/em><\/li>\n<li style=\"text-align: justify\"><em><span style=\"color: #008000\">Ya se lo puede figurar. En primer t\u00e9rmino hay que abonar diez mil pesetas en concepto de impuestos. Y a rengl\u00f3n seguido, preparar el desplazamiento del equipo a Tetu\u00e1n.<\/span><\/em><\/li>\n<li><em><span style=\"color: #008000\">\u00bfEs necesario el apoyo de la afici\u00f3n?<\/span><\/em><\/li>\n<li style=\"text-align: justify\"><em><span style=\"color: #008000\">S\u00ed, desde luego. Pero no vamos a pedir a los aficionados sacrificios econ\u00f3micos. Ya ha entregado bastante. Solo pido a la afici\u00f3n un voto de confianza para la nueva Directiva. Y con \u00e9l, su presencia en el campo y su entusiasta apoyo a los jugadores. Ahora, m\u00e1s que nunca, hace falta que el aficionado ampare a su equipo. El domingo hay que ganar. Y para esto, nada mejor que alentar a los jugadores, demostrarles que se conf\u00eda en ellos. Creo, sinceramente, que as\u00ed podremos salvar este obst\u00e1culo y aliviar en gran parte la crisis que atravesamos<\/span><\/em><\/li>\n<li><em><span style=\"color: #008000\">\u00bfReforzar\u00e1 al equipo?<\/span><\/em><\/li>\n<li style=\"text-align: justify\"><em><span style=\"color: #008000\">Ese es mi prop\u00f3sito. Hay que hacer inmediatamente un gran desembolso. Este se har\u00e1 por los se\u00f1ores que me acompa\u00f1en en la Directiva, sacrificio que hay que hacer para salvar al Betis<\/span><\/em><\/li>\n<li><em><span style=\"color: #008000\">Jugadores, \u00bfser\u00e1 traspasado alguno?<\/span><\/em><\/li>\n<li style=\"text-align: justify\"><em><span style=\"color: #008000\">Doy mi palabra a los aficionados que antes de vender o traspasar alg\u00fan jugador se har\u00e1n todas las gestiones precisas, a fin de cubrir las necesidades econ\u00f3micas, que no ser\u00e1n pocas. Antes de desprendernos de un jugador se pondr\u00e1 en conocimiento de todos, y as\u00ed, con buena voluntad, haremos frente a las necesidades, y no ser\u00e1 preciso efectuar traspaso alguno. Otra cosa que quiero que sepan. Este a\u00f1o no habr\u00e1 m\u00e1s que dos D\u00edas del Club. Los reglamentarios. Ning\u00fan otro partido ser\u00e1 gravoso para los socios. As\u00ed, dentro de nuestras posibilidades, iremos haciendo frente a cuantos compromisos hay a la vista.<\/span><\/em><\/li>\n<li><em><span style=\"color: #008000\">\u00bfHa visto bien la dimisi\u00f3n de don Pascual Aparicio?<\/span><\/em><\/li>\n<li style=\"text-align: justify\"><em><span style=\"color: #008000\">Las cosas hab\u00edan llegado ya a un extremo imposible de sostener. La afici\u00f3n, desunida, no pod\u00eda seguir. Don Pascual, pese a cuanto de \u00e9l se diga, ha hecho por el Betis muchos y gloriosos sacrificios. Ha batallado incansablemente, y su cese como presidente, soy el primero en lamentar, aunque reconozco que para evitar nuevos incidentes, a\u00fan m\u00e1s desagradables, era preciso efectuar esta renovaci\u00f3n<\/span><\/em><\/li>\n<li><em><span style=\"color: #008000\">\u00bfCree en la salvaci\u00f3n del Betis?<\/span><\/em><\/li>\n<li style=\"text-align: justify\"><em><span style=\"color: #008000\">Si no lo creyera no me habr\u00eda hecho cargo del Club. Hay que salvar al Betis, y esto puede lograrse r\u00e1pidamente, colaborando todos a una, luchando por el mismo fin. El equipo necesita el apoyo incondicional de todos. Hay que d\u00e1rselo. Y nosotros, desde la directiva, s\u00f3lo pedimos a la afici\u00f3n un margen de confianza.<\/span><\/em><\/li>\n<\/ul>\n<p style=\"text-align: justify\"><em><span style=\"color: #008000\">Estas han sido las primeras declaraciones de don Evaristo P\u00e9rez Cort\u00e9s como presidente del Betis. Quien lo conoce a fondo sabe positivamente que har\u00e1 mucho y bueno por el Club verdiblanco. Pide, poco es, el apoyo moral de la afici\u00f3n. Nadie debe neg\u00e1rselo. Heli\u00f3polis debe registrar el pr\u00f3ximo domingo una gran entrada y todos, olvidando lo pasado, unirse en torno a \u00e9l, que es quien representa hoy al Betis,\u00a0<\/span><\/em><\/p>\n","protected":false},"excerpt":{"rendered":"<p>En septiembre de 1951, y tras la dimisi\u00f3n de Pascual Aparicio como presidente del club el d\u00eda 19, se produjo una reuni\u00f3n entre destacados b\u00e9ticos con el fin de nombrar un presidente que encabezara una junta gestora provisional hasta la celebraci\u00f3n de la preceptiva Asamblea de socios que escogiera un nuevo presidente. La reuni\u00f3n tuvo&#8230;<\/p>\n","protected":false},"author":5,"featured_media":53740,"comment_status":"open","ping_status":"open","sticky":false,"template":"","format":"standard","meta":{"_kad_post_transparent":"","_kad_post_title":"","_kad_post_layout":"","_kad_post_sidebar_id":"","_kad_post_content_style":"","_kad_post_vertical_padding":"","_kad_post_feature":"","_kad_post_feature_position":"","_kad_post_header":false,"_kad_post_footer":false,"_kad_post_classname":"","_jetpack_memberships_contains_paid_content":false,"footnotes":"","jetpack_publicize_message":"","jetpack_publicize_feature_enabled":true,"jetpack_social_post_already_shared":true,"jetpack_social_options":{"image_generator_settings":{"template":"highway","default_image_id":0,"font":"","enabled":false},"version":2}},"categories":[901,891,1],"tags":[53,2505,1643],"class_list":["post-53739","post","type-post","status-publish","format-standard","has-post-thumbnail","hentry","category-1950-1959","category-directivos-temas","category-portada","tag-53","tag-1951-52","tag-evaristo-perez-cortes"],"jetpack_publicize_connections":[],"jetpack_featured_media_url":"https:\/\/i0.wp.com\/www.manquepierda.com\/historiarealbetis\/files\/2016\/10\/21-Entrevista-Evaristo-P%C3%A9rez-Cort%C3%A9s-3.jpg?fit=361%2C677&ssl=1","jetpack_sharing_enabled":true,"jetpack_shortlink":"https:\/\/wp.me\/p1ij08-dYL","jetpack-related-posts":[],"_links":{"self":[{"href":"https:\/\/www.manquepierda.com\/historiarealbetis\/wp-json\/wp\/v2\/posts\/53739","targetHints":{"allow":["GET"]}}],"collection":[{"href":"https:\/\/www.manquepierda.com\/historiarealbetis\/wp-json\/wp\/v2\/posts"}],"about":[{"href":"https:\/\/www.manquepierda.com\/historiarealbetis\/wp-json\/wp\/v2\/types\/post"}],"author":[{"embeddable":true,"href":"https:\/\/www.manquepierda.com\/historiarealbetis\/wp-json\/wp\/v2\/users\/5"}],"replies":[{"embeddable":true,"href":"https:\/\/www.manquepierda.com\/historiarealbetis\/wp-json\/wp\/v2\/comments?post=53739"}],"version-history":[{"count":0,"href":"https:\/\/www.manquepierda.com\/historiarealbetis\/wp-json\/wp\/v2\/posts\/53739\/revisions"}],"wp:featuredmedia":[{"embeddable":true,"href":"https:\/\/www.manquepierda.com\/historiarealbetis\/wp-json\/wp\/v2\/media\/53740"}],"wp:attachment":[{"href":"https:\/\/www.manquepierda.com\/historiarealbetis\/wp-json\/wp\/v2\/media?parent=53739"}],"wp:term":[{"taxonomy":"category","embeddable":true,"href":"https:\/\/www.manquepierda.com\/historiarealbetis\/wp-json\/wp\/v2\/categories?post=53739"},{"taxonomy":"post_tag","embeddable":true,"href":"https:\/\/www.manquepierda.com\/historiarealbetis\/wp-json\/wp\/v2\/tags?post=53739"}],"curies":[{"name":"wp","href":"https:\/\/api.w.org\/{rel}","templated":true}]}}