{"id":53945,"date":"2016-11-01T11:05:27","date_gmt":"2016-11-01T10:05:27","guid":{"rendered":"http:\/\/www.manquepierda.com\/historiarealbetis\/?p=53945"},"modified":"2024-08-22T12:03:10","modified_gmt":"2024-08-22T10:03:10","slug":"1942-noviembre-01-primera-real-betis-balompie-1-rcd-coruna-1-74aniversario","status":"publish","type":"post","link":"https:\/\/www.manquepierda.com\/historiarealbetis\/1942-noviembre-01-primera-real-betis-balompie-1-rcd-coruna-1-74aniversario\/","title":{"rendered":"1942-Noviembre 01-Primera.-Real Betis Balompi\u00e9-1 RCD Coru\u00f1a-1.-Recortes Prensa."},"content":{"rendered":"<p style=\"text-align: justify\">XII EDICI\u00d3N-CAMPEONATO NACIONAL LIGA PRIMERA DIVISI\u00d3N-TEMPORADA 1942-1943 DESDE DOMINGO 27 SEPTIEMBRE 1942 HASTA DOMINGO 04 ABRIL 1943-AMBAS FECHAS INCLUSIVE.<\/p>\n<p style=\"text-align: left\">RECORTES DE PRENSA-\u00abABC-Sevilla\u00bb: 31-Octubre (s\u00e1bado)+01-XI (domingo)+03 Noviembre de 1942:<\/p>\n<p style=\"text-align: center\"><img data-recalc-dims=\"1\" loading=\"lazy\" decoding=\"async\" class=\"aligncenter size-medium wp-image-53946\" src=\"https:\/\/i0.wp.com\/www.manquepierda.com\/historiarealbetis\/files\/2016\/10\/19421031ABCse1.jpg?resize=680%2C494&#038;ssl=1\" alt=\"19421031abcse1\" width=\"680\" height=\"494\" srcset=\"https:\/\/i0.wp.com\/www.manquepierda.com\/historiarealbetis\/files\/2016\/10\/19421031ABCse1.jpg?resize=680%2C494&amp;ssl=1 680w, https:\/\/i0.wp.com\/www.manquepierda.com\/historiarealbetis\/files\/2016\/10\/19421031ABCse1.jpg?resize=220%2C160&amp;ssl=1 220w, https:\/\/i0.wp.com\/www.manquepierda.com\/historiarealbetis\/files\/2016\/10\/19421031ABCse1.jpg?w=730&amp;ssl=1 730w\" sizes=\"auto, (max-width: 680px) 100vw, 680px\" \/><\/p>\n<p style=\"text-align: center\"><img data-recalc-dims=\"1\" loading=\"lazy\" decoding=\"async\" class=\"aligncenter size-medium wp-image-53947\" src=\"https:\/\/i0.wp.com\/www.manquepierda.com\/historiarealbetis\/files\/2016\/10\/19421101ABCse2.jpg?resize=597%2C600&#038;ssl=1\" alt=\"19421101abcse2\" width=\"597\" height=\"600\" srcset=\"https:\/\/i0.wp.com\/www.manquepierda.com\/historiarealbetis\/files\/2016\/10\/19421101ABCse2.jpg?resize=597%2C600&amp;ssl=1 597w, https:\/\/i0.wp.com\/www.manquepierda.com\/historiarealbetis\/files\/2016\/10\/19421101ABCse2.jpg?resize=220%2C220&amp;ssl=1 220w, https:\/\/i0.wp.com\/www.manquepierda.com\/historiarealbetis\/files\/2016\/10\/19421101ABCse2.jpg?resize=696%2C700&amp;ssl=1 696w, https:\/\/i0.wp.com\/www.manquepierda.com\/historiarealbetis\/files\/2016\/10\/19421101ABCse2.jpg?w=716&amp;ssl=1 716w\" sizes=\"auto, (max-width: 597px) 100vw, 597px\" \/><\/p>\n<hr>\n<figure id=\"attachment_53948\" aria-describedby=\"caption-attachment-53948\" style=\"width: 960px\" class=\"wp-caption aligncenter\"><img data-recalc-dims=\"1\" loading=\"lazy\" decoding=\"async\" class=\"size-large wp-image-53948\" src=\"https:\/\/i0.wp.com\/www.manquepierda.com\/historiarealbetis\/files\/2016\/10\/ABC-se-Vi%C3%B1eta-Vicente-Flores.jpg?resize=960%2C522&#038;ssl=1\" alt=\"ABC-SEVILLA-MARTES 3-XI-1942: &quot;ER SEVILLA...ER BETI...Y LA LIGA-POR VICENTE FLORES.\" width=\"960\" height=\"522\" srcset=\"https:\/\/i0.wp.com\/www.manquepierda.com\/historiarealbetis\/files\/2016\/10\/ABC-se-Vi%C3%B1eta-Vicente-Flores.jpg?resize=960%2C522&amp;ssl=1 960w, https:\/\/i0.wp.com\/www.manquepierda.com\/historiarealbetis\/files\/2016\/10\/ABC-se-Vi%C3%B1eta-Vicente-Flores.jpg?resize=220%2C120&amp;ssl=1 220w, https:\/\/i0.wp.com\/www.manquepierda.com\/historiarealbetis\/files\/2016\/10\/ABC-se-Vi%C3%B1eta-Vicente-Flores.jpg?resize=680%2C370&amp;ssl=1 680w, https:\/\/i0.wp.com\/www.manquepierda.com\/historiarealbetis\/files\/2016\/10\/ABC-se-Vi%C3%B1eta-Vicente-Flores.jpg?resize=768%2C418&amp;ssl=1 768w\" sizes=\"auto, (max-width: 960px) 100vw, 960px\" \/><figcaption id=\"caption-attachment-53948\" class=\"wp-caption-text\">ABC-SEVILLA-MARTES 3-XI-1942: \u00abER SEVILLA&#8230;ER BETI&#8230;Y LA LIGA-POR VICENTE FLORES.<\/figcaption><\/figure>\n<p style=\"text-align: justify\"><strong>1942-NOVIEMBRE 01-FESTIVIDAD \u00abTODOS LOS SANTOS\u00bb EN SEVILLA.-ESTADIO MUNICIPAL \u00abHELI\u00d3POLIS\u00bb-SEXTA JORNADA.-<em>\u00abBuena entrada\u00bb.-\u00abLa suerte no favoreci\u00f3 a los verdiblancos que abundaron en el dominio\u00bb.<\/em><\/strong><\/p>\n<p style=\"text-align: justify\"><img data-recalc-dims=\"1\" loading=\"lazy\" decoding=\"async\" class=\"alignleft size-thumbnail wp-image-53949\" src=\"https:\/\/i0.wp.com\/www.manquepierda.com\/historiarealbetis\/files\/2016\/10\/avb.jpg?resize=148%2C220&#038;ssl=1\" alt=\"avb\" width=\"148\" height=\"220\" srcset=\"https:\/\/i0.wp.com\/www.manquepierda.com\/historiarealbetis\/files\/2016\/10\/avb.jpg?resize=148%2C220&amp;ssl=1 148w, https:\/\/i0.wp.com\/www.manquepierda.com\/historiarealbetis\/files\/2016\/10\/avb.jpg?w=206&amp;ssl=1 206w\" sizes=\"auto, (max-width: 148px) 100vw, 148px\" \/>Arbitr\u00f3 el colegiado catal\u00e1n, Agust\u00edn VILALTA Bars, natural de Barcelona.<\/p>\n<p style=\"text-align: justify\"><em>\u00abArbitraje con pericia e imparcialidad manifiesta del catal\u00e1n se\u00f1or Vilalta Bars\u00bb.<br \/>\n<\/em><\/p>\n<p style=\"text-align: center\">Aline\u00f3 a ambas escuadras de la forma siguiente:<\/p>\n<p style=\"text-align: center\"><img data-recalc-dims=\"1\" loading=\"lazy\" decoding=\"async\" class=\"aligncenter size-full wp-image-53950\" src=\"https:\/\/i0.wp.com\/www.manquepierda.com\/historiarealbetis\/files\/2016\/10\/ALFONSO-Alarc%C3%B3n-Dla-Lastra.jpg?resize=96%2C128&#038;ssl=1\" alt=\"alfonso-alarcon-dla-lastra\" width=\"96\" height=\"128\"><\/p>\n<p style=\"text-align: justify\"><span style=\"color: #008000\"><em><strong>1942-1943 Presidente Real Betis Balompi\u00e9, don Alfonso ALARC\u00d3N DE LA LASTRA-Coronel del Arma de Ingenieros y Armamento, Comandante de Artiller\u00eda (36 a\u00f1os+6 meses menos 1 d\u00edas)-Natural de Sevilla, mi\u00e9rcoles 2 Mayo de 1906.-\u00cddem, s\u00e1bado 7 Agosto de 1982 (76 A\u00f1os+3 meses+5 d\u00edas) D. E. P.<\/strong><\/em><\/span><\/p>\n<p style=\"text-align: justify\"><span style=\"color: #008000\"><strong><img data-recalc-dims=\"1\" loading=\"lazy\" decoding=\"async\" class=\"alignleft size-thumbnail wp-image-53952\" src=\"https:\/\/i0.wp.com\/www.manquepierda.com\/historiarealbetis\/files\/2016\/10\/cesareobaraganoalvarez.jpg?resize=148%2C220&#038;ssl=1\" alt=\"cesareobaraganoalvarez\" width=\"148\" height=\"220\" srcset=\"https:\/\/i0.wp.com\/www.manquepierda.com\/historiarealbetis\/files\/2016\/10\/cesareobaraganoalvarez.jpg?resize=148%2C220&amp;ssl=1 148w, https:\/\/i0.wp.com\/www.manquepierda.com\/historiarealbetis\/files\/2016\/10\/cesareobaraganoalvarez.jpg?resize=404%2C600&amp;ssl=1 404w, https:\/\/i0.wp.com\/www.manquepierda.com\/historiarealbetis\/files\/2016\/10\/cesareobaraganoalvarez.jpg?resize=472%2C700&amp;ssl=1 472w, https:\/\/i0.wp.com\/www.manquepierda.com\/historiarealbetis\/files\/2016\/10\/cesareobaraganoalvarez.jpg?w=539&amp;ssl=1 539w\" sizes=\"auto, (max-width: 148px) 100vw, 148px\" \/>1-2 Entrenador Temporada 1942-1943 (01-13 Jornadas, ambas inclusive).-Ces\u00e1reo BARAGA\u00d1O \u00c1lvarez (35 a\u00f1os+3 meses menos 2 d\u00edas)-Natural de Mieres (Asturias), s\u00e1bado 3 Agosto de 1907.-Obituario, mi\u00e9rcoles 15 Julio de 1970 (62 A\u00f1os+11 meses+12 d\u00edas) D. E. P.<\/strong><\/span><\/p>\n<figure id=\"attachment_53953\" aria-describedby=\"caption-attachment-53953\" style=\"width: 154px\" class=\"wp-caption aligncenter\"><img data-recalc-dims=\"1\" loading=\"lazy\" decoding=\"async\" class=\"size-full wp-image-53953\" src=\"https:\/\/i0.wp.com\/www.manquepierda.com\/historiarealbetis\/files\/2016\/10\/1941-RBB.jpg?resize=154%2C154&#038;ssl=1\" alt=\"REAL BETIS BALOMPI\u00c9-1 GOL.\" width=\"154\" height=\"154\"><figcaption id=\"caption-attachment-53953\" class=\"wp-caption-text\">REAL BETIS BALOMPI\u00c9-1 GOL.<\/figcaption><\/figure>\n<p style=\"text-align: justify\"><span style=\"color: #008000\"><strong>12\u00ba CLASIFICADO CON 3 PUNTOS (1-GANADO+1-EMPATADO+4-PERDIDOS) 9-GOLES A FAVOR Y 22-TANTOS EN CONTRA.<\/strong><\/span><\/p>\n<p style=\"text-align: center\">Guardameta:<\/p>\n<p style=\"text-align: center\"><img data-recalc-dims=\"1\" loading=\"lazy\" decoding=\"async\" class=\"aligncenter size-thumbnail wp-image-53954\" src=\"https:\/\/i0.wp.com\/www.manquepierda.com\/historiarealbetis\/files\/2016\/10\/PAQUILLO-FranciscoCarmonaReina.jpg?resize=123%2C220&#038;ssl=1\" alt=\"paquillo-franciscocarmonareina\" width=\"123\" height=\"220\" srcset=\"https:\/\/i0.wp.com\/www.manquepierda.com\/historiarealbetis\/files\/2016\/10\/PAQUILLO-FranciscoCarmonaReina.jpg?resize=123%2C220&amp;ssl=1 123w, https:\/\/i0.wp.com\/www.manquepierda.com\/historiarealbetis\/files\/2016\/10\/PAQUILLO-FranciscoCarmonaReina.jpg?resize=335%2C600&amp;ssl=1 335w, https:\/\/i0.wp.com\/www.manquepierda.com\/historiarealbetis\/files\/2016\/10\/PAQUILLO-FranciscoCarmonaReina.jpg?resize=391%2C700&amp;ssl=1 391w, https:\/\/i0.wp.com\/www.manquepierda.com\/historiarealbetis\/files\/2016\/10\/PAQUILLO-FranciscoCarmonaReina.jpg?w=401&amp;ssl=1 401w\" sizes=\"auto, (max-width: 123px) 100vw, 123px\" \/><\/p>\n<p style=\"text-align: justify\"><strong>1-(1 tanto encajado).-Francisco Carmona Reina (a) \u00abPAQUILLO\u00bb (20 a\u00f1os+4 meses menos 9 d\u00edas).<br \/>\n<\/strong><\/p>\n<p style=\"text-align: center\">Zagueros:<\/p>\n<p style=\"text-align: center\"><img data-recalc-dims=\"1\" loading=\"lazy\" decoding=\"async\" class=\"aligncenter size-thumbnail wp-image-53955\" src=\"https:\/\/i0.wp.com\/www.manquepierda.com\/historiarealbetis\/files\/2016\/10\/CABEZA-Lu%C3%ADs-Garc%C3%ADa-PULIDO-2.png?resize=188%2C220&#038;ssl=1\" alt=\"cabeza-luis-garcia-pulido-2\" width=\"188\" height=\"220\" srcset=\"https:\/\/i0.wp.com\/www.manquepierda.com\/historiarealbetis\/files\/2016\/10\/CABEZA-Lu%C3%ADs-Garc%C3%ADa-PULIDO-2.png?resize=188%2C220&amp;ssl=1 188w, https:\/\/i0.wp.com\/www.manquepierda.com\/historiarealbetis\/files\/2016\/10\/CABEZA-Lu%C3%ADs-Garc%C3%ADa-PULIDO-2.png?w=191&amp;ssl=1 191w\" sizes=\"auto, (max-width: 188px) 100vw, 188px\" \/><\/p>\n<p style=\"text-align: left\"><strong>2-Lateral Diestro.-Lu\u00eds Garc\u00eda PULIDO (a) \u00abCABEZA\u00bb.<\/strong><\/p>\n<p style=\"text-align: center\"><img data-recalc-dims=\"1\" loading=\"lazy\" decoding=\"async\" class=\"aligncenter size-thumbnail wp-image-53956\" src=\"https:\/\/i0.wp.com\/www.manquepierda.com\/historiarealbetis\/files\/2016\/10\/Juli%C3%A1n-GONEL-Llopis.jpg?resize=142%2C220&#038;ssl=1\" alt=\"julian-gonel-llopis\" width=\"142\" height=\"220\" srcset=\"https:\/\/i0.wp.com\/www.manquepierda.com\/historiarealbetis\/files\/2016\/10\/Juli%C3%A1n-GONEL-Llopis.jpg?resize=142%2C220&amp;ssl=1 142w, https:\/\/i0.wp.com\/www.manquepierda.com\/historiarealbetis\/files\/2016\/10\/Juli%C3%A1n-GONEL-Llopis.jpg?w=211&amp;ssl=1 211w\" sizes=\"auto, (max-width: 142px) 100vw, 142px\" \/><\/p>\n<p style=\"text-align: left\"><strong>3-Lateral Zurdo.-Juli\u00e1n GONEL Llopis.<\/strong><\/p>\n<p style=\"text-align: center\">Medios:<\/p>\n<p style=\"text-align: center\"><img data-recalc-dims=\"1\" loading=\"lazy\" decoding=\"async\" class=\"aligncenter size-thumbnail wp-image-53957\" src=\"https:\/\/i0.wp.com\/www.manquepierda.com\/historiarealbetis\/files\/2016\/10\/Peral.jpg?resize=212%2C220&#038;ssl=1\" alt=\"peral\" width=\"212\" height=\"220\" srcset=\"https:\/\/i0.wp.com\/www.manquepierda.com\/historiarealbetis\/files\/2016\/10\/Peral.jpg?resize=212%2C220&amp;ssl=1 212w, https:\/\/i0.wp.com\/www.manquepierda.com\/historiarealbetis\/files\/2016\/10\/Peral.jpg?resize=578%2C600&amp;ssl=1 578w, https:\/\/i0.wp.com\/www.manquepierda.com\/historiarealbetis\/files\/2016\/10\/Peral.jpg?resize=674%2C700&amp;ssl=1 674w, https:\/\/i0.wp.com\/www.manquepierda.com\/historiarealbetis\/files\/2016\/10\/Peral.jpg?w=714&amp;ssl=1 714w\" sizes=\"auto, (max-width: 212px) 100vw, 212px\" \/><\/p>\n<p style=\"text-align: left\"><strong>4-Diestro.-Jos\u00e9 Su\u00e1rez Gonz\u00e1lez (a) \u00abPERAL\u00bb.<\/strong><\/p>\n<p style=\"text-align: center\"><img data-recalc-dims=\"1\" loading=\"lazy\" decoding=\"async\" class=\"aligncenter size-thumbnail wp-image-53958\" src=\"https:\/\/i0.wp.com\/www.manquepierda.com\/historiarealbetis\/files\/2016\/10\/Jos%C3%A9-Su%C3%A1rez-JAP%C3%93N.jpg?resize=142%2C220&#038;ssl=1\" alt=\"jose-suarez-japon\" width=\"142\" height=\"220\" srcset=\"https:\/\/i0.wp.com\/www.manquepierda.com\/historiarealbetis\/files\/2016\/10\/Jos%C3%A9-Su%C3%A1rez-JAP%C3%93N.jpg?resize=142%2C220&amp;ssl=1 142w, https:\/\/i0.wp.com\/www.manquepierda.com\/historiarealbetis\/files\/2016\/10\/Jos%C3%A9-Su%C3%A1rez-JAP%C3%93N.jpg?w=262&amp;ssl=1 262w\" sizes=\"auto, (max-width: 142px) 100vw, 142px\" \/><\/p>\n<p style=\"text-align: left\"><strong>5-Centro.-Jos\u00e9 Su\u00e1rez JAP\u00d3N.<\/strong><\/p>\n<p style=\"text-align: center\"><img data-recalc-dims=\"1\" loading=\"lazy\" decoding=\"async\" class=\"aligncenter size-thumbnail wp-image-53959\" src=\"https:\/\/i0.wp.com\/www.manquepierda.com\/historiarealbetis\/files\/2016\/10\/Francisco-ANT%C3%9ANEZ-Espala-188x220.png?resize=188%2C220&#038;ssl=1\" alt=\"francisco-antunez-espala\" width=\"188\" height=\"220\" srcset=\"https:\/\/i0.wp.com\/www.manquepierda.com\/historiarealbetis\/files\/2016\/10\/Francisco-ANT%C3%9ANEZ-Espala.png?resize=188%2C220&amp;ssl=1 188w, https:\/\/i0.wp.com\/www.manquepierda.com\/historiarealbetis\/files\/2016\/10\/Francisco-ANT%C3%9ANEZ-Espala.png?w=191&amp;ssl=1 191w\" sizes=\"auto, (max-width: 188px) 100vw, 188px\" \/><\/p>\n<p style=\"text-align: left\"><strong>6-Zurdo.-Francisco ANT\u00daNEZ Espada.<\/strong><\/p>\n<p style=\"text-align: center\">Delanteros:<\/p>\n<p style=\"text-align: center\"><img data-recalc-dims=\"1\" loading=\"lazy\" decoding=\"async\" class=\"aligncenter size-thumbnail wp-image-53960\" src=\"https:\/\/i0.wp.com\/www.manquepierda.com\/historiarealbetis\/files\/2016\/10\/ENRIQUE-Rubio-Alc%C3%A1zar.png?resize=188%2C220&#038;ssl=1\" alt=\"enrique-rubio-alcazar\" width=\"188\" height=\"220\" srcset=\"https:\/\/i0.wp.com\/www.manquepierda.com\/historiarealbetis\/files\/2016\/10\/ENRIQUE-Rubio-Alc%C3%A1zar.png?resize=188%2C220&amp;ssl=1 188w, https:\/\/i0.wp.com\/www.manquepierda.com\/historiarealbetis\/files\/2016\/10\/ENRIQUE-Rubio-Alc%C3%A1zar.png?w=191&amp;ssl=1 191w\" sizes=\"auto, (max-width: 188px) 100vw, 188px\" \/><\/p>\n<p style=\"text-align: left\"><span style=\"color: #333333\"><strong>7-Extremo Diestro.-ENRIQUE Rubio Alc\u00e1zar.<\/strong><\/span><\/p>\n<p style=\"text-align: center\"><img data-recalc-dims=\"1\" loading=\"lazy\" decoding=\"async\" class=\"aligncenter size-thumbnail wp-image-53961\" src=\"https:\/\/i0.wp.com\/www.manquepierda.com\/historiarealbetis\/files\/2016\/10\/Enrique-BESC%C3%93S-Mambrona-1.png?resize=188%2C220&#038;ssl=1\" alt=\"enrique-bescos-mambrona-1\" width=\"188\" height=\"220\" srcset=\"https:\/\/i0.wp.com\/www.manquepierda.com\/historiarealbetis\/files\/2016\/10\/Enrique-BESC%C3%93S-Mambrona-1.png?resize=188%2C220&amp;ssl=1 188w, https:\/\/i0.wp.com\/www.manquepierda.com\/historiarealbetis\/files\/2016\/10\/Enrique-BESC%C3%93S-Mambrona-1.png?w=191&amp;ssl=1 191w\" sizes=\"auto, (max-width: 188px) 100vw, 188px\" \/><\/p>\n<p style=\"text-align: left\"><strong>8-Interior Diestro.-Enrique BESC\u00d3S Mambrona.<\/strong><\/p>\n<p style=\"text-align: justify\"><span style=\"color: #008000\"><em><strong>*1-0.-22 minutos.-\u00abEn un avance verdiblanco, D\u00edaz recoge el bal\u00f3n y pasa el cuero con gran inteligencia y rapidez a Tom\u00e1s, que de un archisuperior chut env\u00eda el pelot\u00f3n al fondo de las redes defendidas por el cancerbero gallego Juan Acu\u00f1a*<\/strong><\/em><\/span><\/p>\n<p style=\"text-align: center\"><img data-recalc-dims=\"1\" loading=\"lazy\" decoding=\"async\" class=\"aligncenter size-thumbnail wp-image-53962\" src=\"https:\/\/i0.wp.com\/www.manquepierda.com\/historiarealbetis\/files\/2016\/10\/Tom%C3%A1s-MURUAGA-Elortegui-188x220.png?resize=188%2C220&#038;ssl=1\" alt=\"tomas-muruaga-elortegui\" width=\"188\" height=\"220\" srcset=\"https:\/\/i0.wp.com\/www.manquepierda.com\/historiarealbetis\/files\/2016\/10\/Tom%C3%A1s-MURUAGA-Elortegui.png?resize=188%2C220&amp;ssl=1 188w, https:\/\/i0.wp.com\/www.manquepierda.com\/historiarealbetis\/files\/2016\/10\/Tom%C3%A1s-MURUAGA-Elortegui.png?w=191&amp;ssl=1 191w\" sizes=\"auto, (max-width: 188px) 100vw, 188px\" \/><\/p>\n<p style=\"text-align: justify\"><strong>9-Centro Delantero-Ariete (1 GOL).-Tom\u00e1s MURUAGA Elortegui (24 a\u00f1os+7 meses menos 9 d\u00edas).<br \/>\n<\/strong><\/p>\n<p style=\"text-align: center\"><img data-recalc-dims=\"1\" loading=\"lazy\" decoding=\"async\" class=\"aligncenter size-thumbnail wp-image-53964\" src=\"https:\/\/i0.wp.com\/www.manquepierda.com\/historiarealbetis\/files\/2016\/10\/Francisco-Garc%C3%ADa-D%C3%8DAZ.jpg?resize=146%2C220&#038;ssl=1\" alt=\"francisco-garcia-diaz\" width=\"146\" height=\"220\" srcset=\"https:\/\/i0.wp.com\/www.manquepierda.com\/historiarealbetis\/files\/2016\/10\/Francisco-Garc%C3%ADa-D%C3%8DAZ.jpg?resize=146%2C220&amp;ssl=1 146w, https:\/\/i0.wp.com\/www.manquepierda.com\/historiarealbetis\/files\/2016\/10\/Francisco-Garc%C3%ADa-D%C3%8DAZ.jpg?w=169&amp;ssl=1 169w\" sizes=\"auto, (max-width: 146px) 100vw, 146px\" \/><\/p>\n<p style=\"text-align: left\"><strong>10-Interior Zurdo.-Francisco Garc\u00eda D\u00cdAZ.<\/strong><\/p>\n<p style=\"text-align: center\"><img data-recalc-dims=\"1\" loading=\"lazy\" decoding=\"async\" class=\"aligncenter size-full wp-image-53965\" src=\"https:\/\/i0.wp.com\/www.manquepierda.com\/historiarealbetis\/files\/2016\/10\/TOMAS%C3%8DN-Rafael-Holgu%C3%ADn-Guill%C3%A9n-2.jpg?resize=139%2C202&#038;ssl=1\" alt=\"tomasin-rafael-holguin-guillen\" width=\"139\" height=\"202\"><\/p>\n<p style=\"text-align: left\"><strong>11-Extremo Zurdo.-Rafael Holgu\u00edn Guill\u00e9n (a) \u00abTOMAS\u00cdN\u00bb.<\/strong><\/p>\n<p style=\"text-align: center\"><img data-recalc-dims=\"1\" loading=\"lazy\" decoding=\"async\" class=\"aligncenter size-full wp-image-54037\" src=\"https:\/\/i0.wp.com\/www.manquepierda.com\/historiarealbetis\/files\/2016\/11\/Alineaci%C3%B3n-BET1DEP1-Liga-19421101-680x489.jpg?resize=680%2C489&#038;ssl=1\" alt=\"alineacion-bet1dep1-liga-19421101-680x489\" width=\"680\" height=\"489\" srcset=\"https:\/\/i0.wp.com\/www.manquepierda.com\/historiarealbetis\/files\/2016\/11\/Alineaci%C3%B3n-BET1DEP1-Liga-19421101-680x489.jpg?resize=680%2C489&amp;ssl=1 680w, https:\/\/i0.wp.com\/www.manquepierda.com\/historiarealbetis\/files\/2016\/11\/Alineaci%C3%B3n-BET1DEP1-Liga-19421101-680x489.jpg?resize=220%2C158&amp;ssl=1 220w\" sizes=\"auto, (max-width: 680px) 100vw, 680px\" \/><\/p>\n<p style=\"text-align: center\">Vs.<\/p>\n<p style=\"text-align: right\"><img data-recalc-dims=\"1\" loading=\"lazy\" decoding=\"async\" class=\"alignright size-thumbnail wp-image-53966\" src=\"https:\/\/i0.wp.com\/www.manquepierda.com\/historiarealbetis\/files\/2016\/10\/Aurelio.png?resize=159%2C220&#038;ssl=1\" alt=\"aurelio\" width=\"159\" height=\"220\" srcset=\"https:\/\/i0.wp.com\/www.manquepierda.com\/historiarealbetis\/files\/2016\/10\/Aurelio.png?resize=159%2C220&amp;ssl=1 159w, https:\/\/i0.wp.com\/www.manquepierda.com\/historiarealbetis\/files\/2016\/10\/Aurelio.png?w=282&amp;ssl=1 282w\" sizes=\"auto, (max-width: 159px) 100vw, 159px\" \/><\/p>\n<p style=\"text-align: justify\">1941-1945.-Presidente Real Club Deportivo de la Coru\u00f1a, don Aurelio RUENES Blanco.-Industrial \u00abChocolates Express desde 1930\u00bb.-Natural de CORME (A Coru\u00f1a)-1892.-Obituario A Coru\u00f1a-1987.<\/p>\n<p style=\"text-align: justify\">1-2 Entrenador (01-09 jornadas, ambas inclusive), Eduardo G\u00f3mez Vali\u00f1o (a) \u00abCHACHO\u00bb (31 a\u00f1os+7 meses menos 13 d\u00edas)-Natural de A Coru\u00f1a, viernes 14 Abril de 1911.<\/p>\n<p style=\"text-align: center\"><img data-recalc-dims=\"1\" loading=\"lazy\" decoding=\"async\" class=\"aligncenter size-thumbnail wp-image-53967\" src=\"https:\/\/i0.wp.com\/www.manquepierda.com\/historiarealbetis\/files\/2016\/10\/RCDC.jpeg?resize=179%2C220&#038;ssl=1\" alt=\"rcdc\" width=\"179\" height=\"220\" srcset=\"https:\/\/i0.wp.com\/www.manquepierda.com\/historiarealbetis\/files\/2016\/10\/RCDC.jpeg?resize=179%2C220&amp;ssl=1 179w, https:\/\/i0.wp.com\/www.manquepierda.com\/historiarealbetis\/files\/2016\/10\/RCDC.jpeg?w=195&amp;ssl=1 195w\" sizes=\"auto, (max-width: 179px) 100vw, 179px\" \/><\/p>\n<p style=\"text-align: left\">5\u00ba CLASIFICADO CON 7 PUNTOS (2ganados+3empatados+1-perdido) 10-8 TANTOS FAVOR-CONTRA.<\/p>\n<p style=\"text-align: center\"><img data-recalc-dims=\"1\" loading=\"lazy\" decoding=\"async\" class=\"aligncenter size-thumbnail wp-image-53968\" src=\"https:\/\/i0.wp.com\/www.manquepierda.com\/historiarealbetis\/files\/2016\/10\/JAN.jpg?resize=155%2C220&#038;ssl=1\" alt=\"jan\" width=\"155\" height=\"220\" srcset=\"https:\/\/i0.wp.com\/www.manquepierda.com\/historiarealbetis\/files\/2016\/10\/JAN.jpg?resize=155%2C220&amp;ssl=1 155w, https:\/\/i0.wp.com\/www.manquepierda.com\/historiarealbetis\/files\/2016\/10\/JAN.jpg?w=163&amp;ssl=1 163w\" sizes=\"auto, (max-width: 155px) 100vw, 155px\" \/><\/p>\n<p style=\"text-align: justify\">1-<span style=\"color: #333333\"><strong>(1 gol encajado).-<\/strong><\/span>Juan ACU\u00d1A Naya (19 a\u00f1os+9 meses menos 12 d\u00edas)-Natural de A Coru\u00f1a, martes 13 Febrero de 1923.<\/p>\n<p style=\"text-align: left\">2-Pedro L\u00f3pez Crespo (a) \u00abPEDRITO\u00bb.-3-V\u00cdCTOR Garc\u00eda Hernando.<\/p>\n<p style=\"text-align: justify\">4-Ram\u00f3n \u00c1lvarez S\u00e1nchez (a) \u00abMOLAZA\u00bb.-5-Anastasio BIENZOBAS Ocariz.-6-Francisco REBOREDO Mosquera.<\/p>\n<p style=\"text-align: left\">7-Manuel GUIMERANS Correa.<\/p>\n<p style=\"text-align: center\"><img data-recalc-dims=\"1\" loading=\"lazy\" decoding=\"async\" class=\"aligncenter size-thumbnail wp-image-53969\" src=\"https:\/\/i0.wp.com\/www.manquepierda.com\/historiarealbetis\/files\/2016\/10\/Caballero.jpg?resize=156%2C220&#038;ssl=1\" alt=\"caballero\" width=\"156\" height=\"220\" srcset=\"https:\/\/i0.wp.com\/www.manquepierda.com\/historiarealbetis\/files\/2016\/10\/Caballero.jpg?resize=156%2C220&amp;ssl=1 156w, https:\/\/i0.wp.com\/www.manquepierda.com\/historiarealbetis\/files\/2016\/10\/Caballero.jpg?w=161&amp;ssl=1 161w\" sizes=\"auto, (max-width: 156px) 100vw, 156px\" \/><\/p>\n<p style=\"text-align: left\">8-<strong>Jos\u00e9 Gonz\u00e1lez CABALLERO.<\/strong><\/p>\n<p style=\"text-align: center\"><img data-recalc-dims=\"1\" loading=\"lazy\" decoding=\"async\" class=\"aligncenter size-full wp-image-53970\" src=\"https:\/\/i0.wp.com\/www.manquepierda.com\/historiarealbetis\/files\/2016\/10\/Paquirri.jpg?resize=103%2C155&#038;ssl=1\" alt=\"paquirri\" width=\"103\" height=\"155\"><\/p>\n<p style=\"text-align: left\">9-<strong>Francisco Gonz\u00e1lez Rodr\u00edguez (a) \u00abPAQUIRRI\u00bb.<\/strong><\/p>\n<p style=\"text-align: justify\"><span style=\"color: #800080\"><em><strong>*1-1.-60 minutos.-Un esf\u00e9rico rebotado de la defensa b\u00e9tica, lo aprovecha Ricardo Garc\u00eda para batir al meta \u00abPaquillo\u00bb*<\/strong><\/em><\/span><\/p>\n<p style=\"text-align: center\"><img data-recalc-dims=\"1\" loading=\"lazy\" decoding=\"async\" class=\"aligncenter size-thumbnail wp-image-53971\" src=\"https:\/\/i0.wp.com\/www.manquepierda.com\/historiarealbetis\/files\/2016\/10\/CUCA.jpg?resize=148%2C220&#038;ssl=1\" alt=\"cuca\" width=\"148\" height=\"220\" srcset=\"https:\/\/i0.wp.com\/www.manquepierda.com\/historiarealbetis\/files\/2016\/10\/CUCA.jpg?resize=148%2C220&amp;ssl=1 148w, https:\/\/i0.wp.com\/www.manquepierda.com\/historiarealbetis\/files\/2016\/10\/CUCA.jpg?w=228&amp;ssl=1 228w\" sizes=\"auto, (max-width: 148px) 100vw, 148px\" \/><\/p>\n<p style=\"text-align: left\">10-<strong>(1 tanto).-<\/strong>Ricardo Garc\u00eda Mart\u00ednez (a) \u00abCUCA\u00bb (27 a\u00f1os+11 meses menos 22 d\u00edas)-Natural de Sama de Langreo (Asturias), mi\u00e9rcoles 23 Diciembre de 1914.<\/p>\n<p style=\"text-align: left\">11-Antonio Villar CHAO.<\/p>\n","protected":false},"excerpt":{"rendered":"<p>XII EDICI\u00d3N-CAMPEONATO NACIONAL LIGA PRIMERA DIVISI\u00d3N-TEMPORADA 1942-1943 DESDE DOMINGO 27 SEPTIEMBRE 1942 HASTA DOMINGO 04 ABRIL 1943-AMBAS FECHAS INCLUSIVE. RECORTES DE PRENSA-\u00abABC-Sevilla\u00bb: 31-Octubre (s\u00e1bado)+01-XI (domingo)+03 Noviembre de 1942: 1942-NOVIEMBRE 01-FESTIVIDAD \u00abTODOS LOS SANTOS\u00bb EN SEVILLA.-ESTADIO MUNICIPAL \u00abHELI\u00d3POLIS\u00bb-SEXTA JORNADA.-\u00abBuena entrada\u00bb.-\u00abLa suerte no favoreci\u00f3 a los verdiblancos que abundaron en el dominio\u00bb. Arbitr\u00f3 el colegiado catal\u00e1n, Agust\u00edn&#8230;<\/p>\n","protected":false},"author":48,"featured_media":53948,"comment_status":"open","ping_status":"open","sticky":false,"template":"","format":"standard","meta":{"_kad_post_transparent":"","_kad_post_title":"","_kad_post_layout":"","_kad_post_sidebar_id":"","_kad_post_content_style":"","_kad_post_vertical_padding":"","_kad_post_feature":"","_kad_post_feature_position":"","_kad_post_header":false,"_kad_post_footer":false,"_kad_post_classname":"","_jetpack_memberships_contains_paid_content":false,"footnotes":"","jetpack_publicize_message":"","jetpack_publicize_feature_enabled":true,"jetpack_social_post_already_shared":true,"jetpack_social_options":{"image_generator_settings":{"template":"highway","default_image_id":0,"font":"","enabled":false},"version":2}},"categories":[900,1],"tags":[50,2284,17898,16882],"class_list":["post-53945","post","type-post","status-publish","format-standard","has-post-thumbnail","hentry","category-1940-1949","category-portada","tag-50","tag-1942-43","tag-liga-primera-1942-43","tag-real-club-deportivo-la-coruna"],"jetpack_publicize_connections":[],"jetpack_featured_media_url":"https:\/\/i0.wp.com\/www.manquepierda.com\/historiarealbetis\/files\/2016\/10\/ABC-se-Vi%C3%B1eta-Vicente-Flores.jpg?fit=2057%2C1119&ssl=1","jetpack_sharing_enabled":true,"jetpack_shortlink":"https:\/\/wp.me\/p1ij08-e25","jetpack-related-posts":[],"_links":{"self":[{"href":"https:\/\/www.manquepierda.com\/historiarealbetis\/wp-json\/wp\/v2\/posts\/53945","targetHints":{"allow":["GET"]}}],"collection":[{"href":"https:\/\/www.manquepierda.com\/historiarealbetis\/wp-json\/wp\/v2\/posts"}],"about":[{"href":"https:\/\/www.manquepierda.com\/historiarealbetis\/wp-json\/wp\/v2\/types\/post"}],"author":[{"embeddable":true,"href":"https:\/\/www.manquepierda.com\/historiarealbetis\/wp-json\/wp\/v2\/users\/48"}],"replies":[{"embeddable":true,"href":"https:\/\/www.manquepierda.com\/historiarealbetis\/wp-json\/wp\/v2\/comments?post=53945"}],"version-history":[{"count":1,"href":"https:\/\/www.manquepierda.com\/historiarealbetis\/wp-json\/wp\/v2\/posts\/53945\/revisions"}],"predecessor-version":[{"id":91627,"href":"https:\/\/www.manquepierda.com\/historiarealbetis\/wp-json\/wp\/v2\/posts\/53945\/revisions\/91627"}],"wp:featuredmedia":[{"embeddable":true,"href":"https:\/\/www.manquepierda.com\/historiarealbetis\/wp-json\/wp\/v2\/media\/53948"}],"wp:attachment":[{"href":"https:\/\/www.manquepierda.com\/historiarealbetis\/wp-json\/wp\/v2\/media?parent=53945"}],"wp:term":[{"taxonomy":"category","embeddable":true,"href":"https:\/\/www.manquepierda.com\/historiarealbetis\/wp-json\/wp\/v2\/categories?post=53945"},{"taxonomy":"post_tag","embeddable":true,"href":"https:\/\/www.manquepierda.com\/historiarealbetis\/wp-json\/wp\/v2\/tags?post=53945"}],"curies":[{"name":"wp","href":"https:\/\/api.w.org\/{rel}","templated":true}]}}