{"id":54016,"date":"2016-11-04T07:13:02","date_gmt":"2016-11-04T06:13:02","guid":{"rendered":"http:\/\/www.manquepierda.com\/historiarealbetis\/?p=54016"},"modified":"2024-09-09T18:07:34","modified_gmt":"2024-09-09T16:07:34","slug":"villarreal-betis-liga-2005","status":"publish","type":"post","link":"https:\/\/www.manquepierda.com\/historiarealbetis\/villarreal-betis-liga-2005\/","title":{"rendered":"Villarreal-Betis Liga 2005"},"content":{"rendered":"<p><a href=\"https:\/\/i0.wp.com\/www.manquepierda.com\/historiarealbetis\/files\/2016\/11\/Villarreal-Betis-Liga-2005-Melli-y-Forl%C3%A1n-EMD-18-4-2005.jpg?ssl=1\"><img data-recalc-dims=\"1\" loading=\"lazy\" decoding=\"async\" class=\"aligncenter size-full wp-image-54017\" src=\"https:\/\/i0.wp.com\/www.manquepierda.com\/historiarealbetis\/files\/2016\/11\/Villarreal-Betis-Liga-2005-Melli-y-Forl%C3%A1n-EMD-18-4-2005.jpg?resize=378%2C597&#038;ssl=1\" alt=\"villarreal-betis-liga-2005-melli-y-forlan-emd-18-4-2005\" width=\"378\" height=\"597\" srcset=\"https:\/\/i0.wp.com\/www.manquepierda.com\/historiarealbetis\/files\/2016\/11\/Villarreal-Betis-Liga-2005-Melli-y-Forl%C3%A1n-EMD-18-4-2005.jpg?w=378&amp;ssl=1 378w, https:\/\/i0.wp.com\/www.manquepierda.com\/historiarealbetis\/files\/2016\/11\/Villarreal-Betis-Liga-2005-Melli-y-Forl%C3%A1n-EMD-18-4-2005.jpg?resize=139%2C220&amp;ssl=1 139w\" sizes=\"auto, (max-width: 378px) 100vw, 378px\" \/><\/a><\/p>\n<p>17 de abril de 2005 en El Madrigal \u00a0Villarreal 0 \u00a0 Betis \u00a00; jornada 32 del Campeonato de Liga de Primera Divisi\u00f3n.<\/p>\n<p>En la imagen el defensa b\u00e9tico Juan Alberto Andreu \u00abMelli\u00bb disputa un bal\u00f3n con el delantero uruguayo Diego Mart\u00edn Forl\u00e1n, en un partido en el que las defensas se impusieron a los delanteros.<\/p>\n<p>Manuel Luis Pellegrini entrenaba al Villarreal y Lorenzo Serra Ferrer al Betis.<\/p>\n","protected":false},"excerpt":{"rendered":"<p>17 de abril de 2005 en El Madrigal \u00a0Villarreal 0 \u00a0 Betis \u00a00; jornada 32 del Campeonato de Liga de Primera Divisi\u00f3n. En la imagen el defensa b\u00e9tico Juan Alberto Andreu \u00abMelli\u00bb disputa un bal\u00f3n con el delantero uruguayo Diego Mart\u00edn Forl\u00e1n, en un partido en el que las defensas se impusieron a los delanteros&#8230;.<\/p>\n","protected":false},"author":5,"featured_media":54017,"comment_status":"open","ping_status":"open","sticky":false,"template":"","format":"standard","meta":{"_kad_post_transparent":"","_kad_post_title":"","_kad_post_layout":"","_kad_post_sidebar_id":"","_kad_post_content_style":"","_kad_post_vertical_padding":"","_kad_post_feature":"","_kad_post_feature_position":"","_kad_post_header":false,"_kad_post_footer":false,"_kad_post_classname":"","_jetpack_memberships_contains_paid_content":false,"footnotes":"","jetpack_publicize_message":"","jetpack_publicize_feature_enabled":true,"jetpack_social_post_already_shared":true,"jetpack_social_options":{"image_generator_settings":{"template":"highway","default_image_id":0,"font":"","enabled":false},"version":2}},"categories":[4823,1],"tags":[5910,1630,1481,17906,4007],"class_list":["post-54016","post","type-post","status-publish","format-standard","has-post-thumbnail","hentry","category-2000-2009","category-portada","tag-2004-05","tag-1630","tag-juan-alberto-andreu-melli","tag-liga-primera-2004-05","tag-villarreal-cf"],"jetpack_publicize_connections":[],"jetpack_featured_media_url":"https:\/\/i0.wp.com\/www.manquepierda.com\/historiarealbetis\/files\/2016\/11\/Villarreal-Betis-Liga-2005-Melli-y-Forl%C3%A1n-EMD-18-4-2005.jpg?fit=378%2C597&ssl=1","jetpack_sharing_enabled":true,"jetpack_shortlink":"https:\/\/wp.me\/p1ij08-e3e","jetpack-related-posts":[],"_links":{"self":[{"href":"https:\/\/www.manquepierda.com\/historiarealbetis\/wp-json\/wp\/v2\/posts\/54016","targetHints":{"allow":["GET"]}}],"collection":[{"href":"https:\/\/www.manquepierda.com\/historiarealbetis\/wp-json\/wp\/v2\/posts"}],"about":[{"href":"https:\/\/www.manquepierda.com\/historiarealbetis\/wp-json\/wp\/v2\/types\/post"}],"author":[{"embeddable":true,"href":"https:\/\/www.manquepierda.com\/historiarealbetis\/wp-json\/wp\/v2\/users\/5"}],"replies":[{"embeddable":true,"href":"https:\/\/www.manquepierda.com\/historiarealbetis\/wp-json\/wp\/v2\/comments?post=54016"}],"version-history":[{"count":1,"href":"https:\/\/www.manquepierda.com\/historiarealbetis\/wp-json\/wp\/v2\/posts\/54016\/revisions"}],"predecessor-version":[{"id":98943,"href":"https:\/\/www.manquepierda.com\/historiarealbetis\/wp-json\/wp\/v2\/posts\/54016\/revisions\/98943"}],"wp:featuredmedia":[{"embeddable":true,"href":"https:\/\/www.manquepierda.com\/historiarealbetis\/wp-json\/wp\/v2\/media\/54017"}],"wp:attachment":[{"href":"https:\/\/www.manquepierda.com\/historiarealbetis\/wp-json\/wp\/v2\/media?parent=54016"}],"wp:term":[{"taxonomy":"category","embeddable":true,"href":"https:\/\/www.manquepierda.com\/historiarealbetis\/wp-json\/wp\/v2\/categories?post=54016"},{"taxonomy":"post_tag","embeddable":true,"href":"https:\/\/www.manquepierda.com\/historiarealbetis\/wp-json\/wp\/v2\/tags?post=54016"}],"curies":[{"name":"wp","href":"https:\/\/api.w.org\/{rel}","templated":true}]}}