{"id":54041,"date":"2016-11-03T09:31:30","date_gmt":"2016-11-03T08:31:30","guid":{"rendered":"http:\/\/www.manquepierda.com\/historiarealbetis\/?p=54041"},"modified":"2024-08-12T17:16:29","modified_gmt":"2024-08-12T15:16:29","slug":"1935-noviembre-03-superregional-andalucia-betis-balompie-2-sevilla-1-81aniversario","status":"publish","type":"post","link":"https:\/\/www.manquepierda.com\/historiarealbetis\/1935-noviembre-03-superregional-andalucia-betis-balompie-2-sevilla-1-81aniversario\/","title":{"rendered":"1935-Noviembre 03-Superregional Andaluc\u00eda.-Betis Balompi\u00e9-2 SevillaFbC-1.-Recortes Prensa."},"content":{"rendered":"<p style=\"text-align: justify\">CAMPEONATO SUPERREGIONAL \u00abANDALUC\u00cdA\u00bb-TEMPORADA 1935.-JORNADAS Y CLUBES PARTICIPANTES:<\/p>\n<p style=\"text-align: justify\">*1935-SEPTIEMBRE 01-PRIMERA JORNADA-DOMINGO EN \u00abHELI\u00d3POLIS\u00bb*<\/p>\n<p style=\"text-align: justify\"><span style=\"color: #008000\"><em><strong>\u00abA excepci\u00f3n de LARRINOA y \u00abPERAL\u00bb todo el equipo jug\u00f3 con desgana. Empatando un partido que pudo ser ganado ampliamente\u00bb.-Arbitr\u00f3 Mu\u00f1iz-regular\u00bb.<\/strong><\/em><\/span><\/p>\n<p style=\"text-align: center\"><span style=\"color: #008000\"><strong>BETIS BALOMPI\u00c9-1 gol (ADOLFO Mart\u00edn, de penalti) <\/strong><span style=\"color: #333333\">vs. Club RECREATIVO de Granada-1 tanto.<\/span><\/span><\/p>\n<hr \/>\n<p style=\"text-align: justify\">*1935-SEPTIEMBRE 08-SEGUNDA JORNADA-DOMINGO EN JEREZ DE LA FRONTERA (C\u00e1diz)*<\/p>\n<p style=\"text-align: justify\"><span style=\"color: #008000\"><em><strong>\u00abJug\u00f3 magn\u00edficamente AEDO y bien MORALES. Los dem\u00e1s jugaron muy mal; unos con miedo y otros con apat\u00eda o poco acierto.-El p\u00fablico incorrecto y chill\u00f3n.-Arbitr\u00f3 Hidalgo-deficientemente\u00bb.<\/strong><\/em><\/span><\/p>\n<p style=\"text-align: center\">XEREZ F\u00fatbol Club-2 tantos vs. <span style=\"color: #008000\"><strong>BETIS BALOMPI\u00c9-1 gol (RANCEL).<\/strong><\/span><\/p>\n<hr \/>\n<p style=\"text-align: justify\">*1935-SEPTIEMBRE 15-TERCERA JORNADA-DOMINGO EN \u00abHELI\u00d3POLIS\u00bb*<\/p>\n<p style=\"text-align: justify\"><span style=\"color: #008000\"><em><strong>\u00abLa actuaci\u00f3n del equipo fue espl\u00e9ndida en contraste precisamente con los dos anteriores del equipo titular. Destac\u00f3 la labor de \u00abPAQUIRRI\u00bb que marc\u00f3 goals de factura insuperable\u00bb.-Arbitr\u00f3 Medina-bien\u00bb.<\/strong><\/em><\/span><\/p>\n<p style=\"text-align: center\"><span style=\"color: #008000\"><strong>BETIS BALOMPI\u00c9-4 goles (3-\u00abPAQUIRRI\u00bb+1-ZAFRA) <\/strong><span style=\"color: #333333\">vs. Club Deportivo MALACITANO-1 tanto.<\/span><\/span><\/p>\n<hr \/>\n<p style=\"text-align: justify\">*1935-SEPTIEMBRE 22-CUARTA JORNADA-DOMINGO EN C\u00c1DIZ*<\/p>\n<p style=\"text-align: center\"><em><span style=\"color: #008000\"><strong>Arbitr\u00f3 Mu\u00f1iz-bien.<\/strong><\/span><\/em><\/p>\n<p style=\"text-align: center\">Club Deportivo MIRANDILLA-3 tantos vs. <span style=\"color: #008000\"><strong>BETIS BALOMPI\u00c9-1gol (VALERA).<\/strong><\/span><\/p>\n<hr \/>\n<p style=\"text-align: justify\">*1935-SEPTIEMBRE 29-QUINTA JORNADA-DOMINGO EN GRANADA*<\/p>\n<p style=\"text-align: center\"><span style=\"color: #008000\"><em><strong>\u00abLa defensa jug\u00f3 magn\u00edficamente.-Los dem\u00e1s, medianos.-Arbitr\u00f3 Medina-bien\u00bb.<\/strong><\/em><\/span><\/p>\n<p style=\"text-align: center\">Club RECREATIVO-0 tantos vs. <span style=\"color: #008000\"><strong>BETIS BALOMPI\u00c9-0 goles.<\/strong><\/span><\/p>\n<hr \/>\n<p style=\"text-align: justify\">*1935-OCTUBRE 06-SEXTA JORNADA-DOMINGO EN \u00abHELI\u00d3POLIS\u00bb*<\/p>\n<p style=\"text-align: center\"><span style=\"color: #008000\"><em><strong>Arbitr\u00f3 Guti\u00e9rrez-Mal.<\/strong><\/em><\/span><\/p>\n<p style=\"text-align: center\"><span style=\"color: #008000\"><strong>BETIS BALOMPI\u00c9-2 goles <\/strong>(ADOLFO Mart\u00edn+\u00bbPERAL\u00bb <span style=\"color: #333333\">vs. XEREZ F\u00fatbol Club-2 tantos.<\/span><\/span><\/p>\n<hr \/>\n<p style=\"text-align: justify\">*1935-OCTUBRE 13-S\u00c9PTIMA JORNADA-DOMINGO EN M\u00c1LAGA*<\/p>\n<p style=\"text-align: center\"><span style=\"color: #008000\"><em><strong>Arbitr\u00f3 Mu\u00f1iz-Bien.<\/strong><\/em><\/span><\/p>\n<p style=\"text-align: center\"><span style=\"color: #333333\">Club Deportivo MALACITANO-2 tantos vs. <span style=\"color: #008000\"><strong>BETIS BALOMPI\u00c9-0 goles.<\/strong><\/span><\/span><\/p>\n<hr \/>\n<p style=\"text-align: justify\"><strong>*1935-OCTUBRE 20-OCTAVA JORNADA-DOMINGO EN \u00abNERVI\u00d3N\u00bb*<\/strong><\/p>\n<p style=\"text-align: center\"><span style=\"color: #008000\"><em><strong>\u00abJug\u00f3 el equipo muy bien, especialmente \u00abPAQUIRRI\u00bb y URQUIAGA.-Arbitr\u00f3 Medina-Regular\u00bb.<\/strong><\/em><\/span><\/p>\n<p style=\"text-align: center\">Sevilla F\u00fatbol Club-1 tanto vs. <span style=\"color: #008000\"><strong>BETIS BALOMPI\u00c9-2 goles (\u00abPAQUIRRI\u00bb+REJ\u00d3N).<\/strong><\/span><\/p>\n<hr \/>\n<p style=\"text-align: justify\">*1935-OCTUBRE 27-NOVENA JORNADA-DOMINGO EN \u00abHELI\u00d3POLIS\u00bb*<\/p>\n<p style=\"text-align: center\"><span style=\"color: #008000\"><em><strong>Arbitr\u00f3 Guti\u00e9rrez.-Mal por ineptitud.<\/strong><\/em><\/span><\/p>\n<p style=\"text-align: center\"><span style=\"color: #008000\"><strong>BETIS BALOMPI\u00c9-2 goles (\u00abSARO\u00bb+\u00bbPAQUIRRI\u00bb) <\/strong><span style=\"color: #333333\">vs. Club Deportivo MIRANDILLA-0 tantos.<\/span><\/span><\/p>\n<hr \/>\n<p style=\"text-align: center\"><img data-recalc-dims=\"1\" loading=\"lazy\" decoding=\"async\" class=\"aligncenter size-full wp-image-54042\" src=\"https:\/\/i0.wp.com\/www.manquepierda.com\/historiarealbetis\/files\/2016\/11\/Vista-a%C3%A9rea-del-Patronato-NMP-La-Uni%C3%B3n-16-11-1928-680x498-1.jpg?resize=680%2C498&#038;ssl=1\" alt=\"vista-aerea-del-patronato-nmp-la-union-16-11-1928-680x498-1\" width=\"680\" height=\"498\" srcset=\"https:\/\/i0.wp.com\/www.manquepierda.com\/historiarealbetis\/files\/2016\/11\/Vista-a%C3%A9rea-del-Patronato-NMP-La-Uni%C3%B3n-16-11-1928-680x498-1.jpg?w=680&amp;ssl=1 680w, https:\/\/i0.wp.com\/www.manquepierda.com\/historiarealbetis\/files\/2016\/11\/Vista-a%C3%A9rea-del-Patronato-NMP-La-Uni%C3%B3n-16-11-1928-680x498-1.jpg?resize=220%2C161&amp;ssl=1 220w\" sizes=\"auto, (max-width: 680px) 100vw, 680px\" \/><\/p>\n<p style=\"text-align: justify\"><strong>1935-NOVIEMBRE 03-DOMINGO EN EL BARRIO DE \u00abEL PORVENIR\u00bb-CAMPO MUNICIPAL DE DEPORTES \u00abPATRONATO OBRERO\u00bb-D\u00c9CIMA JORNADA Y \u00daLTIMA DEL CAMPEONATO SUPERREGIONAL \u00abANDALUCIA\u00bb.<\/strong><\/p>\n<p style=\"text-align: center\"><strong><span style=\"color: #008000\"><em>\u00abEL BETIS BALOMPI\u00c9 VENCI\u00d3 JUSTAMENTE EN UN ENCUENTRO APASIONADO\u00bb.<br \/>\n<\/em><\/span><\/strong><\/p>\n<p style=\"text-align: justify\"><span style=\"color: #333333\"><em><strong>\u00abExcelente entrada con motivo del derbi de vuelta del Campeonato Superregional-Andaluc\u00eda 1935: 7\u00aa Edici\u00f3n\u00a0 Campeones Nacional Liga Primera Divisi\u00f3n, y de la 33\u00aa Edici\u00f3n-Campeones de Espa\u00f1a-Copa Presidente de la Rep\u00fablica\u00bb.<\/strong><\/em><\/span><\/p>\n<p style=\"text-align: center\">Arbitr\u00f3 Lu\u00eds MEDINA Toledo.<\/p>\n<p style=\"text-align: center\">AMBAS ESCUADRAS SE ALINEARON DE LA FORMA SIGUIENTE.<\/p>\n<p style=\"text-align: center\"><img data-recalc-dims=\"1\" loading=\"lazy\" decoding=\"async\" class=\"aligncenter size-full wp-image-54044\" src=\"https:\/\/i0.wp.com\/www.manquepierda.com\/historiarealbetis\/files\/2016\/11\/Francisco-NAVARRO-L%C3%B3pez-Antonio-GONZ%C3%81LEZ-GlezDNicol%C3%A1s.jpg?resize=220%2C171&#038;ssl=1\" alt=\"francisco-navarro-lopez-antonio-gonzalez-glezdnicolas\" width=\"220\" height=\"171\" \/><\/p>\n<p style=\"text-align: justify\"><span style=\"color: #008000\"><em><strong>1935-1936.-Presidente BETIS BALOMPI\u00c9-doctor en Medicina-don Francisco NAVARRO L\u00d3PEZ.-Natural de Osuna (Sevilla), 00-00-1892.-No localizada fecha y ciudad de su obituario.-D. E. P.<\/strong><\/em><\/span><\/p>\n<p style=\"text-align: justify\"><span style=\"color: #008000\"><strong><img data-recalc-dims=\"1\" loading=\"lazy\" decoding=\"async\" class=\"alignleft size-thumbnail wp-image-54045\" src=\"https:\/\/i0.wp.com\/www.manquepierda.com\/historiarealbetis\/files\/2016\/11\/Andr%C3%A9s-ARANDA-Guti%C3%A9rrez-03.jpg?resize=151%2C220&#038;ssl=1\" alt=\"andres-aranda-gutierrez-03\" width=\"151\" height=\"220\" srcset=\"https:\/\/i0.wp.com\/www.manquepierda.com\/historiarealbetis\/files\/2016\/11\/Andr%C3%A9s-ARANDA-Guti%C3%A9rrez-03.jpg?resize=151%2C220&amp;ssl=1 151w, https:\/\/i0.wp.com\/www.manquepierda.com\/historiarealbetis\/files\/2016\/11\/Andr%C3%A9s-ARANDA-Guti%C3%A9rrez-03.jpg?w=233&amp;ssl=1 233w\" sizes=\"auto, (max-width: 151px) 100vw, 151px\" \/>Entrenador Andr\u00e9s ARANDA Guti\u00e9rrez (30 a\u00f1os+3 meses menos 4 d\u00edas)-Natural de Lora del R\u00edo (Sevilla), lunes 7 Agosto de 1905.-Obituario en Aracena (Huelva), mi\u00e9rcoles 10 Marzo de 1965 (59 A\u00f1os+7 meses+3 d\u00edas) D. E. P.<\/strong><\/span><\/p>\n<figure id=\"attachment_54046\" aria-describedby=\"caption-attachment-54046\" style=\"width: 154px\" class=\"wp-caption aligncenter\"><img data-recalc-dims=\"1\" loading=\"lazy\" decoding=\"async\" class=\"size-full wp-image-54046\" src=\"https:\/\/i0.wp.com\/www.manquepierda.com\/historiarealbetis\/files\/2016\/11\/1931-32BB.jpg?resize=154%2C154&#038;ssl=1\" alt=\"BETIS BALOMPI\u00c9-2 GOLES.\" width=\"154\" height=\"154\" \/><figcaption id=\"caption-attachment-54046\" class=\"wp-caption-text\">BETIS BALOMPI\u00c9-2 GOLES.<\/figcaption><\/figure>\n<p style=\"text-align: left\"><span style=\"color: #008000\"><em><strong>TERCER CLASIFICADO CON 11 PUNTOS (4-GANADOS+3-EMPATADOS+3-PERDIDOS).<\/strong><\/em><\/span><\/p>\n<p style=\"text-align: center\"><span style=\"color: #008000\"><em><strong>15-GOLES A FAVOR: <\/strong><\/em><\/span><\/p>\n<p style=\"text-align: justify\"><span style=\"color: #008000\"><strong>8-Francisco Gonz\u00e1lez Rodr\u00edguez (a) \u00abPAQUIRRI\u00bb; 2-ADOLFO Mart\u00edn Gonz\u00e1lez; 1-Jos\u00e9 RANCEL Toledo; 1-Jos\u00e9 ZAFRA Hern\u00e1ndez-Arana; 1-Jos\u00e9 VALERA Nocera; 1-Ferm\u00edn REJ\u00d3N Landa; 1-\u00c1ngel Mart\u00edn Rodr\u00edguez (a) \u00abSARO\u00bb.<\/strong><\/span><\/p>\n<p style=\"text-align: center\"><em><span style=\"color: #008000\"><strong>13-TANTOS EN CONTRA:<\/strong><\/span><\/em><\/p>\n<p style=\"text-align: justify\"><span style=\"color: #008000\"><strong>7-Joaquin URQUIAGA Legarburu; 4-Francisco SU\u00c1REZ Ant\u00fanez; 2-JES\u00daS Bern\u00e1ldez Moreno (a) \u00abManos Duras\u00bb.<\/strong><\/span><\/p>\n<p style=\"text-align: justify\"><img data-recalc-dims=\"1\" loading=\"lazy\" decoding=\"async\" class=\"aligncenter size-large wp-image-54047\" src=\"https:\/\/i0.wp.com\/www.manquepierda.com\/historiarealbetis\/files\/2016\/11\/19351103BBas.jpg?resize=960%2C467&#038;ssl=1\" alt=\"19351103bbas\" width=\"960\" height=\"467\" srcset=\"https:\/\/i0.wp.com\/www.manquepierda.com\/historiarealbetis\/files\/2016\/11\/19351103BBas.jpg?resize=960%2C467&amp;ssl=1 960w, https:\/\/i0.wp.com\/www.manquepierda.com\/historiarealbetis\/files\/2016\/11\/19351103BBas.jpg?resize=220%2C107&amp;ssl=1 220w, https:\/\/i0.wp.com\/www.manquepierda.com\/historiarealbetis\/files\/2016\/11\/19351103BBas.jpg?resize=680%2C330&amp;ssl=1 680w, https:\/\/i0.wp.com\/www.manquepierda.com\/historiarealbetis\/files\/2016\/11\/19351103BBas.jpg?resize=768%2C373&amp;ssl=1 768w, https:\/\/i0.wp.com\/www.manquepierda.com\/historiarealbetis\/files\/2016\/11\/19351103BBas.jpg?w=1673&amp;ssl=1 1673w\" sizes=\"auto, (max-width: 960px) 100vw, 960px\" \/><em><strong>\u00abEL BETIS, CUYA MAGN\u00cdFICA RECUPERACI\u00d3N ES LA NOTA M\u00c1S SOBRESALIENTE DEL CAMPEONATO<\/strong><\/em><strong> ANDALUZ\u00bb<\/strong>.-Foto OLMEDO-Fuente AS-Madrid-193581118.<strong><br \/>\n<\/strong><\/p>\n<p style=\"text-align: left\">Guardameta:<\/p>\n<figure id=\"attachment_54048\" aria-describedby=\"caption-attachment-54048\" style=\"width: 220px\" class=\"wp-caption aligncenter\"><img data-recalc-dims=\"1\" loading=\"lazy\" decoding=\"async\" class=\"size-thumbnail wp-image-54048\" src=\"https:\/\/i0.wp.com\/www.manquepierda.com\/historiarealbetis\/files\/2016\/11\/URQUIAGA19351104AS.jpg?resize=220%2C178&#038;ssl=1\" alt=\"Una magn\u00edfica imtervenci\u00f3n de URQUIAGA, jug\u00f3 en esta ocasi\u00f3n uno de sus mejores partidos.-Fuente AS-Madrid-19351104.\" width=\"220\" height=\"178\" srcset=\"https:\/\/i0.wp.com\/www.manquepierda.com\/historiarealbetis\/files\/2016\/11\/URQUIAGA19351104AS.jpg?resize=220%2C178&amp;ssl=1 220w, https:\/\/i0.wp.com\/www.manquepierda.com\/historiarealbetis\/files\/2016\/11\/URQUIAGA19351104AS.jpg?resize=680%2C551&amp;ssl=1 680w, https:\/\/i0.wp.com\/www.manquepierda.com\/historiarealbetis\/files\/2016\/11\/URQUIAGA19351104AS.jpg?resize=768%2C622&amp;ssl=1 768w, https:\/\/i0.wp.com\/www.manquepierda.com\/historiarealbetis\/files\/2016\/11\/URQUIAGA19351104AS.jpg?resize=864%2C700&amp;ssl=1 864w, https:\/\/i0.wp.com\/www.manquepierda.com\/historiarealbetis\/files\/2016\/11\/URQUIAGA19351104AS.jpg?w=1138&amp;ssl=1 1138w\" sizes=\"auto, (max-width: 220px) 100vw, 220px\" \/><figcaption id=\"caption-attachment-54048\" class=\"wp-caption-text\">Una magn\u00edfica intervenci\u00f3n de URQUIAGA, jug\u00f3 en esta ocasi\u00f3n uno de sus mejores partidos.-Fuente AS-Madrid-19351104.<\/figcaption><\/figure>\n<p style=\"text-align: justify\"><strong>1-(1 Tanto encajado).-Joaqu\u00edn URQUIAGA Legarburu (25 a\u00f1os+8 meses menos 26 d\u00edas).<br \/>\n<\/strong><\/p>\n<p style=\"text-align: left\">Zagueros:<\/p>\n<figure id=\"attachment_54053\" aria-describedby=\"caption-attachment-54053\" style=\"width: 105px\" class=\"wp-caption aligncenter\"><img data-recalc-dims=\"1\" loading=\"lazy\" decoding=\"async\" class=\"size-thumbnail wp-image-54053\" src=\"https:\/\/i0.wp.com\/www.manquepierda.com\/historiarealbetis\/files\/2016\/11\/CAPESTO-Modesto-Gonz%C3%A1lez-Blanco-19351118AS.jpg?resize=105%2C220&#038;ssl=1\" alt=\"CAPESTO. el sustituto de AEDO. que result\u00f3 con la clav\u00edcula fracturada en el partido contra el Sevilla.-Foto Olmedo-AS19351118.\" width=\"105\" height=\"220\" srcset=\"https:\/\/i0.wp.com\/www.manquepierda.com\/historiarealbetis\/files\/2016\/11\/CAPESTO-Modesto-Gonz%C3%A1lez-Blanco-19351118AS.jpg?resize=105%2C220&amp;ssl=1 105w, https:\/\/i0.wp.com\/www.manquepierda.com\/historiarealbetis\/files\/2016\/11\/CAPESTO-Modesto-Gonz%C3%A1lez-Blanco-19351118AS.jpg?resize=286%2C600&amp;ssl=1 286w, https:\/\/i0.wp.com\/www.manquepierda.com\/historiarealbetis\/files\/2016\/11\/CAPESTO-Modesto-Gonz%C3%A1lez-Blanco-19351118AS.jpg?resize=334%2C700&amp;ssl=1 334w, https:\/\/i0.wp.com\/www.manquepierda.com\/historiarealbetis\/files\/2016\/11\/CAPESTO-Modesto-Gonz%C3%A1lez-Blanco-19351118AS.jpg?w=537&amp;ssl=1 537w\" sizes=\"auto, (max-width: 105px) 100vw, 105px\" \/><figcaption id=\"caption-attachment-54053\" class=\"wp-caption-text\">CAPESTO. el sustituto de AEDO. que result\u00f3 con la clav\u00edcula fracturada en el partido contra el Sevilla.-Foto Olmedo-AS19351118.<\/figcaption><\/figure>\n<p style=\"text-align: left\"><strong>2-Lateral Diestro.-Modesto Gonz\u00e1lez Blanco (a) \u00abCAPESTO\u00bb.<\/strong><\/p>\n<figure id=\"attachment_54062\" aria-describedby=\"caption-attachment-54062\" style=\"width: 104px\" class=\"wp-caption aligncenter\"><img data-recalc-dims=\"1\" loading=\"lazy\" decoding=\"async\" class=\"size-thumbnail wp-image-54062\" src=\"https:\/\/i0.wp.com\/www.manquepierda.com\/historiarealbetis\/files\/2016\/11\/CAMPANAL-I.jpg?resize=104%2C220&#038;ssl=1\" alt=\"Foto Olmedo-19351118AS.\" width=\"104\" height=\"220\" srcset=\"https:\/\/i0.wp.com\/www.manquepierda.com\/historiarealbetis\/files\/2016\/11\/CAMPANAL-I.jpg?resize=104%2C220&amp;ssl=1 104w, https:\/\/i0.wp.com\/www.manquepierda.com\/historiarealbetis\/files\/2016\/11\/CAMPANAL-I.jpg?resize=285%2C600&amp;ssl=1 285w, https:\/\/i0.wp.com\/www.manquepierda.com\/historiarealbetis\/files\/2016\/11\/CAMPANAL-I.jpg?resize=332%2C700&amp;ssl=1 332w, https:\/\/i0.wp.com\/www.manquepierda.com\/historiarealbetis\/files\/2016\/11\/CAMPANAL-I.jpg?w=527&amp;ssl=1 527w\" sizes=\"auto, (max-width: 104px) 100vw, 104px\" \/><figcaption id=\"caption-attachment-54062\" class=\"wp-caption-text\">Foto Olmedo-19351118AS.<\/figcaption><\/figure>\n<p style=\"text-align: justify\"><strong><span style=\"color: #008000\"><em>\u00abEn un encontronazo con \u00abCampanal I\u00bb se lesion\u00f3, y desde la caseta dieron la noticia que sufr\u00eda fractura de la clav\u00edcula\u00bb.<\/em><\/span><\/strong><\/p>\n<p style=\"text-align: center\"><img data-recalc-dims=\"1\" loading=\"lazy\" decoding=\"async\" class=\"aligncenter size-thumbnail wp-image-62093\" src=\"https:\/\/i0.wp.com\/www.manquepierda.com\/historiarealbetis\/files\/2016\/11\/Rufino-Fern%C3%A1ndez-De-LARRINOA-Magunaurrekoetxea.png?resize=188%2C220&#038;ssl=1\" alt=\"\" width=\"188\" height=\"220\" srcset=\"https:\/\/i0.wp.com\/www.manquepierda.com\/historiarealbetis\/files\/2016\/11\/Rufino-Fern%C3%A1ndez-De-LARRINOA-Magunaurrekoetxea.png?resize=188%2C220&amp;ssl=1 188w, https:\/\/i0.wp.com\/www.manquepierda.com\/historiarealbetis\/files\/2016\/11\/Rufino-Fern%C3%A1ndez-De-LARRINOA-Magunaurrekoetxea.png?w=191&amp;ssl=1 191w\" sizes=\"auto, (max-width: 188px) 100vw, 188px\" \/><\/p>\n<p style=\"text-align: left\"><strong>3-Lateral Zurdo.-Rufino Fern\u00e1ndez De LARRINOA Magunaurrekoetxea.<\/strong><\/p>\n<p style=\"text-align: left\">Medios:<\/p>\n<p style=\"text-align: center\"><img data-recalc-dims=\"1\" loading=\"lazy\" decoding=\"async\" class=\"aligncenter size-full wp-image-62084\" src=\"https:\/\/i0.wp.com\/www.manquepierda.com\/historiarealbetis\/files\/2016\/11\/PERAL-Jos%C3%A9Su%C3%A1rezGonz%C3%A1lez.jpg?resize=139%2C198&#038;ssl=1\" alt=\"\" width=\"139\" height=\"198\" \/><\/p>\n<p style=\"text-align: left\"><strong>4-Diestro.-Jos\u00e9 Su\u00e1rez Gonz\u00e1lez (a) \u00abPERAL\u00bb.<\/strong><\/p>\n<p style=\"text-align: center\"><img data-recalc-dims=\"1\" loading=\"lazy\" decoding=\"async\" class=\"aligncenter size-thumbnail wp-image-62085\" src=\"https:\/\/i0.wp.com\/www.manquepierda.com\/historiarealbetis\/files\/2016\/11\/Francisco-G%C3%93MEZ-Vicente-MundoDeportivo-1.jpg?resize=167%2C220&#038;ssl=1\" alt=\"\" width=\"167\" height=\"220\" srcset=\"https:\/\/i0.wp.com\/www.manquepierda.com\/historiarealbetis\/files\/2016\/11\/Francisco-G%C3%93MEZ-Vicente-MundoDeportivo-1.jpg?resize=167%2C220&amp;ssl=1 167w, https:\/\/i0.wp.com\/www.manquepierda.com\/historiarealbetis\/files\/2016\/11\/Francisco-G%C3%93MEZ-Vicente-MundoDeportivo-1.jpg?resize=455%2C600&amp;ssl=1 455w, https:\/\/i0.wp.com\/www.manquepierda.com\/historiarealbetis\/files\/2016\/11\/Francisco-G%C3%93MEZ-Vicente-MundoDeportivo-1.jpg?resize=768%2C1013&amp;ssl=1 768w, https:\/\/i0.wp.com\/www.manquepierda.com\/historiarealbetis\/files\/2016\/11\/Francisco-G%C3%93MEZ-Vicente-MundoDeportivo-1.jpg?resize=531%2C700&amp;ssl=1 531w, https:\/\/i0.wp.com\/www.manquepierda.com\/historiarealbetis\/files\/2016\/11\/Francisco-G%C3%93MEZ-Vicente-MundoDeportivo-1.jpg?w=1274&amp;ssl=1 1274w\" sizes=\"auto, (max-width: 167px) 100vw, 167px\" \/><\/p>\n<p style=\"text-align: left\"><strong>5-Centro.-Francisco G\u00d3MEZ Vicente.<\/strong><\/p>\n<p style=\"text-align: center\"><img data-recalc-dims=\"1\" loading=\"lazy\" decoding=\"async\" class=\"aligncenter size-thumbnail wp-image-62086\" src=\"https:\/\/i0.wp.com\/www.manquepierda.com\/historiarealbetis\/files\/2016\/11\/AURELIO-Navarro-Salguero.jpg?resize=159%2C220&#038;ssl=1\" alt=\"\" width=\"159\" height=\"220\" srcset=\"https:\/\/i0.wp.com\/www.manquepierda.com\/historiarealbetis\/files\/2016\/11\/AURELIO-Navarro-Salguero.jpg?resize=159%2C220&amp;ssl=1 159w, https:\/\/i0.wp.com\/www.manquepierda.com\/historiarealbetis\/files\/2016\/11\/AURELIO-Navarro-Salguero.jpg?w=386&amp;ssl=1 386w\" sizes=\"auto, (max-width: 159px) 100vw, 159px\" \/><\/p>\n<p style=\"text-align: left\"><strong>6-Zurdo.-AURELIO Navarro Salguero (Amateur).<br \/>\n<\/strong><\/p>\n<p style=\"text-align: left\">Delanteros:<\/p>\n<p style=\"text-align: center\"><img data-recalc-dims=\"1\" loading=\"lazy\" decoding=\"async\" class=\"aligncenter size-thumbnail wp-image-62087\" src=\"https:\/\/i0.wp.com\/www.manquepierda.com\/historiarealbetis\/files\/2016\/11\/Ferm%C3%ADn-REJ%C3%93N-Landa-1.jpg?resize=161%2C220&#038;ssl=1\" alt=\"\" width=\"161\" height=\"220\" srcset=\"https:\/\/i0.wp.com\/www.manquepierda.com\/historiarealbetis\/files\/2016\/11\/Ferm%C3%ADn-REJ%C3%93N-Landa-1.jpg?resize=161%2C220&amp;ssl=1 161w, https:\/\/i0.wp.com\/www.manquepierda.com\/historiarealbetis\/files\/2016\/11\/Ferm%C3%ADn-REJ%C3%93N-Landa-1.jpg?w=197&amp;ssl=1 197w\" sizes=\"auto, (max-width: 161px) 100vw, 161px\" \/><\/p>\n<p style=\"text-align: left\"><strong>7-Extremo Diestro.-Ferm\u00edn REJ\u00d3N Landa.<\/strong><\/p>\n<p style=\"text-align: center\"><img data-recalc-dims=\"1\" loading=\"lazy\" decoding=\"async\" class=\"aligncenter size-thumbnail wp-image-62088\" src=\"https:\/\/i0.wp.com\/www.manquepierda.com\/historiarealbetis\/files\/2016\/11\/ADOLFO-II-Adolfo-Mart%C3%ADn-Gonz%C3%A1lez-1.jpg?resize=129%2C220&#038;ssl=1\" alt=\"\" width=\"129\" height=\"220\" srcset=\"https:\/\/i0.wp.com\/www.manquepierda.com\/historiarealbetis\/files\/2016\/11\/ADOLFO-II-Adolfo-Mart%C3%ADn-Gonz%C3%A1lez-1.jpg?resize=129%2C220&amp;ssl=1 129w, https:\/\/i0.wp.com\/www.manquepierda.com\/historiarealbetis\/files\/2016\/11\/ADOLFO-II-Adolfo-Mart%C3%ADn-Gonz%C3%A1lez-1.jpg?w=234&amp;ssl=1 234w\" sizes=\"auto, (max-width: 129px) 100vw, 129px\" \/><\/p>\n<p style=\"text-align: left\"><strong>8-Interior Diestro.-ADOLFO Mart\u00edn Gonz\u00e1lez (a) \u00abADOLFO II\u00bb.<\/strong><\/p>\n<p style=\"text-align: center\"><img data-recalc-dims=\"1\" loading=\"lazy\" decoding=\"async\" class=\"aligncenter size-medium wp-image-54054\" src=\"https:\/\/i0.wp.com\/www.manquepierda.com\/historiarealbetis\/files\/2016\/11\/19351105SERRANOabcMadrid.jpg?resize=477%2C600&#038;ssl=1\" alt=\"19351105serranoabcmadrid\" width=\"477\" height=\"600\" srcset=\"https:\/\/i0.wp.com\/www.manquepierda.com\/historiarealbetis\/files\/2016\/11\/19351105SERRANOabcMadrid.jpg?resize=477%2C600&amp;ssl=1 477w, https:\/\/i0.wp.com\/www.manquepierda.com\/historiarealbetis\/files\/2016\/11\/19351105SERRANOabcMadrid.jpg?resize=175%2C220&amp;ssl=1 175w, https:\/\/i0.wp.com\/www.manquepierda.com\/historiarealbetis\/files\/2016\/11\/19351105SERRANOabcMadrid.jpg?resize=768%2C966&amp;ssl=1 768w, https:\/\/i0.wp.com\/www.manquepierda.com\/historiarealbetis\/files\/2016\/11\/19351105SERRANOabcMadrid.jpg?resize=557%2C700&amp;ssl=1 557w, https:\/\/i0.wp.com\/www.manquepierda.com\/historiarealbetis\/files\/2016\/11\/19351105SERRANOabcMadrid.jpg?w=1125&amp;ssl=1 1125w\" sizes=\"auto, (max-width: 477px) 100vw, 477px\" \/><\/p>\n<p style=\"text-align: justify\"><span style=\"color: #008000\"><em><strong>*1-0.-05 minutos.-Al recoger y reexpedir un chut archisuperior potent\u00edsimo un bal\u00f3n despejado por la defensa sevillista, fusil\u00f3 a Guillermo Eizaguirre*<\/strong><\/em><\/span><\/p>\n<p style=\"text-align: justify\"><span style=\"color: #008000\"><em><strong>*2-0.-46 minutos.-Un fallo de Joaqu\u00edn Jim\u00e9nez, fue aprovechado por Francisco Gonz\u00e1lez para batir a Eizaguirre, logrando el marcador final*<\/strong><\/em><\/span><\/p>\n<p style=\"text-align: justify\"><span style=\"color: #008000\"><em><strong>A pesar de la baja de Capesto, y jugando el Betis Balompi\u00e9 con 10, continu\u00f3 jugando y \u00abPaquirri\u00bb logr\u00f3 un nuevo gol, que no fue v\u00e1lido por haberle precedido una falta se\u00f1alada por el \u00e1rbitro Lu\u00eds Medina Toledo.<\/strong><\/em><\/span><\/p>\n<p style=\"text-align: center\"><img data-recalc-dims=\"1\" loading=\"lazy\" decoding=\"async\" class=\"aligncenter size-thumbnail wp-image-62089\" src=\"https:\/\/i0.wp.com\/www.manquepierda.com\/historiarealbetis\/files\/2016\/11\/PAQUIRRI-Francisco-Gonz%C3%A1lez-Rodr%C3%ADguez-02-1.jpg?resize=191%2C220&#038;ssl=1\" alt=\"\" width=\"191\" height=\"220\" \/><\/p>\n<p style=\"text-align: justify\"><strong>9-Centro Delantero-Ariete (2 GOLES-Amateur).-Francisco Gonz\u00e1lez Rodr\u00edguez (a) \u00abPAQUIRRI\u00bb (22 a\u00f1os+3 meses menos 10 d\u00edas).<br \/>\n<\/strong><\/p>\n<p style=\"text-align: center\"><img data-recalc-dims=\"1\" loading=\"lazy\" decoding=\"async\" class=\"aligncenter size-thumbnail wp-image-62090\" src=\"https:\/\/i0.wp.com\/www.manquepierda.com\/historiarealbetis\/files\/2016\/11\/Jos%C3%A9-Gonz%C3%A1lez-CABALLERO-mqp.jpg?resize=165%2C220&#038;ssl=1\" alt=\"\" width=\"165\" height=\"220\" srcset=\"https:\/\/i0.wp.com\/www.manquepierda.com\/historiarealbetis\/files\/2016\/11\/Jos%C3%A9-Gonz%C3%A1lez-CABALLERO-mqp.jpg?resize=165%2C220&amp;ssl=1 165w, https:\/\/i0.wp.com\/www.manquepierda.com\/historiarealbetis\/files\/2016\/11\/Jos%C3%A9-Gonz%C3%A1lez-CABALLERO-mqp.jpg?w=294&amp;ssl=1 294w\" sizes=\"auto, (max-width: 165px) 100vw, 165px\" \/><\/p>\n<p style=\"text-align: left\"><strong>10-Interior Zurdo.-Jos\u00e9 Gonz\u00e1lez CABALLERO.<\/strong><\/p>\n<p style=\"text-align: center\"><img data-recalc-dims=\"1\" loading=\"lazy\" decoding=\"async\" class=\"aligncenter size-thumbnail wp-image-62091\" src=\"https:\/\/i0.wp.com\/www.manquepierda.com\/historiarealbetis\/files\/2016\/11\/SARO-%C3%81ngel-Mart%C3%ADn-Rodr%C3%ADguez-01-4.png?resize=188%2C220&#038;ssl=1\" alt=\"\" width=\"188\" height=\"220\" \/><\/p>\n<p style=\"text-align: left\"><strong>11-Extremo Zurdo.-\u00c1ngel Mart\u00edn Rodr\u00edguez (a) \u00abSARO\u00bb.<\/strong><\/p>\n<hr \/>\n<p style=\"text-align: justify\">\u00a0<em>\u00abSe jug\u00f3 a gran velocidad y el Betis que parece haber conseguido definitivamente la profundidad que hasta ahora se anot\u00f3 un justo triunfo.<\/em><\/p>\n<p style=\"text-align: justify\"><em>Parte muy activa en \u00e9ste tuvo \u00abPaquirri\u00bb, procedente del \u00abamateur\u00bb, que dirigi\u00f3 la vanguardia del equipo profesional\u00a0 con gran acierto. Demostr\u00f3 grandes condiciones para el puesto por su facilidad de remate y por desmarcarse con acierto.<\/em><\/p>\n<p style=\"text-align: justify\"><em><strong>El primer tiempo se caracteriz\u00f3 por el mayor dominio del Betis Balompi\u00e9, que jug\u00f3 dando la sensaci\u00f3n de tener un buen conjunto.<\/strong><\/em><\/p>\n<p style=\"text-align: justify\"><em>Tras el 1-0, los sevillistas <strong>pudieron conseguir el empate en un penalti por falta de Larrinoa, que L\u00f3pez castig\u00f3 con absoluta carencia de intenci\u00f3n.<\/strong><\/em><\/p>\n<p style=\"text-align: justify\"><em>En la segunda fase la lucha fue nivelada.<\/em><\/p>\n<hr \/>\n<p style=\"text-align: center\">Vs.<\/p>\n<p style=\"text-align: justify\">Desde martes 16 Febrero de 1932 hasta viernes 5 Diciembre de 1941, presidente don Ram\u00f3n S\u00e1nchez-Pizju\u00e1n y<img data-recalc-dims=\"1\" loading=\"lazy\" decoding=\"async\" class=\"alignright size-full wp-image-54056\" src=\"https:\/\/i0.wp.com\/www.manquepierda.com\/historiarealbetis\/files\/2016\/11\/RamonSanchezPizjuanyMunoz.jpg?resize=131%2C175&#038;ssl=1\" alt=\"ramonsanchezpizjuanymunoz\" width=\"131\" height=\"175\" \/> Mu\u00f1oz (34 a\u00f1os+11 meses menos 18 d\u00edas)-Natural de Sevilla, viernes 21 Diciembre de 1900.<\/p>\n<p style=\"text-align: justify\"><img data-recalc-dims=\"1\" loading=\"lazy\" decoding=\"async\" class=\"alignleft size-full wp-image-54057\" src=\"https:\/\/i0.wp.com\/www.manquepierda.com\/historiarealbetis\/files\/2016\/11\/RED.jpg?resize=82%2C102&#038;ssl=1\" alt=\"red\" width=\"82\" height=\"102\" \/>Entrenador Ram\u00f3n Encinas Dios (42 a\u00f1os+6 meses menos 16 d\u00edas)-Natural de Pontevedra, viernes 19 Mayo de 1893.<\/p>\n<figure id=\"attachment_54058\" aria-describedby=\"caption-attachment-54058\" style=\"width: 135px\" class=\"wp-caption aligncenter\"><img data-recalc-dims=\"1\" loading=\"lazy\" decoding=\"async\" class=\"size-full wp-image-54058\" src=\"https:\/\/i0.wp.com\/www.manquepierda.com\/historiarealbetis\/files\/2016\/11\/sevillafc.png?resize=135%2C135&#038;ssl=1\" alt=\"Sevilla Fc-1 Tanto.\" width=\"135\" height=\"135\" \/><figcaption id=\"caption-attachment-54058\" class=\"wp-caption-text\">Sevilla Fc-1 Tanto.<\/figcaption><\/figure>\n<p style=\"text-align: left\">1er-Clasificado con 13 puntos (6ganados+1empatado+3perdidos)<\/p>\n<p style=\"text-align: center\"><span style=\"color: #008000\"><em><strong>[2-Ida+2-Vuelta=4 BETIS BALOMPI\u00c9 <span style=\"color: #ff0000\">vs. 1-Ida+1-Vuelta=2 SFC] <\/span><\/strong><\/em><\/span><\/p>\n<p style=\"text-align: center\">25-10 Tantos Favor-Contra.<\/p>\n<figure id=\"attachment_54059\" aria-describedby=\"caption-attachment-54059\" style=\"width: 220px\" class=\"wp-caption aligncenter\"><img data-recalc-dims=\"1\" loading=\"lazy\" decoding=\"async\" class=\"size-thumbnail wp-image-54059\" src=\"https:\/\/i0.wp.com\/www.manquepierda.com\/historiarealbetis\/files\/2016\/11\/19351118OLMEDOasmadrid.jpg?resize=220%2C115&#038;ssl=1\" alt=\"El Sevilla, que a pesar de sus 3 \u00faltimas derrotas, ha obtenido el t\u00edtulo de campe\u00f3n.-Foto Olmedo-AS19351118.\" width=\"220\" height=\"115\" srcset=\"https:\/\/i0.wp.com\/www.manquepierda.com\/historiarealbetis\/files\/2016\/11\/19351118OLMEDOasmadrid.jpg?resize=220%2C115&amp;ssl=1 220w, https:\/\/i0.wp.com\/www.manquepierda.com\/historiarealbetis\/files\/2016\/11\/19351118OLMEDOasmadrid.jpg?resize=680%2C355&amp;ssl=1 680w, https:\/\/i0.wp.com\/www.manquepierda.com\/historiarealbetis\/files\/2016\/11\/19351118OLMEDOasmadrid.jpg?resize=768%2C400&amp;ssl=1 768w, https:\/\/i0.wp.com\/www.manquepierda.com\/historiarealbetis\/files\/2016\/11\/19351118OLMEDOasmadrid.jpg?resize=960%2C501&amp;ssl=1 960w, https:\/\/i0.wp.com\/www.manquepierda.com\/historiarealbetis\/files\/2016\/11\/19351118OLMEDOasmadrid.jpg?w=1678&amp;ssl=1 1678w\" sizes=\"auto, (max-width: 220px) 100vw, 220px\" \/><figcaption id=\"caption-attachment-54059\" class=\"wp-caption-text\">El Sevilla, que a pesar de sus 3 \u00faltimas derrotas, ha obtenido el t\u00edtulo de campe\u00f3n.-Foto Olmedo-AS19351118.<\/figcaption><\/figure>\n<p style=\"text-align: left\">1-(2 goles encajados)-Guillermo EIZAGUIRRE Olmos.<\/p>\n<p style=\"text-align: left\">2-JOAQU\u00cdN Jim\u00e9nez Postigo.-3-Esteban Arrizabalo Echevarr\u00eda (a) \u00abDEVA\u00bb.<\/p>\n<p style=\"text-align: left\">4-F\u00c9LIX Garc\u00eda Asensio.-5-Antonio Garc\u00eda SEGURA.-6-F\u00e9lix De los Heros Azcueta (a) \u00abTACHE\u00bb.<\/p>\n<p style=\"text-align: center\"><img data-recalc-dims=\"1\" loading=\"lazy\" decoding=\"async\" class=\"aligncenter size-thumbnail wp-image-54061\" src=\"https:\/\/i0.wp.com\/www.manquepierda.com\/historiarealbetis\/files\/2016\/11\/jose_lopez_martinez_lopez.jpg?resize=139%2C220&#038;ssl=1\" alt=\"jose_lopez_martinez_lopez\" width=\"139\" height=\"220\" srcset=\"https:\/\/i0.wp.com\/www.manquepierda.com\/historiarealbetis\/files\/2016\/11\/jose_lopez_martinez_lopez.jpg?resize=139%2C220&amp;ssl=1 139w, https:\/\/i0.wp.com\/www.manquepierda.com\/historiarealbetis\/files\/2016\/11\/jose_lopez_martinez_lopez.jpg?w=150&amp;ssl=1 150w\" sizes=\"auto, (max-width: 139px) 100vw, 139px\" \/><\/p>\n<p style=\"text-align: justify\">7-Jos\u00e9 L\u00d3PEZ Mart\u00ednez <span style=\"color: #ff0000\">(2-1.-50 minutos.-Un centro de Caro, lo remat\u00f3 \u00abPepe\u00bb\/\u00bb\u00c1ngel de Sevilla\u00bb de cabeza batiendo a Urquiaga)*<\/span><\/p>\n<p style=\"text-align: justify\">8-Miguel L\u00f3pez TORRONTEGUI.-9-Guillermo Gonz\u00e1lez Del R\u00edo Garc\u00eda (a) \u00abCAMPANAL I\u00bb.-10-Jos\u00e9 Lu\u00eds Rodr\u00edguez Men\u00e9ndez (a) \u00abLUIS\u00cdN\u00bb.-11-Antonio CARO Garc\u00eda.<\/p>\n","protected":false},"excerpt":{"rendered":"<p>CAMPEONATO SUPERREGIONAL \u00abANDALUC\u00cdA\u00bb-TEMPORADA 1935.-JORNADAS Y CLUBES PARTICIPANTES: *1935-SEPTIEMBRE 01-PRIMERA JORNADA-DOMINGO EN \u00abHELI\u00d3POLIS\u00bb* \u00abA excepci\u00f3n de LARRINOA y \u00abPERAL\u00bb todo el equipo jug\u00f3 con desgana. Empatando un partido que pudo ser ganado ampliamente\u00bb.-Arbitr\u00f3 Mu\u00f1iz-regular\u00bb. BETIS BALOMPI\u00c9-1 gol (ADOLFO Mart\u00edn, de penalti) vs. Club RECREATIVO de Granada-1 tanto. *1935-SEPTIEMBRE 08-SEGUNDA JORNADA-DOMINGO EN JEREZ DE LA FRONTERA (C\u00e1diz)*&#8230;<\/p>\n","protected":false},"author":48,"featured_media":54042,"comment_status":"open","ping_status":"open","sticky":false,"template":"","format":"standard","meta":{"_kad_post_transparent":"","_kad_post_title":"","_kad_post_layout":"","_kad_post_sidebar_id":"","_kad_post_content_style":"","_kad_post_vertical_padding":"","_kad_post_feature":"","_kad_post_feature_position":"","_kad_post_header":false,"_kad_post_footer":false,"_kad_post_classname":"","_jetpack_memberships_contains_paid_content":false,"footnotes":"","jetpack_publicize_message":"","jetpack_publicize_feature_enabled":true,"jetpack_social_post_already_shared":true,"jetpack_social_options":{"image_generator_settings":{"template":"highway","default_image_id":0,"font":"","enabled":false},"version":2}},"categories":[899,1],"tags":[45,3710,18012,916],"class_list":["post-54041","post","type-post","status-publish","format-standard","has-post-thumbnail","hentry","category-1930-1939","category-portada","tag-45","tag-1935-36","tag-campeonato-de-andalucia-1935-36","tag-sevilla-fc"],"jetpack_publicize_connections":[],"jetpack_featured_media_url":"https:\/\/i0.wp.com\/www.manquepierda.com\/historiarealbetis\/files\/2016\/11\/Vista-a%C3%A9rea-del-Patronato-NMP-La-Uni%C3%B3n-16-11-1928-680x498-1.jpg?fit=680%2C498&ssl=1","jetpack_sharing_enabled":true,"jetpack_shortlink":"https:\/\/wp.me\/p1ij08-e3D","jetpack-related-posts":[],"_links":{"self":[{"href":"https:\/\/www.manquepierda.com\/historiarealbetis\/wp-json\/wp\/v2\/posts\/54041","targetHints":{"allow":["GET"]}}],"collection":[{"href":"https:\/\/www.manquepierda.com\/historiarealbetis\/wp-json\/wp\/v2\/posts"}],"about":[{"href":"https:\/\/www.manquepierda.com\/historiarealbetis\/wp-json\/wp\/v2\/types\/post"}],"author":[{"embeddable":true,"href":"https:\/\/www.manquepierda.com\/historiarealbetis\/wp-json\/wp\/v2\/users\/48"}],"replies":[{"embeddable":true,"href":"https:\/\/www.manquepierda.com\/historiarealbetis\/wp-json\/wp\/v2\/comments?post=54041"}],"version-history":[{"count":1,"href":"https:\/\/www.manquepierda.com\/historiarealbetis\/wp-json\/wp\/v2\/posts\/54041\/revisions"}],"predecessor-version":[{"id":96352,"href":"https:\/\/www.manquepierda.com\/historiarealbetis\/wp-json\/wp\/v2\/posts\/54041\/revisions\/96352"}],"wp:featuredmedia":[{"embeddable":true,"href":"https:\/\/www.manquepierda.com\/historiarealbetis\/wp-json\/wp\/v2\/media\/54042"}],"wp:attachment":[{"href":"https:\/\/www.manquepierda.com\/historiarealbetis\/wp-json\/wp\/v2\/media?parent=54041"}],"wp:term":[{"taxonomy":"category","embeddable":true,"href":"https:\/\/www.manquepierda.com\/historiarealbetis\/wp-json\/wp\/v2\/categories?post=54041"},{"taxonomy":"post_tag","embeddable":true,"href":"https:\/\/www.manquepierda.com\/historiarealbetis\/wp-json\/wp\/v2\/tags?post=54041"}],"curies":[{"name":"wp","href":"https:\/\/api.w.org\/{rel}","templated":true}]}}