{"id":54480,"date":"2016-11-17T07:19:42","date_gmt":"2016-11-17T06:19:42","guid":{"rendered":"http:\/\/www.manquepierda.com\/historiarealbetis\/?p=54480"},"modified":"2024-08-31T00:01:46","modified_gmt":"2024-08-30T22:01:46","slug":"alineacion-betis-las-palmas-liga-1972","status":"publish","type":"post","link":"https:\/\/www.manquepierda.com\/historiarealbetis\/alineacion-betis-las-palmas-liga-1972\/","title":{"rendered":"Alineaci\u00f3n Betis-Las Palmas Liga 1972"},"content":{"rendered":"<p><a href=\"https:\/\/i0.wp.com\/www.manquepierda.com\/historiarealbetis\/files\/2016\/11\/Alineaci%C3%B3n-Betis-Las-Palmas-Liga-1972.jpg?ssl=1\"><img data-recalc-dims=\"1\" loading=\"lazy\" decoding=\"async\" class=\"aligncenter size-medium wp-image-54481\" src=\"https:\/\/i0.wp.com\/www.manquepierda.com\/historiarealbetis\/files\/2016\/11\/Alineaci%C3%B3n-Betis-Las-Palmas-Liga-1972.jpg?resize=680%2C487&#038;ssl=1\" alt=\"alineacion-betis-las-palmas-liga-1972\" width=\"680\" height=\"487\" srcset=\"https:\/\/i0.wp.com\/www.manquepierda.com\/historiarealbetis\/files\/2016\/11\/Alineaci%C3%B3n-Betis-Las-Palmas-Liga-1972.jpg?resize=680%2C487&amp;ssl=1 680w, https:\/\/i0.wp.com\/www.manquepierda.com\/historiarealbetis\/files\/2016\/11\/Alineaci%C3%B3n-Betis-Las-Palmas-Liga-1972.jpg?resize=220%2C158&amp;ssl=1 220w, https:\/\/i0.wp.com\/www.manquepierda.com\/historiarealbetis\/files\/2016\/11\/Alineaci%C3%B3n-Betis-Las-Palmas-Liga-1972.jpg?resize=768%2C550&amp;ssl=1 768w, https:\/\/i0.wp.com\/www.manquepierda.com\/historiarealbetis\/files\/2016\/11\/Alineaci%C3%B3n-Betis-Las-Palmas-Liga-1972.jpg?w=960&amp;ssl=1 960w\" sizes=\"auto, (max-width: 680px) 100vw, 680px\" \/><\/a><\/p>\n<p>30 de abril de 1972 en el Benito Villamar\u00edn \u00a0Betis 2 \u00a0Las Palmas 1; jornada 32 del Campeonato de Liga de Primera Divisi\u00f3n.<\/p>\n<p>En la imagen arriba Campos, Bizcocho, Telech\u00eda, Cobo, Frigols e Ir\u00edzar; abajo Macario, Gonz\u00e1lez, L\u00f3pez, Rogelio y Ben\u00edtez.<\/p>\n<p>Clima de euforia en el Villamar\u00edn, que se refleja en la presencia de aficionados b\u00e9ticos de Marchena en la imagen, porque ese d\u00eda el Betis pod\u00eda certificar la permanencia en Primera Divisi\u00f3n, lograda despu\u00e9s de una muy buena segunda vuelta tras la llegada de Ferenc Szusza al banquillo b\u00e9tico.<\/p>\n<p>Los tantos de L\u00f3pez y Gonz\u00e1lez sirvieron al Betis para conseguir la victoria.<\/p>\n<p>Ferenc Szusza entrenaba al Betis y Pierre Sinibaldi a Las Palmas.<\/p>\n","protected":false},"excerpt":{"rendered":"<p>30 de abril de 1972 en el Benito Villamar\u00edn \u00a0Betis 2 \u00a0Las Palmas 1; jornada 32 del Campeonato de Liga de Primera Divisi\u00f3n. En la imagen arriba Campos, Bizcocho, Telech\u00eda, Cobo, Frigols e Ir\u00edzar; abajo Macario, Gonz\u00e1lez, L\u00f3pez, Rogelio y Ben\u00edtez. Clima de euforia en el Villamar\u00edn, que se refleja en la presencia de aficionados&#8230;<\/p>\n","protected":false},"author":5,"featured_media":54481,"comment_status":"open","ping_status":"open","sticky":false,"template":"","format":"standard","meta":{"_kad_post_transparent":"","_kad_post_title":"","_kad_post_layout":"","_kad_post_sidebar_id":"","_kad_post_content_style":"","_kad_post_vertical_padding":"","_kad_post_feature":"","_kad_post_feature_position":"","_kad_post_header":false,"_kad_post_footer":false,"_kad_post_classname":"","_jetpack_memberships_contains_paid_content":false,"footnotes":"","jetpack_publicize_message":"","jetpack_publicize_feature_enabled":true,"jetpack_social_post_already_shared":true,"jetpack_social_options":{"image_generator_settings":{"template":"highway","default_image_id":0,"font":"","enabled":false},"version":2}},"categories":[903,1],"tags":[2317,1091,1120,1245,2457,2086,1178,2319,1181,17892,1303,1619,1040,1396,1327],"class_list":["post-54480","post","type-post","status-publish","format-standard","has-post-thumbnail","hentry","category-1970-1979","category-portada","tag-1971-72","tag-1091","tag-antonio-benitez","tag-francisco-bizcocho","tag-francisco-frigols","tag-francisco-telechia","tag-javier-lopez","tag-jesus-maria-irizar","tag-juan-manuel-cobo","tag-liga-primera-1971-72","tag-manuel-campos","tag-manuel-perez-macario","tag-pepe-gonzalez","tag-rogelio-sosa","tag-ud-las-palmas"],"jetpack_publicize_connections":[],"jetpack_featured_media_url":"https:\/\/i0.wp.com\/www.manquepierda.com\/historiarealbetis\/files\/2016\/11\/Alineaci%C3%B3n-Betis-Las-Palmas-Liga-1972.jpg?fit=960%2C688&ssl=1","jetpack_sharing_enabled":true,"jetpack_shortlink":"https:\/\/wp.me\/p1ij08-eaI","jetpack-related-posts":[],"_links":{"self":[{"href":"https:\/\/www.manquepierda.com\/historiarealbetis\/wp-json\/wp\/v2\/posts\/54480","targetHints":{"allow":["GET"]}}],"collection":[{"href":"https:\/\/www.manquepierda.com\/historiarealbetis\/wp-json\/wp\/v2\/posts"}],"about":[{"href":"https:\/\/www.manquepierda.com\/historiarealbetis\/wp-json\/wp\/v2\/types\/post"}],"author":[{"embeddable":true,"href":"https:\/\/www.manquepierda.com\/historiarealbetis\/wp-json\/wp\/v2\/users\/5"}],"replies":[{"embeddable":true,"href":"https:\/\/www.manquepierda.com\/historiarealbetis\/wp-json\/wp\/v2\/comments?post=54480"}],"version-history":[{"count":1,"href":"https:\/\/www.manquepierda.com\/historiarealbetis\/wp-json\/wp\/v2\/posts\/54480\/revisions"}],"predecessor-version":[{"id":96889,"href":"https:\/\/www.manquepierda.com\/historiarealbetis\/wp-json\/wp\/v2\/posts\/54480\/revisions\/96889"}],"wp:featuredmedia":[{"embeddable":true,"href":"https:\/\/www.manquepierda.com\/historiarealbetis\/wp-json\/wp\/v2\/media\/54481"}],"wp:attachment":[{"href":"https:\/\/www.manquepierda.com\/historiarealbetis\/wp-json\/wp\/v2\/media?parent=54480"}],"wp:term":[{"taxonomy":"category","embeddable":true,"href":"https:\/\/www.manquepierda.com\/historiarealbetis\/wp-json\/wp\/v2\/categories?post=54480"},{"taxonomy":"post_tag","embeddable":true,"href":"https:\/\/www.manquepierda.com\/historiarealbetis\/wp-json\/wp\/v2\/tags?post=54480"}],"curies":[{"name":"wp","href":"https:\/\/api.w.org\/{rel}","templated":true}]}}