{"id":54744,"date":"2023-11-29T11:00:00","date_gmt":"2023-11-29T10:00:00","guid":{"rendered":"http:\/\/www.manquepierda.com\/historiarealbetis\/?p=54744"},"modified":"2023-10-18T07:19:42","modified_gmt":"2023-10-18T05:19:42","slug":"hoy-36-anos-3-2","status":"publish","type":"post","link":"https:\/\/www.manquepierda.com\/historiarealbetis\/hoy-36-anos-3-2\/","title":{"rendered":"Hoy hace 40 a\u00f1os. Fallece Francisco G\u00f3mez."},"content":{"rendered":"<p><a href=\"https:\/\/i0.wp.com\/www.manquepierda.com\/historiarealbetis\/files\/2016\/11\/29-1983-Fallece-Francisco-G%C3%B3mez.jpg?ssl=1\"><img data-recalc-dims=\"1\" loading=\"lazy\" decoding=\"async\" class=\"aligncenter size-full wp-image-54745\" src=\"https:\/\/i0.wp.com\/www.manquepierda.com\/historiarealbetis\/files\/2016\/11\/29-1983-Fallece-Francisco-G%C3%B3mez.jpg?resize=202%2C300&#038;ssl=1\" alt=\"29-1983-fallece-francisco-gomez\" width=\"202\" height=\"300\" srcset=\"https:\/\/i0.wp.com\/www.manquepierda.com\/historiarealbetis\/files\/2016\/11\/29-1983-Fallece-Francisco-G%C3%B3mez.jpg?w=202&amp;ssl=1 202w, https:\/\/i0.wp.com\/www.manquepierda.com\/historiarealbetis\/files\/2016\/11\/29-1983-Fallece-Francisco-G%C3%B3mez.jpg?resize=148%2C220&amp;ssl=1 148w\" sizes=\"auto, (max-width: 202px) 100vw, 202px\" \/><\/a><\/p>\n<p><span style=\"color: #008000\">El 29 de noviembre de 1983 fallec\u00eda en Barcelona a la edad de 73 a\u00f1os Francisco G\u00f3mez Vicente, quien fuera jugador del Real Betis Balompi\u00e9 entre los a\u00f1os 1934 y 1936 y entre 1941 y 1943. G\u00f3mez fue el medio centro titular del equipo b\u00e9tico que conquist\u00f3 el Campeonato de Liga en 1935.<\/span><\/p>\n<p><span style=\"color: #008000\">Posteriormente Francisco G\u00f3mez entren\u00f3 al Betis en la temporada 1942-43, a la vez que era jugador del primer equipo. Y tambi\u00e9n fue entrenador en las temporadas 1951-52, 1953-54, consiguiendo el ascenso a la Segunda Divisi\u00f3n, y 1954-55.<\/span><\/p>\n<p>&nbsp;<\/p>\n","protected":false},"excerpt":{"rendered":"<p>El 29 de noviembre de 1983 fallec\u00eda en Barcelona a la edad de 73 a\u00f1os Francisco G\u00f3mez Vicente, quien fuera jugador del Real Betis Balompi\u00e9 entre los a\u00f1os 1934 y 1936 y entre 1941 y 1943. G\u00f3mez fue el medio centro titular del equipo b\u00e9tico que conquist\u00f3 el Campeonato de Liga en 1935. Posteriormente Francisco&#8230;<\/p>\n","protected":false},"author":5,"featured_media":54745,"comment_status":"open","ping_status":"open","sticky":false,"template":"","format":"standard","meta":{"_kad_post_transparent":"","_kad_post_title":"","_kad_post_layout":"","_kad_post_sidebar_id":"","_kad_post_content_style":"","_kad_post_vertical_padding":"","_kad_post_feature":"","_kad_post_feature_position":"","_kad_post_header":false,"_kad_post_footer":false,"_kad_post_classname":"","_jetpack_memberships_contains_paid_content":false,"footnotes":"","jetpack_publicize_message":"","jetpack_publicize_feature_enabled":true,"jetpack_social_post_already_shared":true,"jetpack_social_options":{"image_generator_settings":{"template":"highway","default_image_id":0,"font":"","enabled":false},"version":2}},"categories":[904,14583,1],"tags":[1170],"class_list":["post-54744","post","type-post","status-publish","format-standard","has-post-thumbnail","hentry","category-1980-1989","category-efemerides","category-portada","tag-francisco-gomez"],"jetpack_publicize_connections":[],"jetpack_featured_media_url":"https:\/\/i0.wp.com\/www.manquepierda.com\/historiarealbetis\/files\/2016\/11\/29-1983-Fallece-Francisco-G%C3%B3mez.jpg?fit=202%2C300&ssl=1","jetpack_sharing_enabled":true,"jetpack_shortlink":"https:\/\/wp.me\/p1ij08-eeY","jetpack-related-posts":[],"_links":{"self":[{"href":"https:\/\/www.manquepierda.com\/historiarealbetis\/wp-json\/wp\/v2\/posts\/54744","targetHints":{"allow":["GET"]}}],"collection":[{"href":"https:\/\/www.manquepierda.com\/historiarealbetis\/wp-json\/wp\/v2\/posts"}],"about":[{"href":"https:\/\/www.manquepierda.com\/historiarealbetis\/wp-json\/wp\/v2\/types\/post"}],"author":[{"embeddable":true,"href":"https:\/\/www.manquepierda.com\/historiarealbetis\/wp-json\/wp\/v2\/users\/5"}],"replies":[{"embeddable":true,"href":"https:\/\/www.manquepierda.com\/historiarealbetis\/wp-json\/wp\/v2\/comments?post=54744"}],"version-history":[{"count":1,"href":"https:\/\/www.manquepierda.com\/historiarealbetis\/wp-json\/wp\/v2\/posts\/54744\/revisions"}],"predecessor-version":[{"id":91274,"href":"https:\/\/www.manquepierda.com\/historiarealbetis\/wp-json\/wp\/v2\/posts\/54744\/revisions\/91274"}],"wp:featuredmedia":[{"embeddable":true,"href":"https:\/\/www.manquepierda.com\/historiarealbetis\/wp-json\/wp\/v2\/media\/54745"}],"wp:attachment":[{"href":"https:\/\/www.manquepierda.com\/historiarealbetis\/wp-json\/wp\/v2\/media?parent=54744"}],"wp:term":[{"taxonomy":"category","embeddable":true,"href":"https:\/\/www.manquepierda.com\/historiarealbetis\/wp-json\/wp\/v2\/categories?post=54744"},{"taxonomy":"post_tag","embeddable":true,"href":"https:\/\/www.manquepierda.com\/historiarealbetis\/wp-json\/wp\/v2\/tags?post=54744"}],"curies":[{"name":"wp","href":"https:\/\/api.w.org\/{rel}","templated":true}]}}