{"id":55002,"date":"2016-11-27T12:42:03","date_gmt":"2016-11-27T11:42:03","guid":{"rendered":"http:\/\/www.manquepierda.com\/historiarealbetis\/?p=55002"},"modified":"2024-08-11T11:58:09","modified_gmt":"2024-08-11T09:58:09","slug":"1949-noviembre-27-3d5g-cd-badajoz-3-real-betis-balompie-4-67aniversario","status":"publish","type":"post","link":"https:\/\/www.manquepierda.com\/historiarealbetis\/1949-noviembre-27-3d5g-cd-badajoz-3-real-betis-balompie-4-67aniversario\/","title":{"rendered":"1949-Noviembre 27-3D5Grupo.-CD Badajoz-3 Real Betis Balompi\u00e9-4.-Recortes Prensa."},"content":{"rendered":"<p style=\"text-align: justify\">XIII EDICI\u00d3N-CAMPEONATO NACIONAL LIGA TERCERA DIVISI\u00d3N-GRUPO QUINTO-TEMPORADA 1949-1950 DESDE DOMINGO 4 SEPTIEMBRE DE 1949 HASTA DOMINGO 23 ABRIL DE 1950.-AMBAS FECHAS INCLUSIVE.<\/p>\n<p style=\"text-align: center\"><img data-recalc-dims=\"1\" loading=\"lazy\" decoding=\"async\" class=\"aligncenter size-full wp-image-55003\" src=\"https:\/\/i0.wp.com\/www.manquepierda.com\/historiarealbetis\/files\/2016\/11\/Badajoz150108a-300x182.jpg?resize=300%2C182&#038;ssl=1\" alt=\"badajoz150108a-300x182\" width=\"300\" height=\"182\" srcset=\"https:\/\/i0.wp.com\/www.manquepierda.com\/historiarealbetis\/files\/2016\/11\/Badajoz150108a-300x182.jpg?resize=300%2C182&amp;ssl=1 300w, https:\/\/i0.wp.com\/www.manquepierda.com\/historiarealbetis\/files\/2016\/11\/Badajoz150108a-300x182.jpg?resize=220%2C133&amp;ssl=1 220w\" sizes=\"auto, (max-width: 300px) 100vw, 300px\" \/><\/p>\n<p style=\"text-align: justify\"><strong>1949-NOVIEMBRE 27-DOMINGO EN BADAJOZ.-CAMPO F\u00daTBOL MUNICIPAL \u00abEL VIVERO\u00bb (1917-1994) C\u00c9SPED-CAPACIDAD 8.000 ESPECTADORES.-13\u00aa JORNADA.<\/strong><\/p>\n<p style=\"text-align: justify\">Arbitr\u00f3 el colegiado Heraclio DE LA FUENTE Alonso.-<em>\u00abQue realiz\u00f3 un arbitraje muy meticuloso, los equipos se alinearon as\u00ed:<\/em><\/p>\n<p style=\"text-align: center\"><strong>14\u00ba Clasificado con 11 puntos (5ganados+1empatado+7perdidos) 28-43 Tantos Favor-Contra.<\/strong><\/p>\n<p style=\"text-align: justify\"><strong>En el segundo tiempo cambiaron los pantalones blancos por unos negros para evitar la confusi\u00f3n con las calzonas blancas del Real Betis Balompi\u00e9.<\/strong><\/p>\n<figure id=\"attachment_55004\" aria-describedby=\"caption-attachment-55004\" style=\"width: 220px\" class=\"wp-caption aligncenter\"><img data-recalc-dims=\"1\" loading=\"lazy\" decoding=\"async\" class=\"size-full wp-image-55004\" src=\"https:\/\/i0.wp.com\/www.manquepierda.com\/historiarealbetis\/files\/2016\/11\/escudo-oficial-club-deportivo-badajoz-decada-40-rf_451406-220x220.jpg?resize=220%2C220&#038;ssl=1\" alt=\"CLUB DEPORTIVO BADAJOZ-3 TANTOS.\" width=\"220\" height=\"220\" \/><figcaption id=\"caption-attachment-55004\" class=\"wp-caption-text\">CLUB DEPORTIVO BADAJOZ-3 TANTOS.<\/figcaption><\/figure>\n<p style=\"text-align: left\">1-OLMOS <strong>(4 goles encajados).<\/strong><\/p>\n<p style=\"text-align: left\">2-BARBERO.-5-JAP\u00d3N II.-3-PAV\u00d3N.<\/p>\n<p style=\"text-align: left\">4-HINOJOSA.-6-CASIELLES.<\/p>\n<p style=\"text-align: justify\">7-ISIDORO.-8-YETO.-9-PASTOR <strong>(1-0.-25 minutos.-Al rematar a la media vuelta una falta sacada por Casielles)<\/strong>.-10-ALONSO.-11-OBISPO <strong>(2-4.-82 minutos y 3-4.-87 minutos).<\/strong><\/p>\n<p style=\"text-align: center\">Vs.<\/p>\n<p style=\"text-align: justify\"><em>\u00abEl Betis Balompi\u00e9 ha ganado merecidamente un encuentro en el que ha dominado la mayor parte del tiempo, aguantando muy bien las reacciones del CD Badajoz, sobre todo en el primer cuarto de hora de la segunda mitad, en que los badajocense lucharon con esfuerzos para deshacer el marcador final del primer tiempo.<\/em><\/p>\n<p style=\"text-align: center\"><em><strong>Los verdiblancos, a pesar de su dominio, careci\u00f3 de rematadores en sus muchas jugadas de peligro\u00bb.<\/strong><\/em><\/p>\n<p style=\"text-align: justify\"><span style=\"color: #008000\"><em><strong><img data-recalc-dims=\"1\" loading=\"lazy\" decoding=\"async\" class=\"alignleft size-thumbnail wp-image-55006\" src=\"https:\/\/i0.wp.com\/www.manquepierda.com\/historiarealbetis\/files\/2016\/11\/Pascual-APARICIO-GARC%C3%8DA-1.jpg?resize=126%2C220&#038;ssl=1\" alt=\"pascual-aparicio-garcia-1\" width=\"126\" height=\"220\" srcset=\"https:\/\/i0.wp.com\/www.manquepierda.com\/historiarealbetis\/files\/2016\/11\/Pascual-APARICIO-GARC%C3%8DA-1.jpg?resize=126%2C220&amp;ssl=1 126w, https:\/\/i0.wp.com\/www.manquepierda.com\/historiarealbetis\/files\/2016\/11\/Pascual-APARICIO-GARC%C3%8DA-1.jpg?w=172&amp;ssl=1 172w\" sizes=\"auto, (max-width: 126px) 100vw, 126px\" \/>XXXV Presidente Real Betis Balompi\u00e9, industrial, don Pascual APARICIO Garc\u00eda (40 a\u00f1os+2 meses+17 d\u00edas)-<img data-recalc-dims=\"1\" loading=\"lazy\" decoding=\"async\" class=\"alignright size-thumbnail wp-image-55005\" src=\"https:\/\/i0.wp.com\/www.manquepierda.com\/historiarealbetis\/files\/2016\/11\/Pascual-APARICIO-GARC%C3%8DA-02.jpg?resize=169%2C220&#038;ssl=1\" alt=\"pascual-aparicio-garcia-02\" width=\"169\" height=\"220\" srcset=\"https:\/\/i0.wp.com\/www.manquepierda.com\/historiarealbetis\/files\/2016\/11\/Pascual-APARICIO-GARC%C3%8DA-02.jpg?resize=169%2C220&amp;ssl=1 169w, https:\/\/i0.wp.com\/www.manquepierda.com\/historiarealbetis\/files\/2016\/11\/Pascual-APARICIO-GARC%C3%8DA-02.jpg?w=397&amp;ssl=1 397w\" sizes=\"auto, (max-width: 169px) 100vw, 169px\" \/>Natural de Sevilla, mi\u00e9rcoles 10 Noviembre de 1909.-\u00cddem, domingo 18 Septiembre de 1988 (79 A\u00f1os+8 d\u00edas) D. E. P.<\/strong><\/em><\/span><\/p>\n<p style=\"text-align: center\"><img data-recalc-dims=\"1\" loading=\"lazy\" decoding=\"async\" class=\"aligncenter size-thumbnail wp-image-55007\" src=\"https:\/\/i0.wp.com\/www.manquepierda.com\/historiarealbetis\/files\/2016\/11\/Andr%C3%A9s-ARANDA-Guti%C3%A9rrez-03-4.jpg?resize=151%2C220&#038;ssl=1\" alt=\"andres-aranda-gutierrez-03\" width=\"151\" height=\"220\" srcset=\"https:\/\/i0.wp.com\/www.manquepierda.com\/historiarealbetis\/files\/2016\/11\/Andr%C3%A9s-ARANDA-Guti%C3%A9rrez-03-4.jpg?resize=151%2C220&amp;ssl=1 151w, https:\/\/i0.wp.com\/www.manquepierda.com\/historiarealbetis\/files\/2016\/11\/Andr%C3%A9s-ARANDA-Guti%C3%A9rrez-03-4.jpg?w=233&amp;ssl=1 233w\" sizes=\"auto, (max-width: 151px) 100vw, 151px\" \/><\/p>\n<p style=\"text-align: justify\"><strong><span style=\"color: #008000\">Entrenador Andr\u00e9s ARANDA Guti\u00e9rrez (44 a\u00f1os+3 meses)-Natural de Lora del R\u00edo (Sevilla), domingo 27 Agosto de 1905.-Obituario en Aracena (Huelva)&#8211;concentraci\u00f3n primera plantilla&#8211;mi\u00e9rcoles 10 Marzo de 1965 (59 A\u00f1os+7 meses menos 17 d\u00edas) D. E. P.<\/span><\/strong><\/p>\n<p style=\"text-align: justify\"><span style=\"color: #008000\"><strong>5\u00ba CLASIFICADO CON 16 PUNTOS (7-GANADOS+2-EMPATADOS+4-PERDIDOS) 30-GOLES A FAVOR Y 18-TANTOS EN CONTRA.<\/strong><\/span><\/p>\n<figure id=\"attachment_55008\" aria-describedby=\"caption-attachment-55008\" style=\"width: 220px\" class=\"wp-caption aligncenter\"><img data-recalc-dims=\"1\" loading=\"lazy\" decoding=\"async\" class=\"size-thumbnail wp-image-55008\" src=\"https:\/\/i0.wp.com\/www.manquepierda.com\/historiarealbetis\/files\/2016\/11\/1931-RBB-coronado-4.jpg?resize=220%2C193&#038;ssl=1\" alt=\"REAL BETIS BALOMPI\u00c9-4 GOLES.\" width=\"220\" height=\"193\" srcset=\"https:\/\/i0.wp.com\/www.manquepierda.com\/historiarealbetis\/files\/2016\/11\/1931-RBB-coronado-4.jpg?resize=220%2C193&amp;ssl=1 220w, https:\/\/i0.wp.com\/www.manquepierda.com\/historiarealbetis\/files\/2016\/11\/1931-RBB-coronado-4.jpg?w=360&amp;ssl=1 360w\" sizes=\"auto, (max-width: 220px) 100vw, 220px\" \/><figcaption id=\"caption-attachment-55008\" class=\"wp-caption-text\">REAL BETIS BALOMPI\u00c9-4 GOLES.<\/figcaption><\/figure>\n<p style=\"text-align: left\">Guardameta:<\/p>\n<p style=\"text-align: center\"><img data-recalc-dims=\"1\" loading=\"lazy\" decoding=\"async\" class=\"aligncenter size-thumbnail wp-image-55009\" src=\"https:\/\/i0.wp.com\/www.manquepierda.com\/historiarealbetis\/files\/2016\/11\/SALINAS-y-ESPINA-220x173.jpg?resize=220%2C173&#038;ssl=1\" alt=\"salinas-y-espina\" width=\"220\" height=\"173\" srcset=\"https:\/\/i0.wp.com\/www.manquepierda.com\/historiarealbetis\/files\/2016\/11\/SALINAS-y-ESPINA.jpg?resize=220%2C173&amp;ssl=1 220w, https:\/\/i0.wp.com\/www.manquepierda.com\/historiarealbetis\/files\/2016\/11\/SALINAS-y-ESPINA.jpg?w=432&amp;ssl=1 432w\" sizes=\"auto, (max-width: 220px) 100vw, 220px\" \/><\/p>\n<p style=\"text-align: left\"><strong>1-(3 tantos encajados).-Jos\u00e9 SALINAS Temprano.<\/strong><\/p>\n<p style=\"text-align: left\">Zagueros:<\/p>\n<p style=\"text-align: center\"><img data-recalc-dims=\"1\" loading=\"lazy\" decoding=\"async\" class=\"aligncenter size-thumbnail wp-image-55010\" src=\"https:\/\/i0.wp.com\/www.manquepierda.com\/historiarealbetis\/files\/2016\/11\/M%C3%81XIMO-Benito-Velasco.jpg?resize=134%2C220&#038;ssl=1\" alt=\"maximo-benito-velasco\" width=\"134\" height=\"220\" srcset=\"https:\/\/i0.wp.com\/www.manquepierda.com\/historiarealbetis\/files\/2016\/11\/M%C3%81XIMO-Benito-Velasco.jpg?resize=134%2C220&amp;ssl=1 134w, https:\/\/i0.wp.com\/www.manquepierda.com\/historiarealbetis\/files\/2016\/11\/M%C3%81XIMO-Benito-Velasco.jpg?w=329&amp;ssl=1 329w\" sizes=\"auto, (max-width: 134px) 100vw, 134px\" \/><\/p>\n<p style=\"text-align: left\"><span style=\"color: #333333\"><strong>2-Lateral Diestro.-M\u00c1XIMO Benito Velasco.<\/strong><\/span><\/p>\n<p style=\"text-align: center\"><img data-recalc-dims=\"1\" loading=\"lazy\" decoding=\"async\" class=\"aligncenter size-thumbnail wp-image-55011\" src=\"https:\/\/i0.wp.com\/www.manquepierda.com\/historiarealbetis\/files\/2016\/11\/FAUSTO-Vals-Valencia1953-1954.jpg?resize=107%2C220&#038;ssl=1\" alt=\"fausto-vals-valencia1953-1954\" width=\"107\" height=\"220\" srcset=\"https:\/\/i0.wp.com\/www.manquepierda.com\/historiarealbetis\/files\/2016\/11\/FAUSTO-Vals-Valencia1953-1954.jpg?resize=107%2C220&amp;ssl=1 107w, https:\/\/i0.wp.com\/www.manquepierda.com\/historiarealbetis\/files\/2016\/11\/FAUSTO-Vals-Valencia1953-1954.jpg?w=218&amp;ssl=1 218w\" sizes=\"auto, (max-width: 107px) 100vw, 107px\" \/><\/p>\n<p style=\"text-align: left\"><strong>5-Central.-FAUSTO Vals Valencia.<\/strong><\/p>\n<p style=\"text-align: center\"><img data-recalc-dims=\"1\" loading=\"lazy\" decoding=\"async\" class=\"aligncenter size-thumbnail wp-image-55012\" src=\"https:\/\/i0.wp.com\/www.manquepierda.com\/historiarealbetis\/files\/2016\/11\/Jos%C3%A9Garc%C3%ADaPULIDO.jpg?resize=135%2C220&#038;ssl=1\" alt=\"josegarciapulido\" width=\"135\" height=\"220\" srcset=\"https:\/\/i0.wp.com\/www.manquepierda.com\/historiarealbetis\/files\/2016\/11\/Jos%C3%A9Garc%C3%ADaPULIDO.jpg?resize=135%2C220&amp;ssl=1 135w, https:\/\/i0.wp.com\/www.manquepierda.com\/historiarealbetis\/files\/2016\/11\/Jos%C3%A9Garc%C3%ADaPULIDO.jpg?resize=369%2C600&amp;ssl=1 369w, https:\/\/i0.wp.com\/www.manquepierda.com\/historiarealbetis\/files\/2016\/11\/Jos%C3%A9Garc%C3%ADaPULIDO.jpg?resize=430%2C700&amp;ssl=1 430w, https:\/\/i0.wp.com\/www.manquepierda.com\/historiarealbetis\/files\/2016\/11\/Jos%C3%A9Garc%C3%ADaPULIDO.jpg?w=443&amp;ssl=1 443w\" sizes=\"auto, (max-width: 135px) 100vw, 135px\" \/><\/p>\n<p style=\"text-align: left\"><strong>3-Lateral Zurdo.-Jos\u00e9 Garc\u00eda PULIDO.<\/strong><\/p>\n<p style=\"text-align: left\">Medios:<\/p>\n<p style=\"text-align: center\"><img data-recalc-dims=\"1\" loading=\"lazy\" decoding=\"async\" class=\"aligncenter size-thumbnail wp-image-55013\" src=\"https:\/\/i0.wp.com\/www.manquepierda.com\/historiarealbetis\/files\/2016\/11\/Jos%C3%A9-Su%C3%A1rez-JAP%C3%93N.jpg?resize=142%2C220&#038;ssl=1\" alt=\"jose-suarez-japon\" width=\"142\" height=\"220\" srcset=\"https:\/\/i0.wp.com\/www.manquepierda.com\/historiarealbetis\/files\/2016\/11\/Jos%C3%A9-Su%C3%A1rez-JAP%C3%93N.jpg?resize=142%2C220&amp;ssl=1 142w, https:\/\/i0.wp.com\/www.manquepierda.com\/historiarealbetis\/files\/2016\/11\/Jos%C3%A9-Su%C3%A1rez-JAP%C3%93N.jpg?w=262&amp;ssl=1 262w\" sizes=\"auto, (max-width: 142px) 100vw, 142px\" \/><\/p>\n<p style=\"text-align: left\"><strong>4-Diestro.-Jos\u00e9 Su\u00e1rez JAP\u00d3N.<\/strong><\/p>\n<p style=\"text-align: center\"><img data-recalc-dims=\"1\" loading=\"lazy\" decoding=\"async\" class=\"aligncenter size-thumbnail wp-image-55015\" src=\"https:\/\/i0.wp.com\/www.manquepierda.com\/historiarealbetis\/files\/2016\/11\/ESTEBAN-Berros-Carrasco.jpg?resize=138%2C220&#038;ssl=1\" alt=\"esteban-berros-carrasco\" width=\"138\" height=\"220\" srcset=\"https:\/\/i0.wp.com\/www.manquepierda.com\/historiarealbetis\/files\/2016\/11\/ESTEBAN-Berros-Carrasco.jpg?resize=138%2C220&amp;ssl=1 138w, https:\/\/i0.wp.com\/www.manquepierda.com\/historiarealbetis\/files\/2016\/11\/ESTEBAN-Berros-Carrasco.jpg?w=160&amp;ssl=1 160w\" sizes=\"auto, (max-width: 138px) 100vw, 138px\" \/><\/p>\n<p style=\"text-align: left\"><strong>6-Zurdo.-ESTEBAN Berros Carrasco.<\/strong><\/p>\n<p style=\"text-align: left\">Delanteros:<\/p>\n<p style=\"text-align: center\"><img data-recalc-dims=\"1\" loading=\"lazy\" decoding=\"async\" class=\"aligncenter size-thumbnail wp-image-55016\" src=\"https:\/\/i0.wp.com\/www.manquepierda.com\/historiarealbetis\/files\/2016\/11\/GELO-%C3%81ngel-Lav%C3%ADn-Orizaola.jpg?resize=142%2C220&#038;ssl=1\" alt=\"gelo-angel-lavin-orizaola\" width=\"142\" height=\"220\" srcset=\"https:\/\/i0.wp.com\/www.manquepierda.com\/historiarealbetis\/files\/2016\/11\/GELO-%C3%81ngel-Lav%C3%ADn-Orizaola.jpg?resize=142%2C220&amp;ssl=1 142w, https:\/\/i0.wp.com\/www.manquepierda.com\/historiarealbetis\/files\/2016\/11\/GELO-%C3%81ngel-Lav%C3%ADn-Orizaola.jpg?w=170&amp;ssl=1 170w\" sizes=\"auto, (max-width: 142px) 100vw, 142px\" \/><\/p>\n<p style=\"text-align: justify\"><span style=\"color: #008000\"><em><strong>*1-3.-67 minutos.-Al sacar una falta contra el Badajoz, \u00c1ngel recepciona y chuta el pelot\u00f3n fusilando al cancerbero Olmos*<\/strong><\/em><\/span><\/p>\n<p style=\"text-align: justify\"><strong>7-Extremo Diestro.-\u00c1ngel Lav\u00edn Orizaola (a) \u00abGELO\u00bb (23 a\u00f1os+8 meses menos 1 d\u00eda)-Natural de Santander (Cantabria), domingo 28 Marzo de 1926.-Obituario en Sevilla, s\u00e1bado 4 Febrero de 2012 (85 A\u00f1os+11 meses menos 24 d\u00edas) D. E. P.<br \/>\n<\/strong><\/p>\n<p style=\"text-align: center\"><img data-recalc-dims=\"1\" loading=\"lazy\" decoding=\"async\" class=\"aligncenter size-thumbnail wp-image-55017\" src=\"https:\/\/i0.wp.com\/www.manquepierda.com\/historiarealbetis\/files\/2016\/11\/Jos%C3%A9-PATRICIO-Villarrubia.jpg?resize=136%2C220&#038;ssl=1\" alt=\"jose-patricio-villarrubia\" width=\"136\" height=\"220\" srcset=\"https:\/\/i0.wp.com\/www.manquepierda.com\/historiarealbetis\/files\/2016\/11\/Jos%C3%A9-PATRICIO-Villarrubia.jpg?resize=136%2C220&amp;ssl=1 136w, https:\/\/i0.wp.com\/www.manquepierda.com\/historiarealbetis\/files\/2016\/11\/Jos%C3%A9-PATRICIO-Villarrubia.jpg?w=333&amp;ssl=1 333w\" sizes=\"auto, (max-width: 136px) 100vw, 136px\" \/><\/p>\n<p style=\"text-align: left\"><strong>8-Interior Diestro.-Jos\u00e9 PATRICIO Villarrubia.<\/strong><\/p>\n<p style=\"text-align: center\"><img data-recalc-dims=\"1\" loading=\"lazy\" decoding=\"async\" class=\"aligncenter size-thumbnail wp-image-55019\" src=\"https:\/\/i0.wp.com\/www.manquepierda.com\/historiarealbetis\/files\/2016\/11\/Paquirri-camisola-antigua.jpg?resize=98%2C220&#038;ssl=1\" alt=\"paquirri-camisola-antigua\" width=\"98\" height=\"220\" srcset=\"https:\/\/i0.wp.com\/www.manquepierda.com\/historiarealbetis\/files\/2016\/11\/Paquirri-camisola-antigua.jpg?resize=98%2C220&amp;ssl=1 98w, https:\/\/i0.wp.com\/www.manquepierda.com\/historiarealbetis\/files\/2016\/11\/Paquirri-camisola-antigua.jpg?w=178&amp;ssl=1 178w\" sizes=\"auto, (max-width: 98px) 100vw, 98px\" \/><\/p>\n<p style=\"text-align: justify\"><span style=\"color: #008000\"><em><strong>*1-1.-30 minutos.-Al sacar otra falta contra el Club Deportivo Badajoz, aprovechando al rematar el bal\u00f3n la indecisi\u00f3n de los defensas y del cancerbero Olmos*<\/strong><\/em><\/span><\/p>\n<p style=\"text-align: justify\"><span style=\"color: #008000\"><em><strong>*1-2.-60 minutos.-Olmos detiene un esf\u00e9rico, pero, incomprensiblemente, el cuero se le escapa de las manos*<\/strong><\/em><\/span><\/p>\n<p style=\"text-align: justify\"><span style=\"color: #008000\"><em><strong>*1-4.-72 minutos.-Se lanza una nueva falta contra el Badajoz, y la pelota bombeada entra hasta el fondo de las mallas defendidas por el portero Olmos*<\/strong><\/em><\/span><\/p>\n<p style=\"text-align: justify\"><strong>9-Centro delantero-Ariete.-Francisco Gonz\u00e1lez Rodr\u00edguez (a) \u00abPAQUIRRI\u00bb (36 a\u00f1os+3 meses+14 d\u00edas)-Natural de Sevilla, mi\u00e9rcoles 13 Agosto de 1913.-\u00cddem, jueves 11 Noviembre de 1982 (69 A\u00f1os+3 meses menos 2 d\u00edas) D. E. P.<br \/>\n<\/strong><\/p>\n<p style=\"text-align: center\"><img data-recalc-dims=\"1\" loading=\"lazy\" decoding=\"async\" class=\"aligncenter size-full wp-image-55020\" src=\"https:\/\/i0.wp.com\/www.manquepierda.com\/historiarealbetis\/files\/2016\/11\/Antonio-Fern%C3%A1ndez-VILLAR%C3%8DN.jpg?resize=113%2C164&#038;ssl=1\" alt=\"antonio-fernandez-villarin\" width=\"113\" height=\"164\" \/><\/p>\n<p style=\"text-align: left\"><strong>10-Interior Zurdo.-Antonio Fern\u00e1ndez VILLAR\u00cdN.<\/strong><\/p>\n<p style=\"text-align: center\"><img data-recalc-dims=\"1\" loading=\"lazy\" decoding=\"async\" class=\"aligncenter size-thumbnail wp-image-55021\" src=\"https:\/\/i0.wp.com\/www.manquepierda.com\/historiarealbetis\/files\/2016\/11\/Antonio-PE%C3%91A-Romero-01-1.jpg?resize=171%2C220&#038;ssl=1\" alt=\"antonio-pena-romero-01\" width=\"171\" height=\"220\" srcset=\"https:\/\/i0.wp.com\/www.manquepierda.com\/historiarealbetis\/files\/2016\/11\/Antonio-PE%C3%91A-Romero-01-1.jpg?resize=171%2C220&amp;ssl=1 171w, https:\/\/i0.wp.com\/www.manquepierda.com\/historiarealbetis\/files\/2016\/11\/Antonio-PE%C3%91A-Romero-01-1.jpg?resize=466%2C600&amp;ssl=1 466w, https:\/\/i0.wp.com\/www.manquepierda.com\/historiarealbetis\/files\/2016\/11\/Antonio-PE%C3%91A-Romero-01-1.jpg?w=516&amp;ssl=1 516w\" sizes=\"auto, (max-width: 171px) 100vw, 171px\" \/><\/p>\n<p style=\"text-align: left\"><strong>11-Extremo Zurdo.-Antonio PE\u00d1A Romero.<\/strong><\/p>\n","protected":false},"excerpt":{"rendered":"<p>XIII EDICI\u00d3N-CAMPEONATO NACIONAL LIGA TERCERA DIVISI\u00d3N-GRUPO QUINTO-TEMPORADA 1949-1950 DESDE DOMINGO 4 SEPTIEMBRE DE 1949 HASTA DOMINGO 23 ABRIL DE 1950.-AMBAS FECHAS INCLUSIVE. 1949-NOVIEMBRE 27-DOMINGO EN BADAJOZ.-CAMPO F\u00daTBOL MUNICIPAL \u00abEL VIVERO\u00bb (1917-1994) C\u00c9SPED-CAPACIDAD 8.000 ESPECTADORES.-13\u00aa JORNADA. Arbitr\u00f3 el colegiado Heraclio DE LA FUENTE Alonso.-\u00abQue realiz\u00f3 un arbitraje muy meticuloso, los equipos se alinearon as\u00ed: 14\u00ba Clasificado&#8230;<\/p>\n","protected":false},"author":48,"featured_media":55003,"comment_status":"open","ping_status":"open","sticky":false,"template":"","format":"standard","meta":{"_kad_post_transparent":"","_kad_post_title":"","_kad_post_layout":"","_kad_post_sidebar_id":"","_kad_post_content_style":"","_kad_post_vertical_padding":"","_kad_post_feature":"","_kad_post_feature_position":"","_kad_post_header":false,"_kad_post_footer":false,"_kad_post_classname":"","_jetpack_memberships_contains_paid_content":false,"footnotes":"","jetpack_publicize_message":"","jetpack_publicize_feature_enabled":true,"jetpack_social_post_already_shared":true,"jetpack_social_options":{"image_generator_settings":{"template":"highway","default_image_id":0,"font":"","enabled":false},"version":2}},"categories":[900,1],"tags":[8375,2662,5526,17912],"class_list":["post-55002","post","type-post","status-publish","format-standard","has-post-thumbnail","hentry","category-1940-1949","category-portada","tag-8375","tag-1949-50","tag-cd-badajoz","tag-liga-tercera-1949-50"],"jetpack_publicize_connections":[],"jetpack_featured_media_url":"https:\/\/i0.wp.com\/www.manquepierda.com\/historiarealbetis\/files\/2016\/11\/Badajoz150108a-300x182.jpg?fit=300%2C182&ssl=1","jetpack_sharing_enabled":true,"jetpack_shortlink":"https:\/\/wp.me\/p1ij08-ej8","jetpack-related-posts":[],"_links":{"self":[{"href":"https:\/\/www.manquepierda.com\/historiarealbetis\/wp-json\/wp\/v2\/posts\/55002","targetHints":{"allow":["GET"]}}],"collection":[{"href":"https:\/\/www.manquepierda.com\/historiarealbetis\/wp-json\/wp\/v2\/posts"}],"about":[{"href":"https:\/\/www.manquepierda.com\/historiarealbetis\/wp-json\/wp\/v2\/types\/post"}],"author":[{"embeddable":true,"href":"https:\/\/www.manquepierda.com\/historiarealbetis\/wp-json\/wp\/v2\/users\/48"}],"replies":[{"embeddable":true,"href":"https:\/\/www.manquepierda.com\/historiarealbetis\/wp-json\/wp\/v2\/comments?post=55002"}],"version-history":[{"count":1,"href":"https:\/\/www.manquepierda.com\/historiarealbetis\/wp-json\/wp\/v2\/posts\/55002\/revisions"}],"predecessor-version":[{"id":96035,"href":"https:\/\/www.manquepierda.com\/historiarealbetis\/wp-json\/wp\/v2\/posts\/55002\/revisions\/96035"}],"wp:featuredmedia":[{"embeddable":true,"href":"https:\/\/www.manquepierda.com\/historiarealbetis\/wp-json\/wp\/v2\/media\/55003"}],"wp:attachment":[{"href":"https:\/\/www.manquepierda.com\/historiarealbetis\/wp-json\/wp\/v2\/media?parent=55002"}],"wp:term":[{"taxonomy":"category","embeddable":true,"href":"https:\/\/www.manquepierda.com\/historiarealbetis\/wp-json\/wp\/v2\/categories?post=55002"},{"taxonomy":"post_tag","embeddable":true,"href":"https:\/\/www.manquepierda.com\/historiarealbetis\/wp-json\/wp\/v2\/tags?post=55002"}],"curies":[{"name":"wp","href":"https:\/\/api.w.org\/{rel}","templated":true}]}}