{"id":55051,"date":"2016-11-29T07:16:28","date_gmt":"2016-11-29T06:16:28","guid":{"rendered":"http:\/\/www.manquepierda.com\/historiarealbetis\/?p=55051"},"modified":"2024-08-27T08:09:28","modified_gmt":"2024-08-27T06:09:28","slug":"betis-deportivo-liga-1996","status":"publish","type":"post","link":"https:\/\/www.manquepierda.com\/historiarealbetis\/betis-deportivo-liga-1996\/","title":{"rendered":"Betis-Deportivo Liga 1996"},"content":{"rendered":"<p><a href=\"https:\/\/i0.wp.com\/www.manquepierda.com\/historiarealbetis\/files\/2016\/11\/Betis-Deportivo-Liga-1996-Alexis-Stosic-y-Paco-.jpg?ssl=1\"><img data-recalc-dims=\"1\" loading=\"lazy\" decoding=\"async\" class=\"aligncenter size-medium wp-image-55053\" src=\"https:\/\/i0.wp.com\/www.manquepierda.com\/historiarealbetis\/files\/2016\/11\/Betis-Deportivo-Liga-1996-Alexis-Stosic-y-Paco-.jpg?resize=680%2C392&#038;ssl=1\" alt=\"betis-deportivo-liga-1996-alexis-stosic-y-paco\" width=\"680\" height=\"392\" srcset=\"https:\/\/i0.wp.com\/www.manquepierda.com\/historiarealbetis\/files\/2016\/11\/Betis-Deportivo-Liga-1996-Alexis-Stosic-y-Paco-.jpg?resize=680%2C392&amp;ssl=1 680w, https:\/\/i0.wp.com\/www.manquepierda.com\/historiarealbetis\/files\/2016\/11\/Betis-Deportivo-Liga-1996-Alexis-Stosic-y-Paco-.jpg?resize=220%2C127&amp;ssl=1 220w, https:\/\/i0.wp.com\/www.manquepierda.com\/historiarealbetis\/files\/2016\/11\/Betis-Deportivo-Liga-1996-Alexis-Stosic-y-Paco-.jpg?resize=768%2C443&amp;ssl=1 768w, https:\/\/i0.wp.com\/www.manquepierda.com\/historiarealbetis\/files\/2016\/11\/Betis-Deportivo-Liga-1996-Alexis-Stosic-y-Paco-.jpg?resize=400%2C230&amp;ssl=1 400w, https:\/\/i0.wp.com\/www.manquepierda.com\/historiarealbetis\/files\/2016\/11\/Betis-Deportivo-Liga-1996-Alexis-Stosic-y-Paco-.jpg?w=800&amp;ssl=1 800w\" sizes=\"auto, (max-width: 680px) 100vw, 680px\" \/><\/a><\/p>\n<p>19 de mayo de 1996 en el Benito Villamar\u00edn \u00a0Betis 1 Deportivo 0; jornada 41 del Campeonato de Liga de Primera Divisi\u00f3n.<\/p>\n<p>En la imagen el deportivista Paco J\u00e9mez y los b\u00e9ticos Alexis Trujillo y Vlada Stosic, quien ser\u00eda el autor en el minuto 35 del gol que dio el triunfo al Betis.<\/p>\n<p>Lorenzo Serra entrenaba al Betis y John Toshack al Deportivo.<\/p>\n","protected":false},"excerpt":{"rendered":"<p>19 de mayo de 1996 en el Benito Villamar\u00edn \u00a0Betis 1 Deportivo 0; jornada 41 del Campeonato de Liga de Primera Divisi\u00f3n. En la imagen el deportivista Paco J\u00e9mez y los b\u00e9ticos Alexis Trujillo y Vlada Stosic, quien ser\u00eda el autor en el minuto 35 del gol que dio el triunfo al Betis. Lorenzo Serra&#8230;<\/p>\n","protected":false},"author":5,"featured_media":55053,"comment_status":"open","ping_status":"open","sticky":false,"template":"","format":"standard","meta":{"_kad_post_transparent":"","_kad_post_title":"","_kad_post_layout":"","_kad_post_sidebar_id":"","_kad_post_content_style":"","_kad_post_vertical_padding":"","_kad_post_feature":"","_kad_post_feature_position":"","_kad_post_header":false,"_kad_post_footer":false,"_kad_post_classname":"","_jetpack_memberships_contains_paid_content":false,"footnotes":"","jetpack_publicize_message":"","jetpack_publicize_feature_enabled":true,"jetpack_social_post_already_shared":true,"jetpack_social_options":{"image_generator_settings":{"template":"highway","default_image_id":0,"font":"","enabled":false},"version":2}},"categories":[905,1],"tags":[3046,3291,1328,17879,15385,16882,2462],"class_list":["post-55051","post","type-post","status-publish","format-standard","has-post-thumbnail","hentry","category-1990-1999","category-portada","tag-1995-96","tag-3291","tag-alexis-trujillo","tag-liga-primera-1995-96","tag-paco-jemez","tag-real-club-deportivo-la-coruna","tag-vlada-stosic"],"jetpack_publicize_connections":[],"jetpack_featured_media_url":"https:\/\/i0.wp.com\/www.manquepierda.com\/historiarealbetis\/files\/2016\/11\/Betis-Deportivo-Liga-1996-Alexis-Stosic-y-Paco-.jpg?fit=800%2C461&ssl=1","jetpack_sharing_enabled":true,"jetpack_shortlink":"https:\/\/wp.me\/p1ij08-ejV","jetpack-related-posts":[],"_links":{"self":[{"href":"https:\/\/www.manquepierda.com\/historiarealbetis\/wp-json\/wp\/v2\/posts\/55051","targetHints":{"allow":["GET"]}}],"collection":[{"href":"https:\/\/www.manquepierda.com\/historiarealbetis\/wp-json\/wp\/v2\/posts"}],"about":[{"href":"https:\/\/www.manquepierda.com\/historiarealbetis\/wp-json\/wp\/v2\/types\/post"}],"author":[{"embeddable":true,"href":"https:\/\/www.manquepierda.com\/historiarealbetis\/wp-json\/wp\/v2\/users\/5"}],"replies":[{"embeddable":true,"href":"https:\/\/www.manquepierda.com\/historiarealbetis\/wp-json\/wp\/v2\/comments?post=55051"}],"version-history":[{"count":1,"href":"https:\/\/www.manquepierda.com\/historiarealbetis\/wp-json\/wp\/v2\/posts\/55051\/revisions"}],"predecessor-version":[{"id":97028,"href":"https:\/\/www.manquepierda.com\/historiarealbetis\/wp-json\/wp\/v2\/posts\/55051\/revisions\/97028"}],"wp:featuredmedia":[{"embeddable":true,"href":"https:\/\/www.manquepierda.com\/historiarealbetis\/wp-json\/wp\/v2\/media\/55053"}],"wp:attachment":[{"href":"https:\/\/www.manquepierda.com\/historiarealbetis\/wp-json\/wp\/v2\/media?parent=55051"}],"wp:term":[{"taxonomy":"category","embeddable":true,"href":"https:\/\/www.manquepierda.com\/historiarealbetis\/wp-json\/wp\/v2\/categories?post=55051"},{"taxonomy":"post_tag","embeddable":true,"href":"https:\/\/www.manquepierda.com\/historiarealbetis\/wp-json\/wp\/v2\/tags?post=55051"}],"curies":[{"name":"wp","href":"https:\/\/api.w.org\/{rel}","templated":true}]}}