{"id":55069,"date":"2016-12-02T07:26:55","date_gmt":"2016-12-02T06:26:55","guid":{"rendered":"http:\/\/www.manquepierda.com\/historiarealbetis\/?p=55069"},"modified":"2024-09-08T23:11:15","modified_gmt":"2024-09-08T21:11:15","slug":"betis-celta-copa-1997","status":"publish","type":"post","link":"https:\/\/www.manquepierda.com\/historiarealbetis\/betis-celta-copa-1997\/","title":{"rendered":"Betis-Celta Copa 1997"},"content":{"rendered":"<p><a href=\"https:\/\/i0.wp.com\/www.manquepierda.com\/historiarealbetis\/files\/2016\/11\/Betis-Celta-Copa-1997-Protestas-por-la-p%C3%A9rdida-de-tiempo-AS-27-03-1997.jpg?ssl=1\"><img data-recalc-dims=\"1\" loading=\"lazy\" decoding=\"async\" class=\"aligncenter size-medium wp-image-55070\" src=\"https:\/\/i0.wp.com\/www.manquepierda.com\/historiarealbetis\/files\/2016\/11\/Betis-Celta-Copa-1997-Protestas-por-la-p%C3%A9rdida-de-tiempo-AS-27-03-1997.jpg?resize=680%2C362&#038;ssl=1\" alt=\"betis-celta-copa-1997-protestas-por-la-perdida-de-tiempo-as-27-03-1997\" width=\"680\" height=\"362\" srcset=\"https:\/\/i0.wp.com\/www.manquepierda.com\/historiarealbetis\/files\/2016\/11\/Betis-Celta-Copa-1997-Protestas-por-la-p%C3%A9rdida-de-tiempo-AS-27-03-1997.jpg?resize=680%2C362&amp;ssl=1 680w, https:\/\/i0.wp.com\/www.manquepierda.com\/historiarealbetis\/files\/2016\/11\/Betis-Celta-Copa-1997-Protestas-por-la-p%C3%A9rdida-de-tiempo-AS-27-03-1997.jpg?resize=220%2C117&amp;ssl=1 220w, https:\/\/i0.wp.com\/www.manquepierda.com\/historiarealbetis\/files\/2016\/11\/Betis-Celta-Copa-1997-Protestas-por-la-p%C3%A9rdida-de-tiempo-AS-27-03-1997.jpg?resize=768%2C409&amp;ssl=1 768w, https:\/\/i0.wp.com\/www.manquepierda.com\/historiarealbetis\/files\/2016\/11\/Betis-Celta-Copa-1997-Protestas-por-la-p%C3%A9rdida-de-tiempo-AS-27-03-1997.jpg?w=899&amp;ssl=1 899w\" sizes=\"auto, (max-width: 680px) 100vw, 680px\" \/><\/a><\/p>\n<p>25 de marzo de 1997 en el Benito Villamar\u00edn Betis 1 Celta 0; partido de ida de las semifinales de Copa.<\/p>\n<p>En la imagen una de las muchas pol\u00e9micas que se produjeron a lo largo del partido ante las continuas p\u00e9rdidas de tiempo por parte del conjunto vigu\u00e9s. En la imagen Finidi, Alejo, Ca\u00f1as, R\u00edos, Eusebio, Sabas y Revivo discuten con la presencia del \u00e1rbitro Garc\u00eda Aranda. En el minuto 72 el Betis no devolvi\u00f3 la pelota al Celta, tras una supuesta lesi\u00f3n de un jugador celti\u00f1a, y Bjeli\u00e7a a pase de Alfonso hizo el \u00fanico tanto de la noche.<\/p>\n<p>Lorenzo Serra entrenaba al Betis y Fernando Castro al Celta.<\/p>\n","protected":false},"excerpt":{"rendered":"<p>25 de marzo de 1997 en el Benito Villamar\u00edn Betis 1 Celta 0; partido de ida de las semifinales de Copa. En la imagen una de las muchas pol\u00e9micas que se produjeron a lo largo del partido ante las continuas p\u00e9rdidas de tiempo por parte del conjunto vigu\u00e9s. En la imagen Finidi, Alejo, Ca\u00f1as, R\u00edos,&#8230;<\/p>\n","protected":false},"author":5,"featured_media":55070,"comment_status":"open","ping_status":"open","sticky":false,"template":"","format":"standard","meta":{"_kad_post_transparent":"","_kad_post_title":"","_kad_post_layout":"","_kad_post_sidebar_id":"","_kad_post_content_style":"","_kad_post_vertical_padding":"","_kad_post_feature":"","_kad_post_feature_position":"","_kad_post_header":false,"_kad_post_footer":false,"_kad_post_classname":"","_jetpack_memberships_contains_paid_content":false,"footnotes":"","jetpack_publicize_message":"","jetpack_publicize_feature_enabled":true,"jetpack_social_post_already_shared":true,"jetpack_social_options":{"image_generator_settings":{"template":"highway","default_image_id":0,"font":"","enabled":false},"version":2}},"categories":[905,1],"tags":[2478,1068,17869,381,2290,3822,13018,2289],"class_list":["post-55069","post","type-post","status-publish","format-standard","has-post-thumbnail","hentry","category-1990-1999","category-portada","tag-1996-97","tag-1068","tag-copa-1996-97","tag-finidi-george","tag-juan-jose-canas","tag-juan-sabas","tag-real-club-celta-de-vigo","tag-roberto-rios"],"jetpack_publicize_connections":[],"jetpack_featured_media_url":"https:\/\/i0.wp.com\/www.manquepierda.com\/historiarealbetis\/files\/2016\/11\/Betis-Celta-Copa-1997-Protestas-por-la-p%C3%A9rdida-de-tiempo-AS-27-03-1997.jpg?fit=899%2C479&ssl=1","jetpack_sharing_enabled":true,"jetpack_shortlink":"https:\/\/wp.me\/p1ij08-ekd","jetpack-related-posts":[],"_links":{"self":[{"href":"https:\/\/www.manquepierda.com\/historiarealbetis\/wp-json\/wp\/v2\/posts\/55069","targetHints":{"allow":["GET"]}}],"collection":[{"href":"https:\/\/www.manquepierda.com\/historiarealbetis\/wp-json\/wp\/v2\/posts"}],"about":[{"href":"https:\/\/www.manquepierda.com\/historiarealbetis\/wp-json\/wp\/v2\/types\/post"}],"author":[{"embeddable":true,"href":"https:\/\/www.manquepierda.com\/historiarealbetis\/wp-json\/wp\/v2\/users\/5"}],"replies":[{"embeddable":true,"href":"https:\/\/www.manquepierda.com\/historiarealbetis\/wp-json\/wp\/v2\/comments?post=55069"}],"version-history":[{"count":1,"href":"https:\/\/www.manquepierda.com\/historiarealbetis\/wp-json\/wp\/v2\/posts\/55069\/revisions"}],"predecessor-version":[{"id":98937,"href":"https:\/\/www.manquepierda.com\/historiarealbetis\/wp-json\/wp\/v2\/posts\/55069\/revisions\/98937"}],"wp:featuredmedia":[{"embeddable":true,"href":"https:\/\/www.manquepierda.com\/historiarealbetis\/wp-json\/wp\/v2\/media\/55070"}],"wp:attachment":[{"href":"https:\/\/www.manquepierda.com\/historiarealbetis\/wp-json\/wp\/v2\/media?parent=55069"}],"wp:term":[{"taxonomy":"category","embeddable":true,"href":"https:\/\/www.manquepierda.com\/historiarealbetis\/wp-json\/wp\/v2\/categories?post=55069"},{"taxonomy":"post_tag","embeddable":true,"href":"https:\/\/www.manquepierda.com\/historiarealbetis\/wp-json\/wp\/v2\/tags?post=55069"}],"curies":[{"name":"wp","href":"https:\/\/api.w.org\/{rel}","templated":true}]}}