{"id":55162,"date":"2016-11-30T15:20:37","date_gmt":"2016-11-30T14:20:37","guid":{"rendered":"http:\/\/www.manquepierda.com\/historiarealbetis\/?p=55162"},"modified":"2024-09-10T18:20:18","modified_gmt":"2024-09-10T16:20:18","slug":"1941-noviembre-30-segundagrupoiii-real-betis-balompie-6-cartagena-fc-1-75aniversario","status":"publish","type":"post","link":"https:\/\/www.manquepierda.com\/historiarealbetis\/1941-noviembre-30-segundagrupoiii-real-betis-balompie-6-cartagena-fc-1-75aniversario\/","title":{"rendered":"1941-Noviembre 30-2DGrupoIII.-Real Betis Balompi\u00e9-6 Cartagena Fc-1.-Recortes Prensa."},"content":{"rendered":"<p style=\"text-align: justify\">XI EDICI\u00d3N-CAMPEONATO NACIONAL LIGA SEGUNDA DIVISI\u00d3N-GRUPO III-TEMPORADA 1941-1942 DESDE DOMINGO 28 SEPTIEMBRE DE 1941 HASTA DOMINGO 4 ENERO DE 1942.-AMBAS FECHAS INCLUSIVE.<\/p>\n<figure id=\"attachment_55163\" aria-describedby=\"caption-attachment-55163\" style=\"width: 513px\" class=\"wp-caption aligncenter\"><img data-recalc-dims=\"1\" loading=\"lazy\" decoding=\"async\" class=\"size-large wp-image-55163\" src=\"https:\/\/i0.wp.com\/www.manquepierda.com\/historiarealbetis\/files\/2016\/11\/19411130ABCse.jpg?resize=513%2C700&#038;ssl=1\" alt=\"Recorte Prensa-infomaci\u00f3n-ABC-Sevilla.\" width=\"513\" height=\"700\" srcset=\"https:\/\/i0.wp.com\/www.manquepierda.com\/historiarealbetis\/files\/2016\/11\/19411130ABCse.jpg?resize=513%2C700&amp;ssl=1 513w, https:\/\/i0.wp.com\/www.manquepierda.com\/historiarealbetis\/files\/2016\/11\/19411130ABCse.jpg?resize=161%2C220&amp;ssl=1 161w, https:\/\/i0.wp.com\/www.manquepierda.com\/historiarealbetis\/files\/2016\/11\/19411130ABCse.jpg?resize=439%2C600&amp;ssl=1 439w, https:\/\/i0.wp.com\/www.manquepierda.com\/historiarealbetis\/files\/2016\/11\/19411130ABCse.jpg?w=755&amp;ssl=1 755w\" sizes=\"auto, (max-width: 513px) 100vw, 513px\" \/><figcaption id=\"caption-attachment-55163\" class=\"wp-caption-text\">Recortes Prensa-infomaci\u00f3n-ABC-Sevilla, 19411130 (domingo) y 19411202 (martes):<\/figcaption><\/figure>\n<p style=\"text-align: center\"><img data-recalc-dims=\"1\" loading=\"lazy\" decoding=\"async\" class=\"aligncenter size-large wp-image-55165\" src=\"https:\/\/i0.wp.com\/www.manquepierda.com\/historiarealbetis\/files\/2016\/11\/19411202Nota-DirectivaRBB.jpg?resize=461%2C700&#038;ssl=1\" alt=\"19411202nota-directivarbb\" width=\"461\" height=\"700\" srcset=\"https:\/\/i0.wp.com\/www.manquepierda.com\/historiarealbetis\/files\/2016\/11\/19411202Nota-DirectivaRBB.jpg?resize=461%2C700&amp;ssl=1 461w, https:\/\/i0.wp.com\/www.manquepierda.com\/historiarealbetis\/files\/2016\/11\/19411202Nota-DirectivaRBB.jpg?resize=145%2C220&amp;ssl=1 145w, https:\/\/i0.wp.com\/www.manquepierda.com\/historiarealbetis\/files\/2016\/11\/19411202Nota-DirectivaRBB.jpg?resize=395%2C600&amp;ssl=1 395w, https:\/\/i0.wp.com\/www.manquepierda.com\/historiarealbetis\/files\/2016\/11\/19411202Nota-DirectivaRBB.jpg?w=730&amp;ssl=1 730w\" sizes=\"auto, (max-width: 461px) 100vw, 461px\" \/><\/p>\n<p style=\"text-align: justify\">EL REAL BETIS BALOMPI\u00c9 PARTICIP\u00d3 EN LA FASE ASCENSO A PRIMERA DIVISI\u00d3N-TEMPORADA 1941-1942.-DESDE DOMINGO 25 ENERO HASTA DOMINGO 5 ABRIL DE 1942.-L\u00cdDER DEL GRUPO III.<\/p>\n<p style=\"text-align: justify\"><img data-recalc-dims=\"1\" loading=\"lazy\" decoding=\"async\" class=\"aligncenter size-full wp-image-55164\" src=\"https:\/\/i0.wp.com\/www.manquepierda.com\/historiarealbetis\/files\/2016\/11\/Discobolo-3.jpg?resize=800%2C556&#038;ssl=1\" alt=\"discobolo-3\" width=\"800\" height=\"556\" srcset=\"https:\/\/i0.wp.com\/www.manquepierda.com\/historiarealbetis\/files\/2016\/11\/Discobolo-3.jpg?w=800&amp;ssl=1 800w, https:\/\/i0.wp.com\/www.manquepierda.com\/historiarealbetis\/files\/2016\/11\/Discobolo-3.jpg?resize=220%2C153&amp;ssl=1 220w, https:\/\/i0.wp.com\/www.manquepierda.com\/historiarealbetis\/files\/2016\/11\/Discobolo-3.jpg?resize=680%2C473&amp;ssl=1 680w, https:\/\/i0.wp.com\/www.manquepierda.com\/historiarealbetis\/files\/2016\/11\/Discobolo-3.jpg?resize=768%2C534&amp;ssl=1 768w\" sizes=\"auto, (max-width: 800px) 100vw, 800px\" \/><\/p>\n<p style=\"text-align: justify\"><strong>1941-NOVIEMBRE 30-DOMINGO EN LA \u00abCIUDAD DEL SOL\u00bb-ESTADIO MUNICIPAL \u00abHELI\u00d3POLIS\u00bb-D\u00c9CIMA JORNADA.-Arbitr\u00f3 el colegiado del Centro, Jos\u00e9 Laso Guti\u00e9rrez <em>\u00abque estuvo bien\u00bb.<\/em><\/strong><\/p>\n<p style=\"text-align: center\">AMBAS ESCUADRAS SE ALINEARON DE LA MANERA SIGUIENTE:<\/p>\n<p style=\"text-align: justify\"><span style=\"color: #008000\"><em><strong><img data-recalc-dims=\"1\" loading=\"lazy\" decoding=\"async\" class=\"alignleft size-thumbnail wp-image-55167\" src=\"https:\/\/i0.wp.com\/www.manquepierda.com\/historiarealbetis\/files\/2016\/11\/Hijos-de-Antonio-POL-ROMA-1.jpg?resize=220%2C110&#038;ssl=1\" alt=\"hijos-de-antonio-pol-roma\" width=\"220\" height=\"110\" srcset=\"https:\/\/i0.wp.com\/www.manquepierda.com\/historiarealbetis\/files\/2016\/11\/Hijos-de-Antonio-POL-ROMA-1.jpg?resize=220%2C110&amp;ssl=1 220w, https:\/\/i0.wp.com\/www.manquepierda.com\/historiarealbetis\/files\/2016\/11\/Hijos-de-Antonio-POL-ROMA-1.jpg?resize=680%2C340&amp;ssl=1 680w, https:\/\/i0.wp.com\/www.manquepierda.com\/historiarealbetis\/files\/2016\/11\/Hijos-de-Antonio-POL-ROMA-1.jpg?resize=768%2C384&amp;ssl=1 768w, https:\/\/i0.wp.com\/www.manquepierda.com\/historiarealbetis\/files\/2016\/11\/Hijos-de-Antonio-POL-ROMA-1.jpg?w=945&amp;ssl=1 945w\" sizes=\"auto, (max-width: 220px) 100vw, 220px\" \/>XXIX Presidente Real Betis Balompi\u00e9, don Ram\u00f3n POL CARBONELL, Industrial (41 a\u00f1os+10 meses+14 d\u00edas)-<img data-recalc-dims=\"1\" loading=\"lazy\" decoding=\"async\" class=\"alignright size-thumbnail wp-image-55166\" src=\"https:\/\/i0.wp.com\/www.manquepierda.com\/historiarealbetis\/files\/2016\/11\/Ram%C3%B3n-POL-CARBONELL-2.jpg?resize=128%2C220&#038;ssl=1\" alt=\"ramon-pol-carbonell-2\" width=\"128\" height=\"220\" srcset=\"https:\/\/i0.wp.com\/www.manquepierda.com\/historiarealbetis\/files\/2016\/11\/Ram%C3%B3n-POL-CARBONELL-2.jpg?resize=128%2C220&amp;ssl=1 128w, https:\/\/i0.wp.com\/www.manquepierda.com\/historiarealbetis\/files\/2016\/11\/Ram%C3%B3n-POL-CARBONELL-2.jpg?resize=348%2C600&amp;ssl=1 348w, https:\/\/i0.wp.com\/www.manquepierda.com\/historiarealbetis\/files\/2016\/11\/Ram%C3%B3n-POL-CARBONELL-2.jpg?resize=406%2C700&amp;ssl=1 406w, https:\/\/i0.wp.com\/www.manquepierda.com\/historiarealbetis\/files\/2016\/11\/Ram%C3%B3n-POL-CARBONELL-2.jpg?w=746&amp;ssl=1 746w\" sizes=\"auto, (max-width: 128px) 100vw, 128px\" \/>Natural de Barcelona, martes 16 Enero de 1900.-Obituario en Sevilla, s\u00e1bado 8 Abril de 1972 (72 A\u00f1os+3 meses menos 8 d\u00edas) D. E. P.<\/strong><\/em><\/span><\/p>\n<p style=\"text-align: justify\"><span style=\"color: #008000\"><strong><img data-recalc-dims=\"1\" loading=\"lazy\" decoding=\"async\" class=\"alignleft size-thumbnail wp-image-55168\" src=\"https:\/\/i0.wp.com\/www.manquepierda.com\/historiarealbetis\/files\/2016\/11\/Patrick-Joseph-OCONNELL-02-2.jpg?resize=128%2C220&#038;ssl=1\" alt=\"patrick-joseph-oconnell-02\" width=\"128\" height=\"220\" srcset=\"https:\/\/i0.wp.com\/www.manquepierda.com\/historiarealbetis\/files\/2016\/11\/Patrick-Joseph-OCONNELL-02-2.jpg?resize=128%2C220&amp;ssl=1 128w, https:\/\/i0.wp.com\/www.manquepierda.com\/historiarealbetis\/files\/2016\/11\/Patrick-Joseph-OCONNELL-02-2.jpg?resize=350%2C600&amp;ssl=1 350w, https:\/\/i0.wp.com\/www.manquepierda.com\/historiarealbetis\/files\/2016\/11\/Patrick-Joseph-OCONNELL-02-2.jpg?resize=768%2C1316&amp;ssl=1 768w, https:\/\/i0.wp.com\/www.manquepierda.com\/historiarealbetis\/files\/2016\/11\/Patrick-Joseph-OCONNELL-02-2.jpg?resize=409%2C700&amp;ssl=1 409w, https:\/\/i0.wp.com\/www.manquepierda.com\/historiarealbetis\/files\/2016\/11\/Patrick-Joseph-OCONNELL-02-2.jpg?w=1157&amp;ssl=1 1157w\" sizes=\"auto, (max-width: 128px) 100vw, 128px\" \/>1941-1942.-Entrenador Mr. Patrick Joseph O&#8217;CONNELL (54 a\u00f1os+8 meses+22 d\u00edas)-Natural de Drucomdra-Dublin (Republic of Ireland), martes 8 Marzo de 1887.-Obituario en St Pancras-Condado Cavem-Cementery Distrito Kilburn-London (England), viernes 27 Febrero de 1959 (71 A\u00f1os+11 meses+19 d\u00edas) D. E. P.<\/strong><\/span><\/p>\n<p style=\"text-align: center\"><span style=\"color: #008000\"><em><strong>CAMISOLAS VERDES Y CALZONAS BLANCAS:<\/strong><\/em><\/span><\/p>\n<figure id=\"attachment_55169\" aria-describedby=\"caption-attachment-55169\" style=\"width: 220px\" class=\"wp-caption aligncenter\"><img data-recalc-dims=\"1\" loading=\"lazy\" decoding=\"async\" class=\"size-thumbnail wp-image-55169\" src=\"https:\/\/i0.wp.com\/www.manquepierda.com\/historiarealbetis\/files\/2016\/11\/1931-RBB-coronado-6.jpg?resize=220%2C193&#038;ssl=1\" alt=\"REAL BETIS BALOMPI\u00c9-6 GOLES.\" width=\"220\" height=\"193\" srcset=\"https:\/\/i0.wp.com\/www.manquepierda.com\/historiarealbetis\/files\/2016\/11\/1931-RBB-coronado-6.jpg?resize=220%2C193&amp;ssl=1 220w, https:\/\/i0.wp.com\/www.manquepierda.com\/historiarealbetis\/files\/2016\/11\/1931-RBB-coronado-6.jpg?w=360&amp;ssl=1 360w\" sizes=\"auto, (max-width: 220px) 100vw, 220px\" \/><figcaption id=\"caption-attachment-55169\" class=\"wp-caption-text\">REAL BETIS BALOMPI\u00c9-6 GOLES.<\/figcaption><\/figure>\n<p style=\"text-align: justify\"><span style=\"color: #008000\"><strong>1er. CLASIFICADO CON 15 PUNTOS (6-GANADOS+3-EMPATADOS+1-PERDIDO) 32-GOLES A FAVOR Y 16-TANTOS EN CONTRA.<\/strong><\/span><\/p>\n<p style=\"text-align: left\">Guardameta:<\/p>\n<p style=\"text-align: center\"><img data-recalc-dims=\"1\" loading=\"lazy\" decoding=\"async\" class=\"aligncenter size-thumbnail wp-image-55170\" src=\"https:\/\/i0.wp.com\/www.manquepierda.com\/historiarealbetis\/files\/2016\/11\/PAQUILLO-Francisco-Carmona-Reina-01-3.png?resize=188%2C220&#038;ssl=1\" alt=\"paquillo-francisco-carmona-reina-01\" width=\"188\" height=\"220\" srcset=\"https:\/\/i0.wp.com\/www.manquepierda.com\/historiarealbetis\/files\/2016\/11\/PAQUILLO-Francisco-Carmona-Reina-01-3.png?resize=188%2C220&amp;ssl=1 188w, https:\/\/i0.wp.com\/www.manquepierda.com\/historiarealbetis\/files\/2016\/11\/PAQUILLO-Francisco-Carmona-Reina-01-3.png?w=191&amp;ssl=1 191w\" sizes=\"auto, (max-width: 188px) 100vw, 188px\" \/><\/p>\n<p style=\"text-align: justify\"><strong>1-(Un tanto encajado).-Francisco CARMONA Reina (a) \u00abPAQUILLO\u00bb (19 a\u00f1os+4 meses+20 d\u00edas)-Natural de Sevilla, lunes 10 Julio de 1922.-\u00cddem, 00-Enero de 1987 (64 A\u00f1os) D. E. P.<\/strong><\/p>\n<p style=\"text-align: left\">Zagueros:<\/p>\n<p style=\"text-align: center\"><img data-recalc-dims=\"1\" loading=\"lazy\" decoding=\"async\" class=\"aligncenter size-thumbnail wp-image-55171\" src=\"https:\/\/i0.wp.com\/www.manquepierda.com\/historiarealbetis\/files\/2016\/11\/Jos%C3%A9-Garc%C3%ADa-PULIDO-2-1.jpg?resize=135%2C220&#038;ssl=1\" alt=\"jose-garcia-pulido-2\" width=\"135\" height=\"220\" \/><\/p>\n<p style=\"text-align: left\"><strong>2-Lateral Diestro.-Jos\u00e9 Garc\u00eda PULIDO.<\/strong><\/p>\n<p style=\"text-align: center\"><img data-recalc-dims=\"1\" loading=\"lazy\" decoding=\"async\" class=\"aligncenter size-thumbnail wp-image-55172\" src=\"https:\/\/i0.wp.com\/www.manquepierda.com\/historiarealbetis\/files\/2016\/11\/Jos%C3%A9-PARDO-Montoya-2-3.png?resize=188%2C220&#038;ssl=1\" alt=\"jose-pardo-montoya-2\" width=\"188\" height=\"220\" srcset=\"https:\/\/i0.wp.com\/www.manquepierda.com\/historiarealbetis\/files\/2016\/11\/Jos%C3%A9-PARDO-Montoya-2-3.png?resize=188%2C220&amp;ssl=1 188w, https:\/\/i0.wp.com\/www.manquepierda.com\/historiarealbetis\/files\/2016\/11\/Jos%C3%A9-PARDO-Montoya-2-3.png?w=191&amp;ssl=1 191w\" sizes=\"auto, (max-width: 188px) 100vw, 188px\" \/><\/p>\n<p style=\"text-align: center\"><em><strong><span style=\"color: #008000\">\u00ab50 minutos.-Jos\u00e9 salva un tanto casi seguro en la meta b\u00e9tica defendida por \u00abPaquillo\u00bb<\/span><\/strong><\/em><\/p>\n<p style=\"text-align: justify\"><strong>3-Lateral Zurdo.-Jos\u00e9 PARDO Montoya (30 a\u00f1os+7 meses+13 d\u00edas)-Natural de Murcia, lunes 17 Abril de 1911.-\u00cddem, martes 8 Mayo de 1973 (62 A\u00f1os+1 mes menos 9 d\u00edas) D. E. P.<br \/>\n<\/strong><\/p>\n<p style=\"text-align: left\">Medios:<\/p>\n<p style=\"text-align: center\"><img data-recalc-dims=\"1\" loading=\"lazy\" decoding=\"async\" class=\"aligncenter size-thumbnail wp-image-55173\" src=\"https:\/\/i0.wp.com\/www.manquepierda.com\/historiarealbetis\/files\/2016\/11\/Francisco-ANT%C3%9ANEZ-Espada-01.png?resize=188%2C220&#038;ssl=1\" alt=\"francisco-antunez-espada-01\" width=\"188\" height=\"220\" srcset=\"https:\/\/i0.wp.com\/www.manquepierda.com\/historiarealbetis\/files\/2016\/11\/Francisco-ANT%C3%9ANEZ-Espada-01.png?resize=188%2C220&amp;ssl=1 188w, https:\/\/i0.wp.com\/www.manquepierda.com\/historiarealbetis\/files\/2016\/11\/Francisco-ANT%C3%9ANEZ-Espada-01.png?w=191&amp;ssl=1 191w\" sizes=\"auto, (max-width: 188px) 100vw, 188px\" \/><\/p>\n<p style=\"text-align: left\"><strong>4-Diestro.-Francisco ANT\u00daNEZ Espada.<\/strong><\/p>\n<p style=\"text-align: center\"><img data-recalc-dims=\"1\" loading=\"lazy\" decoding=\"async\" class=\"aligncenter size-thumbnail wp-image-55174\" src=\"https:\/\/i0.wp.com\/www.manquepierda.com\/historiarealbetis\/files\/2016\/11\/Francisco-G%C3%93MEZ-Vicente-2.png?resize=188%2C220&#038;ssl=1\" alt=\"francisco-gomez-vicente\" width=\"188\" height=\"220\" srcset=\"https:\/\/i0.wp.com\/www.manquepierda.com\/historiarealbetis\/files\/2016\/11\/Francisco-G%C3%93MEZ-Vicente-2.png?resize=188%2C220&amp;ssl=1 188w, https:\/\/i0.wp.com\/www.manquepierda.com\/historiarealbetis\/files\/2016\/11\/Francisco-G%C3%93MEZ-Vicente-2.png?w=191&amp;ssl=1 191w\" sizes=\"auto, (max-width: 188px) 100vw, 188px\" \/><\/p>\n<p style=\"text-align: left\"><strong>5-Centro.-Francisco G\u00d3MEZ Vicente.<\/strong><\/p>\n<p style=\"text-align: center\"><img data-recalc-dims=\"1\" loading=\"lazy\" decoding=\"async\" class=\"aligncenter size-full wp-image-55175\" src=\"https:\/\/i0.wp.com\/www.manquepierda.com\/historiarealbetis\/files\/2016\/11\/TOMAS%C3%8DNrafaelHolguinGuill%C3%A9n.jpg?resize=139%2C202&#038;ssl=1\" alt=\"tomasinrafaelholguinguillen\" width=\"139\" height=\"202\" \/><\/p>\n<p style=\"text-align: left\"><strong>6-Zurdo.-Rafael Holgu\u00edn Guill\u00e9n (a) \u00abTOMAS\u00cdN\u00bb.<\/strong><\/p>\n<p style=\"text-align: left\">Delanteros:<\/p>\n<p style=\"text-align: center\"><img data-recalc-dims=\"1\" loading=\"lazy\" decoding=\"async\" class=\"aligncenter size-thumbnail wp-image-55176\" src=\"https:\/\/i0.wp.com\/www.manquepierda.com\/historiarealbetis\/files\/2016\/11\/SARO-%C3%81ngel-Mart%C3%ADn-Rodr%C3%ADguez-02-1.jpg?resize=149%2C220&#038;ssl=1\" alt=\"saro-angel-martin-rodriguez-02\" width=\"149\" height=\"220\" srcset=\"https:\/\/i0.wp.com\/www.manquepierda.com\/historiarealbetis\/files\/2016\/11\/SARO-%C3%81ngel-Mart%C3%ADn-Rodr%C3%ADguez-02-1.jpg?resize=149%2C220&amp;ssl=1 149w, https:\/\/i0.wp.com\/www.manquepierda.com\/historiarealbetis\/files\/2016\/11\/SARO-%C3%81ngel-Mart%C3%ADn-Rodr%C3%ADguez-02-1.jpg?resize=408%2C600&amp;ssl=1 408w, https:\/\/i0.wp.com\/www.manquepierda.com\/historiarealbetis\/files\/2016\/11\/SARO-%C3%81ngel-Mart%C3%ADn-Rodr%C3%ADguez-02-1.jpg?w=468&amp;ssl=1 468w\" sizes=\"auto, (max-width: 149px) 100vw, 149px\" \/><\/p>\n<p style=\"text-align: justify\"><span style=\"color: #008000\"><em><strong>*1-0.-05 minutos.-En un avance bien llevado, remata el bal\u00f3n batiendo al portero Masip*<\/strong><\/em><\/span><\/p>\n<p style=\"text-align: center\"><img data-recalc-dims=\"1\" loading=\"lazy\" decoding=\"async\" class=\"aligncenter size-full wp-image-55194\" src=\"https:\/\/i0.wp.com\/www.manquepierda.com\/historiarealbetis\/files\/2016\/11\/19411202ABCVi%C3%B1eta1.jpg?resize=406%2C597&#038;ssl=1\" alt=\"19411202abcvineta1\" width=\"406\" height=\"597\" srcset=\"https:\/\/i0.wp.com\/www.manquepierda.com\/historiarealbetis\/files\/2016\/11\/19411202ABCVi%C3%B1eta1.jpg?w=406&amp;ssl=1 406w, https:\/\/i0.wp.com\/www.manquepierda.com\/historiarealbetis\/files\/2016\/11\/19411202ABCVi%C3%B1eta1.jpg?resize=150%2C220&amp;ssl=1 150w\" sizes=\"auto, (max-width: 406px) 100vw, 406px\" \/><\/p>\n<p style=\"text-align: justify\"><span style=\"color: #008000\"><em><strong>*5-1.-84 minutos.-Despu\u00e9s de una archisuperior combinaci\u00f3n de la vanguardia verdiblanca, \u00c1ngel Mart\u00edn fusila al meta Masip*<\/strong><\/em><\/span><\/p>\n<p style=\"text-align: justify\"><strong>7-Extremo Diestro (1 GOL).-\u00c1ngel Mart\u00edn Rodr\u00edguez (a) \u00abSARO\u00bb (32 a\u00f1os+8 meses+29 d\u00edas)-Natural de Valladolid, lunes 1\u00ba Marzo de 1909.-Obituario, lunes 13 Enero de 1975 (65 A\u00f1os+10 meses+12 d\u00edas) D. E. P.<br \/>\n<\/strong><\/p>\n<p style=\"text-align: center\"><img data-recalc-dims=\"1\" loading=\"lazy\" decoding=\"async\" class=\"aligncenter size-thumbnail wp-image-55177\" src=\"https:\/\/i0.wp.com\/www.manquepierda.com\/historiarealbetis\/files\/2016\/11\/Enrique-BESC%C3%93S-Mambrona-1-2.png?resize=188%2C220&#038;ssl=1\" alt=\"enrique-bescos-mambrona-1\" width=\"188\" height=\"220\" srcset=\"https:\/\/i0.wp.com\/www.manquepierda.com\/historiarealbetis\/files\/2016\/11\/Enrique-BESC%C3%93S-Mambrona-1-2.png?resize=188%2C220&amp;ssl=1 188w, https:\/\/i0.wp.com\/www.manquepierda.com\/historiarealbetis\/files\/2016\/11\/Enrique-BESC%C3%93S-Mambrona-1-2.png?w=191&amp;ssl=1 191w\" sizes=\"auto, (max-width: 188px) 100vw, 188px\" \/><\/p>\n<p style=\"text-align: left\"><strong>8-Interior Diestro.-Enrique BESC\u00d3S Mambrona.<\/strong><\/p>\n<p style=\"text-align: center\"><img data-recalc-dims=\"1\" loading=\"lazy\" decoding=\"async\" class=\"aligncenter size-thumbnail wp-image-55178\" src=\"https:\/\/i0.wp.com\/www.manquepierda.com\/historiarealbetis\/files\/2016\/11\/PAQUIRRI-Francisco-Gonz%C3%A1lez-Rodr%C3%ADguez.jpg?resize=155%2C220&#038;ssl=1\" alt=\"paquirri-francisco-gonzalez-rodriguez\" width=\"155\" height=\"220\" srcset=\"https:\/\/i0.wp.com\/www.manquepierda.com\/historiarealbetis\/files\/2016\/11\/PAQUIRRI-Francisco-Gonz%C3%A1lez-Rodr%C3%ADguez.jpg?resize=155%2C220&amp;ssl=1 155w, https:\/\/i0.wp.com\/www.manquepierda.com\/historiarealbetis\/files\/2016\/11\/PAQUIRRI-Francisco-Gonz%C3%A1lez-Rodr%C3%ADguez.jpg?w=220&amp;ssl=1 220w\" sizes=\"auto, (max-width: 155px) 100vw, 155px\" \/><\/p>\n<p style=\"text-align: justify\"><span style=\"color: #008000\"><em><strong>*2-1.-40 minutos.-Recogiendo el esf\u00e9rico, tras servicio de Jap\u00f3n, fusila al cancerbero Masip*<\/strong><\/em><\/span><\/p>\n<p style=\"text-align: justify\"><span style=\"color: #008000\"><em><strong>*3-1.-43 minutos.-Tras una pelota servida por Guillermo, logra el marcador final del primer tiempo*<\/strong><\/em><\/span><\/p>\n<p style=\"text-align: justify\"><span style=\"color: #008000\"><em><strong>*4-1.-70 minutos.-Batiendo al arquero cartagin\u00e9s Masip*<\/strong><\/em><\/span><\/p>\n<p style=\"text-align: justify\"><span style=\"color: #008000\"><em><strong>*6-1.-89 minutos.-Logra su cuarto gol y el marcador final del partido*<\/strong><\/em><\/span><\/p>\n<p style=\"text-align: justify\"><strong>9-Centro delantero-Ariete.-Francisco Gonz\u00e1lez Rodr\u00edguez (a) \u00abPAQUIRRI\u00bb (28 a\u00f1os+3 meses+17 d\u00edas)-Natural de Sevilla, mi\u00e9rcoles 13 Agosto de 1913.-\u00cddem, jueves 11 Noviembre de 1982 (69 A\u00f1os+3 meses menos 2 d\u00edas) D. E. P.<br \/>\n<\/strong><\/p>\n<p style=\"text-align: center\"><img data-recalc-dims=\"1\" loading=\"lazy\" decoding=\"async\" class=\"aligncenter size-thumbnail wp-image-55179\" src=\"https:\/\/i0.wp.com\/www.manquepierda.com\/historiarealbetis\/files\/2016\/11\/GUILLERMO-De-Castell-Adriaendessens.jpg?resize=149%2C220&#038;ssl=1\" alt=\"guillermo-de-castell-adriaendessens\" width=\"149\" height=\"220\" \/><\/p>\n<p style=\"text-align: left\"><strong>10-Interior Zurdo.-GUILLERMO De Castells Adriaenssens.<\/strong><\/p>\n<p style=\"text-align: center\"><img data-recalc-dims=\"1\" loading=\"lazy\" decoding=\"async\" class=\"aligncenter size-thumbnail wp-image-55180\" src=\"https:\/\/i0.wp.com\/www.manquepierda.com\/historiarealbetis\/files\/2016\/11\/Jos%C3%A9-Su%C3%A1rez-JAP%C3%93N-1.jpg?resize=142%2C220&#038;ssl=1\" alt=\"jose-suarez-japon\" width=\"142\" height=\"220\" srcset=\"https:\/\/i0.wp.com\/www.manquepierda.com\/historiarealbetis\/files\/2016\/11\/Jos%C3%A9-Su%C3%A1rez-JAP%C3%93N-1.jpg?resize=142%2C220&amp;ssl=1 142w, https:\/\/i0.wp.com\/www.manquepierda.com\/historiarealbetis\/files\/2016\/11\/Jos%C3%A9-Su%C3%A1rez-JAP%C3%93N-1.jpg?w=262&amp;ssl=1 262w\" sizes=\"auto, (max-width: 142px) 100vw, 142px\" \/><\/p>\n<p style=\"text-align: left\"><strong>11-Extremo Zurdo.-Jos\u00e9 Su\u00e1rez JAP\u00d3N.<\/strong><\/p>\n<p style=\"text-align: justify\"><em>\u00abEn el primer tiempo comienza atacando el Cartagena, pero seguidamente <strong>reacciona el Betis. <\/strong><\/em><\/p>\n<p style=\"text-align: justify\"><em><strong>Despu\u00e9s del 1-0, sigue presionando, que sin embargo no pone en la lucha gran empe\u00f1o, sin duda por considerarse como adversario de poca monta al Cartagena.<\/strong><\/em><\/p>\n<p style=\"text-align: justify\"><em>El Cartagena se limita a hacer juego destructivo. <\/em><\/p>\n<p style=\"text-align: justify\"><span style=\"color: #333333\"><em><strong>Tras el 1-1 el Betis Balompi\u00e9 reacciona y ataca con verdadero coraje.<\/strong><\/em><\/span><\/p>\n<p style=\"text-align: justify\"><span style=\"color: #333333\"><em><strong>Despu\u00e9s del descanso reglamentario, los verdiblancos se conf\u00eda un poco durante los primeros minutos. <\/strong><\/em><\/span><\/p>\n<p style=\"text-align: justify\"><em>El Cartagena Cf, en cambio, realiza un juego muy codicioso y lleva a cabo buenas jugadas, en las que pone todo su entusiasmo.<\/em><\/p>\n<p style=\"text-align: justify\"><span style=\"color: #333333\"><em><strong>51 minutos el Betis se impone y domina claramente hasta el final del encuentro\u00bb.<\/strong><\/em><\/span><\/p>\n<p style=\"text-align: center\"><img data-recalc-dims=\"1\" loading=\"lazy\" decoding=\"async\" class=\"aligncenter size-medium wp-image-55193\" src=\"https:\/\/i0.wp.com\/www.manquepierda.com\/historiarealbetis\/files\/2016\/11\/19411202ABCVi%C3%B1eta2.jpg?resize=378%2C600&#038;ssl=1\" alt=\"19411202abcvineta2\" width=\"378\" height=\"600\" srcset=\"https:\/\/i0.wp.com\/www.manquepierda.com\/historiarealbetis\/files\/2016\/11\/19411202ABCVi%C3%B1eta2.jpg?resize=378%2C600&amp;ssl=1 378w, https:\/\/i0.wp.com\/www.manquepierda.com\/historiarealbetis\/files\/2016\/11\/19411202ABCVi%C3%B1eta2.jpg?resize=139%2C220&amp;ssl=1 139w, https:\/\/i0.wp.com\/www.manquepierda.com\/historiarealbetis\/files\/2016\/11\/19411202ABCVi%C3%B1eta2.jpg?w=434&amp;ssl=1 434w\" sizes=\"auto, (max-width: 378px) 100vw, 378px\" \/><\/p>\n<p style=\"text-align: center\">Vs.<\/p>\n<p style=\"text-align: justify\"><strong>8\u00ba CLASIFICADO CON 3 PUNTOS (0-ganados+3-empatados+7-perdidos) 30-15 TANTOS FAVOR-CONTRA.-Fundaci\u00f3n en Septiembre de 1919.<br \/>\n<\/strong><\/p>\n<figure id=\"attachment_55181\" aria-describedby=\"caption-attachment-55181\" style=\"width: 173px\" class=\"wp-caption aligncenter\"><img data-recalc-dims=\"1\" loading=\"lazy\" decoding=\"async\" class=\"size-thumbnail wp-image-55181\" src=\"https:\/\/i0.wp.com\/www.manquepierda.com\/historiarealbetis\/files\/2016\/11\/CartagenaClubdeFtbol1-173x220-173x220.jpg?resize=173%2C220&#038;ssl=1\" alt=\"CARTAGENA CF-1 TANTO.\" width=\"173\" height=\"220\" \/><figcaption id=\"caption-attachment-55181\" class=\"wp-caption-text\">CARTAGENA CF-1 TANTO.<\/figcaption><\/figure>\n<p style=\"text-align: left\">Portero: 1-MASIP <strong>(6 goles encajados)*<\/strong><\/p>\n<p style=\"text-align: left\">Defensas: 2-GRIERA.-3-\u00abPEP\u00cdN\u00bb.<\/p>\n<p style=\"text-align: left\">Medios: 4-GRECH.-5-GALLEGO.-6-GONZALO.<\/p>\n<p style=\"text-align: left\">Delanteros: 7-SANTI.-8-GUIJARRO.-9-PINTOS <strong>(1-1.-38 minutos, en una escapada, chuta el pelot\u00f3n batiendo a \u00abPaquillo\u00bb que sali\u00f3 a destiempo y dej\u00f3 abandonada su porter\u00eda) <\/strong>.-10-COLL.-11-RUIZ.<\/p>\n<p>&nbsp;<\/p>\n<p style=\"text-align: justify\">\n","protected":false},"excerpt":{"rendered":"<p>XI EDICI\u00d3N-CAMPEONATO NACIONAL LIGA SEGUNDA DIVISI\u00d3N-GRUPO III-TEMPORADA 1941-1942 DESDE DOMINGO 28 SEPTIEMBRE DE 1941 HASTA DOMINGO 4 ENERO DE 1942.-AMBAS FECHAS INCLUSIVE. EL REAL BETIS BALOMPI\u00c9 PARTICIP\u00d3 EN LA FASE ASCENSO A PRIMERA DIVISI\u00d3N-TEMPORADA 1941-1942.-DESDE DOMINGO 25 ENERO HASTA DOMINGO 5 ABRIL DE 1942.-L\u00cdDER DEL GRUPO III. 1941-NOVIEMBRE 30-DOMINGO EN LA \u00abCIUDAD DEL SOL\u00bb-ESTADIO MUNICIPAL&#8230;<\/p>\n","protected":false},"author":48,"featured_media":55163,"comment_status":"open","ping_status":"open","sticky":false,"template":"","format":"standard","meta":{"_kad_post_transparent":"","_kad_post_title":"","_kad_post_layout":"","_kad_post_sidebar_id":"","_kad_post_content_style":"","_kad_post_vertical_padding":"","_kad_post_feature":"","_kad_post_feature_position":"","_kad_post_header":false,"_kad_post_footer":false,"_kad_post_classname":"","_jetpack_memberships_contains_paid_content":false,"footnotes":"","jetpack_publicize_message":"","jetpack_publicize_feature_enabled":true,"jetpack_social_post_already_shared":true,"jetpack_social_options":{"image_generator_settings":{"template":"highway","default_image_id":0,"font":"","enabled":false},"version":2}},"categories":[900,1],"tags":[49,2222,1188,17934],"class_list":["post-55162","post","type-post","status-publish","format-standard","has-post-thumbnail","hentry","category-1940-1949","category-portada","tag-49","tag-1941-42","tag-cartagena-fc","tag-liga-segunda-1941-42"],"jetpack_publicize_connections":[],"jetpack_featured_media_url":"https:\/\/i0.wp.com\/www.manquepierda.com\/historiarealbetis\/files\/2016\/11\/19411130ABCse.jpg?fit=755%2C1031&ssl=1","jetpack_sharing_enabled":true,"jetpack_shortlink":"https:\/\/wp.me\/p1ij08-elI","jetpack-related-posts":[],"_links":{"self":[{"href":"https:\/\/www.manquepierda.com\/historiarealbetis\/wp-json\/wp\/v2\/posts\/55162","targetHints":{"allow":["GET"]}}],"collection":[{"href":"https:\/\/www.manquepierda.com\/historiarealbetis\/wp-json\/wp\/v2\/posts"}],"about":[{"href":"https:\/\/www.manquepierda.com\/historiarealbetis\/wp-json\/wp\/v2\/types\/post"}],"author":[{"embeddable":true,"href":"https:\/\/www.manquepierda.com\/historiarealbetis\/wp-json\/wp\/v2\/users\/48"}],"replies":[{"embeddable":true,"href":"https:\/\/www.manquepierda.com\/historiarealbetis\/wp-json\/wp\/v2\/comments?post=55162"}],"version-history":[{"count":1,"href":"https:\/\/www.manquepierda.com\/historiarealbetis\/wp-json\/wp\/v2\/posts\/55162\/revisions"}],"predecessor-version":[{"id":99031,"href":"https:\/\/www.manquepierda.com\/historiarealbetis\/wp-json\/wp\/v2\/posts\/55162\/revisions\/99031"}],"wp:featuredmedia":[{"embeddable":true,"href":"https:\/\/www.manquepierda.com\/historiarealbetis\/wp-json\/wp\/v2\/media\/55163"}],"wp:attachment":[{"href":"https:\/\/www.manquepierda.com\/historiarealbetis\/wp-json\/wp\/v2\/media?parent=55162"}],"wp:term":[{"taxonomy":"category","embeddable":true,"href":"https:\/\/www.manquepierda.com\/historiarealbetis\/wp-json\/wp\/v2\/categories?post=55162"},{"taxonomy":"post_tag","embeddable":true,"href":"https:\/\/www.manquepierda.com\/historiarealbetis\/wp-json\/wp\/v2\/tags?post=55162"}],"curies":[{"name":"wp","href":"https:\/\/api.w.org\/{rel}","templated":true}]}}